{"id":41577,"date":"2026-09-03T13:00:57","date_gmt":"2026-09-03T18:00:57","guid":{"rendered":"https:\/\/campeche-noticias.com\/?p=41577"},"modified":"2026-09-03T18:00:47","modified_gmt":"2026-09-03T18:00:47","slug":"rayo-mcqueen-llega-a-la-formula-1-para-celebrar-los-20-anos-de-cars","status":"publish","type":"post","link":"https:\/\/campeche-noticias.com\/?p=41577","title":{"rendered":"Rayo McQueen llega a la F\u00f3rmula 1 para celebrar los 20 a\u00f1os de Cars"},"content":{"rendered":"<p>\ud83d\udd38El ic\u00f3nico personaje de Pixar tendr\u00e1 una aparici\u00f3n especial durante el Gran Premio de Italia, en Monza, donde tambi\u00e9n el Safety Car lucir\u00e1 un dise\u00f1o inspirado en la famosa pel\u00edcula.<\/p>\n<p>#ESPECT\u00c1CULOS | Rayo McQueen llegar\u00e1 a la F\u00f3rmula 1 como parte de las actividades especiales del Gran Premio de Italia, que se disputar\u00e1 este fin de semana en el circuito de Monza, para conmemorar el vig\u00e9simo aniversario de la pel\u00edcula Cars.<\/p>\n<p>La m\u00e1xima categor\u00eda del automovilismo, Disney y Mercedes-AMG prepararon una activaci\u00f3n especial que incluir\u00e1 la presencia del popular personaje de Pixar y una vuelta de honor durante las actividades del Gran Premio.<\/p>\n<p>Adem\u00e1s, el Safety Car oficial de la F\u00f3rmula 1, un Mercedes-AMG GT 63 PRO 4MATIC+, lucir\u00e1 una decoraci\u00f3n especial inspirada en el universo de Cars, dise\u00f1ada exclusivamente para la carrera italiana.<\/p>\n<p>La colaboraci\u00f3n forma parte de la alianza entre la F\u00f3rmula 1 y Disney, la cual fue extendida hasta 2028 e incorpor\u00f3 a la franquicia de Pixar dentro de sus actividades y productos oficiales.<\/p>\n<p>Los asistentes al circuito de Monza tambi\u00e9n podr\u00e1n adquirir art\u00edculos de la colecci\u00f3n especial Cars with Formula 1, que incluir\u00e1 ropa, accesorios, piezas de colecci\u00f3n y veh\u00edculos a escala inspirados en ambos universos.<\/p>\n<p>El Gran Premio de Italia se desarrollar\u00e1 del 4 al 6 de septiembre, con las pr\u00e1cticas libres programadas para el viernes, la clasificaci\u00f3n el s\u00e1bado y la carrera principal el domingo.<\/p>\n","protected":false},"excerpt":{"rendered":"<p>\ud83d\udd38El ic\u00f3nico personaje de Pixar tendr\u00e1 una aparici\u00f3n especial durante el Gran Premio de Italia,<\/p>\n","protected":false},"author":1,"featured_media":41579,"comment_status":"open","ping_status":"closed","sticky":false,"template":"","format":"standard","meta":{"footnotes":""},"categories":[5],"tags":[],"class_list":["post-41577","post","type-post","status-publish","format-standard","has-post-thumbnail","hentry","category-espectaculos"],"yoast_head":"<!-- This site is optimized with the Yoast SEO plugin v28.4 - https:\/\/yoast.com\/product\/yoast-seo-wordpress\/ -->\n<title>Rayo McQueen llega a la F\u00f3rmula 1 para celebrar los 20 a\u00f1os de Cars - Campeche Noticias<\/title>\n<meta name=\"robots\" content=\"index, follow, max-snippet:-1, max-image-preview:large, max-video-preview:-1\" \/>\n<link rel=\"canonical\" href=\"https:\/\/campeche-noticias.com\/?p=41577\" \/>\n<meta property=\"og:locale\" content=\"es_ES\" \/>\n<meta property=\"og:type\" content=\"article\" \/>\n<meta property=\"og:title\" content=\"Rayo McQueen llega a la F\u00f3rmula 1 para celebrar los 20 a\u00f1os de Cars - Campeche Noticias\" \/>\n<meta property=\"og:description\" content=\"\ud83d\udd38El ic\u00f3nico personaje de Pixar tendr\u00e1 una aparici\u00f3n especial durante el Gran Premio de Italia,\" \/>\n<meta property=\"og:url\" content=\"https:\/\/campeche-noticias.com\/?p=41577\" \/>\n<meta property=\"og:site_name\" content=\"Campeche Noticias\" \/>\n<meta property=\"article:published_time\" content=\"2026-09-03T18:00:57+00:00\" \/>\n<meta name=\"author\" content=\"admin\" \/>\n<meta name=\"twitter:card\" content=\"summary_large_image\" \/>\n<meta name=\"twitter:label1\" content=\"Escrito por\" \/>\n\t<meta name=\"twitter:data1\" content=\"admin\" \/>\n\t<meta name=\"twitter:label2\" content=\"Tiempo de lectura\" \/>\n\t<meta name=\"twitter:data2\" content=\"1 minuto\" \/>\n<script type=\"application\/ld+json\" class=\"yoast-schema-graph\">{\"@context\":\"https:\\\/\\\/schema.org\",\"@graph\":[{\"@type\":\"Article\",\"@id\":\"https:\\\/\\\/campeche-noticias.com\\\/?p=41577#article\",\"isPartOf\":{\"@id\":\"https:\\\/\\\/campeche-noticias.com\\\/?p=41577\"},\"author\":{\"name\":\"admin\",\"@id\":\"https:\\\/\\\/campeche-noticias.com\\\/#\\\/schema\\\/person\\\/7940c228049cff34b4cc679f887362f1\"},\"headline\":\"Rayo McQueen llega a la F\u00f3rmula 1 para celebrar los 20 a\u00f1os de Cars\",\"datePublished\":\"2026-09-03T18:00:57+00:00\",\"mainEntityOfPage\":{\"@id\":\"https:\\\/\\\/campeche-noticias.com\\\/?p=41577\"},\"wordCount\":263,\"commentCount\":0,\"image\":{\"@id\":\"https:\\\/\\\/campeche-noticias.com\\\/?p=41577#primaryimage\"},\"thumbnailUrl\":\"https:\\\/\\\/campeche-noticias.com\\\/wp-content\\\/uploads\\\/2026\\\/09\\\/WhatsApp-Image-2026-09-03-at-12.22.17.jpeg\",\"articleSection\":[\"Espectaculos\"],\"inLanguage\":\"es\",\"potentialAction\":[{\"@type\":\"CommentAction\",\"name\":\"Comment\",\"target\":[\"https:\\\/\\\/campeche-noticias.com\\\/?p=41577#respond\"]}]},{\"@type\":\"WebPage\",\"@id\":\"https:\\\/\\\/campeche-noticias.com\\\/?p=41577\",\"url\":\"https:\\\/\\\/campeche-noticias.com\\\/?p=41577\",\"name\":\"Rayo McQueen llega a la F\u00f3rmula 1 para celebrar los 20 a\u00f1os de Cars - Campeche Noticias\",\"isPartOf\":{\"@id\":\"https:\\\/\\\/campeche-noticias.com\\\/#website\"},\"primaryImageOfPage\":{\"@id\":\"https:\\\/\\\/campeche-noticias.com\\\/?p=41577#primaryimage\"},\"image\":{\"@id\":\"https:\\\/\\\/campeche-noticias.com\\\/?p=41577#primaryimage\"},\"thumbnailUrl\":\"https:\\\/\\\/campeche-noticias.com\\\/wp-content\\\/uploads\\\/2026\\\/09\\\/WhatsApp-Image-2026-09-03-at-12.22.17.jpeg\",\"datePublished\":\"2026-09-03T18:00:57+00:00\",\"author\":{\"@id\":\"https:\\\/\\\/campeche-noticias.com\\\/#\\\/schema\\\/person\\\/7940c228049cff34b4cc679f887362f1\"},\"breadcrumb\":{\"@id\":\"https:\\\/\\\/campeche-noticias.com\\\/?p=41577#breadcrumb\"},\"inLanguage\":\"es\",\"potentialAction\":[{\"@type\":\"ReadAction\",\"target\":[\"https:\\\/\\\/campeche-noticias.com\\\/?p=41577\"]}]},{\"@type\":\"ImageObject\",\"inLanguage\":\"es\",\"@id\":\"https:\\\/\\\/campeche-noticias.com\\\/?p=41577#primaryimage\",\"url\":\"https:\\\/\\\/campeche-noticias.com\\\/wp-content\\\/uploads\\\/2026\\\/09\\\/WhatsApp-Image-2026-09-03-at-12.22.17.jpeg\",\"contentUrl\":\"https:\\\/\\\/campeche-noticias.com\\\/wp-content\\\/uploads\\\/2026\\\/09\\\/WhatsApp-Image-2026-09-03-at-12.22.17.jpeg\",\"width\":960,\"height\":540},{\"@type\":\"BreadcrumbList\",\"@id\":\"https:\\\/\\\/campeche-noticias.com\\\/?p=41577#breadcrumb\",\"itemListElement\":[{\"@type\":\"ListItem\",\"position\":1,\"name\":\"Portada\",\"item\":\"https:\\\/\\\/campeche-noticias.com\\\/\"},{\"@type\":\"ListItem\",\"position\":2,\"name\":\"Rayo McQueen llega a la F\u00f3rmula 1 para celebrar los 20 a\u00f1os de Cars\"}]},{\"@type\":\"WebSite\",\"@id\":\"https:\\\/\\\/campeche-noticias.com\\\/#website\",\"url\":\"https:\\\/\\\/campeche-noticias.com\\\/\",\"name\":\"Campeche Noticias\",\"description\":\"Campeche Noticias\",\"potentialAction\":[{\"@type\":\"SearchAction\",\"target\":{\"@type\":\"EntryPoint\",\"urlTemplate\":\"https:\\\/\\\/campeche-noticias.com\\\/?s={search_term_string}\"},\"query-input\":{\"@type\":\"PropertyValueSpecification\",\"valueRequired\":true,\"valueName\":\"search_term_string\"}}],\"inLanguage\":\"es\"},{\"@type\":\"Person\",\"@id\":\"https:\\\/\\\/campeche-noticias.com\\\/#\\\/schema\\\/person\\\/7940c228049cff34b4cc679f887362f1\",\"name\":\"admin\",\"sameAs\":[\"https:\\\/\\\/campeche-noticias.com\"],\"url\":\"https:\\\/\\\/campeche-noticias.com\\\/?author=1\"}]}<\/script>\n<!-- \/ Yoast SEO plugin. -->","yoast_head_json":{"title":"Rayo McQueen llega a la F\u00f3rmula 1 para celebrar los 20 a\u00f1os de Cars - Campeche Noticias","robots":{"index":"index","follow":"follow","max-snippet":"max-snippet:-1","max-image-preview":"max-image-preview:large","max-video-preview":"max-video-preview:-1"},"canonical":"https:\/\/campeche-noticias.com\/?p=41577","og_locale":"es_ES","og_type":"article","og_title":"Rayo McQueen llega a la F\u00f3rmula 1 para celebrar los 20 a\u00f1os de Cars - Campeche Noticias","og_description":"\ud83d\udd38El ic\u00f3nico personaje de Pixar tendr\u00e1 una aparici\u00f3n especial durante el Gran Premio de Italia,","og_url":"https:\/\/campeche-noticias.com\/?p=41577","og_site_name":"Campeche Noticias","article_published_time":"2026-09-03T18:00:57+00:00","author":"admin","twitter_card":"summary_large_image","twitter_misc":{"Escrito por":"admin","Tiempo de lectura":"1 minuto"},"schema":{"@context":"https:\/\/schema.org","@graph":[{"@type":"Article","@id":"https:\/\/campeche-noticias.com\/?p=41577#article","isPartOf":{"@id":"https:\/\/campeche-noticias.com\/?p=41577"},"author":{"name":"admin","@id":"https:\/\/campeche-noticias.com\/#\/schema\/person\/7940c228049cff34b4cc679f887362f1"},"headline":"Rayo McQueen llega a la F\u00f3rmula 1 para celebrar los 20 a\u00f1os de Cars","datePublished":"2026-09-03T18:00:57+00:00","mainEntityOfPage":{"@id":"https:\/\/campeche-noticias.com\/?p=41577"},"wordCount":263,"commentCount":0,"image":{"@id":"https:\/\/campeche-noticias.com\/?p=41577#primaryimage"},"thumbnailUrl":"https:\/\/campeche-noticias.com\/wp-content\/uploads\/2026\/09\/WhatsApp-Image-2026-09-03-at-12.22.17.jpeg","articleSection":["Espectaculos"],"inLanguage":"es","potentialAction":[{"@type":"CommentAction","name":"Comment","target":["https:\/\/campeche-noticias.com\/?p=41577#respond"]}]},{"@type":"WebPage","@id":"https:\/\/campeche-noticias.com\/?p=41577","url":"https:\/\/campeche-noticias.com\/?p=41577","name":"Rayo McQueen llega a la F\u00f3rmula 1 para celebrar los 20 a\u00f1os de Cars - Campeche Noticias","isPartOf":{"@id":"https:\/\/campeche-noticias.com\/#website"},"primaryImageOfPage":{"@id":"https:\/\/campeche-noticias.com\/?p=41577#primaryimage"},"image":{"@id":"https:\/\/campeche-noticias.com\/?p=41577#primaryimage"},"thumbnailUrl":"https:\/\/campeche-noticias.com\/wp-content\/uploads\/2026\/09\/WhatsApp-Image-2026-09-03-at-12.22.17.jpeg","datePublished":"2026-09-03T18:00:57+00:00","author":{"@id":"https:\/\/campeche-noticias.com\/#\/schema\/person\/7940c228049cff34b4cc679f887362f1"},"breadcrumb":{"@id":"https:\/\/campeche-noticias.com\/?p=41577#breadcrumb"},"inLanguage":"es","potentialAction":[{"@type":"ReadAction","target":["https:\/\/campeche-noticias.com\/?p=41577"]}]},{"@type":"ImageObject","inLanguage":"es","@id":"https:\/\/campeche-noticias.com\/?p=41577#primaryimage","url":"https:\/\/campeche-noticias.com\/wp-content\/uploads\/2026\/09\/WhatsApp-Image-2026-09-03-at-12.22.17.jpeg","contentUrl":"https:\/\/campeche-noticias.com\/wp-content\/uploads\/2026\/09\/WhatsApp-Image-2026-09-03-at-12.22.17.jpeg","width":960,"height":540},{"@type":"BreadcrumbList","@id":"https:\/\/campeche-noticias.com\/?p=41577#breadcrumb","itemListElement":[{"@type":"ListItem","position":1,"name":"Portada","item":"https:\/\/campeche-noticias.com\/"},{"@type":"ListItem","position":2,"name":"Rayo McQueen llega a la F\u00f3rmula 1 para celebrar los 20 a\u00f1os de Cars"}]},{"@type":"WebSite","@id":"https:\/\/campeche-noticias.com\/#website","url":"https:\/\/campeche-noticias.com\/","name":"Campeche Noticias","description":"Campeche Noticias","potentialAction":[{"@type":"SearchAction","target":{"@type":"EntryPoint","urlTemplate":"https:\/\/campeche-noticias.com\/?s={search_term_string}"},"query-input":{"@type":"PropertyValueSpecification","valueRequired":true,"valueName":"search_term_string"}}],"inLanguage":"es"},{"@type":"Person","@id":"https:\/\/campeche-noticias.com\/#\/schema\/person\/7940c228049cff34b4cc679f887362f1","name":"admin","sameAs":["https:\/\/campeche-noticias.com"],"url":"https:\/\/campeche-noticias.com\/?author=1"}]}},"_links":{"self":[{"href":"https:\/\/campeche-noticias.com\/index.php?rest_route=\/wp\/v2\/posts\/41577","targetHints":{"allow":["GET"]}}],"collection":[{"href":"https:\/\/campeche-noticias.com\/index.php?rest_route=\/wp\/v2\/posts"}],"about":[{"href":"https:\/\/campeche-noticias.com\/index.php?rest_route=\/wp\/v2\/types\/post"}],"author":[{"embeddable":true,"href":"https:\/\/campeche-noticias.com\/index.php?rest_route=\/wp\/v2\/users\/1"}],"replies":[{"embeddable":true,"href":"https:\/\/campeche-noticias.com\/index.php?rest_route=%2Fwp%2Fv2%2Fcomments&post=41577"}],"version-history":[{"count":1,"href":"https:\/\/campeche-noticias.com\/index.php?rest_route=\/wp\/v2\/posts\/41577\/revisions"}],"predecessor-version":[{"id":41578,"href":"https:\/\/campeche-noticias.com\/index.php?rest_route=\/wp\/v2\/posts\/41577\/revisions\/41578"}],"wp:featuredmedia":[{"embeddable":true,"href":"https:\/\/campeche-noticias.com\/index.php?rest_route=\/wp\/v2\/media\/41579"}],"wp:attachment":[{"href":"https:\/\/campeche-noticias.com\/index.php?rest_route=%2Fwp%2Fv2%2Fmedia&parent=41577"}],"wp:term":[{"taxonomy":"category","embeddable":true,"href":"https:\/\/campeche-noticias.com\/index.php?rest_route=%2Fwp%2Fv2%2Fcategories&post=41577"},{"taxonomy":"post_tag","embeddable":true,"href":"https:\/\/campeche-noticias.com\/index.php?rest_route=%2Fwp%2Fv2%2Ftags&post=41577"}],"curies":[{"name":"wp","href":"https:\/\/api.w.org\/{rel}","templated":true}]}}