{"id":41550,"date":"2026-09-02T12:00:52","date_gmt":"2026-09-02T17:00:52","guid":{"rendered":"https:\/\/campeche-noticias.com\/?p=41550"},"modified":"2026-09-02T17:12:29","modified_gmt":"2026-09-02T17:12:29","slug":"condenan-a-raul-asencio-por-conducir-ebrio-en-espana","status":"publish","type":"post","link":"https:\/\/campeche-noticias.com\/?p=41550","title":{"rendered":"Condenan a Ra\u00fal Asencio por conducir ebrio en Espa\u00f1a"},"content":{"rendered":"<p>\ud83d\udd38 El defensa del Real Madrid acept\u00f3 los cargos tras ser detenido en un control de tr\u00e1nsito en Gran Canaria; deber\u00e1 pagar una multa de 14 mil 400 euros y perder\u00e1 su licencia de conducir durante ocho meses.<\/p>\n<p>#DEPORTES | El futbolista Ra\u00fal Asencio, defensa del Real Madrid, fue condenado penalmente en Gran Canaria por un delito contra la seguridad vial, luego de ser detenido mientras conduc\u00eda bajo los efectos del alcohol.<\/p>\n<p>Los hechos ocurrieron durante la madrugada del 16 de agosto en San Bartolom\u00e9 de Tirajana, donde el jugador fue interceptado en un control preventivo mientras conduc\u00eda un Porsche Macan GTS.<\/p>\n<p>De acuerdo con la resoluci\u00f3n judicial, Asencio registr\u00f3 una tasa de 0.90 miligramos de alcohol por litro de aire espirado, cifra superior al l\u00edmite penal establecido en Espa\u00f1a, de 0.60 miligramos.<\/p>\n<p>El futbolista acept\u00f3 su responsabilidad durante un juicio r\u00e1pido, por lo que recibi\u00f3 una multa de 14 mil 400 euros, adem\u00e1s de la suspensi\u00f3n de su permiso para conducir durante ocho meses.<\/p>\n<p>La situaci\u00f3n legal del defensor se suma a otro proceso judicial que enfrenta relacionado con un presunto delito de revelaci\u00f3n de secretos de \u00edndole sexual, caso que contin\u00faa su curso en Espa\u00f1a.<\/p>\n<p>En el \u00e1mbito deportivo, Asencio no ha disputado minutos con el Real Madrid durante la presente temporada debido a problemas f\u00edsicos. Seg\u00fan el reporte, la nueva condena ha llevado al club a revisar internamente su situaci\u00f3n disciplinaria.<\/p>\n","protected":false},"excerpt":{"rendered":"<p>\ud83d\udd38 El defensa del Real Madrid acept\u00f3 los cargos tras ser detenido en un control<\/p>\n","protected":false},"author":1,"featured_media":41552,"comment_status":"open","ping_status":"closed","sticky":false,"template":"","format":"standard","meta":{"footnotes":""},"categories":[3],"tags":[],"class_list":["post-41550","post","type-post","status-publish","format-standard","has-post-thumbnail","hentry","category-deportes"],"yoast_head":"<!-- This site is optimized with the Yoast SEO plugin v28.4 - https:\/\/yoast.com\/product\/yoast-seo-wordpress\/ -->\n<title>Condenan a Ra\u00fal Asencio por conducir ebrio en Espa\u00f1a - Campeche Noticias<\/title>\n<meta name=\"robots\" content=\"index, follow, max-snippet:-1, max-image-preview:large, max-video-preview:-1\" \/>\n<link rel=\"canonical\" href=\"https:\/\/campeche-noticias.com\/?p=41550\" \/>\n<meta property=\"og:locale\" content=\"es_ES\" \/>\n<meta property=\"og:type\" content=\"article\" \/>\n<meta property=\"og:title\" content=\"Condenan a Ra\u00fal Asencio por conducir ebrio en Espa\u00f1a - Campeche Noticias\" \/>\n<meta property=\"og:description\" content=\"\ud83d\udd38 El defensa del Real Madrid acept\u00f3 los cargos tras ser detenido en un control\" \/>\n<meta property=\"og:url\" content=\"https:\/\/campeche-noticias.com\/?p=41550\" \/>\n<meta property=\"og:site_name\" content=\"Campeche Noticias\" \/>\n<meta property=\"article:published_time\" content=\"2026-09-02T17:00:52+00:00\" \/>\n<meta property=\"article:modified_time\" content=\"2026-09-02T17:12:29+00:00\" \/>\n<meta name=\"author\" content=\"admin\" \/>\n<meta name=\"twitter:card\" content=\"summary_large_image\" \/>\n<meta name=\"twitter:label1\" content=\"Escrito por\" \/>\n\t<meta name=\"twitter:data1\" content=\"admin\" \/>\n\t<meta name=\"twitter:label2\" content=\"Tiempo de lectura\" \/>\n\t<meta name=\"twitter:data2\" content=\"1 minuto\" \/>\n<script type=\"application\/ld+json\" class=\"yoast-schema-graph\">{\"@context\":\"https:\\\/\\\/schema.org\",\"@graph\":[{\"@type\":\"Article\",\"@id\":\"https:\\\/\\\/campeche-noticias.com\\\/?p=41550#article\",\"isPartOf\":{\"@id\":\"https:\\\/\\\/campeche-noticias.com\\\/?p=41550\"},\"author\":{\"name\":\"admin\",\"@id\":\"https:\\\/\\\/campeche-noticias.com\\\/#\\\/schema\\\/person\\\/7940c228049cff34b4cc679f887362f1\"},\"headline\":\"Condenan a Ra\u00fal Asencio por conducir ebrio en Espa\u00f1a\",\"datePublished\":\"2026-09-02T17:00:52+00:00\",\"dateModified\":\"2026-09-02T17:12:29+00:00\",\"mainEntityOfPage\":{\"@id\":\"https:\\\/\\\/campeche-noticias.com\\\/?p=41550\"},\"wordCount\":253,\"commentCount\":0,\"image\":{\"@id\":\"https:\\\/\\\/campeche-noticias.com\\\/?p=41550#primaryimage\"},\"thumbnailUrl\":\"https:\\\/\\\/campeche-noticias.com\\\/wp-content\\\/uploads\\\/2026\\\/09\\\/WhatsApp-Image-2026-09-02-at-11.02.20.jpeg\",\"articleSection\":[\"Deportes\"],\"inLanguage\":\"es\",\"potentialAction\":[{\"@type\":\"CommentAction\",\"name\":\"Comment\",\"target\":[\"https:\\\/\\\/campeche-noticias.com\\\/?p=41550#respond\"]}]},{\"@type\":\"WebPage\",\"@id\":\"https:\\\/\\\/campeche-noticias.com\\\/?p=41550\",\"url\":\"https:\\\/\\\/campeche-noticias.com\\\/?p=41550\",\"name\":\"Condenan a Ra\u00fal Asencio por conducir ebrio en Espa\u00f1a - Campeche Noticias\",\"isPartOf\":{\"@id\":\"https:\\\/\\\/campeche-noticias.com\\\/#website\"},\"primaryImageOfPage\":{\"@id\":\"https:\\\/\\\/campeche-noticias.com\\\/?p=41550#primaryimage\"},\"image\":{\"@id\":\"https:\\\/\\\/campeche-noticias.com\\\/?p=41550#primaryimage\"},\"thumbnailUrl\":\"https:\\\/\\\/campeche-noticias.com\\\/wp-content\\\/uploads\\\/2026\\\/09\\\/WhatsApp-Image-2026-09-02-at-11.02.20.jpeg\",\"datePublished\":\"2026-09-02T17:00:52+00:00\",\"dateModified\":\"2026-09-02T17:12:29+00:00\",\"author\":{\"@id\":\"https:\\\/\\\/campeche-noticias.com\\\/#\\\/schema\\\/person\\\/7940c228049cff34b4cc679f887362f1\"},\"breadcrumb\":{\"@id\":\"https:\\\/\\\/campeche-noticias.com\\\/?p=41550#breadcrumb\"},\"inLanguage\":\"es\",\"potentialAction\":[{\"@type\":\"ReadAction\",\"target\":[\"https:\\\/\\\/campeche-noticias.com\\\/?p=41550\"]}]},{\"@type\":\"ImageObject\",\"inLanguage\":\"es\",\"@id\":\"https:\\\/\\\/campeche-noticias.com\\\/?p=41550#primaryimage\",\"url\":\"https:\\\/\\\/campeche-noticias.com\\\/wp-content\\\/uploads\\\/2026\\\/09\\\/WhatsApp-Image-2026-09-02-at-11.02.20.jpeg\",\"contentUrl\":\"https:\\\/\\\/campeche-noticias.com\\\/wp-content\\\/uploads\\\/2026\\\/09\\\/WhatsApp-Image-2026-09-02-at-11.02.20.jpeg\",\"width\":813,\"height\":542},{\"@type\":\"BreadcrumbList\",\"@id\":\"https:\\\/\\\/campeche-noticias.com\\\/?p=41550#breadcrumb\",\"itemListElement\":[{\"@type\":\"ListItem\",\"position\":1,\"name\":\"Portada\",\"item\":\"https:\\\/\\\/campeche-noticias.com\\\/\"},{\"@type\":\"ListItem\",\"position\":2,\"name\":\"Condenan a Ra\u00fal Asencio por conducir ebrio en Espa\u00f1a\"}]},{\"@type\":\"WebSite\",\"@id\":\"https:\\\/\\\/campeche-noticias.com\\\/#website\",\"url\":\"https:\\\/\\\/campeche-noticias.com\\\/\",\"name\":\"Campeche Noticias\",\"description\":\"Campeche Noticias\",\"potentialAction\":[{\"@type\":\"SearchAction\",\"target\":{\"@type\":\"EntryPoint\",\"urlTemplate\":\"https:\\\/\\\/campeche-noticias.com\\\/?s={search_term_string}\"},\"query-input\":{\"@type\":\"PropertyValueSpecification\",\"valueRequired\":true,\"valueName\":\"search_term_string\"}}],\"inLanguage\":\"es\"},{\"@type\":\"Person\",\"@id\":\"https:\\\/\\\/campeche-noticias.com\\\/#\\\/schema\\\/person\\\/7940c228049cff34b4cc679f887362f1\",\"name\":\"admin\",\"sameAs\":[\"https:\\\/\\\/campeche-noticias.com\"],\"url\":\"https:\\\/\\\/campeche-noticias.com\\\/?author=1\"}]}<\/script>\n<!-- \/ Yoast SEO plugin. -->","yoast_head_json":{"title":"Condenan a Ra\u00fal Asencio por conducir ebrio en Espa\u00f1a - Campeche Noticias","robots":{"index":"index","follow":"follow","max-snippet":"max-snippet:-1","max-image-preview":"max-image-preview:large","max-video-preview":"max-video-preview:-1"},"canonical":"https:\/\/campeche-noticias.com\/?p=41550","og_locale":"es_ES","og_type":"article","og_title":"Condenan a Ra\u00fal Asencio por conducir ebrio en Espa\u00f1a - Campeche Noticias","og_description":"\ud83d\udd38 El defensa del Real Madrid acept\u00f3 los cargos tras ser detenido en un control","og_url":"https:\/\/campeche-noticias.com\/?p=41550","og_site_name":"Campeche Noticias","article_published_time":"2026-09-02T17:00:52+00:00","article_modified_time":"2026-09-02T17:12:29+00:00","author":"admin","twitter_card":"summary_large_image","twitter_misc":{"Escrito por":"admin","Tiempo de lectura":"1 minuto"},"schema":{"@context":"https:\/\/schema.org","@graph":[{"@type":"Article","@id":"https:\/\/campeche-noticias.com\/?p=41550#article","isPartOf":{"@id":"https:\/\/campeche-noticias.com\/?p=41550"},"author":{"name":"admin","@id":"https:\/\/campeche-noticias.com\/#\/schema\/person\/7940c228049cff34b4cc679f887362f1"},"headline":"Condenan a Ra\u00fal Asencio por conducir ebrio en Espa\u00f1a","datePublished":"2026-09-02T17:00:52+00:00","dateModified":"2026-09-02T17:12:29+00:00","mainEntityOfPage":{"@id":"https:\/\/campeche-noticias.com\/?p=41550"},"wordCount":253,"commentCount":0,"image":{"@id":"https:\/\/campeche-noticias.com\/?p=41550#primaryimage"},"thumbnailUrl":"https:\/\/campeche-noticias.com\/wp-content\/uploads\/2026\/09\/WhatsApp-Image-2026-09-02-at-11.02.20.jpeg","articleSection":["Deportes"],"inLanguage":"es","potentialAction":[{"@type":"CommentAction","name":"Comment","target":["https:\/\/campeche-noticias.com\/?p=41550#respond"]}]},{"@type":"WebPage","@id":"https:\/\/campeche-noticias.com\/?p=41550","url":"https:\/\/campeche-noticias.com\/?p=41550","name":"Condenan a Ra\u00fal Asencio por conducir ebrio en Espa\u00f1a - Campeche Noticias","isPartOf":{"@id":"https:\/\/campeche-noticias.com\/#website"},"primaryImageOfPage":{"@id":"https:\/\/campeche-noticias.com\/?p=41550#primaryimage"},"image":{"@id":"https:\/\/campeche-noticias.com\/?p=41550#primaryimage"},"thumbnailUrl":"https:\/\/campeche-noticias.com\/wp-content\/uploads\/2026\/09\/WhatsApp-Image-2026-09-02-at-11.02.20.jpeg","datePublished":"2026-09-02T17:00:52+00:00","dateModified":"2026-09-02T17:12:29+00:00","author":{"@id":"https:\/\/campeche-noticias.com\/#\/schema\/person\/7940c228049cff34b4cc679f887362f1"},"breadcrumb":{"@id":"https:\/\/campeche-noticias.com\/?p=41550#breadcrumb"},"inLanguage":"es","potentialAction":[{"@type":"ReadAction","target":["https:\/\/campeche-noticias.com\/?p=41550"]}]},{"@type":"ImageObject","inLanguage":"es","@id":"https:\/\/campeche-noticias.com\/?p=41550#primaryimage","url":"https:\/\/campeche-noticias.com\/wp-content\/uploads\/2026\/09\/WhatsApp-Image-2026-09-02-at-11.02.20.jpeg","contentUrl":"https:\/\/campeche-noticias.com\/wp-content\/uploads\/2026\/09\/WhatsApp-Image-2026-09-02-at-11.02.20.jpeg","width":813,"height":542},{"@type":"BreadcrumbList","@id":"https:\/\/campeche-noticias.com\/?p=41550#breadcrumb","itemListElement":[{"@type":"ListItem","position":1,"name":"Portada","item":"https:\/\/campeche-noticias.com\/"},{"@type":"ListItem","position":2,"name":"Condenan a Ra\u00fal Asencio por conducir ebrio en Espa\u00f1a"}]},{"@type":"WebSite","@id":"https:\/\/campeche-noticias.com\/#website","url":"https:\/\/campeche-noticias.com\/","name":"Campeche Noticias","description":"Campeche Noticias","potentialAction":[{"@type":"SearchAction","target":{"@type":"EntryPoint","urlTemplate":"https:\/\/campeche-noticias.com\/?s={search_term_string}"},"query-input":{"@type":"PropertyValueSpecification","valueRequired":true,"valueName":"search_term_string"}}],"inLanguage":"es"},{"@type":"Person","@id":"https:\/\/campeche-noticias.com\/#\/schema\/person\/7940c228049cff34b4cc679f887362f1","name":"admin","sameAs":["https:\/\/campeche-noticias.com"],"url":"https:\/\/campeche-noticias.com\/?author=1"}]}},"_links":{"self":[{"href":"https:\/\/campeche-noticias.com\/index.php?rest_route=\/wp\/v2\/posts\/41550","targetHints":{"allow":["GET"]}}],"collection":[{"href":"https:\/\/campeche-noticias.com\/index.php?rest_route=\/wp\/v2\/posts"}],"about":[{"href":"https:\/\/campeche-noticias.com\/index.php?rest_route=\/wp\/v2\/types\/post"}],"author":[{"embeddable":true,"href":"https:\/\/campeche-noticias.com\/index.php?rest_route=\/wp\/v2\/users\/1"}],"replies":[{"embeddable":true,"href":"https:\/\/campeche-noticias.com\/index.php?rest_route=%2Fwp%2Fv2%2Fcomments&post=41550"}],"version-history":[{"count":1,"href":"https:\/\/campeche-noticias.com\/index.php?rest_route=\/wp\/v2\/posts\/41550\/revisions"}],"predecessor-version":[{"id":41551,"href":"https:\/\/campeche-noticias.com\/index.php?rest_route=\/wp\/v2\/posts\/41550\/revisions\/41551"}],"wp:featuredmedia":[{"embeddable":true,"href":"https:\/\/campeche-noticias.com\/index.php?rest_route=\/wp\/v2\/media\/41552"}],"wp:attachment":[{"href":"https:\/\/campeche-noticias.com\/index.php?rest_route=%2Fwp%2Fv2%2Fmedia&parent=41550"}],"wp:term":[{"taxonomy":"category","embeddable":true,"href":"https:\/\/campeche-noticias.com\/index.php?rest_route=%2Fwp%2Fv2%2Fcategories&post=41550"},{"taxonomy":"post_tag","embeddable":true,"href":"https:\/\/campeche-noticias.com\/index.php?rest_route=%2Fwp%2Fv2%2Ftags&post=41550"}],"curies":[{"name":"wp","href":"https:\/\/api.w.org\/{rel}","templated":true}]}}