{"id":37765,"date":"2026-04-29T13:00:51","date_gmt":"2026-04-29T18:00:51","guid":{"rendered":"https:\/\/campeche-noticias.com\/?p=37765"},"modified":"2026-04-29T15:06:34","modified_gmt":"2026-04-29T15:06:34","slug":"ricardo-monreal-coordina-agenda-legislativa-para-el-cierre-del-periodo-en-san-lazaro","status":"publish","type":"post","link":"https:\/\/campeche-noticias.com\/?p=37765","title":{"rendered":"Ricardo Monreal coordina agenda legislativa para el cierre del periodo en San L\u00e1zaro"},"content":{"rendered":"<p>\ud83d\udd38 Los grupos parlamentarios acordaron una ruta de trabajo para desahogar temas prioritarios en los \u00faltimos d\u00edas de sesiones.<\/p>\n<p>#CDMX | El presidente de la Junta de Coordinaci\u00f3n Pol\u00edtica (JUCOPO) y coordinador de Morena en la C\u00e1mara de Diputados, Ricardo Monreal \u00c1vila, sostuvo este martes una reuni\u00f3n previa con l\u00edderes de los distintos grupos parlamentarios, con el objetivo de definir los temas prioritarios que marcar\u00e1n el cierre del actual periodo legislativo.<\/p>\n<p>En el encuentro tambi\u00e9n particip\u00f3 la presidenta de la C\u00e1mara de Diputados, y de acuerdo con lo informado por el legislador zacatecano, la reuni\u00f3n permiti\u00f3 alinear posturas entre las distintas fuerzas pol\u00edticas y establecer una agenda com\u00fan enfocada en desahogar asuntos clave antes de concluir la semana.<\/p>\n<p>Posteriormente, durante la sesi\u00f3n de la JUCOPO, se acord\u00f3 una ruta de trabajo para los \u00faltimos d\u00edas del periodo, en la que destacan diversos temas de relevancia nacional.<\/p>\n<p>Entre los puntos contemplados para este martes se encuentran la discusi\u00f3n sobre la constitucionalidad de la reforma en materia de feminicidio, el an\u00e1lisis de 21 iniciativas y asuntos relacionados con la agenda de la ni\u00f1ez.<\/p>\n<p>Para el mi\u00e9rcoles, se prev\u00e9 abordar distintos dict\u00e1menes y nuevas iniciativas, as\u00ed como la integraci\u00f3n de la Comisi\u00f3n Permanente. Adem\u00e1s, se realizar\u00e1 una sesi\u00f3n solemne con motivo del 475 aniversario de la Universidad Nacional Aut\u00f3noma de M\u00e9xico.<\/p>\n<p>Finalmente, Monreal \u00c1vila destac\u00f3, a trav\u00e9s de sus redes sociales, que los acuerdos alcanzados reflejan un esfuerzo conjunto entre las fuerzas pol\u00edticas para mantener el orden legislativo y cumplir con los compromisos en beneficio del pa\u00eds.<\/p>\n","protected":false},"excerpt":{"rendered":"<p>\ud83d\udd38 Los grupos parlamentarios acordaron una ruta de trabajo para desahogar temas prioritarios en los<\/p>\n","protected":false},"author":1,"featured_media":37767,"comment_status":"open","ping_status":"closed","sticky":false,"template":"","format":"standard","meta":{"footnotes":""},"categories":[28,4],"tags":[],"class_list":["post-37765","post","type-post","status-publish","format-standard","has-post-thumbnail","hentry","category-cdmx","category-nacional"],"yoast_head":"<!-- This site is optimized with the Yoast SEO plugin v27.5 - https:\/\/yoast.com\/product\/yoast-seo-wordpress\/ -->\n<title>Ricardo Monreal coordina agenda legislativa para el cierre del periodo en San L\u00e1zaro - Campeche Noticias<\/title>\n<meta name=\"robots\" content=\"index, follow, max-snippet:-1, max-image-preview:large, max-video-preview:-1\" \/>\n<link rel=\"canonical\" href=\"https:\/\/campeche-noticias.com\/?p=37765\" \/>\n<meta property=\"og:locale\" content=\"es_ES\" \/>\n<meta property=\"og:type\" content=\"article\" \/>\n<meta property=\"og:title\" content=\"Ricardo Monreal coordina agenda legislativa para el cierre del periodo en San L\u00e1zaro - Campeche Noticias\" \/>\n<meta property=\"og:description\" content=\"\ud83d\udd38 Los grupos parlamentarios acordaron una ruta de trabajo para desahogar temas prioritarios en los\" \/>\n<meta property=\"og:url\" content=\"https:\/\/campeche-noticias.com\/?p=37765\" \/>\n<meta property=\"og:site_name\" content=\"Campeche Noticias\" \/>\n<meta property=\"article:published_time\" content=\"2026-04-29T18:00:51+00:00\" \/>\n<meta property=\"og:image\" content=\"https:\/\/campeche-noticias.com\/wp-content\/uploads\/2026\/04\/WhatsApp-Image-2026-04-29-at-10.02.12.jpeg\" \/>\n\t<meta property=\"og:image:width\" content=\"1600\" \/>\n\t<meta property=\"og:image:height\" content=\"1600\" \/>\n\t<meta property=\"og:image:type\" content=\"image\/jpeg\" \/>\n<meta name=\"author\" content=\"admin\" \/>\n<meta name=\"twitter:card\" content=\"summary_large_image\" \/>\n<meta name=\"twitter:label1\" content=\"Escrito por\" \/>\n\t<meta name=\"twitter:data1\" content=\"admin\" \/>\n\t<meta name=\"twitter:label2\" content=\"Tiempo de lectura\" \/>\n\t<meta name=\"twitter:data2\" content=\"1 minuto\" \/>\n<script type=\"application\/ld+json\" class=\"yoast-schema-graph\">{\"@context\":\"https:\\\/\\\/schema.org\",\"@graph\":[{\"@type\":\"Article\",\"@id\":\"https:\\\/\\\/campeche-noticias.com\\\/?p=37765#article\",\"isPartOf\":{\"@id\":\"https:\\\/\\\/campeche-noticias.com\\\/?p=37765\"},\"author\":{\"name\":\"admin\",\"@id\":\"https:\\\/\\\/campeche-noticias.com\\\/#\\\/schema\\\/person\\\/7940c228049cff34b4cc679f887362f1\"},\"headline\":\"Ricardo Monreal coordina agenda legislativa para el cierre del periodo en San L\u00e1zaro\",\"datePublished\":\"2026-04-29T18:00:51+00:00\",\"mainEntityOfPage\":{\"@id\":\"https:\\\/\\\/campeche-noticias.com\\\/?p=37765\"},\"wordCount\":292,\"commentCount\":0,\"image\":{\"@id\":\"https:\\\/\\\/campeche-noticias.com\\\/?p=37765#primaryimage\"},\"thumbnailUrl\":\"https:\\\/\\\/campeche-noticias.com\\\/wp-content\\\/uploads\\\/2026\\\/04\\\/WhatsApp-Image-2026-04-29-at-10.02.12.jpeg\",\"articleSection\":[\"CDMX\",\"Nacional\"],\"inLanguage\":\"es\",\"potentialAction\":[{\"@type\":\"CommentAction\",\"name\":\"Comment\",\"target\":[\"https:\\\/\\\/campeche-noticias.com\\\/?p=37765#respond\"]}]},{\"@type\":\"WebPage\",\"@id\":\"https:\\\/\\\/campeche-noticias.com\\\/?p=37765\",\"url\":\"https:\\\/\\\/campeche-noticias.com\\\/?p=37765\",\"name\":\"Ricardo Monreal coordina agenda legislativa para el cierre del periodo en San L\u00e1zaro - Campeche Noticias\",\"isPartOf\":{\"@id\":\"https:\\\/\\\/campeche-noticias.com\\\/#website\"},\"primaryImageOfPage\":{\"@id\":\"https:\\\/\\\/campeche-noticias.com\\\/?p=37765#primaryimage\"},\"image\":{\"@id\":\"https:\\\/\\\/campeche-noticias.com\\\/?p=37765#primaryimage\"},\"thumbnailUrl\":\"https:\\\/\\\/campeche-noticias.com\\\/wp-content\\\/uploads\\\/2026\\\/04\\\/WhatsApp-Image-2026-04-29-at-10.02.12.jpeg\",\"datePublished\":\"2026-04-29T18:00:51+00:00\",\"author\":{\"@id\":\"https:\\\/\\\/campeche-noticias.com\\\/#\\\/schema\\\/person\\\/7940c228049cff34b4cc679f887362f1\"},\"breadcrumb\":{\"@id\":\"https:\\\/\\\/campeche-noticias.com\\\/?p=37765#breadcrumb\"},\"inLanguage\":\"es\",\"potentialAction\":[{\"@type\":\"ReadAction\",\"target\":[\"https:\\\/\\\/campeche-noticias.com\\\/?p=37765\"]}]},{\"@type\":\"ImageObject\",\"inLanguage\":\"es\",\"@id\":\"https:\\\/\\\/campeche-noticias.com\\\/?p=37765#primaryimage\",\"url\":\"https:\\\/\\\/campeche-noticias.com\\\/wp-content\\\/uploads\\\/2026\\\/04\\\/WhatsApp-Image-2026-04-29-at-10.02.12.jpeg\",\"contentUrl\":\"https:\\\/\\\/campeche-noticias.com\\\/wp-content\\\/uploads\\\/2026\\\/04\\\/WhatsApp-Image-2026-04-29-at-10.02.12.jpeg\",\"width\":1600,\"height\":1600},{\"@type\":\"BreadcrumbList\",\"@id\":\"https:\\\/\\\/campeche-noticias.com\\\/?p=37765#breadcrumb\",\"itemListElement\":[{\"@type\":\"ListItem\",\"position\":1,\"name\":\"Portada\",\"item\":\"https:\\\/\\\/campeche-noticias.com\\\/\"},{\"@type\":\"ListItem\",\"position\":2,\"name\":\"Ricardo Monreal coordina agenda legislativa para el cierre del periodo en San L\u00e1zaro\"}]},{\"@type\":\"WebSite\",\"@id\":\"https:\\\/\\\/campeche-noticias.com\\\/#website\",\"url\":\"https:\\\/\\\/campeche-noticias.com\\\/\",\"name\":\"Campeche Noticias\",\"description\":\"Campeche Noticias\",\"potentialAction\":[{\"@type\":\"SearchAction\",\"target\":{\"@type\":\"EntryPoint\",\"urlTemplate\":\"https:\\\/\\\/campeche-noticias.com\\\/?s={search_term_string}\"},\"query-input\":{\"@type\":\"PropertyValueSpecification\",\"valueRequired\":true,\"valueName\":\"search_term_string\"}}],\"inLanguage\":\"es\"},{\"@type\":\"Person\",\"@id\":\"https:\\\/\\\/campeche-noticias.com\\\/#\\\/schema\\\/person\\\/7940c228049cff34b4cc679f887362f1\",\"name\":\"admin\",\"sameAs\":[\"https:\\\/\\\/campeche-noticias.com\"],\"url\":\"https:\\\/\\\/campeche-noticias.com\\\/?author=1\"}]}<\/script>\n<!-- \/ Yoast SEO plugin. -->","yoast_head_json":{"title":"Ricardo Monreal coordina agenda legislativa para el cierre del periodo en San L\u00e1zaro - Campeche Noticias","robots":{"index":"index","follow":"follow","max-snippet":"max-snippet:-1","max-image-preview":"max-image-preview:large","max-video-preview":"max-video-preview:-1"},"canonical":"https:\/\/campeche-noticias.com\/?p=37765","og_locale":"es_ES","og_type":"article","og_title":"Ricardo Monreal coordina agenda legislativa para el cierre del periodo en San L\u00e1zaro - Campeche Noticias","og_description":"\ud83d\udd38 Los grupos parlamentarios acordaron una ruta de trabajo para desahogar temas prioritarios en los","og_url":"https:\/\/campeche-noticias.com\/?p=37765","og_site_name":"Campeche Noticias","article_published_time":"2026-04-29T18:00:51+00:00","og_image":[{"width":1600,"height":1600,"url":"https:\/\/campeche-noticias.com\/wp-content\/uploads\/2026\/04\/WhatsApp-Image-2026-04-29-at-10.02.12.jpeg","type":"image\/jpeg"}],"author":"admin","twitter_card":"summary_large_image","twitter_misc":{"Escrito por":"admin","Tiempo de lectura":"1 minuto"},"schema":{"@context":"https:\/\/schema.org","@graph":[{"@type":"Article","@id":"https:\/\/campeche-noticias.com\/?p=37765#article","isPartOf":{"@id":"https:\/\/campeche-noticias.com\/?p=37765"},"author":{"name":"admin","@id":"https:\/\/campeche-noticias.com\/#\/schema\/person\/7940c228049cff34b4cc679f887362f1"},"headline":"Ricardo Monreal coordina agenda legislativa para el cierre del periodo en San L\u00e1zaro","datePublished":"2026-04-29T18:00:51+00:00","mainEntityOfPage":{"@id":"https:\/\/campeche-noticias.com\/?p=37765"},"wordCount":292,"commentCount":0,"image":{"@id":"https:\/\/campeche-noticias.com\/?p=37765#primaryimage"},"thumbnailUrl":"https:\/\/campeche-noticias.com\/wp-content\/uploads\/2026\/04\/WhatsApp-Image-2026-04-29-at-10.02.12.jpeg","articleSection":["CDMX","Nacional"],"inLanguage":"es","potentialAction":[{"@type":"CommentAction","name":"Comment","target":["https:\/\/campeche-noticias.com\/?p=37765#respond"]}]},{"@type":"WebPage","@id":"https:\/\/campeche-noticias.com\/?p=37765","url":"https:\/\/campeche-noticias.com\/?p=37765","name":"Ricardo Monreal coordina agenda legislativa para el cierre del periodo en San L\u00e1zaro - Campeche Noticias","isPartOf":{"@id":"https:\/\/campeche-noticias.com\/#website"},"primaryImageOfPage":{"@id":"https:\/\/campeche-noticias.com\/?p=37765#primaryimage"},"image":{"@id":"https:\/\/campeche-noticias.com\/?p=37765#primaryimage"},"thumbnailUrl":"https:\/\/campeche-noticias.com\/wp-content\/uploads\/2026\/04\/WhatsApp-Image-2026-04-29-at-10.02.12.jpeg","datePublished":"2026-04-29T18:00:51+00:00","author":{"@id":"https:\/\/campeche-noticias.com\/#\/schema\/person\/7940c228049cff34b4cc679f887362f1"},"breadcrumb":{"@id":"https:\/\/campeche-noticias.com\/?p=37765#breadcrumb"},"inLanguage":"es","potentialAction":[{"@type":"ReadAction","target":["https:\/\/campeche-noticias.com\/?p=37765"]}]},{"@type":"ImageObject","inLanguage":"es","@id":"https:\/\/campeche-noticias.com\/?p=37765#primaryimage","url":"https:\/\/campeche-noticias.com\/wp-content\/uploads\/2026\/04\/WhatsApp-Image-2026-04-29-at-10.02.12.jpeg","contentUrl":"https:\/\/campeche-noticias.com\/wp-content\/uploads\/2026\/04\/WhatsApp-Image-2026-04-29-at-10.02.12.jpeg","width":1600,"height":1600},{"@type":"BreadcrumbList","@id":"https:\/\/campeche-noticias.com\/?p=37765#breadcrumb","itemListElement":[{"@type":"ListItem","position":1,"name":"Portada","item":"https:\/\/campeche-noticias.com\/"},{"@type":"ListItem","position":2,"name":"Ricardo Monreal coordina agenda legislativa para el cierre del periodo en San L\u00e1zaro"}]},{"@type":"WebSite","@id":"https:\/\/campeche-noticias.com\/#website","url":"https:\/\/campeche-noticias.com\/","name":"Campeche Noticias","description":"Campeche Noticias","potentialAction":[{"@type":"SearchAction","target":{"@type":"EntryPoint","urlTemplate":"https:\/\/campeche-noticias.com\/?s={search_term_string}"},"query-input":{"@type":"PropertyValueSpecification","valueRequired":true,"valueName":"search_term_string"}}],"inLanguage":"es"},{"@type":"Person","@id":"https:\/\/campeche-noticias.com\/#\/schema\/person\/7940c228049cff34b4cc679f887362f1","name":"admin","sameAs":["https:\/\/campeche-noticias.com"],"url":"https:\/\/campeche-noticias.com\/?author=1"}]}},"_links":{"self":[{"href":"https:\/\/campeche-noticias.com\/index.php?rest_route=\/wp\/v2\/posts\/37765","targetHints":{"allow":["GET"]}}],"collection":[{"href":"https:\/\/campeche-noticias.com\/index.php?rest_route=\/wp\/v2\/posts"}],"about":[{"href":"https:\/\/campeche-noticias.com\/index.php?rest_route=\/wp\/v2\/types\/post"}],"author":[{"embeddable":true,"href":"https:\/\/campeche-noticias.com\/index.php?rest_route=\/wp\/v2\/users\/1"}],"replies":[{"embeddable":true,"href":"https:\/\/campeche-noticias.com\/index.php?rest_route=%2Fwp%2Fv2%2Fcomments&post=37765"}],"version-history":[{"count":1,"href":"https:\/\/campeche-noticias.com\/index.php?rest_route=\/wp\/v2\/posts\/37765\/revisions"}],"predecessor-version":[{"id":37766,"href":"https:\/\/campeche-noticias.com\/index.php?rest_route=\/wp\/v2\/posts\/37765\/revisions\/37766"}],"wp:featuredmedia":[{"embeddable":true,"href":"https:\/\/campeche-noticias.com\/index.php?rest_route=\/wp\/v2\/media\/37767"}],"wp:attachment":[{"href":"https:\/\/campeche-noticias.com\/index.php?rest_route=%2Fwp%2Fv2%2Fmedia&parent=37765"}],"wp:term":[{"taxonomy":"category","embeddable":true,"href":"https:\/\/campeche-noticias.com\/index.php?rest_route=%2Fwp%2Fv2%2Fcategories&post=37765"},{"taxonomy":"post_tag","embeddable":true,"href":"https:\/\/campeche-noticias.com\/index.php?rest_route=%2Fwp%2Fv2%2Ftags&post=37765"}],"curies":[{"name":"wp","href":"https:\/\/api.w.org\/{rel}","templated":true}]}}