{"id":34863,"date":"2026-01-29T07:00:57","date_gmt":"2026-01-29T12:00:57","guid":{"rendered":"https:\/\/campeche-noticias.com\/?p=34863"},"modified":"2026-01-29T14:53:53","modified_gmt":"2026-01-29T14:53:53","slug":"el-frente-numero-32-y-su-masa-de-aire-polar-ingresaran-sobre-la-frontera-norte-de-mexico","status":"publish","type":"post","link":"https:\/\/campeche-noticias.com\/?p=34863","title":{"rendered":"El frente n\u00famero 32\u00a0y su\u00a0masa de aire polar\u00a0ingresar\u00e1n sobre la frontera norte de M\u00e9xico"},"content":{"rendered":"<p>\ud83d\udd38Ocasionar\u00e1 rachas de viento y descenso de las temperaturas en el noroeste, norte y noreste del territorio nacional.<\/p>\n<p>#NACIONAL\ud83c\uddf2\ud83c\uddfd II Buenos d\u00edas \u2600\ufe0fll El Servicio Meteorol\u00f3gico Nacional pronostica para este d\u00eda que una\u00a0circulaci\u00f3n anticicl\u00f3nica en niveles medios de la atm\u00f3sfera\u00a0sobre el occidente, centro y sur de M\u00e9xico, ocasionar\u00e1 ambiente estable y sin lluvia en dichas regiones; sin embargo, el\u00a0ingreso de humedad\u00a0del oc\u00e9ano Pac\u00edfico, golfo de M\u00e9xico y el mar Caribe, ocasionar\u00e1 lluvias y chubascos en estados del noreste, oriente, sur y sureste del territorio mexicano, incluida la pen\u00ednsula de Yucat\u00e1n.<\/p>\n<p>Durante la tarde-noche, un\u00a0nuevo frente fr\u00edo (n\u00famero 32)\u00a0y su\u00a0masa de aire polar\u00a0ingresar\u00e1n sobre la frontera norte de M\u00e9xico, en interacci\u00f3n con una\u00a0vaguada en altura\u00a0y con las\u00a0corrientes en chorro polar y subtropical, ocasionar\u00e1n rachas de viento y descenso de las temperaturas en el noroeste, norte y noreste del territorio nacional.<\/p>\n","protected":false},"excerpt":{"rendered":"<p>\ud83d\udd38Ocasionar\u00e1 rachas de viento y descenso de las temperaturas en el noroeste, norte y noreste<\/p>\n","protected":false},"author":1,"featured_media":34865,"comment_status":"open","ping_status":"closed","sticky":false,"template":"","format":"standard","meta":{"footnotes":""},"categories":[4],"tags":[],"class_list":["post-34863","post","type-post","status-publish","format-standard","has-post-thumbnail","hentry","category-nacional"],"yoast_head":"<!-- This site is optimized with the Yoast SEO plugin v27.5 - https:\/\/yoast.com\/product\/yoast-seo-wordpress\/ -->\n<title>El frente n\u00famero 32\u00a0y su\u00a0masa de aire polar\u00a0ingresar\u00e1n sobre la frontera norte de M\u00e9xico - Campeche Noticias<\/title>\n<meta name=\"robots\" content=\"index, follow, max-snippet:-1, max-image-preview:large, max-video-preview:-1\" \/>\n<link rel=\"canonical\" href=\"https:\/\/campeche-noticias.com\/?p=34863\" \/>\n<meta property=\"og:locale\" content=\"es_ES\" \/>\n<meta property=\"og:type\" content=\"article\" \/>\n<meta property=\"og:title\" content=\"El frente n\u00famero 32\u00a0y su\u00a0masa de aire polar\u00a0ingresar\u00e1n sobre la frontera norte de M\u00e9xico - Campeche Noticias\" \/>\n<meta property=\"og:description\" content=\"\ud83d\udd38Ocasionar\u00e1 rachas de viento y descenso de las temperaturas en el noroeste, norte y noreste\" \/>\n<meta property=\"og:url\" content=\"https:\/\/campeche-noticias.com\/?p=34863\" \/>\n<meta property=\"og:site_name\" content=\"Campeche Noticias\" \/>\n<meta property=\"article:published_time\" content=\"2026-01-29T12:00:57+00:00\" \/>\n<meta property=\"article:modified_time\" content=\"2026-01-29T14:53:53+00:00\" \/>\n<meta name=\"author\" content=\"admin\" \/>\n<meta name=\"twitter:card\" content=\"summary_large_image\" \/>\n<meta name=\"twitter:label1\" content=\"Escrito por\" \/>\n\t<meta name=\"twitter:data1\" content=\"admin\" \/>\n\t<meta name=\"twitter:label2\" content=\"Tiempo de lectura\" \/>\n\t<meta name=\"twitter:data2\" content=\"1 minuto\" \/>\n<script type=\"application\/ld+json\" class=\"yoast-schema-graph\">{\"@context\":\"https:\\\/\\\/schema.org\",\"@graph\":[{\"@type\":\"Article\",\"@id\":\"https:\\\/\\\/campeche-noticias.com\\\/?p=34863#article\",\"isPartOf\":{\"@id\":\"https:\\\/\\\/campeche-noticias.com\\\/?p=34863\"},\"author\":{\"name\":\"admin\",\"@id\":\"https:\\\/\\\/campeche-noticias.com\\\/#\\\/schema\\\/person\\\/7940c228049cff34b4cc679f887362f1\"},\"headline\":\"El frente n\u00famero 32\u00a0y su\u00a0masa de aire polar\u00a0ingresar\u00e1n sobre la frontera norte de M\u00e9xico\",\"datePublished\":\"2026-01-29T12:00:57+00:00\",\"dateModified\":\"2026-01-29T14:53:53+00:00\",\"mainEntityOfPage\":{\"@id\":\"https:\\\/\\\/campeche-noticias.com\\\/?p=34863\"},\"wordCount\":186,\"commentCount\":0,\"image\":{\"@id\":\"https:\\\/\\\/campeche-noticias.com\\\/?p=34863#primaryimage\"},\"thumbnailUrl\":\"https:\\\/\\\/campeche-noticias.com\\\/wp-content\\\/uploads\\\/2026\\\/01\\\/WhatsApp-Image-2026-01-29-at-08.25.02.jpeg\",\"articleSection\":[\"Nacional\"],\"inLanguage\":\"es\",\"potentialAction\":[{\"@type\":\"CommentAction\",\"name\":\"Comment\",\"target\":[\"https:\\\/\\\/campeche-noticias.com\\\/?p=34863#respond\"]}]},{\"@type\":\"WebPage\",\"@id\":\"https:\\\/\\\/campeche-noticias.com\\\/?p=34863\",\"url\":\"https:\\\/\\\/campeche-noticias.com\\\/?p=34863\",\"name\":\"El frente n\u00famero 32\u00a0y su\u00a0masa de aire polar\u00a0ingresar\u00e1n sobre la frontera norte de M\u00e9xico - Campeche Noticias\",\"isPartOf\":{\"@id\":\"https:\\\/\\\/campeche-noticias.com\\\/#website\"},\"primaryImageOfPage\":{\"@id\":\"https:\\\/\\\/campeche-noticias.com\\\/?p=34863#primaryimage\"},\"image\":{\"@id\":\"https:\\\/\\\/campeche-noticias.com\\\/?p=34863#primaryimage\"},\"thumbnailUrl\":\"https:\\\/\\\/campeche-noticias.com\\\/wp-content\\\/uploads\\\/2026\\\/01\\\/WhatsApp-Image-2026-01-29-at-08.25.02.jpeg\",\"datePublished\":\"2026-01-29T12:00:57+00:00\",\"dateModified\":\"2026-01-29T14:53:53+00:00\",\"author\":{\"@id\":\"https:\\\/\\\/campeche-noticias.com\\\/#\\\/schema\\\/person\\\/7940c228049cff34b4cc679f887362f1\"},\"breadcrumb\":{\"@id\":\"https:\\\/\\\/campeche-noticias.com\\\/?p=34863#breadcrumb\"},\"inLanguage\":\"es\",\"potentialAction\":[{\"@type\":\"ReadAction\",\"target\":[\"https:\\\/\\\/campeche-noticias.com\\\/?p=34863\"]}]},{\"@type\":\"ImageObject\",\"inLanguage\":\"es\",\"@id\":\"https:\\\/\\\/campeche-noticias.com\\\/?p=34863#primaryimage\",\"url\":\"https:\\\/\\\/campeche-noticias.com\\\/wp-content\\\/uploads\\\/2026\\\/01\\\/WhatsApp-Image-2026-01-29-at-08.25.02.jpeg\",\"contentUrl\":\"https:\\\/\\\/campeche-noticias.com\\\/wp-content\\\/uploads\\\/2026\\\/01\\\/WhatsApp-Image-2026-01-29-at-08.25.02.jpeg\",\"width\":1352,\"height\":791},{\"@type\":\"BreadcrumbList\",\"@id\":\"https:\\\/\\\/campeche-noticias.com\\\/?p=34863#breadcrumb\",\"itemListElement\":[{\"@type\":\"ListItem\",\"position\":1,\"name\":\"Portada\",\"item\":\"https:\\\/\\\/campeche-noticias.com\\\/\"},{\"@type\":\"ListItem\",\"position\":2,\"name\":\"El frente n\u00famero 32\u00a0y su\u00a0masa de aire polar\u00a0ingresar\u00e1n sobre la frontera norte de M\u00e9xico\"}]},{\"@type\":\"WebSite\",\"@id\":\"https:\\\/\\\/campeche-noticias.com\\\/#website\",\"url\":\"https:\\\/\\\/campeche-noticias.com\\\/\",\"name\":\"Campeche Noticias\",\"description\":\"Campeche Noticias\",\"potentialAction\":[{\"@type\":\"SearchAction\",\"target\":{\"@type\":\"EntryPoint\",\"urlTemplate\":\"https:\\\/\\\/campeche-noticias.com\\\/?s={search_term_string}\"},\"query-input\":{\"@type\":\"PropertyValueSpecification\",\"valueRequired\":true,\"valueName\":\"search_term_string\"}}],\"inLanguage\":\"es\"},{\"@type\":\"Person\",\"@id\":\"https:\\\/\\\/campeche-noticias.com\\\/#\\\/schema\\\/person\\\/7940c228049cff34b4cc679f887362f1\",\"name\":\"admin\",\"sameAs\":[\"https:\\\/\\\/campeche-noticias.com\"],\"url\":\"https:\\\/\\\/campeche-noticias.com\\\/?author=1\"}]}<\/script>\n<!-- \/ Yoast SEO plugin. -->","yoast_head_json":{"title":"El frente n\u00famero 32\u00a0y su\u00a0masa de aire polar\u00a0ingresar\u00e1n sobre la frontera norte de M\u00e9xico - Campeche Noticias","robots":{"index":"index","follow":"follow","max-snippet":"max-snippet:-1","max-image-preview":"max-image-preview:large","max-video-preview":"max-video-preview:-1"},"canonical":"https:\/\/campeche-noticias.com\/?p=34863","og_locale":"es_ES","og_type":"article","og_title":"El frente n\u00famero 32\u00a0y su\u00a0masa de aire polar\u00a0ingresar\u00e1n sobre la frontera norte de M\u00e9xico - Campeche Noticias","og_description":"\ud83d\udd38Ocasionar\u00e1 rachas de viento y descenso de las temperaturas en el noroeste, norte y noreste","og_url":"https:\/\/campeche-noticias.com\/?p=34863","og_site_name":"Campeche Noticias","article_published_time":"2026-01-29T12:00:57+00:00","article_modified_time":"2026-01-29T14:53:53+00:00","author":"admin","twitter_card":"summary_large_image","twitter_misc":{"Escrito por":"admin","Tiempo de lectura":"1 minuto"},"schema":{"@context":"https:\/\/schema.org","@graph":[{"@type":"Article","@id":"https:\/\/campeche-noticias.com\/?p=34863#article","isPartOf":{"@id":"https:\/\/campeche-noticias.com\/?p=34863"},"author":{"name":"admin","@id":"https:\/\/campeche-noticias.com\/#\/schema\/person\/7940c228049cff34b4cc679f887362f1"},"headline":"El frente n\u00famero 32\u00a0y su\u00a0masa de aire polar\u00a0ingresar\u00e1n sobre la frontera norte de M\u00e9xico","datePublished":"2026-01-29T12:00:57+00:00","dateModified":"2026-01-29T14:53:53+00:00","mainEntityOfPage":{"@id":"https:\/\/campeche-noticias.com\/?p=34863"},"wordCount":186,"commentCount":0,"image":{"@id":"https:\/\/campeche-noticias.com\/?p=34863#primaryimage"},"thumbnailUrl":"https:\/\/campeche-noticias.com\/wp-content\/uploads\/2026\/01\/WhatsApp-Image-2026-01-29-at-08.25.02.jpeg","articleSection":["Nacional"],"inLanguage":"es","potentialAction":[{"@type":"CommentAction","name":"Comment","target":["https:\/\/campeche-noticias.com\/?p=34863#respond"]}]},{"@type":"WebPage","@id":"https:\/\/campeche-noticias.com\/?p=34863","url":"https:\/\/campeche-noticias.com\/?p=34863","name":"El frente n\u00famero 32\u00a0y su\u00a0masa de aire polar\u00a0ingresar\u00e1n sobre la frontera norte de M\u00e9xico - Campeche Noticias","isPartOf":{"@id":"https:\/\/campeche-noticias.com\/#website"},"primaryImageOfPage":{"@id":"https:\/\/campeche-noticias.com\/?p=34863#primaryimage"},"image":{"@id":"https:\/\/campeche-noticias.com\/?p=34863#primaryimage"},"thumbnailUrl":"https:\/\/campeche-noticias.com\/wp-content\/uploads\/2026\/01\/WhatsApp-Image-2026-01-29-at-08.25.02.jpeg","datePublished":"2026-01-29T12:00:57+00:00","dateModified":"2026-01-29T14:53:53+00:00","author":{"@id":"https:\/\/campeche-noticias.com\/#\/schema\/person\/7940c228049cff34b4cc679f887362f1"},"breadcrumb":{"@id":"https:\/\/campeche-noticias.com\/?p=34863#breadcrumb"},"inLanguage":"es","potentialAction":[{"@type":"ReadAction","target":["https:\/\/campeche-noticias.com\/?p=34863"]}]},{"@type":"ImageObject","inLanguage":"es","@id":"https:\/\/campeche-noticias.com\/?p=34863#primaryimage","url":"https:\/\/campeche-noticias.com\/wp-content\/uploads\/2026\/01\/WhatsApp-Image-2026-01-29-at-08.25.02.jpeg","contentUrl":"https:\/\/campeche-noticias.com\/wp-content\/uploads\/2026\/01\/WhatsApp-Image-2026-01-29-at-08.25.02.jpeg","width":1352,"height":791},{"@type":"BreadcrumbList","@id":"https:\/\/campeche-noticias.com\/?p=34863#breadcrumb","itemListElement":[{"@type":"ListItem","position":1,"name":"Portada","item":"https:\/\/campeche-noticias.com\/"},{"@type":"ListItem","position":2,"name":"El frente n\u00famero 32\u00a0y su\u00a0masa de aire polar\u00a0ingresar\u00e1n sobre la frontera norte de M\u00e9xico"}]},{"@type":"WebSite","@id":"https:\/\/campeche-noticias.com\/#website","url":"https:\/\/campeche-noticias.com\/","name":"Campeche Noticias","description":"Campeche Noticias","potentialAction":[{"@type":"SearchAction","target":{"@type":"EntryPoint","urlTemplate":"https:\/\/campeche-noticias.com\/?s={search_term_string}"},"query-input":{"@type":"PropertyValueSpecification","valueRequired":true,"valueName":"search_term_string"}}],"inLanguage":"es"},{"@type":"Person","@id":"https:\/\/campeche-noticias.com\/#\/schema\/person\/7940c228049cff34b4cc679f887362f1","name":"admin","sameAs":["https:\/\/campeche-noticias.com"],"url":"https:\/\/campeche-noticias.com\/?author=1"}]}},"_links":{"self":[{"href":"https:\/\/campeche-noticias.com\/index.php?rest_route=\/wp\/v2\/posts\/34863","targetHints":{"allow":["GET"]}}],"collection":[{"href":"https:\/\/campeche-noticias.com\/index.php?rest_route=\/wp\/v2\/posts"}],"about":[{"href":"https:\/\/campeche-noticias.com\/index.php?rest_route=\/wp\/v2\/types\/post"}],"author":[{"embeddable":true,"href":"https:\/\/campeche-noticias.com\/index.php?rest_route=\/wp\/v2\/users\/1"}],"replies":[{"embeddable":true,"href":"https:\/\/campeche-noticias.com\/index.php?rest_route=%2Fwp%2Fv2%2Fcomments&post=34863"}],"version-history":[{"count":1,"href":"https:\/\/campeche-noticias.com\/index.php?rest_route=\/wp\/v2\/posts\/34863\/revisions"}],"predecessor-version":[{"id":34864,"href":"https:\/\/campeche-noticias.com\/index.php?rest_route=\/wp\/v2\/posts\/34863\/revisions\/34864"}],"wp:featuredmedia":[{"embeddable":true,"href":"https:\/\/campeche-noticias.com\/index.php?rest_route=\/wp\/v2\/media\/34865"}],"wp:attachment":[{"href":"https:\/\/campeche-noticias.com\/index.php?rest_route=%2Fwp%2Fv2%2Fmedia&parent=34863"}],"wp:term":[{"taxonomy":"category","embeddable":true,"href":"https:\/\/campeche-noticias.com\/index.php?rest_route=%2Fwp%2Fv2%2Fcategories&post=34863"},{"taxonomy":"post_tag","embeddable":true,"href":"https:\/\/campeche-noticias.com\/index.php?rest_route=%2Fwp%2Fv2%2Ftags&post=34863"}],"curies":[{"name":"wp","href":"https:\/\/api.w.org\/{rel}","templated":true}]}}