{"id":34782,"date":"2026-01-27T07:00:42","date_gmt":"2026-01-27T12:00:42","guid":{"rendered":"https:\/\/campeche-noticias.com\/?p=34782"},"modified":"2026-01-28T14:10:30","modified_gmt":"2026-01-28T14:10:30","slug":"el-frente-frio-numero-30-se-desplazara-sobre-el-mar-caribe","status":"publish","type":"post","link":"https:\/\/campeche-noticias.com\/?p=34782","title":{"rendered":"El\u00a0frente fr\u00edo n\u00famero 30\u00a0se desplazar\u00e1 sobre el mar Caribe"},"content":{"rendered":"<p>\ud83d\udd38Persistir\u00e1 el\u00a0evento de \u201cNorte\u201d\u00a0con fuertes rachas de viento en el istmo y golfo de Tehuantepec, Veracruz, Quintana Roo, Tamaulipas, Tabasco, Campeche y Yucat\u00e1n.<\/p>\n<p>#NACIONAL\ud83c\uddf2\ud83c\uddfd II Buenos d\u00edas ll El Servicio Meteorol\u00f3gico Nacional informa que este d\u00eda, el\u00a0frente fr\u00edo n\u00famero 30\u00a0se desplazar\u00e1 sobre el occidente del mar Caribe y dejar\u00e1 de afectar M\u00e9xico; no obstante, la\u00a0masa de aire \u00e1rtico\u00a0mantendr\u00e1 las condiciones para chubascos y lluvias fuertes en el oriente y sureste del territorio nacional, con lluvias puntuales muy fuertes en\u00a0Veracruz (Los Tuxtlas y Olmeca), Oaxaca y Chiapas.<\/p>\n<p>Tambi\u00e9n, persistir\u00e1 el\u00a0evento de \u201cNorte\u201d\u00a0con rachas de viento de 90 a 110 kilometros por hora (km\/h) en el istmo y golfo de Tehuantepec; de 60 a 80 km\/h en Veracruz; de 50 a 70 km\/h en Quintana Roo; y rachas de 40 a 60 km\/h en Tamaulipas, Tabasco, Campeche y Yucat\u00e1n.<\/p>\n<p>Tambi\u00e9n, se pronostica oleaje de\u00a04 a 5 metros de altura en el\u00a0golfo de Tehuantepec; y de 3 a 4 metros de altura en las\u00a0costas de Veracruz, Tabasco, Campeche, Yucat\u00e1n y Quintana Roo.<\/p>\n<p>Prevalecer\u00e1 el ambiente muy fr\u00edo a g\u00e9lido con densos bancos de niebla sobre los estados de la Mesa del Norte y Mesa Central, incluido el valle de M\u00e9xico. En el resto del pa\u00eds, dominar\u00e1 cielo despejado a parcialmente nublado y sin lluvias.<\/p>\n","protected":false},"excerpt":{"rendered":"<p>\ud83d\udd38Persistir\u00e1 el\u00a0evento de \u201cNorte\u201d\u00a0con fuertes rachas de viento en el istmo y golfo de Tehuantepec,<\/p>\n","protected":false},"author":1,"featured_media":34784,"comment_status":"open","ping_status":"closed","sticky":false,"template":"","format":"standard","meta":{"footnotes":""},"categories":[4],"tags":[],"class_list":["post-34782","post","type-post","status-publish","format-standard","has-post-thumbnail","hentry","category-nacional"],"yoast_head":"<!-- This site is optimized with the Yoast SEO plugin v27.5 - https:\/\/yoast.com\/product\/yoast-seo-wordpress\/ -->\n<title>El\u00a0frente fr\u00edo n\u00famero 30\u00a0se desplazar\u00e1 sobre el mar Caribe - Campeche Noticias<\/title>\n<meta name=\"robots\" content=\"index, follow, max-snippet:-1, max-image-preview:large, max-video-preview:-1\" \/>\n<link rel=\"canonical\" href=\"https:\/\/campeche-noticias.com\/?p=34782\" \/>\n<meta property=\"og:locale\" content=\"es_ES\" \/>\n<meta property=\"og:type\" content=\"article\" \/>\n<meta property=\"og:title\" content=\"El\u00a0frente fr\u00edo n\u00famero 30\u00a0se desplazar\u00e1 sobre el mar Caribe - Campeche Noticias\" \/>\n<meta property=\"og:description\" content=\"\ud83d\udd38Persistir\u00e1 el\u00a0evento de \u201cNorte\u201d\u00a0con fuertes rachas de viento en el istmo y golfo de Tehuantepec,\" \/>\n<meta property=\"og:url\" content=\"https:\/\/campeche-noticias.com\/?p=34782\" \/>\n<meta property=\"og:site_name\" content=\"Campeche Noticias\" \/>\n<meta property=\"article:published_time\" content=\"2026-01-27T12:00:42+00:00\" \/>\n<meta property=\"article:modified_time\" content=\"2026-01-28T14:10:30+00:00\" \/>\n<meta name=\"author\" content=\"admin\" \/>\n<meta name=\"twitter:card\" content=\"summary_large_image\" \/>\n<meta name=\"twitter:label1\" content=\"Escrito por\" \/>\n\t<meta name=\"twitter:data1\" content=\"admin\" \/>\n\t<meta name=\"twitter:label2\" content=\"Tiempo de lectura\" \/>\n\t<meta name=\"twitter:data2\" content=\"1 minuto\" \/>\n<script type=\"application\/ld+json\" class=\"yoast-schema-graph\">{\"@context\":\"https:\\\/\\\/schema.org\",\"@graph\":[{\"@type\":\"Article\",\"@id\":\"https:\\\/\\\/campeche-noticias.com\\\/?p=34782#article\",\"isPartOf\":{\"@id\":\"https:\\\/\\\/campeche-noticias.com\\\/?p=34782\"},\"author\":{\"name\":\"admin\",\"@id\":\"https:\\\/\\\/campeche-noticias.com\\\/#\\\/schema\\\/person\\\/7940c228049cff34b4cc679f887362f1\"},\"headline\":\"El\u00a0frente fr\u00edo n\u00famero 30\u00a0se desplazar\u00e1 sobre el mar Caribe\",\"datePublished\":\"2026-01-27T12:00:42+00:00\",\"dateModified\":\"2026-01-28T14:10:30+00:00\",\"mainEntityOfPage\":{\"@id\":\"https:\\\/\\\/campeche-noticias.com\\\/?p=34782\"},\"wordCount\":241,\"commentCount\":0,\"image\":{\"@id\":\"https:\\\/\\\/campeche-noticias.com\\\/?p=34782#primaryimage\"},\"thumbnailUrl\":\"https:\\\/\\\/campeche-noticias.com\\\/wp-content\\\/uploads\\\/2026\\\/01\\\/WhatsApp-Image-2026-01-27-at-07.58.13.jpeg\",\"articleSection\":[\"Nacional\"],\"inLanguage\":\"es\",\"potentialAction\":[{\"@type\":\"CommentAction\",\"name\":\"Comment\",\"target\":[\"https:\\\/\\\/campeche-noticias.com\\\/?p=34782#respond\"]}]},{\"@type\":\"WebPage\",\"@id\":\"https:\\\/\\\/campeche-noticias.com\\\/?p=34782\",\"url\":\"https:\\\/\\\/campeche-noticias.com\\\/?p=34782\",\"name\":\"El\u00a0frente fr\u00edo n\u00famero 30\u00a0se desplazar\u00e1 sobre el mar Caribe - Campeche Noticias\",\"isPartOf\":{\"@id\":\"https:\\\/\\\/campeche-noticias.com\\\/#website\"},\"primaryImageOfPage\":{\"@id\":\"https:\\\/\\\/campeche-noticias.com\\\/?p=34782#primaryimage\"},\"image\":{\"@id\":\"https:\\\/\\\/campeche-noticias.com\\\/?p=34782#primaryimage\"},\"thumbnailUrl\":\"https:\\\/\\\/campeche-noticias.com\\\/wp-content\\\/uploads\\\/2026\\\/01\\\/WhatsApp-Image-2026-01-27-at-07.58.13.jpeg\",\"datePublished\":\"2026-01-27T12:00:42+00:00\",\"dateModified\":\"2026-01-28T14:10:30+00:00\",\"author\":{\"@id\":\"https:\\\/\\\/campeche-noticias.com\\\/#\\\/schema\\\/person\\\/7940c228049cff34b4cc679f887362f1\"},\"breadcrumb\":{\"@id\":\"https:\\\/\\\/campeche-noticias.com\\\/?p=34782#breadcrumb\"},\"inLanguage\":\"es\",\"potentialAction\":[{\"@type\":\"ReadAction\",\"target\":[\"https:\\\/\\\/campeche-noticias.com\\\/?p=34782\"]}]},{\"@type\":\"ImageObject\",\"inLanguage\":\"es\",\"@id\":\"https:\\\/\\\/campeche-noticias.com\\\/?p=34782#primaryimage\",\"url\":\"https:\\\/\\\/campeche-noticias.com\\\/wp-content\\\/uploads\\\/2026\\\/01\\\/WhatsApp-Image-2026-01-27-at-07.58.13.jpeg\",\"contentUrl\":\"https:\\\/\\\/campeche-noticias.com\\\/wp-content\\\/uploads\\\/2026\\\/01\\\/WhatsApp-Image-2026-01-27-at-07.58.13.jpeg\",\"width\":1013,\"height\":938},{\"@type\":\"BreadcrumbList\",\"@id\":\"https:\\\/\\\/campeche-noticias.com\\\/?p=34782#breadcrumb\",\"itemListElement\":[{\"@type\":\"ListItem\",\"position\":1,\"name\":\"Portada\",\"item\":\"https:\\\/\\\/campeche-noticias.com\\\/\"},{\"@type\":\"ListItem\",\"position\":2,\"name\":\"El\u00a0frente fr\u00edo n\u00famero 30\u00a0se desplazar\u00e1 sobre el mar Caribe\"}]},{\"@type\":\"WebSite\",\"@id\":\"https:\\\/\\\/campeche-noticias.com\\\/#website\",\"url\":\"https:\\\/\\\/campeche-noticias.com\\\/\",\"name\":\"Campeche Noticias\",\"description\":\"Campeche Noticias\",\"potentialAction\":[{\"@type\":\"SearchAction\",\"target\":{\"@type\":\"EntryPoint\",\"urlTemplate\":\"https:\\\/\\\/campeche-noticias.com\\\/?s={search_term_string}\"},\"query-input\":{\"@type\":\"PropertyValueSpecification\",\"valueRequired\":true,\"valueName\":\"search_term_string\"}}],\"inLanguage\":\"es\"},{\"@type\":\"Person\",\"@id\":\"https:\\\/\\\/campeche-noticias.com\\\/#\\\/schema\\\/person\\\/7940c228049cff34b4cc679f887362f1\",\"name\":\"admin\",\"sameAs\":[\"https:\\\/\\\/campeche-noticias.com\"],\"url\":\"https:\\\/\\\/campeche-noticias.com\\\/?author=1\"}]}<\/script>\n<!-- \/ Yoast SEO plugin. -->","yoast_head_json":{"title":"El\u00a0frente fr\u00edo n\u00famero 30\u00a0se desplazar\u00e1 sobre el mar Caribe - Campeche Noticias","robots":{"index":"index","follow":"follow","max-snippet":"max-snippet:-1","max-image-preview":"max-image-preview:large","max-video-preview":"max-video-preview:-1"},"canonical":"https:\/\/campeche-noticias.com\/?p=34782","og_locale":"es_ES","og_type":"article","og_title":"El\u00a0frente fr\u00edo n\u00famero 30\u00a0se desplazar\u00e1 sobre el mar Caribe - Campeche Noticias","og_description":"\ud83d\udd38Persistir\u00e1 el\u00a0evento de \u201cNorte\u201d\u00a0con fuertes rachas de viento en el istmo y golfo de Tehuantepec,","og_url":"https:\/\/campeche-noticias.com\/?p=34782","og_site_name":"Campeche Noticias","article_published_time":"2026-01-27T12:00:42+00:00","article_modified_time":"2026-01-28T14:10:30+00:00","author":"admin","twitter_card":"summary_large_image","twitter_misc":{"Escrito por":"admin","Tiempo de lectura":"1 minuto"},"schema":{"@context":"https:\/\/schema.org","@graph":[{"@type":"Article","@id":"https:\/\/campeche-noticias.com\/?p=34782#article","isPartOf":{"@id":"https:\/\/campeche-noticias.com\/?p=34782"},"author":{"name":"admin","@id":"https:\/\/campeche-noticias.com\/#\/schema\/person\/7940c228049cff34b4cc679f887362f1"},"headline":"El\u00a0frente fr\u00edo n\u00famero 30\u00a0se desplazar\u00e1 sobre el mar Caribe","datePublished":"2026-01-27T12:00:42+00:00","dateModified":"2026-01-28T14:10:30+00:00","mainEntityOfPage":{"@id":"https:\/\/campeche-noticias.com\/?p=34782"},"wordCount":241,"commentCount":0,"image":{"@id":"https:\/\/campeche-noticias.com\/?p=34782#primaryimage"},"thumbnailUrl":"https:\/\/campeche-noticias.com\/wp-content\/uploads\/2026\/01\/WhatsApp-Image-2026-01-27-at-07.58.13.jpeg","articleSection":["Nacional"],"inLanguage":"es","potentialAction":[{"@type":"CommentAction","name":"Comment","target":["https:\/\/campeche-noticias.com\/?p=34782#respond"]}]},{"@type":"WebPage","@id":"https:\/\/campeche-noticias.com\/?p=34782","url":"https:\/\/campeche-noticias.com\/?p=34782","name":"El\u00a0frente fr\u00edo n\u00famero 30\u00a0se desplazar\u00e1 sobre el mar Caribe - Campeche Noticias","isPartOf":{"@id":"https:\/\/campeche-noticias.com\/#website"},"primaryImageOfPage":{"@id":"https:\/\/campeche-noticias.com\/?p=34782#primaryimage"},"image":{"@id":"https:\/\/campeche-noticias.com\/?p=34782#primaryimage"},"thumbnailUrl":"https:\/\/campeche-noticias.com\/wp-content\/uploads\/2026\/01\/WhatsApp-Image-2026-01-27-at-07.58.13.jpeg","datePublished":"2026-01-27T12:00:42+00:00","dateModified":"2026-01-28T14:10:30+00:00","author":{"@id":"https:\/\/campeche-noticias.com\/#\/schema\/person\/7940c228049cff34b4cc679f887362f1"},"breadcrumb":{"@id":"https:\/\/campeche-noticias.com\/?p=34782#breadcrumb"},"inLanguage":"es","potentialAction":[{"@type":"ReadAction","target":["https:\/\/campeche-noticias.com\/?p=34782"]}]},{"@type":"ImageObject","inLanguage":"es","@id":"https:\/\/campeche-noticias.com\/?p=34782#primaryimage","url":"https:\/\/campeche-noticias.com\/wp-content\/uploads\/2026\/01\/WhatsApp-Image-2026-01-27-at-07.58.13.jpeg","contentUrl":"https:\/\/campeche-noticias.com\/wp-content\/uploads\/2026\/01\/WhatsApp-Image-2026-01-27-at-07.58.13.jpeg","width":1013,"height":938},{"@type":"BreadcrumbList","@id":"https:\/\/campeche-noticias.com\/?p=34782#breadcrumb","itemListElement":[{"@type":"ListItem","position":1,"name":"Portada","item":"https:\/\/campeche-noticias.com\/"},{"@type":"ListItem","position":2,"name":"El\u00a0frente fr\u00edo n\u00famero 30\u00a0se desplazar\u00e1 sobre el mar Caribe"}]},{"@type":"WebSite","@id":"https:\/\/campeche-noticias.com\/#website","url":"https:\/\/campeche-noticias.com\/","name":"Campeche Noticias","description":"Campeche Noticias","potentialAction":[{"@type":"SearchAction","target":{"@type":"EntryPoint","urlTemplate":"https:\/\/campeche-noticias.com\/?s={search_term_string}"},"query-input":{"@type":"PropertyValueSpecification","valueRequired":true,"valueName":"search_term_string"}}],"inLanguage":"es"},{"@type":"Person","@id":"https:\/\/campeche-noticias.com\/#\/schema\/person\/7940c228049cff34b4cc679f887362f1","name":"admin","sameAs":["https:\/\/campeche-noticias.com"],"url":"https:\/\/campeche-noticias.com\/?author=1"}]}},"_links":{"self":[{"href":"https:\/\/campeche-noticias.com\/index.php?rest_route=\/wp\/v2\/posts\/34782","targetHints":{"allow":["GET"]}}],"collection":[{"href":"https:\/\/campeche-noticias.com\/index.php?rest_route=\/wp\/v2\/posts"}],"about":[{"href":"https:\/\/campeche-noticias.com\/index.php?rest_route=\/wp\/v2\/types\/post"}],"author":[{"embeddable":true,"href":"https:\/\/campeche-noticias.com\/index.php?rest_route=\/wp\/v2\/users\/1"}],"replies":[{"embeddable":true,"href":"https:\/\/campeche-noticias.com\/index.php?rest_route=%2Fwp%2Fv2%2Fcomments&post=34782"}],"version-history":[{"count":1,"href":"https:\/\/campeche-noticias.com\/index.php?rest_route=\/wp\/v2\/posts\/34782\/revisions"}],"predecessor-version":[{"id":34783,"href":"https:\/\/campeche-noticias.com\/index.php?rest_route=\/wp\/v2\/posts\/34782\/revisions\/34783"}],"wp:featuredmedia":[{"embeddable":true,"href":"https:\/\/campeche-noticias.com\/index.php?rest_route=\/wp\/v2\/media\/34784"}],"wp:attachment":[{"href":"https:\/\/campeche-noticias.com\/index.php?rest_route=%2Fwp%2Fv2%2Fmedia&parent=34782"}],"wp:term":[{"taxonomy":"category","embeddable":true,"href":"https:\/\/campeche-noticias.com\/index.php?rest_route=%2Fwp%2Fv2%2Fcategories&post=34782"},{"taxonomy":"post_tag","embeddable":true,"href":"https:\/\/campeche-noticias.com\/index.php?rest_route=%2Fwp%2Fv2%2Ftags&post=34782"}],"curies":[{"name":"wp","href":"https:\/\/api.w.org\/{rel}","templated":true}]}}