{"id":33025,"date":"2025-12-11T12:00:41","date_gmt":"2025-12-11T17:00:41","guid":{"rendered":"https:\/\/campeche-noticias.com\/?p=33025"},"modified":"2025-12-11T16:23:04","modified_gmt":"2025-12-11T16:23:04","slug":"revista-time-revela-a-la-persona-del-ano-de-2025","status":"publish","type":"post","link":"https:\/\/campeche-noticias.com\/?p=33025","title":{"rendered":"Revista Time revela a la Persona del A\u00f1o de 2025"},"content":{"rendered":"<p>\ud83d\udd38\u00a0Mark Zuckerberg, Elon Musk, Jensen Huang y Sam Altman encabezan la lista de Personajes del A\u00f1o 2025 de <em><i>Time<\/i><\/em>, por liderar la era de la inteligencia artificial<\/p>\n<p>&nbsp;<\/p>\n<p>&nbsp;<\/p>\n<p>#INTERNACIONAL | Los arquitectos de la inteligencia artificial (IA), como Mark Zuckerberg, Elon Musk, Jensen Huang y Sam Altman, fueron elegidos como Persona del A\u00f1o 2025 por la revista Time, \u201cpor inaugurar la era de las m\u00e1quinas pensantes, por asombrar y preocupar a la humanidad, por transformar el presente y trascender los l\u00edmites de lo posible\u201d.<\/p>\n<p>&nbsp;<\/p>\n<p>&nbsp;<\/p>\n<p>La foto de la portada muestra a diversos directores ejecutivos de empresas tecnol\u00f3gicas almorzando sentados en una viga de acero suspendida a gran altura sobre la ciudad de Nueva York, un gui\u00f1o a la famosa fotograf\u00eda \u2018Lunch atop a Skyscraper\u00a1\u2019 (Almuerzo en la cima de un rascacielos) de 1932.<\/p>\n<p>&nbsp;<\/p>\n<p>&nbsp;<\/p>\n<p>&nbsp;<\/p>\n<p>&nbsp;<\/p>\n<p>En este caso los protagonistas de la foto son: Zuckerberg, l\u00edder de Meta; Lisa Su, directora ejecutiva de AMD; Musk, director ejecutivo de Tesla, SpaceX, fundador de xAI y cofundador original de OpenAI; Huang, director ejecutivo de Nvidia; Altman, l\u00edder de OpenAI; Satya Nadella, director ejecutivo de Microsoft; Demis Hassabis, director ejecutivo de Google DeepMind; Dario Amodei, director ejecutivo de Anthropic; y Fei-Fei Li, codirectora del Instituto de IA de la Universidad de Stanford.<\/p>\n<p>&nbsp;<\/p>\n<p>&nbsp;<\/p>\n<p>2025 fue el a\u00f1o en que el potencial de la inteligencia artificial se manifest\u00f3 en todo su esplendor, y cuando qued\u00f3 claro que no habr\u00eda vuelta atr\u00e1s\u201d, destaca la revista.<\/p>\n<p>&nbsp;<\/p>\n<p>&nbsp;<\/p>\n<p>En 2024, los editores de Time eligieron al presidente de Estados Unidos, Donald Trump, y otras elecciones recientes incluyen a la superestrella del pop Taylor Swift, al presidente ucraniano Volod\u00edmir Zelensky y a Musk, pero en esa ocasi\u00f3n en solitario.<\/p>\n<p>&nbsp;<\/p>\n<p>&nbsp;<\/p>\n<p>La publicaci\u00f3n empez\u00f3 a otorgar este t\u00edtulo en 1927 y se llam\u00f3 Hombre del A\u00f1o hasta 1999.<\/p>\n<p>&nbsp;<\/p>\n<p>&nbsp;<\/p>\n<p>Este a\u00f1o, adem\u00e1s, la revista nombr\u00f3 a:<\/p>\n<p>&nbsp;<\/p>\n<p>&nbsp;<\/p>\n<p>Leonardo DiCaprio como el Artista del A\u00f1o<\/p>\n<p>al director ejecutivo de YouTube, Neal Mohan, como CEO del A\u00f1o<\/p>\n<p>la jugadora de baloncesto A\u2019ja Wilson como Atleta del A\u00f1o<\/p>\n<p>la pel\u00edcula de animaci\u00f3n KPop Demon Hunters como Revelaci\u00f3n del A\u00f1o.<\/p>\n","protected":false},"excerpt":{"rendered":"<p>\ud83d\udd38\u00a0Mark Zuckerberg, Elon Musk, Jensen Huang y Sam Altman encabezan la lista de Personajes del<\/p>\n","protected":false},"author":1,"featured_media":33027,"comment_status":"open","ping_status":"closed","sticky":false,"template":"","format":"standard","meta":{"footnotes":""},"categories":[9],"tags":[],"class_list":["post-33025","post","type-post","status-publish","format-standard","has-post-thumbnail","hentry","category-internacional"],"yoast_head":"<!-- This site is optimized with the Yoast SEO plugin v27.4 - https:\/\/yoast.com\/product\/yoast-seo-wordpress\/ -->\n<title>Revista Time revela a la Persona del A\u00f1o de 2025 - Campeche Noticias<\/title>\n<meta name=\"robots\" content=\"index, follow, max-snippet:-1, max-image-preview:large, max-video-preview:-1\" \/>\n<link rel=\"canonical\" href=\"https:\/\/campeche-noticias.com\/?p=33025\" \/>\n<meta property=\"og:locale\" content=\"es_ES\" \/>\n<meta property=\"og:type\" content=\"article\" \/>\n<meta property=\"og:title\" content=\"Revista Time revela a la Persona del A\u00f1o de 2025 - Campeche Noticias\" \/>\n<meta property=\"og:description\" content=\"\ud83d\udd38\u00a0Mark Zuckerberg, Elon Musk, Jensen Huang y Sam Altman encabezan la lista de Personajes del\" \/>\n<meta property=\"og:url\" content=\"https:\/\/campeche-noticias.com\/?p=33025\" \/>\n<meta property=\"og:site_name\" content=\"Campeche Noticias\" \/>\n<meta property=\"article:published_time\" content=\"2025-12-11T17:00:41+00:00\" \/>\n<meta property=\"og:image\" content=\"https:\/\/campeche-noticias.com\/wp-content\/uploads\/2025\/12\/WhatsApp-Image-2025-12-11-at-11.21.06.jpeg\" \/>\n\t<meta property=\"og:image:width\" content=\"1200\" \/>\n\t<meta property=\"og:image:height\" content=\"740\" \/>\n\t<meta property=\"og:image:type\" content=\"image\/jpeg\" \/>\n<meta name=\"author\" content=\"admin\" \/>\n<meta name=\"twitter:card\" content=\"summary_large_image\" \/>\n<meta name=\"twitter:label1\" content=\"Escrito por\" \/>\n\t<meta name=\"twitter:data1\" content=\"admin\" \/>\n\t<meta name=\"twitter:label2\" content=\"Tiempo de lectura\" \/>\n\t<meta name=\"twitter:data2\" content=\"2 minutos\" \/>\n<script type=\"application\/ld+json\" class=\"yoast-schema-graph\">{\"@context\":\"https:\\\/\\\/schema.org\",\"@graph\":[{\"@type\":\"Article\",\"@id\":\"https:\\\/\\\/campeche-noticias.com\\\/?p=33025#article\",\"isPartOf\":{\"@id\":\"https:\\\/\\\/campeche-noticias.com\\\/?p=33025\"},\"author\":{\"name\":\"admin\",\"@id\":\"https:\\\/\\\/campeche-noticias.com\\\/#\\\/schema\\\/person\\\/7940c228049cff34b4cc679f887362f1\"},\"headline\":\"Revista Time revela a la Persona del A\u00f1o de 2025\",\"datePublished\":\"2025-12-11T17:00:41+00:00\",\"mainEntityOfPage\":{\"@id\":\"https:\\\/\\\/campeche-noticias.com\\\/?p=33025\"},\"wordCount\":386,\"commentCount\":0,\"image\":{\"@id\":\"https:\\\/\\\/campeche-noticias.com\\\/?p=33025#primaryimage\"},\"thumbnailUrl\":\"https:\\\/\\\/campeche-noticias.com\\\/wp-content\\\/uploads\\\/2025\\\/12\\\/WhatsApp-Image-2025-12-11-at-11.21.06.jpeg\",\"articleSection\":[\"Internacional\"],\"inLanguage\":\"es\",\"potentialAction\":[{\"@type\":\"CommentAction\",\"name\":\"Comment\",\"target\":[\"https:\\\/\\\/campeche-noticias.com\\\/?p=33025#respond\"]}]},{\"@type\":\"WebPage\",\"@id\":\"https:\\\/\\\/campeche-noticias.com\\\/?p=33025\",\"url\":\"https:\\\/\\\/campeche-noticias.com\\\/?p=33025\",\"name\":\"Revista Time revela a la Persona del A\u00f1o de 2025 - Campeche Noticias\",\"isPartOf\":{\"@id\":\"https:\\\/\\\/campeche-noticias.com\\\/#website\"},\"primaryImageOfPage\":{\"@id\":\"https:\\\/\\\/campeche-noticias.com\\\/?p=33025#primaryimage\"},\"image\":{\"@id\":\"https:\\\/\\\/campeche-noticias.com\\\/?p=33025#primaryimage\"},\"thumbnailUrl\":\"https:\\\/\\\/campeche-noticias.com\\\/wp-content\\\/uploads\\\/2025\\\/12\\\/WhatsApp-Image-2025-12-11-at-11.21.06.jpeg\",\"datePublished\":\"2025-12-11T17:00:41+00:00\",\"author\":{\"@id\":\"https:\\\/\\\/campeche-noticias.com\\\/#\\\/schema\\\/person\\\/7940c228049cff34b4cc679f887362f1\"},\"breadcrumb\":{\"@id\":\"https:\\\/\\\/campeche-noticias.com\\\/?p=33025#breadcrumb\"},\"inLanguage\":\"es\",\"potentialAction\":[{\"@type\":\"ReadAction\",\"target\":[\"https:\\\/\\\/campeche-noticias.com\\\/?p=33025\"]}]},{\"@type\":\"ImageObject\",\"inLanguage\":\"es\",\"@id\":\"https:\\\/\\\/campeche-noticias.com\\\/?p=33025#primaryimage\",\"url\":\"https:\\\/\\\/campeche-noticias.com\\\/wp-content\\\/uploads\\\/2025\\\/12\\\/WhatsApp-Image-2025-12-11-at-11.21.06.jpeg\",\"contentUrl\":\"https:\\\/\\\/campeche-noticias.com\\\/wp-content\\\/uploads\\\/2025\\\/12\\\/WhatsApp-Image-2025-12-11-at-11.21.06.jpeg\",\"width\":1200,\"height\":740},{\"@type\":\"BreadcrumbList\",\"@id\":\"https:\\\/\\\/campeche-noticias.com\\\/?p=33025#breadcrumb\",\"itemListElement\":[{\"@type\":\"ListItem\",\"position\":1,\"name\":\"Portada\",\"item\":\"https:\\\/\\\/campeche-noticias.com\\\/\"},{\"@type\":\"ListItem\",\"position\":2,\"name\":\"Revista Time revela a la Persona del A\u00f1o de 2025\"}]},{\"@type\":\"WebSite\",\"@id\":\"https:\\\/\\\/campeche-noticias.com\\\/#website\",\"url\":\"https:\\\/\\\/campeche-noticias.com\\\/\",\"name\":\"Campeche Noticias\",\"description\":\"Campeche Noticias\",\"potentialAction\":[{\"@type\":\"SearchAction\",\"target\":{\"@type\":\"EntryPoint\",\"urlTemplate\":\"https:\\\/\\\/campeche-noticias.com\\\/?s={search_term_string}\"},\"query-input\":{\"@type\":\"PropertyValueSpecification\",\"valueRequired\":true,\"valueName\":\"search_term_string\"}}],\"inLanguage\":\"es\"},{\"@type\":\"Person\",\"@id\":\"https:\\\/\\\/campeche-noticias.com\\\/#\\\/schema\\\/person\\\/7940c228049cff34b4cc679f887362f1\",\"name\":\"admin\",\"sameAs\":[\"https:\\\/\\\/campeche-noticias.com\"],\"url\":\"https:\\\/\\\/campeche-noticias.com\\\/?author=1\"}]}<\/script>\n<!-- \/ Yoast SEO plugin. -->","yoast_head_json":{"title":"Revista Time revela a la Persona del A\u00f1o de 2025 - Campeche Noticias","robots":{"index":"index","follow":"follow","max-snippet":"max-snippet:-1","max-image-preview":"max-image-preview:large","max-video-preview":"max-video-preview:-1"},"canonical":"https:\/\/campeche-noticias.com\/?p=33025","og_locale":"es_ES","og_type":"article","og_title":"Revista Time revela a la Persona del A\u00f1o de 2025 - Campeche Noticias","og_description":"\ud83d\udd38\u00a0Mark Zuckerberg, Elon Musk, Jensen Huang y Sam Altman encabezan la lista de Personajes del","og_url":"https:\/\/campeche-noticias.com\/?p=33025","og_site_name":"Campeche Noticias","article_published_time":"2025-12-11T17:00:41+00:00","og_image":[{"width":1200,"height":740,"url":"https:\/\/campeche-noticias.com\/wp-content\/uploads\/2025\/12\/WhatsApp-Image-2025-12-11-at-11.21.06.jpeg","type":"image\/jpeg"}],"author":"admin","twitter_card":"summary_large_image","twitter_misc":{"Escrito por":"admin","Tiempo de lectura":"2 minutos"},"schema":{"@context":"https:\/\/schema.org","@graph":[{"@type":"Article","@id":"https:\/\/campeche-noticias.com\/?p=33025#article","isPartOf":{"@id":"https:\/\/campeche-noticias.com\/?p=33025"},"author":{"name":"admin","@id":"https:\/\/campeche-noticias.com\/#\/schema\/person\/7940c228049cff34b4cc679f887362f1"},"headline":"Revista Time revela a la Persona del A\u00f1o de 2025","datePublished":"2025-12-11T17:00:41+00:00","mainEntityOfPage":{"@id":"https:\/\/campeche-noticias.com\/?p=33025"},"wordCount":386,"commentCount":0,"image":{"@id":"https:\/\/campeche-noticias.com\/?p=33025#primaryimage"},"thumbnailUrl":"https:\/\/campeche-noticias.com\/wp-content\/uploads\/2025\/12\/WhatsApp-Image-2025-12-11-at-11.21.06.jpeg","articleSection":["Internacional"],"inLanguage":"es","potentialAction":[{"@type":"CommentAction","name":"Comment","target":["https:\/\/campeche-noticias.com\/?p=33025#respond"]}]},{"@type":"WebPage","@id":"https:\/\/campeche-noticias.com\/?p=33025","url":"https:\/\/campeche-noticias.com\/?p=33025","name":"Revista Time revela a la Persona del A\u00f1o de 2025 - Campeche Noticias","isPartOf":{"@id":"https:\/\/campeche-noticias.com\/#website"},"primaryImageOfPage":{"@id":"https:\/\/campeche-noticias.com\/?p=33025#primaryimage"},"image":{"@id":"https:\/\/campeche-noticias.com\/?p=33025#primaryimage"},"thumbnailUrl":"https:\/\/campeche-noticias.com\/wp-content\/uploads\/2025\/12\/WhatsApp-Image-2025-12-11-at-11.21.06.jpeg","datePublished":"2025-12-11T17:00:41+00:00","author":{"@id":"https:\/\/campeche-noticias.com\/#\/schema\/person\/7940c228049cff34b4cc679f887362f1"},"breadcrumb":{"@id":"https:\/\/campeche-noticias.com\/?p=33025#breadcrumb"},"inLanguage":"es","potentialAction":[{"@type":"ReadAction","target":["https:\/\/campeche-noticias.com\/?p=33025"]}]},{"@type":"ImageObject","inLanguage":"es","@id":"https:\/\/campeche-noticias.com\/?p=33025#primaryimage","url":"https:\/\/campeche-noticias.com\/wp-content\/uploads\/2025\/12\/WhatsApp-Image-2025-12-11-at-11.21.06.jpeg","contentUrl":"https:\/\/campeche-noticias.com\/wp-content\/uploads\/2025\/12\/WhatsApp-Image-2025-12-11-at-11.21.06.jpeg","width":1200,"height":740},{"@type":"BreadcrumbList","@id":"https:\/\/campeche-noticias.com\/?p=33025#breadcrumb","itemListElement":[{"@type":"ListItem","position":1,"name":"Portada","item":"https:\/\/campeche-noticias.com\/"},{"@type":"ListItem","position":2,"name":"Revista Time revela a la Persona del A\u00f1o de 2025"}]},{"@type":"WebSite","@id":"https:\/\/campeche-noticias.com\/#website","url":"https:\/\/campeche-noticias.com\/","name":"Campeche Noticias","description":"Campeche Noticias","potentialAction":[{"@type":"SearchAction","target":{"@type":"EntryPoint","urlTemplate":"https:\/\/campeche-noticias.com\/?s={search_term_string}"},"query-input":{"@type":"PropertyValueSpecification","valueRequired":true,"valueName":"search_term_string"}}],"inLanguage":"es"},{"@type":"Person","@id":"https:\/\/campeche-noticias.com\/#\/schema\/person\/7940c228049cff34b4cc679f887362f1","name":"admin","sameAs":["https:\/\/campeche-noticias.com"],"url":"https:\/\/campeche-noticias.com\/?author=1"}]}},"_links":{"self":[{"href":"https:\/\/campeche-noticias.com\/index.php?rest_route=\/wp\/v2\/posts\/33025","targetHints":{"allow":["GET"]}}],"collection":[{"href":"https:\/\/campeche-noticias.com\/index.php?rest_route=\/wp\/v2\/posts"}],"about":[{"href":"https:\/\/campeche-noticias.com\/index.php?rest_route=\/wp\/v2\/types\/post"}],"author":[{"embeddable":true,"href":"https:\/\/campeche-noticias.com\/index.php?rest_route=\/wp\/v2\/users\/1"}],"replies":[{"embeddable":true,"href":"https:\/\/campeche-noticias.com\/index.php?rest_route=%2Fwp%2Fv2%2Fcomments&post=33025"}],"version-history":[{"count":1,"href":"https:\/\/campeche-noticias.com\/index.php?rest_route=\/wp\/v2\/posts\/33025\/revisions"}],"predecessor-version":[{"id":33026,"href":"https:\/\/campeche-noticias.com\/index.php?rest_route=\/wp\/v2\/posts\/33025\/revisions\/33026"}],"wp:featuredmedia":[{"embeddable":true,"href":"https:\/\/campeche-noticias.com\/index.php?rest_route=\/wp\/v2\/media\/33027"}],"wp:attachment":[{"href":"https:\/\/campeche-noticias.com\/index.php?rest_route=%2Fwp%2Fv2%2Fmedia&parent=33025"}],"wp:term":[{"taxonomy":"category","embeddable":true,"href":"https:\/\/campeche-noticias.com\/index.php?rest_route=%2Fwp%2Fv2%2Fcategories&post=33025"},{"taxonomy":"post_tag","embeddable":true,"href":"https:\/\/campeche-noticias.com\/index.php?rest_route=%2Fwp%2Fv2%2Ftags&post=33025"}],"curies":[{"name":"wp","href":"https:\/\/api.w.org\/{rel}","templated":true}]}}