{"id":29498,"date":"2025-09-02T10:00:29","date_gmt":"2025-09-02T15:00:29","guid":{"rendered":"https:\/\/campeche-noticias.com\/?p=29498"},"modified":"2025-09-02T13:33:26","modified_gmt":"2025-09-02T13:33:26","slug":"sep-confirma-primer-puente-vacacional-en-septiembre-2025","status":"publish","type":"post","link":"https:\/\/campeche-noticias.com\/?p=29498","title":{"rendered":"SEP confirma primer puente vacacional en septiembre 2025"},"content":{"rendered":"<p>\ud83d\udd38 El pasado lunes dio inicio el ciclo escolar 2025-2026<\/p>\n<p>#NACIONAL | El ciclo escolar 2025-2026 traer\u00e1 varios cambios con respecto a a\u00f1os anteriores, y el m\u00e1s notorio es que el regreso a clases no se dio en agosto, como tradicionalmente ocurre, sino hoy lunes 1 de septiembre, lo que ampl\u00eda las vacaciones de verano tanto para estudiantes como para docentes.<\/p>\n<p>Este ajuste permitir\u00e1 a los profesores contar con una semana adicional de preparaci\u00f3n, ya que del 26 al 29 de agosto se llevaron a cabo un curso intensivo docente en todas las escuelas p\u00fablicas del pa\u00eds, previo al arranque formal de actividades escolares.<\/p>\n<p>185 d\u00edas de clases y varios descansos<br \/>\nDe acuerdo con el calendario oficial de la Secretar\u00eda de Educaci\u00f3n P\u00fablica (SEP), el ciclo escolar constar\u00e1 de 185 d\u00edas efectivos de clases para educaci\u00f3n b\u00e1sica (preescolar, primaria y secundaria), y de 190 d\u00edas lectivos para escuelas normales y de formaci\u00f3n de docentes. Est\u00e1 programado para concluir el 15 de julio de 2026.<\/p>\n<p>A lo largo del ciclo escolar se han establecido puentes, feriados y juntas de Consejo T\u00e9cnico Escolar, que representar\u00e1n oportunidades de descanso para la comunidad educativa.<\/p>\n<p>\u00bfY el primer puente del ciclo escolar?<\/p>\n<p>El primer puente oficial para los estudiantes de educaci\u00f3n b\u00e1sica llegar\u00e1 pronto despu\u00e9s del arranque de clases: el viernes 13 de septiembre no habr\u00e1 clases, debido a la suspensi\u00f3n de labores docentes, y ese descanso se empalmar\u00e1 con el lunes 16 de septiembre, cuando se conmemora el D\u00eda de la Independencia de M\u00e9xico.<\/p>\n<p>Esto dar\u00e1 como resultado un fin de semana largo para los alumnos y maestros: del viernes 13 al lunes 16 de septiembre.<\/p>\n<p>&nbsp;<\/p>\n<p>Otros descansos a considerar<\/p>\n<p>Adem\u00e1s de este primer puente, durante el ciclo escolar est\u00e1n programados los siguientes feriados:<\/p>\n<p>17 de noviembre \u2013 Revoluci\u00f3n Mexicana<\/p>\n<p>2 de febrero \u2013 D\u00eda de la Constituci\u00f3n<\/p>\n<p>16 de marzo \u2013 Natalicio de Benito Ju\u00e1rez<\/p>\n<p>1 de mayo \u2013 D\u00eda del Trabajo<\/p>\n<p>5 de mayo \u2013 Batalla de Puebla<\/p>\n<p>15 de mayo \u2013 D\u00eda del Maestro<\/p>\n<p>Tambi\u00e9n habr\u00e1 recesos vacacionales en invierno y Semana Santa, adem\u00e1s de las juntas de Consejo T\u00e9cnico Escolar el \u00faltimo viernes de cada mes, que tambi\u00e9n representan suspensi\u00f3n de clases.<\/p>\n","protected":false},"excerpt":{"rendered":"<p>\ud83d\udd38 El pasado lunes dio inicio el ciclo escolar 2025-2026 #NACIONAL | El ciclo escolar<\/p>\n","protected":false},"author":1,"featured_media":29500,"comment_status":"open","ping_status":"closed","sticky":false,"template":"","format":"standard","meta":{"footnotes":""},"categories":[4],"tags":[],"class_list":["post-29498","post","type-post","status-publish","format-standard","has-post-thumbnail","hentry","category-nacional"],"yoast_head":"<!-- This site is optimized with the Yoast SEO plugin v27.4 - https:\/\/yoast.com\/product\/yoast-seo-wordpress\/ -->\n<title>SEP confirma primer puente vacacional en septiembre 2025 - Campeche Noticias<\/title>\n<meta name=\"robots\" content=\"index, follow, max-snippet:-1, max-image-preview:large, max-video-preview:-1\" \/>\n<link rel=\"canonical\" href=\"https:\/\/campeche-noticias.com\/?p=29498\" \/>\n<meta property=\"og:locale\" content=\"es_ES\" \/>\n<meta property=\"og:type\" content=\"article\" \/>\n<meta property=\"og:title\" content=\"SEP confirma primer puente vacacional en septiembre 2025 - Campeche Noticias\" \/>\n<meta property=\"og:description\" content=\"\ud83d\udd38 El pasado lunes dio inicio el ciclo escolar 2025-2026 #NACIONAL | El ciclo escolar\" \/>\n<meta property=\"og:url\" content=\"https:\/\/campeche-noticias.com\/?p=29498\" \/>\n<meta property=\"og:site_name\" content=\"Campeche Noticias\" \/>\n<meta property=\"article:published_time\" content=\"2025-09-02T15:00:29+00:00\" \/>\n<meta property=\"og:image\" content=\"https:\/\/campeche-noticias.com\/wp-content\/uploads\/2025\/09\/WhatsApp-Image-2025-09-02-at-08.26.58.jpeg\" \/>\n\t<meta property=\"og:image:width\" content=\"1300\" \/>\n\t<meta property=\"og:image:height\" content=\"732\" \/>\n\t<meta property=\"og:image:type\" content=\"image\/jpeg\" \/>\n<meta name=\"author\" content=\"admin\" \/>\n<meta name=\"twitter:card\" content=\"summary_large_image\" \/>\n<meta name=\"twitter:label1\" content=\"Escrito por\" \/>\n\t<meta name=\"twitter:data1\" content=\"admin\" \/>\n\t<meta name=\"twitter:label2\" content=\"Tiempo de lectura\" \/>\n\t<meta name=\"twitter:data2\" content=\"2 minutos\" \/>\n<script type=\"application\/ld+json\" class=\"yoast-schema-graph\">{\"@context\":\"https:\\\/\\\/schema.org\",\"@graph\":[{\"@type\":\"Article\",\"@id\":\"https:\\\/\\\/campeche-noticias.com\\\/?p=29498#article\",\"isPartOf\":{\"@id\":\"https:\\\/\\\/campeche-noticias.com\\\/?p=29498\"},\"author\":{\"name\":\"admin\",\"@id\":\"https:\\\/\\\/campeche-noticias.com\\\/#\\\/schema\\\/person\\\/7940c228049cff34b4cc679f887362f1\"},\"headline\":\"SEP confirma primer puente vacacional en septiembre 2025\",\"datePublished\":\"2025-09-02T15:00:29+00:00\",\"mainEntityOfPage\":{\"@id\":\"https:\\\/\\\/campeche-noticias.com\\\/?p=29498\"},\"wordCount\":380,\"commentCount\":0,\"image\":{\"@id\":\"https:\\\/\\\/campeche-noticias.com\\\/?p=29498#primaryimage\"},\"thumbnailUrl\":\"https:\\\/\\\/campeche-noticias.com\\\/wp-content\\\/uploads\\\/2025\\\/09\\\/WhatsApp-Image-2025-09-02-at-08.26.58.jpeg\",\"articleSection\":[\"Nacional\"],\"inLanguage\":\"es\",\"potentialAction\":[{\"@type\":\"CommentAction\",\"name\":\"Comment\",\"target\":[\"https:\\\/\\\/campeche-noticias.com\\\/?p=29498#respond\"]}]},{\"@type\":\"WebPage\",\"@id\":\"https:\\\/\\\/campeche-noticias.com\\\/?p=29498\",\"url\":\"https:\\\/\\\/campeche-noticias.com\\\/?p=29498\",\"name\":\"SEP confirma primer puente vacacional en septiembre 2025 - Campeche Noticias\",\"isPartOf\":{\"@id\":\"https:\\\/\\\/campeche-noticias.com\\\/#website\"},\"primaryImageOfPage\":{\"@id\":\"https:\\\/\\\/campeche-noticias.com\\\/?p=29498#primaryimage\"},\"image\":{\"@id\":\"https:\\\/\\\/campeche-noticias.com\\\/?p=29498#primaryimage\"},\"thumbnailUrl\":\"https:\\\/\\\/campeche-noticias.com\\\/wp-content\\\/uploads\\\/2025\\\/09\\\/WhatsApp-Image-2025-09-02-at-08.26.58.jpeg\",\"datePublished\":\"2025-09-02T15:00:29+00:00\",\"author\":{\"@id\":\"https:\\\/\\\/campeche-noticias.com\\\/#\\\/schema\\\/person\\\/7940c228049cff34b4cc679f887362f1\"},\"breadcrumb\":{\"@id\":\"https:\\\/\\\/campeche-noticias.com\\\/?p=29498#breadcrumb\"},\"inLanguage\":\"es\",\"potentialAction\":[{\"@type\":\"ReadAction\",\"target\":[\"https:\\\/\\\/campeche-noticias.com\\\/?p=29498\"]}]},{\"@type\":\"ImageObject\",\"inLanguage\":\"es\",\"@id\":\"https:\\\/\\\/campeche-noticias.com\\\/?p=29498#primaryimage\",\"url\":\"https:\\\/\\\/campeche-noticias.com\\\/wp-content\\\/uploads\\\/2025\\\/09\\\/WhatsApp-Image-2025-09-02-at-08.26.58.jpeg\",\"contentUrl\":\"https:\\\/\\\/campeche-noticias.com\\\/wp-content\\\/uploads\\\/2025\\\/09\\\/WhatsApp-Image-2025-09-02-at-08.26.58.jpeg\",\"width\":1300,\"height\":732},{\"@type\":\"BreadcrumbList\",\"@id\":\"https:\\\/\\\/campeche-noticias.com\\\/?p=29498#breadcrumb\",\"itemListElement\":[{\"@type\":\"ListItem\",\"position\":1,\"name\":\"Portada\",\"item\":\"https:\\\/\\\/campeche-noticias.com\\\/\"},{\"@type\":\"ListItem\",\"position\":2,\"name\":\"SEP confirma primer puente vacacional en septiembre 2025\"}]},{\"@type\":\"WebSite\",\"@id\":\"https:\\\/\\\/campeche-noticias.com\\\/#website\",\"url\":\"https:\\\/\\\/campeche-noticias.com\\\/\",\"name\":\"Campeche Noticias\",\"description\":\"Campeche Noticias\",\"potentialAction\":[{\"@type\":\"SearchAction\",\"target\":{\"@type\":\"EntryPoint\",\"urlTemplate\":\"https:\\\/\\\/campeche-noticias.com\\\/?s={search_term_string}\"},\"query-input\":{\"@type\":\"PropertyValueSpecification\",\"valueRequired\":true,\"valueName\":\"search_term_string\"}}],\"inLanguage\":\"es\"},{\"@type\":\"Person\",\"@id\":\"https:\\\/\\\/campeche-noticias.com\\\/#\\\/schema\\\/person\\\/7940c228049cff34b4cc679f887362f1\",\"name\":\"admin\",\"sameAs\":[\"https:\\\/\\\/campeche-noticias.com\"],\"url\":\"https:\\\/\\\/campeche-noticias.com\\\/?author=1\"}]}<\/script>\n<!-- \/ Yoast SEO plugin. -->","yoast_head_json":{"title":"SEP confirma primer puente vacacional en septiembre 2025 - Campeche Noticias","robots":{"index":"index","follow":"follow","max-snippet":"max-snippet:-1","max-image-preview":"max-image-preview:large","max-video-preview":"max-video-preview:-1"},"canonical":"https:\/\/campeche-noticias.com\/?p=29498","og_locale":"es_ES","og_type":"article","og_title":"SEP confirma primer puente vacacional en septiembre 2025 - Campeche Noticias","og_description":"\ud83d\udd38 El pasado lunes dio inicio el ciclo escolar 2025-2026 #NACIONAL | El ciclo escolar","og_url":"https:\/\/campeche-noticias.com\/?p=29498","og_site_name":"Campeche Noticias","article_published_time":"2025-09-02T15:00:29+00:00","og_image":[{"width":1300,"height":732,"url":"https:\/\/campeche-noticias.com\/wp-content\/uploads\/2025\/09\/WhatsApp-Image-2025-09-02-at-08.26.58.jpeg","type":"image\/jpeg"}],"author":"admin","twitter_card":"summary_large_image","twitter_misc":{"Escrito por":"admin","Tiempo de lectura":"2 minutos"},"schema":{"@context":"https:\/\/schema.org","@graph":[{"@type":"Article","@id":"https:\/\/campeche-noticias.com\/?p=29498#article","isPartOf":{"@id":"https:\/\/campeche-noticias.com\/?p=29498"},"author":{"name":"admin","@id":"https:\/\/campeche-noticias.com\/#\/schema\/person\/7940c228049cff34b4cc679f887362f1"},"headline":"SEP confirma primer puente vacacional en septiembre 2025","datePublished":"2025-09-02T15:00:29+00:00","mainEntityOfPage":{"@id":"https:\/\/campeche-noticias.com\/?p=29498"},"wordCount":380,"commentCount":0,"image":{"@id":"https:\/\/campeche-noticias.com\/?p=29498#primaryimage"},"thumbnailUrl":"https:\/\/campeche-noticias.com\/wp-content\/uploads\/2025\/09\/WhatsApp-Image-2025-09-02-at-08.26.58.jpeg","articleSection":["Nacional"],"inLanguage":"es","potentialAction":[{"@type":"CommentAction","name":"Comment","target":["https:\/\/campeche-noticias.com\/?p=29498#respond"]}]},{"@type":"WebPage","@id":"https:\/\/campeche-noticias.com\/?p=29498","url":"https:\/\/campeche-noticias.com\/?p=29498","name":"SEP confirma primer puente vacacional en septiembre 2025 - Campeche Noticias","isPartOf":{"@id":"https:\/\/campeche-noticias.com\/#website"},"primaryImageOfPage":{"@id":"https:\/\/campeche-noticias.com\/?p=29498#primaryimage"},"image":{"@id":"https:\/\/campeche-noticias.com\/?p=29498#primaryimage"},"thumbnailUrl":"https:\/\/campeche-noticias.com\/wp-content\/uploads\/2025\/09\/WhatsApp-Image-2025-09-02-at-08.26.58.jpeg","datePublished":"2025-09-02T15:00:29+00:00","author":{"@id":"https:\/\/campeche-noticias.com\/#\/schema\/person\/7940c228049cff34b4cc679f887362f1"},"breadcrumb":{"@id":"https:\/\/campeche-noticias.com\/?p=29498#breadcrumb"},"inLanguage":"es","potentialAction":[{"@type":"ReadAction","target":["https:\/\/campeche-noticias.com\/?p=29498"]}]},{"@type":"ImageObject","inLanguage":"es","@id":"https:\/\/campeche-noticias.com\/?p=29498#primaryimage","url":"https:\/\/campeche-noticias.com\/wp-content\/uploads\/2025\/09\/WhatsApp-Image-2025-09-02-at-08.26.58.jpeg","contentUrl":"https:\/\/campeche-noticias.com\/wp-content\/uploads\/2025\/09\/WhatsApp-Image-2025-09-02-at-08.26.58.jpeg","width":1300,"height":732},{"@type":"BreadcrumbList","@id":"https:\/\/campeche-noticias.com\/?p=29498#breadcrumb","itemListElement":[{"@type":"ListItem","position":1,"name":"Portada","item":"https:\/\/campeche-noticias.com\/"},{"@type":"ListItem","position":2,"name":"SEP confirma primer puente vacacional en septiembre 2025"}]},{"@type":"WebSite","@id":"https:\/\/campeche-noticias.com\/#website","url":"https:\/\/campeche-noticias.com\/","name":"Campeche Noticias","description":"Campeche Noticias","potentialAction":[{"@type":"SearchAction","target":{"@type":"EntryPoint","urlTemplate":"https:\/\/campeche-noticias.com\/?s={search_term_string}"},"query-input":{"@type":"PropertyValueSpecification","valueRequired":true,"valueName":"search_term_string"}}],"inLanguage":"es"},{"@type":"Person","@id":"https:\/\/campeche-noticias.com\/#\/schema\/person\/7940c228049cff34b4cc679f887362f1","name":"admin","sameAs":["https:\/\/campeche-noticias.com"],"url":"https:\/\/campeche-noticias.com\/?author=1"}]}},"_links":{"self":[{"href":"https:\/\/campeche-noticias.com\/index.php?rest_route=\/wp\/v2\/posts\/29498","targetHints":{"allow":["GET"]}}],"collection":[{"href":"https:\/\/campeche-noticias.com\/index.php?rest_route=\/wp\/v2\/posts"}],"about":[{"href":"https:\/\/campeche-noticias.com\/index.php?rest_route=\/wp\/v2\/types\/post"}],"author":[{"embeddable":true,"href":"https:\/\/campeche-noticias.com\/index.php?rest_route=\/wp\/v2\/users\/1"}],"replies":[{"embeddable":true,"href":"https:\/\/campeche-noticias.com\/index.php?rest_route=%2Fwp%2Fv2%2Fcomments&post=29498"}],"version-history":[{"count":1,"href":"https:\/\/campeche-noticias.com\/index.php?rest_route=\/wp\/v2\/posts\/29498\/revisions"}],"predecessor-version":[{"id":29499,"href":"https:\/\/campeche-noticias.com\/index.php?rest_route=\/wp\/v2\/posts\/29498\/revisions\/29499"}],"wp:featuredmedia":[{"embeddable":true,"href":"https:\/\/campeche-noticias.com\/index.php?rest_route=\/wp\/v2\/media\/29500"}],"wp:attachment":[{"href":"https:\/\/campeche-noticias.com\/index.php?rest_route=%2Fwp%2Fv2%2Fmedia&parent=29498"}],"wp:term":[{"taxonomy":"category","embeddable":true,"href":"https:\/\/campeche-noticias.com\/index.php?rest_route=%2Fwp%2Fv2%2Fcategories&post=29498"},{"taxonomy":"post_tag","embeddable":true,"href":"https:\/\/campeche-noticias.com\/index.php?rest_route=%2Fwp%2Fv2%2Ftags&post=29498"}],"curies":[{"name":"wp","href":"https:\/\/api.w.org\/{rel}","templated":true}]}}