{"id":27967,"date":"2025-07-09T15:00:00","date_gmt":"2025-07-09T20:00:00","guid":{"rendered":"https:\/\/campeche-noticias.com\/?p=27967"},"modified":"2025-07-09T15:14:02","modified_gmt":"2025-07-09T15:14:02","slug":"isaac-del-toro-debuta-en-la-vuelta-a-austria-2025-queda-en-5-lugar","status":"publish","type":"post","link":"https:\/\/campeche-noticias.com\/?p=27967","title":{"rendered":"Isaac del Toro debuta en la Vuelta a Austria 2025, queda en 5\u00b0 lugar"},"content":{"rendered":"<p>\ud83d\udd38\u00a0El pedalista mexicano qued\u00f3 a 16 segundos del l\u00edder, Felix Grossschartner, quien es compa\u00f1ero de equipo del oriundo de Baja California<\/p>\n<p>&nbsp;<\/p>\n<p>#DEPORTES | El mexicano Isaac del Toro debuta en la Vuelta a Austria 2025 y obtiene el quinto lugar de la clasificaci\u00f3n. El ciclista nacional est\u00e1 a tan s\u00f3lo 16 segundos con respecto del l\u00edder de la competencia Felix Grossschartner.<\/p>\n<p>&nbsp;<\/p>\n<p>Este resulta refleja el \u00f3ptimo desempe\u00f1o de equipo, pues Grossschartner es compa\u00f1ero Isaac en el UAE Team Emirates-XRG.<\/p>\n<p>&nbsp;<\/p>\n<p>Isaac del Toro debuta en la Vuelta a Austria 2025 con un s\u00f3lido desempe\u00f1o, donde durante los primeros kil\u00f3metros de la carrera, el equipo ciclista UAE Team Emirates tom\u00f3 el control del ritmo del pelot\u00f3n.<\/p>\n<p>&nbsp;<\/p>\n<p>&nbsp;<\/p>\n<p>Su estrategia fue clara: apoyar al corredor austriaco Grossschartner, quien compet\u00eda en su pa\u00eds y se sent\u00eda motivado por la presencia del p\u00fablico local.<\/p>\n<p>&nbsp;<\/p>\n<p>Con todo planeado para el \u00faltimo ascenso, Grossschartner aprovech\u00f3 el momento decisivo. Atac\u00f3 con fuerza, dej\u00f3 atr\u00e1s a sus rivales y cruz\u00f3 la meta en solitario con un tiempo de tres horas, 46 minutos y 36 segundos.<\/p>\n<p>&nbsp;<\/p>\n<p>Justo detr\u00e1s de \u00e9l, a solo cinco segundos, lleg\u00f3 Rafal Majka, un ciclista veterano del mismo equipo, demostrando el dominio total del UAE en la etapa.<\/p>\n<p>&nbsp;<\/p>\n<p>Isaac del Toro, a escena<\/p>\n<p>Isaac del Toro, de apenas 21 a\u00f1os y en su primera participaci\u00f3n en la Vuelta a Austria, mostr\u00f3 madurez t\u00e1ctica y capacidad f\u00edsica para mantenerse en el grupo de los favoritos. Supo interpretar el movimiento de su equipo y se mantuvo firme en el grupo perseguidor.<\/p>\n<p>&nbsp;<\/p>\n<p>\u00bfQu\u00e9 sigue para Isaac del Toro en la Vuelta a Austria 2025?<\/p>\n<p>Etapa 2 (10 de julio): Bischofshofen \u2013 Salzburgo (142.1 kil\u00f3metros), mil 676 metros de desnivel<\/p>\n<p>Etapa 3 (11 de julio): Salzburgo (Schloss Hellbrunn) \u2013 Salzburgo (142.9 kil\u00f3metros), con 2 mil 752 metros de ascenso<\/p>\n<p>Etapa 4 (12 de julio): Innsbruck \u2013 K\u00fchtai (117.3 kil\u00f3metros), la etapa reina con 3 mil 500 metros de desnivel positivo<\/p>\n<p>Etapa 5 (13 de julio): Feldkirch \u2013 Feldkirch (144.1 kil\u00f3metros), con 3 mil 418 metros de ascenso acumulado<\/p>\n<p>&nbsp;<\/p>\n<p>Adem\u00e1s de los compa\u00f1eros Felix Grossschartner e Isaac del Toro, tambi\u00e9n esta Diego Ulissi (XDS Astana Team), Lorenzo Fortunato (XDS Astana Team), Patrick Konrad (Lidl\u2013Trek) y Esteban Chaves (EF Education\u2013EasyPost).<\/p>\n","protected":false},"excerpt":{"rendered":"<p>\ud83d\udd38\u00a0El pedalista mexicano qued\u00f3 a 16 segundos del l\u00edder, Felix Grossschartner, quien es compa\u00f1ero de<\/p>\n","protected":false},"author":1,"featured_media":27969,"comment_status":"open","ping_status":"closed","sticky":false,"template":"","format":"standard","meta":{"footnotes":""},"categories":[3],"tags":[],"class_list":["post-27967","post","type-post","status-publish","format-standard","has-post-thumbnail","hentry","category-deportes"],"yoast_head":"<!-- This site is optimized with the Yoast SEO plugin v27.5 - https:\/\/yoast.com\/product\/yoast-seo-wordpress\/ -->\n<title>Isaac del Toro debuta en la Vuelta a Austria 2025, queda en 5\u00b0 lugar - Campeche Noticias<\/title>\n<meta name=\"robots\" content=\"index, follow, max-snippet:-1, max-image-preview:large, max-video-preview:-1\" \/>\n<link rel=\"canonical\" href=\"https:\/\/campeche-noticias.com\/?p=27967\" \/>\n<meta property=\"og:locale\" content=\"es_ES\" \/>\n<meta property=\"og:type\" content=\"article\" \/>\n<meta property=\"og:title\" content=\"Isaac del Toro debuta en la Vuelta a Austria 2025, queda en 5\u00b0 lugar - Campeche Noticias\" \/>\n<meta property=\"og:description\" content=\"\ud83d\udd38\u00a0El pedalista mexicano qued\u00f3 a 16 segundos del l\u00edder, Felix Grossschartner, quien es compa\u00f1ero de\" \/>\n<meta property=\"og:url\" content=\"https:\/\/campeche-noticias.com\/?p=27967\" \/>\n<meta property=\"og:site_name\" content=\"Campeche Noticias\" \/>\n<meta property=\"article:published_time\" content=\"2025-07-09T20:00:00+00:00\" \/>\n<meta property=\"og:image\" content=\"https:\/\/campeche-noticias.com\/wp-content\/uploads\/2025\/07\/WhatsApp-Image-2025-07-09-at-10.12.47.jpeg\" \/>\n\t<meta property=\"og:image:width\" content=\"1200\" \/>\n\t<meta property=\"og:image:height\" content=\"675\" \/>\n\t<meta property=\"og:image:type\" content=\"image\/jpeg\" \/>\n<meta name=\"author\" content=\"admin\" \/>\n<meta name=\"twitter:card\" content=\"summary_large_image\" \/>\n<meta name=\"twitter:label1\" content=\"Escrito por\" \/>\n\t<meta name=\"twitter:data1\" content=\"admin\" \/>\n\t<meta name=\"twitter:label2\" content=\"Tiempo de lectura\" \/>\n\t<meta name=\"twitter:data2\" content=\"2 minutos\" \/>\n<script type=\"application\/ld+json\" class=\"yoast-schema-graph\">{\"@context\":\"https:\\\/\\\/schema.org\",\"@graph\":[{\"@type\":\"Article\",\"@id\":\"https:\\\/\\\/campeche-noticias.com\\\/?p=27967#article\",\"isPartOf\":{\"@id\":\"https:\\\/\\\/campeche-noticias.com\\\/?p=27967\"},\"author\":{\"name\":\"admin\",\"@id\":\"https:\\\/\\\/campeche-noticias.com\\\/#\\\/schema\\\/person\\\/7940c228049cff34b4cc679f887362f1\"},\"headline\":\"Isaac del Toro debuta en la Vuelta a Austria 2025, queda en 5\u00b0 lugar\",\"datePublished\":\"2025-07-09T20:00:00+00:00\",\"mainEntityOfPage\":{\"@id\":\"https:\\\/\\\/campeche-noticias.com\\\/?p=27967\"},\"wordCount\":388,\"commentCount\":0,\"image\":{\"@id\":\"https:\\\/\\\/campeche-noticias.com\\\/?p=27967#primaryimage\"},\"thumbnailUrl\":\"https:\\\/\\\/campeche-noticias.com\\\/wp-content\\\/uploads\\\/2025\\\/07\\\/WhatsApp-Image-2025-07-09-at-10.12.47.jpeg\",\"articleSection\":[\"Deportes\"],\"inLanguage\":\"es\",\"potentialAction\":[{\"@type\":\"CommentAction\",\"name\":\"Comment\",\"target\":[\"https:\\\/\\\/campeche-noticias.com\\\/?p=27967#respond\"]}]},{\"@type\":\"WebPage\",\"@id\":\"https:\\\/\\\/campeche-noticias.com\\\/?p=27967\",\"url\":\"https:\\\/\\\/campeche-noticias.com\\\/?p=27967\",\"name\":\"Isaac del Toro debuta en la Vuelta a Austria 2025, queda en 5\u00b0 lugar - Campeche Noticias\",\"isPartOf\":{\"@id\":\"https:\\\/\\\/campeche-noticias.com\\\/#website\"},\"primaryImageOfPage\":{\"@id\":\"https:\\\/\\\/campeche-noticias.com\\\/?p=27967#primaryimage\"},\"image\":{\"@id\":\"https:\\\/\\\/campeche-noticias.com\\\/?p=27967#primaryimage\"},\"thumbnailUrl\":\"https:\\\/\\\/campeche-noticias.com\\\/wp-content\\\/uploads\\\/2025\\\/07\\\/WhatsApp-Image-2025-07-09-at-10.12.47.jpeg\",\"datePublished\":\"2025-07-09T20:00:00+00:00\",\"author\":{\"@id\":\"https:\\\/\\\/campeche-noticias.com\\\/#\\\/schema\\\/person\\\/7940c228049cff34b4cc679f887362f1\"},\"breadcrumb\":{\"@id\":\"https:\\\/\\\/campeche-noticias.com\\\/?p=27967#breadcrumb\"},\"inLanguage\":\"es\",\"potentialAction\":[{\"@type\":\"ReadAction\",\"target\":[\"https:\\\/\\\/campeche-noticias.com\\\/?p=27967\"]}]},{\"@type\":\"ImageObject\",\"inLanguage\":\"es\",\"@id\":\"https:\\\/\\\/campeche-noticias.com\\\/?p=27967#primaryimage\",\"url\":\"https:\\\/\\\/campeche-noticias.com\\\/wp-content\\\/uploads\\\/2025\\\/07\\\/WhatsApp-Image-2025-07-09-at-10.12.47.jpeg\",\"contentUrl\":\"https:\\\/\\\/campeche-noticias.com\\\/wp-content\\\/uploads\\\/2025\\\/07\\\/WhatsApp-Image-2025-07-09-at-10.12.47.jpeg\",\"width\":1200,\"height\":675},{\"@type\":\"BreadcrumbList\",\"@id\":\"https:\\\/\\\/campeche-noticias.com\\\/?p=27967#breadcrumb\",\"itemListElement\":[{\"@type\":\"ListItem\",\"position\":1,\"name\":\"Portada\",\"item\":\"https:\\\/\\\/campeche-noticias.com\\\/\"},{\"@type\":\"ListItem\",\"position\":2,\"name\":\"Isaac del Toro debuta en la Vuelta a Austria 2025, queda en 5\u00b0 lugar\"}]},{\"@type\":\"WebSite\",\"@id\":\"https:\\\/\\\/campeche-noticias.com\\\/#website\",\"url\":\"https:\\\/\\\/campeche-noticias.com\\\/\",\"name\":\"Campeche Noticias\",\"description\":\"Campeche Noticias\",\"potentialAction\":[{\"@type\":\"SearchAction\",\"target\":{\"@type\":\"EntryPoint\",\"urlTemplate\":\"https:\\\/\\\/campeche-noticias.com\\\/?s={search_term_string}\"},\"query-input\":{\"@type\":\"PropertyValueSpecification\",\"valueRequired\":true,\"valueName\":\"search_term_string\"}}],\"inLanguage\":\"es\"},{\"@type\":\"Person\",\"@id\":\"https:\\\/\\\/campeche-noticias.com\\\/#\\\/schema\\\/person\\\/7940c228049cff34b4cc679f887362f1\",\"name\":\"admin\",\"sameAs\":[\"https:\\\/\\\/campeche-noticias.com\"],\"url\":\"https:\\\/\\\/campeche-noticias.com\\\/?author=1\"}]}<\/script>\n<!-- \/ Yoast SEO plugin. -->","yoast_head_json":{"title":"Isaac del Toro debuta en la Vuelta a Austria 2025, queda en 5\u00b0 lugar - Campeche Noticias","robots":{"index":"index","follow":"follow","max-snippet":"max-snippet:-1","max-image-preview":"max-image-preview:large","max-video-preview":"max-video-preview:-1"},"canonical":"https:\/\/campeche-noticias.com\/?p=27967","og_locale":"es_ES","og_type":"article","og_title":"Isaac del Toro debuta en la Vuelta a Austria 2025, queda en 5\u00b0 lugar - Campeche Noticias","og_description":"\ud83d\udd38\u00a0El pedalista mexicano qued\u00f3 a 16 segundos del l\u00edder, Felix Grossschartner, quien es compa\u00f1ero de","og_url":"https:\/\/campeche-noticias.com\/?p=27967","og_site_name":"Campeche Noticias","article_published_time":"2025-07-09T20:00:00+00:00","og_image":[{"width":1200,"height":675,"url":"https:\/\/campeche-noticias.com\/wp-content\/uploads\/2025\/07\/WhatsApp-Image-2025-07-09-at-10.12.47.jpeg","type":"image\/jpeg"}],"author":"admin","twitter_card":"summary_large_image","twitter_misc":{"Escrito por":"admin","Tiempo de lectura":"2 minutos"},"schema":{"@context":"https:\/\/schema.org","@graph":[{"@type":"Article","@id":"https:\/\/campeche-noticias.com\/?p=27967#article","isPartOf":{"@id":"https:\/\/campeche-noticias.com\/?p=27967"},"author":{"name":"admin","@id":"https:\/\/campeche-noticias.com\/#\/schema\/person\/7940c228049cff34b4cc679f887362f1"},"headline":"Isaac del Toro debuta en la Vuelta a Austria 2025, queda en 5\u00b0 lugar","datePublished":"2025-07-09T20:00:00+00:00","mainEntityOfPage":{"@id":"https:\/\/campeche-noticias.com\/?p=27967"},"wordCount":388,"commentCount":0,"image":{"@id":"https:\/\/campeche-noticias.com\/?p=27967#primaryimage"},"thumbnailUrl":"https:\/\/campeche-noticias.com\/wp-content\/uploads\/2025\/07\/WhatsApp-Image-2025-07-09-at-10.12.47.jpeg","articleSection":["Deportes"],"inLanguage":"es","potentialAction":[{"@type":"CommentAction","name":"Comment","target":["https:\/\/campeche-noticias.com\/?p=27967#respond"]}]},{"@type":"WebPage","@id":"https:\/\/campeche-noticias.com\/?p=27967","url":"https:\/\/campeche-noticias.com\/?p=27967","name":"Isaac del Toro debuta en la Vuelta a Austria 2025, queda en 5\u00b0 lugar - Campeche Noticias","isPartOf":{"@id":"https:\/\/campeche-noticias.com\/#website"},"primaryImageOfPage":{"@id":"https:\/\/campeche-noticias.com\/?p=27967#primaryimage"},"image":{"@id":"https:\/\/campeche-noticias.com\/?p=27967#primaryimage"},"thumbnailUrl":"https:\/\/campeche-noticias.com\/wp-content\/uploads\/2025\/07\/WhatsApp-Image-2025-07-09-at-10.12.47.jpeg","datePublished":"2025-07-09T20:00:00+00:00","author":{"@id":"https:\/\/campeche-noticias.com\/#\/schema\/person\/7940c228049cff34b4cc679f887362f1"},"breadcrumb":{"@id":"https:\/\/campeche-noticias.com\/?p=27967#breadcrumb"},"inLanguage":"es","potentialAction":[{"@type":"ReadAction","target":["https:\/\/campeche-noticias.com\/?p=27967"]}]},{"@type":"ImageObject","inLanguage":"es","@id":"https:\/\/campeche-noticias.com\/?p=27967#primaryimage","url":"https:\/\/campeche-noticias.com\/wp-content\/uploads\/2025\/07\/WhatsApp-Image-2025-07-09-at-10.12.47.jpeg","contentUrl":"https:\/\/campeche-noticias.com\/wp-content\/uploads\/2025\/07\/WhatsApp-Image-2025-07-09-at-10.12.47.jpeg","width":1200,"height":675},{"@type":"BreadcrumbList","@id":"https:\/\/campeche-noticias.com\/?p=27967#breadcrumb","itemListElement":[{"@type":"ListItem","position":1,"name":"Portada","item":"https:\/\/campeche-noticias.com\/"},{"@type":"ListItem","position":2,"name":"Isaac del Toro debuta en la Vuelta a Austria 2025, queda en 5\u00b0 lugar"}]},{"@type":"WebSite","@id":"https:\/\/campeche-noticias.com\/#website","url":"https:\/\/campeche-noticias.com\/","name":"Campeche Noticias","description":"Campeche Noticias","potentialAction":[{"@type":"SearchAction","target":{"@type":"EntryPoint","urlTemplate":"https:\/\/campeche-noticias.com\/?s={search_term_string}"},"query-input":{"@type":"PropertyValueSpecification","valueRequired":true,"valueName":"search_term_string"}}],"inLanguage":"es"},{"@type":"Person","@id":"https:\/\/campeche-noticias.com\/#\/schema\/person\/7940c228049cff34b4cc679f887362f1","name":"admin","sameAs":["https:\/\/campeche-noticias.com"],"url":"https:\/\/campeche-noticias.com\/?author=1"}]}},"_links":{"self":[{"href":"https:\/\/campeche-noticias.com\/index.php?rest_route=\/wp\/v2\/posts\/27967","targetHints":{"allow":["GET"]}}],"collection":[{"href":"https:\/\/campeche-noticias.com\/index.php?rest_route=\/wp\/v2\/posts"}],"about":[{"href":"https:\/\/campeche-noticias.com\/index.php?rest_route=\/wp\/v2\/types\/post"}],"author":[{"embeddable":true,"href":"https:\/\/campeche-noticias.com\/index.php?rest_route=\/wp\/v2\/users\/1"}],"replies":[{"embeddable":true,"href":"https:\/\/campeche-noticias.com\/index.php?rest_route=%2Fwp%2Fv2%2Fcomments&post=27967"}],"version-history":[{"count":1,"href":"https:\/\/campeche-noticias.com\/index.php?rest_route=\/wp\/v2\/posts\/27967\/revisions"}],"predecessor-version":[{"id":27968,"href":"https:\/\/campeche-noticias.com\/index.php?rest_route=\/wp\/v2\/posts\/27967\/revisions\/27968"}],"wp:featuredmedia":[{"embeddable":true,"href":"https:\/\/campeche-noticias.com\/index.php?rest_route=\/wp\/v2\/media\/27969"}],"wp:attachment":[{"href":"https:\/\/campeche-noticias.com\/index.php?rest_route=%2Fwp%2Fv2%2Fmedia&parent=27967"}],"wp:term":[{"taxonomy":"category","embeddable":true,"href":"https:\/\/campeche-noticias.com\/index.php?rest_route=%2Fwp%2Fv2%2Fcategories&post=27967"},{"taxonomy":"post_tag","embeddable":true,"href":"https:\/\/campeche-noticias.com\/index.php?rest_route=%2Fwp%2Fv2%2Ftags&post=27967"}],"curies":[{"name":"wp","href":"https:\/\/api.w.org\/{rel}","templated":true}]}}