{"id":26959,"date":"2025-06-11T11:00:31","date_gmt":"2025-06-11T16:00:31","guid":{"rendered":"https:\/\/campeche-noticias.com\/?p=26959"},"modified":"2025-06-11T15:09:15","modified_gmt":"2025-06-11T15:09:15","slug":"integrantes-de-la-banda-garra-nortena-caen-de-un-cuarto-piso-uno-de-ellos-presenta-traumatismo-craneoencefalico","status":"publish","type":"post","link":"https:\/\/campeche-noticias.com\/?p=26959","title":{"rendered":"Integrantes de la banda \u2018Garra Norte\u00f1a\u2019 caen de un cuarto piso; uno de ellos presenta traumatismo craneoencef\u00e1lico"},"content":{"rendered":"<p>\ud83d\udd38 A trav\u00e9s de redes sociales, as\u00ed como los canales oficiales de los servicios de emergencia, se ha dado a conocer este accidente.<\/p>\n<p>#CDMX | Recientemente se ha dado a conocer que algunos miembros de la banda \u2018Garra Norte\u00f1a\u2019 se encuentran hospitalizados debido a un accidente que habr\u00eda ocurrido el pasado 9 de junio en la alcald\u00eda Alvaro Obreg\u00f3n.<\/p>\n<p>Esto despu\u00e9s de que los m\u00fasicos cayeran de una altura de un cuarto piso, tras el desplome de un montacargas, generando lesiones severas y se reporta que uno de los artistas se encuentra grave.<\/p>\n<p>A trav\u00e9s de su canal de Youtube fue Ines Moreno una de las personas que dio a conocer este accidente, en d\u00f3nde se reporta a uno de los afectados en estado grave.<\/p>\n<p>\u201cSe desplom\u00f3 un montacargas con cuatro personas dentro, este montacargas lo ponen en el cuarto piso para detener el equip\u00f3, los m\u00fasicos y todo, pero parece que ten\u00eda nada m\u00e1s un unicel ah\u00ed deteniendo, total se desploma y hubo varios lesionados y hay uno muy grave, se dice que son de esta banda\u00bb.<\/p>\n<p>Agregando: \u201cParece ser que algunos de los integrantes de este grupo tuvieron problemas\u201d<\/p>\n<p>Cabe se\u00f1alar que de momento la agrupaci\u00f3n no se ha pronunciado ni ha posteado nada referente a este accidente en sus redes sociales.<\/p>\n<p>A trav\u00e9s de un comunicado en sus redes sociales oficiales, la alcald\u00eda confirm\u00f3 el accidente, asegurando que miembro de la Unidad de Gesti\u00f3n Integral de Riesgos y Protecci\u00f3n Civil atendieron a tres lesionados.<\/p>\n<p>Los hechos ocurrieron en un inmueble de uso mixto ubicado en la calle Veracruz y R\u00f3mulo O&#8217;Farril, donde se realizaban grabaciones televisivas, los tres heridos se encontraban al interior del montacargas, cuando el mecanismo fall\u00f3 y se desplom\u00f3 desde un cuarto piso y los lesionados fueron trasladados al hospital Policl\u00ednica del Sur. Uno de ellos, de 40 a\u00f1os, presentaba traumatismo cr\u00e1neo encef\u00e1lico; uno m\u00e1s, de 42 a\u00f1os, sufri\u00f3 fractura en ambas piernas, al igual que el tercer afectado, de 38 a\u00f1os.<\/p>\n<p>A trav\u00e9s de redes sociales se ha reportado que la gravedad de los heridos es alta e incluso uno de los afectados tendr\u00eda un traumatismo craneoencef\u00e1lico.<\/p>\n<p>Javier Garc\u00eda Cortes, fractura en ambas piernas, adem\u00e1s de una costilla rota y una herida profunda en un gl\u00fateo producto de la incrustaci\u00f3n de la una varilla perteneciente a uno de los instrumentos, Jos\u00e9 Alberto Montiel Ortiz. Traumatismo craneoencef\u00e1lico, una herida profunda de 12 cm. en la ceja derecha y fractura en una pierna y Diego Armando Calder\u00f3n, fracturas en ambas piernas y el tobillo derecho fragmentado producto del impacto.<\/p>\n<p>#Integrantes #Banda #GarraNorte\u00f1a #Caen #CuartoPiso<\/p>\n","protected":false},"excerpt":{"rendered":"<p>\ud83d\udd38 A trav\u00e9s de redes sociales, as\u00ed como los canales oficiales de los servicios de<\/p>\n","protected":false},"author":1,"featured_media":26961,"comment_status":"open","ping_status":"closed","sticky":false,"template":"","format":"standard","meta":{"footnotes":""},"categories":[28,4],"tags":[],"class_list":["post-26959","post","type-post","status-publish","format-standard","has-post-thumbnail","hentry","category-cdmx","category-nacional"],"yoast_head":"<!-- This site is optimized with the Yoast SEO plugin v27.4 - https:\/\/yoast.com\/product\/yoast-seo-wordpress\/ -->\n<title>Integrantes de la banda \u2018Garra Norte\u00f1a\u2019 caen de un cuarto piso; uno de ellos presenta traumatismo craneoencef\u00e1lico - Campeche Noticias<\/title>\n<meta name=\"robots\" content=\"index, follow, max-snippet:-1, max-image-preview:large, max-video-preview:-1\" \/>\n<link rel=\"canonical\" href=\"https:\/\/campeche-noticias.com\/?p=26959\" \/>\n<meta property=\"og:locale\" content=\"es_ES\" \/>\n<meta property=\"og:type\" content=\"article\" \/>\n<meta property=\"og:title\" content=\"Integrantes de la banda \u2018Garra Norte\u00f1a\u2019 caen de un cuarto piso; uno de ellos presenta traumatismo craneoencef\u00e1lico - Campeche Noticias\" \/>\n<meta property=\"og:description\" content=\"\ud83d\udd38 A trav\u00e9s de redes sociales, as\u00ed como los canales oficiales de los servicios de\" \/>\n<meta property=\"og:url\" content=\"https:\/\/campeche-noticias.com\/?p=26959\" \/>\n<meta property=\"og:site_name\" content=\"Campeche Noticias\" \/>\n<meta property=\"article:published_time\" content=\"2025-06-11T16:00:31+00:00\" \/>\n<meta property=\"og:image\" content=\"https:\/\/campeche-noticias.com\/wp-content\/uploads\/2025\/06\/WhatsApp-Image-2025-06-11-at-08.55.47.jpeg\" \/>\n\t<meta property=\"og:image:width\" content=\"1200\" \/>\n\t<meta property=\"og:image:height\" content=\"630\" \/>\n\t<meta property=\"og:image:type\" content=\"image\/jpeg\" \/>\n<meta name=\"author\" content=\"admin\" \/>\n<meta name=\"twitter:card\" content=\"summary_large_image\" \/>\n<meta name=\"twitter:label1\" content=\"Escrito por\" \/>\n\t<meta name=\"twitter:data1\" content=\"admin\" \/>\n\t<meta name=\"twitter:label2\" content=\"Tiempo de lectura\" \/>\n\t<meta name=\"twitter:data2\" content=\"2 minutos\" \/>\n<script type=\"application\/ld+json\" class=\"yoast-schema-graph\">{\"@context\":\"https:\\\/\\\/schema.org\",\"@graph\":[{\"@type\":\"Article\",\"@id\":\"https:\\\/\\\/campeche-noticias.com\\\/?p=26959#article\",\"isPartOf\":{\"@id\":\"https:\\\/\\\/campeche-noticias.com\\\/?p=26959\"},\"author\":{\"name\":\"admin\",\"@id\":\"https:\\\/\\\/campeche-noticias.com\\\/#\\\/schema\\\/person\\\/7940c228049cff34b4cc679f887362f1\"},\"headline\":\"Integrantes de la banda \u2018Garra Norte\u00f1a\u2019 caen de un cuarto piso; uno de ellos presenta traumatismo craneoencef\u00e1lico\",\"datePublished\":\"2025-06-11T16:00:31+00:00\",\"mainEntityOfPage\":{\"@id\":\"https:\\\/\\\/campeche-noticias.com\\\/?p=26959\"},\"wordCount\":478,\"commentCount\":0,\"image\":{\"@id\":\"https:\\\/\\\/campeche-noticias.com\\\/?p=26959#primaryimage\"},\"thumbnailUrl\":\"https:\\\/\\\/campeche-noticias.com\\\/wp-content\\\/uploads\\\/2025\\\/06\\\/WhatsApp-Image-2025-06-11-at-08.55.47.jpeg\",\"articleSection\":[\"CDMX\",\"Nacional\"],\"inLanguage\":\"es\",\"potentialAction\":[{\"@type\":\"CommentAction\",\"name\":\"Comment\",\"target\":[\"https:\\\/\\\/campeche-noticias.com\\\/?p=26959#respond\"]}]},{\"@type\":\"WebPage\",\"@id\":\"https:\\\/\\\/campeche-noticias.com\\\/?p=26959\",\"url\":\"https:\\\/\\\/campeche-noticias.com\\\/?p=26959\",\"name\":\"Integrantes de la banda \u2018Garra Norte\u00f1a\u2019 caen de un cuarto piso; uno de ellos presenta traumatismo craneoencef\u00e1lico - Campeche Noticias\",\"isPartOf\":{\"@id\":\"https:\\\/\\\/campeche-noticias.com\\\/#website\"},\"primaryImageOfPage\":{\"@id\":\"https:\\\/\\\/campeche-noticias.com\\\/?p=26959#primaryimage\"},\"image\":{\"@id\":\"https:\\\/\\\/campeche-noticias.com\\\/?p=26959#primaryimage\"},\"thumbnailUrl\":\"https:\\\/\\\/campeche-noticias.com\\\/wp-content\\\/uploads\\\/2025\\\/06\\\/WhatsApp-Image-2025-06-11-at-08.55.47.jpeg\",\"datePublished\":\"2025-06-11T16:00:31+00:00\",\"author\":{\"@id\":\"https:\\\/\\\/campeche-noticias.com\\\/#\\\/schema\\\/person\\\/7940c228049cff34b4cc679f887362f1\"},\"breadcrumb\":{\"@id\":\"https:\\\/\\\/campeche-noticias.com\\\/?p=26959#breadcrumb\"},\"inLanguage\":\"es\",\"potentialAction\":[{\"@type\":\"ReadAction\",\"target\":[\"https:\\\/\\\/campeche-noticias.com\\\/?p=26959\"]}]},{\"@type\":\"ImageObject\",\"inLanguage\":\"es\",\"@id\":\"https:\\\/\\\/campeche-noticias.com\\\/?p=26959#primaryimage\",\"url\":\"https:\\\/\\\/campeche-noticias.com\\\/wp-content\\\/uploads\\\/2025\\\/06\\\/WhatsApp-Image-2025-06-11-at-08.55.47.jpeg\",\"contentUrl\":\"https:\\\/\\\/campeche-noticias.com\\\/wp-content\\\/uploads\\\/2025\\\/06\\\/WhatsApp-Image-2025-06-11-at-08.55.47.jpeg\",\"width\":1200,\"height\":630},{\"@type\":\"BreadcrumbList\",\"@id\":\"https:\\\/\\\/campeche-noticias.com\\\/?p=26959#breadcrumb\",\"itemListElement\":[{\"@type\":\"ListItem\",\"position\":1,\"name\":\"Portada\",\"item\":\"https:\\\/\\\/campeche-noticias.com\\\/\"},{\"@type\":\"ListItem\",\"position\":2,\"name\":\"Integrantes de la banda \u2018Garra Norte\u00f1a\u2019 caen de un cuarto piso; uno de ellos presenta traumatismo craneoencef\u00e1lico\"}]},{\"@type\":\"WebSite\",\"@id\":\"https:\\\/\\\/campeche-noticias.com\\\/#website\",\"url\":\"https:\\\/\\\/campeche-noticias.com\\\/\",\"name\":\"Campeche Noticias\",\"description\":\"Campeche Noticias\",\"potentialAction\":[{\"@type\":\"SearchAction\",\"target\":{\"@type\":\"EntryPoint\",\"urlTemplate\":\"https:\\\/\\\/campeche-noticias.com\\\/?s={search_term_string}\"},\"query-input\":{\"@type\":\"PropertyValueSpecification\",\"valueRequired\":true,\"valueName\":\"search_term_string\"}}],\"inLanguage\":\"es\"},{\"@type\":\"Person\",\"@id\":\"https:\\\/\\\/campeche-noticias.com\\\/#\\\/schema\\\/person\\\/7940c228049cff34b4cc679f887362f1\",\"name\":\"admin\",\"sameAs\":[\"https:\\\/\\\/campeche-noticias.com\"],\"url\":\"https:\\\/\\\/campeche-noticias.com\\\/?author=1\"}]}<\/script>\n<!-- \/ Yoast SEO plugin. -->","yoast_head_json":{"title":"Integrantes de la banda \u2018Garra Norte\u00f1a\u2019 caen de un cuarto piso; uno de ellos presenta traumatismo craneoencef\u00e1lico - Campeche Noticias","robots":{"index":"index","follow":"follow","max-snippet":"max-snippet:-1","max-image-preview":"max-image-preview:large","max-video-preview":"max-video-preview:-1"},"canonical":"https:\/\/campeche-noticias.com\/?p=26959","og_locale":"es_ES","og_type":"article","og_title":"Integrantes de la banda \u2018Garra Norte\u00f1a\u2019 caen de un cuarto piso; uno de ellos presenta traumatismo craneoencef\u00e1lico - Campeche Noticias","og_description":"\ud83d\udd38 A trav\u00e9s de redes sociales, as\u00ed como los canales oficiales de los servicios de","og_url":"https:\/\/campeche-noticias.com\/?p=26959","og_site_name":"Campeche Noticias","article_published_time":"2025-06-11T16:00:31+00:00","og_image":[{"width":1200,"height":630,"url":"https:\/\/campeche-noticias.com\/wp-content\/uploads\/2025\/06\/WhatsApp-Image-2025-06-11-at-08.55.47.jpeg","type":"image\/jpeg"}],"author":"admin","twitter_card":"summary_large_image","twitter_misc":{"Escrito por":"admin","Tiempo de lectura":"2 minutos"},"schema":{"@context":"https:\/\/schema.org","@graph":[{"@type":"Article","@id":"https:\/\/campeche-noticias.com\/?p=26959#article","isPartOf":{"@id":"https:\/\/campeche-noticias.com\/?p=26959"},"author":{"name":"admin","@id":"https:\/\/campeche-noticias.com\/#\/schema\/person\/7940c228049cff34b4cc679f887362f1"},"headline":"Integrantes de la banda \u2018Garra Norte\u00f1a\u2019 caen de un cuarto piso; uno de ellos presenta traumatismo craneoencef\u00e1lico","datePublished":"2025-06-11T16:00:31+00:00","mainEntityOfPage":{"@id":"https:\/\/campeche-noticias.com\/?p=26959"},"wordCount":478,"commentCount":0,"image":{"@id":"https:\/\/campeche-noticias.com\/?p=26959#primaryimage"},"thumbnailUrl":"https:\/\/campeche-noticias.com\/wp-content\/uploads\/2025\/06\/WhatsApp-Image-2025-06-11-at-08.55.47.jpeg","articleSection":["CDMX","Nacional"],"inLanguage":"es","potentialAction":[{"@type":"CommentAction","name":"Comment","target":["https:\/\/campeche-noticias.com\/?p=26959#respond"]}]},{"@type":"WebPage","@id":"https:\/\/campeche-noticias.com\/?p=26959","url":"https:\/\/campeche-noticias.com\/?p=26959","name":"Integrantes de la banda \u2018Garra Norte\u00f1a\u2019 caen de un cuarto piso; uno de ellos presenta traumatismo craneoencef\u00e1lico - Campeche Noticias","isPartOf":{"@id":"https:\/\/campeche-noticias.com\/#website"},"primaryImageOfPage":{"@id":"https:\/\/campeche-noticias.com\/?p=26959#primaryimage"},"image":{"@id":"https:\/\/campeche-noticias.com\/?p=26959#primaryimage"},"thumbnailUrl":"https:\/\/campeche-noticias.com\/wp-content\/uploads\/2025\/06\/WhatsApp-Image-2025-06-11-at-08.55.47.jpeg","datePublished":"2025-06-11T16:00:31+00:00","author":{"@id":"https:\/\/campeche-noticias.com\/#\/schema\/person\/7940c228049cff34b4cc679f887362f1"},"breadcrumb":{"@id":"https:\/\/campeche-noticias.com\/?p=26959#breadcrumb"},"inLanguage":"es","potentialAction":[{"@type":"ReadAction","target":["https:\/\/campeche-noticias.com\/?p=26959"]}]},{"@type":"ImageObject","inLanguage":"es","@id":"https:\/\/campeche-noticias.com\/?p=26959#primaryimage","url":"https:\/\/campeche-noticias.com\/wp-content\/uploads\/2025\/06\/WhatsApp-Image-2025-06-11-at-08.55.47.jpeg","contentUrl":"https:\/\/campeche-noticias.com\/wp-content\/uploads\/2025\/06\/WhatsApp-Image-2025-06-11-at-08.55.47.jpeg","width":1200,"height":630},{"@type":"BreadcrumbList","@id":"https:\/\/campeche-noticias.com\/?p=26959#breadcrumb","itemListElement":[{"@type":"ListItem","position":1,"name":"Portada","item":"https:\/\/campeche-noticias.com\/"},{"@type":"ListItem","position":2,"name":"Integrantes de la banda \u2018Garra Norte\u00f1a\u2019 caen de un cuarto piso; uno de ellos presenta traumatismo craneoencef\u00e1lico"}]},{"@type":"WebSite","@id":"https:\/\/campeche-noticias.com\/#website","url":"https:\/\/campeche-noticias.com\/","name":"Campeche Noticias","description":"Campeche Noticias","potentialAction":[{"@type":"SearchAction","target":{"@type":"EntryPoint","urlTemplate":"https:\/\/campeche-noticias.com\/?s={search_term_string}"},"query-input":{"@type":"PropertyValueSpecification","valueRequired":true,"valueName":"search_term_string"}}],"inLanguage":"es"},{"@type":"Person","@id":"https:\/\/campeche-noticias.com\/#\/schema\/person\/7940c228049cff34b4cc679f887362f1","name":"admin","sameAs":["https:\/\/campeche-noticias.com"],"url":"https:\/\/campeche-noticias.com\/?author=1"}]}},"_links":{"self":[{"href":"https:\/\/campeche-noticias.com\/index.php?rest_route=\/wp\/v2\/posts\/26959","targetHints":{"allow":["GET"]}}],"collection":[{"href":"https:\/\/campeche-noticias.com\/index.php?rest_route=\/wp\/v2\/posts"}],"about":[{"href":"https:\/\/campeche-noticias.com\/index.php?rest_route=\/wp\/v2\/types\/post"}],"author":[{"embeddable":true,"href":"https:\/\/campeche-noticias.com\/index.php?rest_route=\/wp\/v2\/users\/1"}],"replies":[{"embeddable":true,"href":"https:\/\/campeche-noticias.com\/index.php?rest_route=%2Fwp%2Fv2%2Fcomments&post=26959"}],"version-history":[{"count":1,"href":"https:\/\/campeche-noticias.com\/index.php?rest_route=\/wp\/v2\/posts\/26959\/revisions"}],"predecessor-version":[{"id":26960,"href":"https:\/\/campeche-noticias.com\/index.php?rest_route=\/wp\/v2\/posts\/26959\/revisions\/26960"}],"wp:featuredmedia":[{"embeddable":true,"href":"https:\/\/campeche-noticias.com\/index.php?rest_route=\/wp\/v2\/media\/26961"}],"wp:attachment":[{"href":"https:\/\/campeche-noticias.com\/index.php?rest_route=%2Fwp%2Fv2%2Fmedia&parent=26959"}],"wp:term":[{"taxonomy":"category","embeddable":true,"href":"https:\/\/campeche-noticias.com\/index.php?rest_route=%2Fwp%2Fv2%2Fcategories&post=26959"},{"taxonomy":"post_tag","embeddable":true,"href":"https:\/\/campeche-noticias.com\/index.php?rest_route=%2Fwp%2Fv2%2Ftags&post=26959"}],"curies":[{"name":"wp","href":"https:\/\/api.w.org\/{rel}","templated":true}]}}