{"id":26616,"date":"2025-05-30T08:00:58","date_gmt":"2025-05-30T13:00:58","guid":{"rendered":"https:\/\/campeche-noticias.com\/?p=26616"},"modified":"2025-05-30T14:21:13","modified_gmt":"2025-05-30T14:21:13","slug":"checo-perez-no-se-cierra-a-un-regreso-a-formula-1-no-he-cerrado-mi-carrera","status":"publish","type":"post","link":"https:\/\/campeche-noticias.com\/?p=26616","title":{"rendered":"Checo P\u00e9rez no se cierra a un regreso a F\u00f3rmula 1: \u00abNo he cerrado mi carrera\u00bb"},"content":{"rendered":"<p>\ud83d\udd38 El piloto mexicano habl\u00f3 sobre su festival en un evento en Puebla<\/p>\n<p>#DEPORTES | Sergio &#8216;Checo&#8217; P\u00e9rez tiene claro que su salida de Red Bull no fue c\u00f3mo esperaba. Sin embargo, todav\u00eda no ha tomado una decisi\u00f3n con respecto a su futuro.<\/p>\n<p>Durante su presentaci\u00f3n en el Festival de las Ideas, en Puebla, el mexicano habl\u00f3 sobre su posible regreso a la F\u00f3rmula 1 y dej\u00f3 claro que, a diferencia de lo que dicen los rumores, por ahora no ha firmado con ninguna escuder\u00eda. \u00abEstoy desempleado, todav\u00eda no tengo chamba\u00bb.<\/p>\n<p>\u00abNo s\u00e9 qu\u00e9 pasar\u00e1 en el futuro, pero estoy consciento de que no he cerrado mi carrera como me gustar\u00eda y como mi pa\u00eds se lo merece. Necesito la motivaci\u00f3n de un proyecto para regresar\u00bb, y a\u00f1adi\u00f3 que no se despidi\u00f3 como quer\u00eda. \u00abSi hay un proyecto s\u00f3lido, ni lo duden (que volver\u00e1 a la F1)\u00bb.<\/p>\n<p>Si bien no quiso poner una fecha para anunciar qu\u00e9 har\u00e1 con su carrera, P\u00e9rez Mendoza asegur\u00f3 que \u00ablas cosas se van a empezar a mover\u00bb pronto. Del 3 al 31 de agosto, la categor\u00eda tendr\u00e1 su tradicional pausa de verano, por lo que se espera que en dichas semanas haya noticia, durante la llamada \u00abSilly Season\u00bb.<\/p>\n<p>\u00abLas cosas se van a empezar a mover en los pr\u00f3ximos meses y ah\u00ed vamos a tomar una decisi\u00f3n. Despu\u00e9s de toda la carrera que he tenido y con mi familia, no puedo volver a un proyecto que no est\u00e9 seguro\u00bb, y a\u00f1adi\u00f3 que no cree que le afecte volver para 2026 con una nueva reglamentaci\u00f3n. \u00abNo pierdo mucho porque todos tenemos que adaptarnos a los nuevos reglajes\u00bb.<\/p>\n<p>Por \u00faltimo, el tapat\u00edo comparti\u00f3 la alegr\u00eda que siente al inspirar a todo un pa\u00eds. \u00abHoy en d\u00eda miro atr\u00e1s y es haber inspirado a much\u00edsimos j\u00f3venes que buscan ser mejor que Checo P\u00e9rez. Eso ha sido mi legado m\u00e1s importante, lo m\u00e1s especial para m\u00ed\u00bb.<\/p>\n","protected":false},"excerpt":{"rendered":"<p>\ud83d\udd38 El piloto mexicano habl\u00f3 sobre su festival en un evento en Puebla #DEPORTES |<\/p>\n","protected":false},"author":1,"featured_media":26618,"comment_status":"open","ping_status":"closed","sticky":false,"template":"","format":"standard","meta":{"footnotes":""},"categories":[3],"tags":[],"class_list":["post-26616","post","type-post","status-publish","format-standard","has-post-thumbnail","hentry","category-deportes"],"yoast_head":"<!-- This site is optimized with the Yoast SEO plugin v27.4 - https:\/\/yoast.com\/product\/yoast-seo-wordpress\/ -->\n<title>Checo P\u00e9rez no se cierra a un regreso a F\u00f3rmula 1: &quot;No he cerrado mi carrera&quot; - Campeche Noticias<\/title>\n<meta name=\"robots\" content=\"index, follow, max-snippet:-1, max-image-preview:large, max-video-preview:-1\" \/>\n<link rel=\"canonical\" href=\"https:\/\/campeche-noticias.com\/?p=26616\" \/>\n<meta property=\"og:locale\" content=\"es_ES\" \/>\n<meta property=\"og:type\" content=\"article\" \/>\n<meta property=\"og:title\" content=\"Checo P\u00e9rez no se cierra a un regreso a F\u00f3rmula 1: &quot;No he cerrado mi carrera&quot; - Campeche Noticias\" \/>\n<meta property=\"og:description\" content=\"\ud83d\udd38 El piloto mexicano habl\u00f3 sobre su festival en un evento en Puebla #DEPORTES |\" \/>\n<meta property=\"og:url\" content=\"https:\/\/campeche-noticias.com\/?p=26616\" \/>\n<meta property=\"og:site_name\" content=\"Campeche Noticias\" \/>\n<meta property=\"article:published_time\" content=\"2025-05-30T13:00:58+00:00\" \/>\n<meta property=\"article:modified_time\" content=\"2025-05-30T14:21:13+00:00\" \/>\n<meta name=\"author\" content=\"admin\" \/>\n<meta name=\"twitter:card\" content=\"summary_large_image\" \/>\n<meta name=\"twitter:label1\" content=\"Escrito por\" \/>\n\t<meta name=\"twitter:data1\" content=\"admin\" \/>\n\t<meta name=\"twitter:label2\" content=\"Tiempo de lectura\" \/>\n\t<meta name=\"twitter:data2\" content=\"2 minutos\" \/>\n<script type=\"application\/ld+json\" class=\"yoast-schema-graph\">{\"@context\":\"https:\\\/\\\/schema.org\",\"@graph\":[{\"@type\":\"Article\",\"@id\":\"https:\\\/\\\/campeche-noticias.com\\\/?p=26616#article\",\"isPartOf\":{\"@id\":\"https:\\\/\\\/campeche-noticias.com\\\/?p=26616\"},\"author\":{\"name\":\"admin\",\"@id\":\"https:\\\/\\\/campeche-noticias.com\\\/#\\\/schema\\\/person\\\/7940c228049cff34b4cc679f887362f1\"},\"headline\":\"Checo P\u00e9rez no se cierra a un regreso a F\u00f3rmula 1: \u00abNo he cerrado mi carrera\u00bb\",\"datePublished\":\"2025-05-30T13:00:58+00:00\",\"dateModified\":\"2025-05-30T14:21:13+00:00\",\"mainEntityOfPage\":{\"@id\":\"https:\\\/\\\/campeche-noticias.com\\\/?p=26616\"},\"wordCount\":360,\"commentCount\":0,\"image\":{\"@id\":\"https:\\\/\\\/campeche-noticias.com\\\/?p=26616#primaryimage\"},\"thumbnailUrl\":\"https:\\\/\\\/campeche-noticias.com\\\/wp-content\\\/uploads\\\/2025\\\/05\\\/WhatsApp-Image-2025-05-30-at-07.42.02.jpeg\",\"articleSection\":[\"Deportes\"],\"inLanguage\":\"es\",\"potentialAction\":[{\"@type\":\"CommentAction\",\"name\":\"Comment\",\"target\":[\"https:\\\/\\\/campeche-noticias.com\\\/?p=26616#respond\"]}]},{\"@type\":\"WebPage\",\"@id\":\"https:\\\/\\\/campeche-noticias.com\\\/?p=26616\",\"url\":\"https:\\\/\\\/campeche-noticias.com\\\/?p=26616\",\"name\":\"Checo P\u00e9rez no se cierra a un regreso a F\u00f3rmula 1: \\\"No he cerrado mi carrera\\\" - Campeche Noticias\",\"isPartOf\":{\"@id\":\"https:\\\/\\\/campeche-noticias.com\\\/#website\"},\"primaryImageOfPage\":{\"@id\":\"https:\\\/\\\/campeche-noticias.com\\\/?p=26616#primaryimage\"},\"image\":{\"@id\":\"https:\\\/\\\/campeche-noticias.com\\\/?p=26616#primaryimage\"},\"thumbnailUrl\":\"https:\\\/\\\/campeche-noticias.com\\\/wp-content\\\/uploads\\\/2025\\\/05\\\/WhatsApp-Image-2025-05-30-at-07.42.02.jpeg\",\"datePublished\":\"2025-05-30T13:00:58+00:00\",\"dateModified\":\"2025-05-30T14:21:13+00:00\",\"author\":{\"@id\":\"https:\\\/\\\/campeche-noticias.com\\\/#\\\/schema\\\/person\\\/7940c228049cff34b4cc679f887362f1\"},\"breadcrumb\":{\"@id\":\"https:\\\/\\\/campeche-noticias.com\\\/?p=26616#breadcrumb\"},\"inLanguage\":\"es\",\"potentialAction\":[{\"@type\":\"ReadAction\",\"target\":[\"https:\\\/\\\/campeche-noticias.com\\\/?p=26616\"]}]},{\"@type\":\"ImageObject\",\"inLanguage\":\"es\",\"@id\":\"https:\\\/\\\/campeche-noticias.com\\\/?p=26616#primaryimage\",\"url\":\"https:\\\/\\\/campeche-noticias.com\\\/wp-content\\\/uploads\\\/2025\\\/05\\\/WhatsApp-Image-2025-05-30-at-07.42.02.jpeg\",\"contentUrl\":\"https:\\\/\\\/campeche-noticias.com\\\/wp-content\\\/uploads\\\/2025\\\/05\\\/WhatsApp-Image-2025-05-30-at-07.42.02.jpeg\",\"width\":1004,\"height\":565},{\"@type\":\"BreadcrumbList\",\"@id\":\"https:\\\/\\\/campeche-noticias.com\\\/?p=26616#breadcrumb\",\"itemListElement\":[{\"@type\":\"ListItem\",\"position\":1,\"name\":\"Portada\",\"item\":\"https:\\\/\\\/campeche-noticias.com\\\/\"},{\"@type\":\"ListItem\",\"position\":2,\"name\":\"Checo P\u00e9rez no se cierra a un regreso a F\u00f3rmula 1: \u00abNo he cerrado mi carrera\u00bb\"}]},{\"@type\":\"WebSite\",\"@id\":\"https:\\\/\\\/campeche-noticias.com\\\/#website\",\"url\":\"https:\\\/\\\/campeche-noticias.com\\\/\",\"name\":\"Campeche Noticias\",\"description\":\"Campeche Noticias\",\"potentialAction\":[{\"@type\":\"SearchAction\",\"target\":{\"@type\":\"EntryPoint\",\"urlTemplate\":\"https:\\\/\\\/campeche-noticias.com\\\/?s={search_term_string}\"},\"query-input\":{\"@type\":\"PropertyValueSpecification\",\"valueRequired\":true,\"valueName\":\"search_term_string\"}}],\"inLanguage\":\"es\"},{\"@type\":\"Person\",\"@id\":\"https:\\\/\\\/campeche-noticias.com\\\/#\\\/schema\\\/person\\\/7940c228049cff34b4cc679f887362f1\",\"name\":\"admin\",\"sameAs\":[\"https:\\\/\\\/campeche-noticias.com\"],\"url\":\"https:\\\/\\\/campeche-noticias.com\\\/?author=1\"}]}<\/script>\n<!-- \/ Yoast SEO plugin. -->","yoast_head_json":{"title":"Checo P\u00e9rez no se cierra a un regreso a F\u00f3rmula 1: \"No he cerrado mi carrera\" - Campeche Noticias","robots":{"index":"index","follow":"follow","max-snippet":"max-snippet:-1","max-image-preview":"max-image-preview:large","max-video-preview":"max-video-preview:-1"},"canonical":"https:\/\/campeche-noticias.com\/?p=26616","og_locale":"es_ES","og_type":"article","og_title":"Checo P\u00e9rez no se cierra a un regreso a F\u00f3rmula 1: \"No he cerrado mi carrera\" - Campeche Noticias","og_description":"\ud83d\udd38 El piloto mexicano habl\u00f3 sobre su festival en un evento en Puebla #DEPORTES |","og_url":"https:\/\/campeche-noticias.com\/?p=26616","og_site_name":"Campeche Noticias","article_published_time":"2025-05-30T13:00:58+00:00","article_modified_time":"2025-05-30T14:21:13+00:00","author":"admin","twitter_card":"summary_large_image","twitter_misc":{"Escrito por":"admin","Tiempo de lectura":"2 minutos"},"schema":{"@context":"https:\/\/schema.org","@graph":[{"@type":"Article","@id":"https:\/\/campeche-noticias.com\/?p=26616#article","isPartOf":{"@id":"https:\/\/campeche-noticias.com\/?p=26616"},"author":{"name":"admin","@id":"https:\/\/campeche-noticias.com\/#\/schema\/person\/7940c228049cff34b4cc679f887362f1"},"headline":"Checo P\u00e9rez no se cierra a un regreso a F\u00f3rmula 1: \u00abNo he cerrado mi carrera\u00bb","datePublished":"2025-05-30T13:00:58+00:00","dateModified":"2025-05-30T14:21:13+00:00","mainEntityOfPage":{"@id":"https:\/\/campeche-noticias.com\/?p=26616"},"wordCount":360,"commentCount":0,"image":{"@id":"https:\/\/campeche-noticias.com\/?p=26616#primaryimage"},"thumbnailUrl":"https:\/\/campeche-noticias.com\/wp-content\/uploads\/2025\/05\/WhatsApp-Image-2025-05-30-at-07.42.02.jpeg","articleSection":["Deportes"],"inLanguage":"es","potentialAction":[{"@type":"CommentAction","name":"Comment","target":["https:\/\/campeche-noticias.com\/?p=26616#respond"]}]},{"@type":"WebPage","@id":"https:\/\/campeche-noticias.com\/?p=26616","url":"https:\/\/campeche-noticias.com\/?p=26616","name":"Checo P\u00e9rez no se cierra a un regreso a F\u00f3rmula 1: \"No he cerrado mi carrera\" - Campeche Noticias","isPartOf":{"@id":"https:\/\/campeche-noticias.com\/#website"},"primaryImageOfPage":{"@id":"https:\/\/campeche-noticias.com\/?p=26616#primaryimage"},"image":{"@id":"https:\/\/campeche-noticias.com\/?p=26616#primaryimage"},"thumbnailUrl":"https:\/\/campeche-noticias.com\/wp-content\/uploads\/2025\/05\/WhatsApp-Image-2025-05-30-at-07.42.02.jpeg","datePublished":"2025-05-30T13:00:58+00:00","dateModified":"2025-05-30T14:21:13+00:00","author":{"@id":"https:\/\/campeche-noticias.com\/#\/schema\/person\/7940c228049cff34b4cc679f887362f1"},"breadcrumb":{"@id":"https:\/\/campeche-noticias.com\/?p=26616#breadcrumb"},"inLanguage":"es","potentialAction":[{"@type":"ReadAction","target":["https:\/\/campeche-noticias.com\/?p=26616"]}]},{"@type":"ImageObject","inLanguage":"es","@id":"https:\/\/campeche-noticias.com\/?p=26616#primaryimage","url":"https:\/\/campeche-noticias.com\/wp-content\/uploads\/2025\/05\/WhatsApp-Image-2025-05-30-at-07.42.02.jpeg","contentUrl":"https:\/\/campeche-noticias.com\/wp-content\/uploads\/2025\/05\/WhatsApp-Image-2025-05-30-at-07.42.02.jpeg","width":1004,"height":565},{"@type":"BreadcrumbList","@id":"https:\/\/campeche-noticias.com\/?p=26616#breadcrumb","itemListElement":[{"@type":"ListItem","position":1,"name":"Portada","item":"https:\/\/campeche-noticias.com\/"},{"@type":"ListItem","position":2,"name":"Checo P\u00e9rez no se cierra a un regreso a F\u00f3rmula 1: \u00abNo he cerrado mi carrera\u00bb"}]},{"@type":"WebSite","@id":"https:\/\/campeche-noticias.com\/#website","url":"https:\/\/campeche-noticias.com\/","name":"Campeche Noticias","description":"Campeche Noticias","potentialAction":[{"@type":"SearchAction","target":{"@type":"EntryPoint","urlTemplate":"https:\/\/campeche-noticias.com\/?s={search_term_string}"},"query-input":{"@type":"PropertyValueSpecification","valueRequired":true,"valueName":"search_term_string"}}],"inLanguage":"es"},{"@type":"Person","@id":"https:\/\/campeche-noticias.com\/#\/schema\/person\/7940c228049cff34b4cc679f887362f1","name":"admin","sameAs":["https:\/\/campeche-noticias.com"],"url":"https:\/\/campeche-noticias.com\/?author=1"}]}},"_links":{"self":[{"href":"https:\/\/campeche-noticias.com\/index.php?rest_route=\/wp\/v2\/posts\/26616","targetHints":{"allow":["GET"]}}],"collection":[{"href":"https:\/\/campeche-noticias.com\/index.php?rest_route=\/wp\/v2\/posts"}],"about":[{"href":"https:\/\/campeche-noticias.com\/index.php?rest_route=\/wp\/v2\/types\/post"}],"author":[{"embeddable":true,"href":"https:\/\/campeche-noticias.com\/index.php?rest_route=\/wp\/v2\/users\/1"}],"replies":[{"embeddable":true,"href":"https:\/\/campeche-noticias.com\/index.php?rest_route=%2Fwp%2Fv2%2Fcomments&post=26616"}],"version-history":[{"count":1,"href":"https:\/\/campeche-noticias.com\/index.php?rest_route=\/wp\/v2\/posts\/26616\/revisions"}],"predecessor-version":[{"id":26617,"href":"https:\/\/campeche-noticias.com\/index.php?rest_route=\/wp\/v2\/posts\/26616\/revisions\/26617"}],"wp:featuredmedia":[{"embeddable":true,"href":"https:\/\/campeche-noticias.com\/index.php?rest_route=\/wp\/v2\/media\/26618"}],"wp:attachment":[{"href":"https:\/\/campeche-noticias.com\/index.php?rest_route=%2Fwp%2Fv2%2Fmedia&parent=26616"}],"wp:term":[{"taxonomy":"category","embeddable":true,"href":"https:\/\/campeche-noticias.com\/index.php?rest_route=%2Fwp%2Fv2%2Fcategories&post=26616"},{"taxonomy":"post_tag","embeddable":true,"href":"https:\/\/campeche-noticias.com\/index.php?rest_route=%2Fwp%2Fv2%2Ftags&post=26616"}],"curies":[{"name":"wp","href":"https:\/\/api.w.org\/{rel}","templated":true}]}}