{"id":26349,"date":"2025-05-16T09:00:18","date_gmt":"2025-05-16T14:00:18","guid":{"rendered":"https:\/\/campeche-noticias.com\/?p=26349"},"modified":"2025-05-23T14:19:09","modified_gmt":"2025-05-23T14:19:09","slug":"claudia-sheinbaum-sostuvo-llamada-con-mark-carney-primer-ministro-de-canada","status":"publish","type":"post","link":"https:\/\/campeche-noticias.com\/?p=26349","title":{"rendered":"Claudia Sheinbaum sostuvo llamada con Mark Carney, primer ministro de Canad\u00e1"},"content":{"rendered":"<p>\ud83d\udd38 Durante su conversaci\u00f3n dialogaron sobre asuntos prioritarios de relaci\u00f3n bilateral e importancia del T-MEC, seg\u00fan dio a conocer el gobierno federal.<\/p>\n<p>#NACIONAL | La presidenta Claudia Sheinbaum Pardo sostuvo el d\u00eda de ayer una llamada con el primer ministro de Canad\u00e1, Mark Carney, donde dialogaron sobre \u201clos asuntos prioritarios de la relaci\u00f3n bilateral y la importancia del T-MEC para fortalecer la competitividad de los tres pa\u00edses de Am\u00e9rica del Norte\u201d.<\/p>\n<p>El Gobierno de M\u00e9xico inform\u00f3 que durante la charla, la mandataria federal felicit\u00f3 al ministro canadiense por la ratificaci\u00f3n de su mandato.<\/p>\n<p>Adem\u00e1s, trataron la continuidad y fortalecimiento del Programa de Trabajadores Agr\u00edcolas Temporales.<\/p>\n<p>\u201cLa presidenta Claudia Sheinbaum convers\u00f3 telef\u00f3nicamente con el primer ministro de Canad\u00e1, Mark Carney, a quien felicit\u00f3 por la ratificaci\u00f3n de su mandato. Dialogaron sobre asuntos prioritarios de la relaci\u00f3n bilateral, la continuidad y fortalecimiento del Programa de Trabajadores Agr\u00edcolas Temporales, as\u00ed como la importancia del T-MEC para fortalecer la competitividad de los tres pa\u00edses de Am\u00e9rica del Norte\u201d, se\u00f1al\u00f3.<\/p>\n<p>M\u00e1s temprano, en la Ma\u00f1anera del Pueblo, desde Palacio Nacional, el secretario de Econom\u00eda, Marcelo Ebrard anticip\u00f3 un di\u00e1logo activo\u00a0con los gobiernos de Estados Unidos y Canad\u00e1, como parte del inicio del proceso de consultas para revisar el T-MEC.<\/p>\n<p>\u201cNo es tanto que se adelante, sino fijar que, a partir de esas fechas, estimamos que vamos a tener ya un di\u00e1logo muy importante en derredor, en torno al Tratado.\u00a0Tambi\u00e9n va a participar Canad\u00e1, que ahora tiene su nuevo gobierno, vamos a estar en comunicaci\u00f3n con ellos\u201d, declar\u00f3.<\/p>\n","protected":false},"excerpt":{"rendered":"<p>\ud83d\udd38 Durante su conversaci\u00f3n dialogaron sobre asuntos prioritarios de relaci\u00f3n bilateral e importancia del T-MEC,<\/p>\n","protected":false},"author":1,"featured_media":26351,"comment_status":"open","ping_status":"closed","sticky":false,"template":"","format":"standard","meta":{"footnotes":""},"categories":[4],"tags":[],"class_list":["post-26349","post","type-post","status-publish","format-standard","has-post-thumbnail","hentry","category-nacional"],"yoast_head":"<!-- This site is optimized with the Yoast SEO plugin v27.4 - https:\/\/yoast.com\/product\/yoast-seo-wordpress\/ -->\n<title>Claudia Sheinbaum sostuvo llamada con Mark Carney, primer ministro de Canad\u00e1 - Campeche Noticias<\/title>\n<meta name=\"robots\" content=\"index, follow, max-snippet:-1, max-image-preview:large, max-video-preview:-1\" \/>\n<link rel=\"canonical\" href=\"https:\/\/campeche-noticias.com\/?p=26349\" \/>\n<meta property=\"og:locale\" content=\"es_ES\" \/>\n<meta property=\"og:type\" content=\"article\" \/>\n<meta property=\"og:title\" content=\"Claudia Sheinbaum sostuvo llamada con Mark Carney, primer ministro de Canad\u00e1 - Campeche Noticias\" \/>\n<meta property=\"og:description\" content=\"\ud83d\udd38 Durante su conversaci\u00f3n dialogaron sobre asuntos prioritarios de relaci\u00f3n bilateral e importancia del T-MEC,\" \/>\n<meta property=\"og:url\" content=\"https:\/\/campeche-noticias.com\/?p=26349\" \/>\n<meta property=\"og:site_name\" content=\"Campeche Noticias\" \/>\n<meta property=\"article:published_time\" content=\"2025-05-16T14:00:18+00:00\" \/>\n<meta property=\"article:modified_time\" content=\"2025-05-23T14:19:09+00:00\" \/>\n<meta name=\"author\" content=\"admin\" \/>\n<meta name=\"twitter:card\" content=\"summary_large_image\" \/>\n<meta name=\"twitter:label1\" content=\"Escrito por\" \/>\n\t<meta name=\"twitter:data1\" content=\"admin\" \/>\n\t<meta name=\"twitter:label2\" content=\"Tiempo de lectura\" \/>\n\t<meta name=\"twitter:data2\" content=\"1 minuto\" \/>\n<script type=\"application\/ld+json\" class=\"yoast-schema-graph\">{\"@context\":\"https:\\\/\\\/schema.org\",\"@graph\":[{\"@type\":\"Article\",\"@id\":\"https:\\\/\\\/campeche-noticias.com\\\/?p=26349#article\",\"isPartOf\":{\"@id\":\"https:\\\/\\\/campeche-noticias.com\\\/?p=26349\"},\"author\":{\"name\":\"admin\",\"@id\":\"https:\\\/\\\/campeche-noticias.com\\\/#\\\/schema\\\/person\\\/7940c228049cff34b4cc679f887362f1\"},\"headline\":\"Claudia Sheinbaum sostuvo llamada con Mark Carney, primer ministro de Canad\u00e1\",\"datePublished\":\"2025-05-16T14:00:18+00:00\",\"dateModified\":\"2025-05-23T14:19:09+00:00\",\"mainEntityOfPage\":{\"@id\":\"https:\\\/\\\/campeche-noticias.com\\\/?p=26349\"},\"wordCount\":288,\"commentCount\":0,\"image\":{\"@id\":\"https:\\\/\\\/campeche-noticias.com\\\/?p=26349#primaryimage\"},\"thumbnailUrl\":\"https:\\\/\\\/campeche-noticias.com\\\/wp-content\\\/uploads\\\/2025\\\/05\\\/WhatsApp-Image-2025-05-16-at-08.08.51-1.jpeg\",\"articleSection\":[\"Nacional\"],\"inLanguage\":\"es\",\"potentialAction\":[{\"@type\":\"CommentAction\",\"name\":\"Comment\",\"target\":[\"https:\\\/\\\/campeche-noticias.com\\\/?p=26349#respond\"]}]},{\"@type\":\"WebPage\",\"@id\":\"https:\\\/\\\/campeche-noticias.com\\\/?p=26349\",\"url\":\"https:\\\/\\\/campeche-noticias.com\\\/?p=26349\",\"name\":\"Claudia Sheinbaum sostuvo llamada con Mark Carney, primer ministro de Canad\u00e1 - Campeche Noticias\",\"isPartOf\":{\"@id\":\"https:\\\/\\\/campeche-noticias.com\\\/#website\"},\"primaryImageOfPage\":{\"@id\":\"https:\\\/\\\/campeche-noticias.com\\\/?p=26349#primaryimage\"},\"image\":{\"@id\":\"https:\\\/\\\/campeche-noticias.com\\\/?p=26349#primaryimage\"},\"thumbnailUrl\":\"https:\\\/\\\/campeche-noticias.com\\\/wp-content\\\/uploads\\\/2025\\\/05\\\/WhatsApp-Image-2025-05-16-at-08.08.51-1.jpeg\",\"datePublished\":\"2025-05-16T14:00:18+00:00\",\"dateModified\":\"2025-05-23T14:19:09+00:00\",\"author\":{\"@id\":\"https:\\\/\\\/campeche-noticias.com\\\/#\\\/schema\\\/person\\\/7940c228049cff34b4cc679f887362f1\"},\"breadcrumb\":{\"@id\":\"https:\\\/\\\/campeche-noticias.com\\\/?p=26349#breadcrumb\"},\"inLanguage\":\"es\",\"potentialAction\":[{\"@type\":\"ReadAction\",\"target\":[\"https:\\\/\\\/campeche-noticias.com\\\/?p=26349\"]}]},{\"@type\":\"ImageObject\",\"inLanguage\":\"es\",\"@id\":\"https:\\\/\\\/campeche-noticias.com\\\/?p=26349#primaryimage\",\"url\":\"https:\\\/\\\/campeche-noticias.com\\\/wp-content\\\/uploads\\\/2025\\\/05\\\/WhatsApp-Image-2025-05-16-at-08.08.51-1.jpeg\",\"contentUrl\":\"https:\\\/\\\/campeche-noticias.com\\\/wp-content\\\/uploads\\\/2025\\\/05\\\/WhatsApp-Image-2025-05-16-at-08.08.51-1.jpeg\",\"width\":989,\"height\":601},{\"@type\":\"BreadcrumbList\",\"@id\":\"https:\\\/\\\/campeche-noticias.com\\\/?p=26349#breadcrumb\",\"itemListElement\":[{\"@type\":\"ListItem\",\"position\":1,\"name\":\"Portada\",\"item\":\"https:\\\/\\\/campeche-noticias.com\\\/\"},{\"@type\":\"ListItem\",\"position\":2,\"name\":\"Claudia Sheinbaum sostuvo llamada con Mark Carney, primer ministro de Canad\u00e1\"}]},{\"@type\":\"WebSite\",\"@id\":\"https:\\\/\\\/campeche-noticias.com\\\/#website\",\"url\":\"https:\\\/\\\/campeche-noticias.com\\\/\",\"name\":\"Campeche Noticias\",\"description\":\"Campeche Noticias\",\"potentialAction\":[{\"@type\":\"SearchAction\",\"target\":{\"@type\":\"EntryPoint\",\"urlTemplate\":\"https:\\\/\\\/campeche-noticias.com\\\/?s={search_term_string}\"},\"query-input\":{\"@type\":\"PropertyValueSpecification\",\"valueRequired\":true,\"valueName\":\"search_term_string\"}}],\"inLanguage\":\"es\"},{\"@type\":\"Person\",\"@id\":\"https:\\\/\\\/campeche-noticias.com\\\/#\\\/schema\\\/person\\\/7940c228049cff34b4cc679f887362f1\",\"name\":\"admin\",\"sameAs\":[\"https:\\\/\\\/campeche-noticias.com\"],\"url\":\"https:\\\/\\\/campeche-noticias.com\\\/?author=1\"}]}<\/script>\n<!-- \/ Yoast SEO plugin. -->","yoast_head_json":{"title":"Claudia Sheinbaum sostuvo llamada con Mark Carney, primer ministro de Canad\u00e1 - Campeche Noticias","robots":{"index":"index","follow":"follow","max-snippet":"max-snippet:-1","max-image-preview":"max-image-preview:large","max-video-preview":"max-video-preview:-1"},"canonical":"https:\/\/campeche-noticias.com\/?p=26349","og_locale":"es_ES","og_type":"article","og_title":"Claudia Sheinbaum sostuvo llamada con Mark Carney, primer ministro de Canad\u00e1 - Campeche Noticias","og_description":"\ud83d\udd38 Durante su conversaci\u00f3n dialogaron sobre asuntos prioritarios de relaci\u00f3n bilateral e importancia del T-MEC,","og_url":"https:\/\/campeche-noticias.com\/?p=26349","og_site_name":"Campeche Noticias","article_published_time":"2025-05-16T14:00:18+00:00","article_modified_time":"2025-05-23T14:19:09+00:00","author":"admin","twitter_card":"summary_large_image","twitter_misc":{"Escrito por":"admin","Tiempo de lectura":"1 minuto"},"schema":{"@context":"https:\/\/schema.org","@graph":[{"@type":"Article","@id":"https:\/\/campeche-noticias.com\/?p=26349#article","isPartOf":{"@id":"https:\/\/campeche-noticias.com\/?p=26349"},"author":{"name":"admin","@id":"https:\/\/campeche-noticias.com\/#\/schema\/person\/7940c228049cff34b4cc679f887362f1"},"headline":"Claudia Sheinbaum sostuvo llamada con Mark Carney, primer ministro de Canad\u00e1","datePublished":"2025-05-16T14:00:18+00:00","dateModified":"2025-05-23T14:19:09+00:00","mainEntityOfPage":{"@id":"https:\/\/campeche-noticias.com\/?p=26349"},"wordCount":288,"commentCount":0,"image":{"@id":"https:\/\/campeche-noticias.com\/?p=26349#primaryimage"},"thumbnailUrl":"https:\/\/campeche-noticias.com\/wp-content\/uploads\/2025\/05\/WhatsApp-Image-2025-05-16-at-08.08.51-1.jpeg","articleSection":["Nacional"],"inLanguage":"es","potentialAction":[{"@type":"CommentAction","name":"Comment","target":["https:\/\/campeche-noticias.com\/?p=26349#respond"]}]},{"@type":"WebPage","@id":"https:\/\/campeche-noticias.com\/?p=26349","url":"https:\/\/campeche-noticias.com\/?p=26349","name":"Claudia Sheinbaum sostuvo llamada con Mark Carney, primer ministro de Canad\u00e1 - Campeche Noticias","isPartOf":{"@id":"https:\/\/campeche-noticias.com\/#website"},"primaryImageOfPage":{"@id":"https:\/\/campeche-noticias.com\/?p=26349#primaryimage"},"image":{"@id":"https:\/\/campeche-noticias.com\/?p=26349#primaryimage"},"thumbnailUrl":"https:\/\/campeche-noticias.com\/wp-content\/uploads\/2025\/05\/WhatsApp-Image-2025-05-16-at-08.08.51-1.jpeg","datePublished":"2025-05-16T14:00:18+00:00","dateModified":"2025-05-23T14:19:09+00:00","author":{"@id":"https:\/\/campeche-noticias.com\/#\/schema\/person\/7940c228049cff34b4cc679f887362f1"},"breadcrumb":{"@id":"https:\/\/campeche-noticias.com\/?p=26349#breadcrumb"},"inLanguage":"es","potentialAction":[{"@type":"ReadAction","target":["https:\/\/campeche-noticias.com\/?p=26349"]}]},{"@type":"ImageObject","inLanguage":"es","@id":"https:\/\/campeche-noticias.com\/?p=26349#primaryimage","url":"https:\/\/campeche-noticias.com\/wp-content\/uploads\/2025\/05\/WhatsApp-Image-2025-05-16-at-08.08.51-1.jpeg","contentUrl":"https:\/\/campeche-noticias.com\/wp-content\/uploads\/2025\/05\/WhatsApp-Image-2025-05-16-at-08.08.51-1.jpeg","width":989,"height":601},{"@type":"BreadcrumbList","@id":"https:\/\/campeche-noticias.com\/?p=26349#breadcrumb","itemListElement":[{"@type":"ListItem","position":1,"name":"Portada","item":"https:\/\/campeche-noticias.com\/"},{"@type":"ListItem","position":2,"name":"Claudia Sheinbaum sostuvo llamada con Mark Carney, primer ministro de Canad\u00e1"}]},{"@type":"WebSite","@id":"https:\/\/campeche-noticias.com\/#website","url":"https:\/\/campeche-noticias.com\/","name":"Campeche Noticias","description":"Campeche Noticias","potentialAction":[{"@type":"SearchAction","target":{"@type":"EntryPoint","urlTemplate":"https:\/\/campeche-noticias.com\/?s={search_term_string}"},"query-input":{"@type":"PropertyValueSpecification","valueRequired":true,"valueName":"search_term_string"}}],"inLanguage":"es"},{"@type":"Person","@id":"https:\/\/campeche-noticias.com\/#\/schema\/person\/7940c228049cff34b4cc679f887362f1","name":"admin","sameAs":["https:\/\/campeche-noticias.com"],"url":"https:\/\/campeche-noticias.com\/?author=1"}]}},"_links":{"self":[{"href":"https:\/\/campeche-noticias.com\/index.php?rest_route=\/wp\/v2\/posts\/26349","targetHints":{"allow":["GET"]}}],"collection":[{"href":"https:\/\/campeche-noticias.com\/index.php?rest_route=\/wp\/v2\/posts"}],"about":[{"href":"https:\/\/campeche-noticias.com\/index.php?rest_route=\/wp\/v2\/types\/post"}],"author":[{"embeddable":true,"href":"https:\/\/campeche-noticias.com\/index.php?rest_route=\/wp\/v2\/users\/1"}],"replies":[{"embeddable":true,"href":"https:\/\/campeche-noticias.com\/index.php?rest_route=%2Fwp%2Fv2%2Fcomments&post=26349"}],"version-history":[{"count":1,"href":"https:\/\/campeche-noticias.com\/index.php?rest_route=\/wp\/v2\/posts\/26349\/revisions"}],"predecessor-version":[{"id":26350,"href":"https:\/\/campeche-noticias.com\/index.php?rest_route=\/wp\/v2\/posts\/26349\/revisions\/26350"}],"wp:featuredmedia":[{"embeddable":true,"href":"https:\/\/campeche-noticias.com\/index.php?rest_route=\/wp\/v2\/media\/26351"}],"wp:attachment":[{"href":"https:\/\/campeche-noticias.com\/index.php?rest_route=%2Fwp%2Fv2%2Fmedia&parent=26349"}],"wp:term":[{"taxonomy":"category","embeddable":true,"href":"https:\/\/campeche-noticias.com\/index.php?rest_route=%2Fwp%2Fv2%2Fcategories&post=26349"},{"taxonomy":"post_tag","embeddable":true,"href":"https:\/\/campeche-noticias.com\/index.php?rest_route=%2Fwp%2Fv2%2Ftags&post=26349"}],"curies":[{"name":"wp","href":"https:\/\/api.w.org\/{rel}","templated":true}]}}