{"id":26057,"date":"2025-05-14T11:40:37","date_gmt":"2025-05-14T16:40:37","guid":{"rendered":"https:\/\/campeche-noticias.com\/?p=26057"},"modified":"2025-05-15T15:45:40","modified_gmt":"2025-05-15T15:45:40","slug":"lilian-villanueva-presente-en-el-concierto-por-la-paz-en-cancun-fortaleciendo-el-tejido-social-a-traves-del-arte","status":"publish","type":"post","link":"https:\/\/campeche-noticias.com\/?p=26057","title":{"rendered":"Lilian Villanueva, presente en el concierto por la paz en Canc\u00fan, fortaleciendo el tejido social a trav\u00e9s del arte"},"content":{"rendered":"<p>\ud83d\udd38 La celebraci\u00f3n reuni\u00f3 a familias quintanarroenses en una noche de m\u00fasica y convivencia, en el marco del D\u00eda de las Madres y como parte del Nuevo Acuerdo por el Bienestar.<\/p>\n<p>#QUINTANAROO | En una noche llena de m\u00fasica, comunidad y mensaje social, se llev\u00f3 a cabo en Canc\u00fan el \u201cConcierto por la Paz\u201d, evento organizado por el Instituto Quintanarroense de la Juventud y realizado en colaboraci\u00f3n con \u201cBOOM F.M.\u201d y \u201cLa Bestia Grupera\u201d. La jornada se enmarc\u00f3 en el Nuevo Acuerdo que promueve la gobernadora Mara Lezama, y se aline\u00f3 con la Estrategia Nacional de Construcci\u00f3n de la Paz.<\/p>\n<p>La directora general del Instituto de la Cultura y las Artes de Quintana Roo, Lilian Villanueva, estuvo presente como parte del respaldo institucional al uso del arte y la cultura como herramientas fundamentales para promover la convivencia pac\u00edfica y fortalecer el tejido social. Su presencia reafirm\u00f3 el compromiso del ICA con proyectos que impactan directamente en la vida comunitaria y en el desarrollo de las juventudes.<\/p>\n<p>El evento tambi\u00e9n coincidi\u00f3 con la celebraci\u00f3n del D\u00eda de las Madres, por lo que cientos de familias se dieron cita para disfrutar de una velada cargada de ritmo, emociones y uni\u00f3n. Se presentaron artistas locales y reconocidos grupos del g\u00e9nero regional mexicano, como La Sonora Dinamita, Los Cadetes de Linares y el grupo Presizzo, quienes pusieron el ambiente festivo a una noche de alegr\u00eda colectiva.<\/p>\n<p>Desde el escenario hasta el p\u00fablico, el mensaje fue claro: la paz tambi\u00e9n se construye desde el arte, la cultura y la comunidad. Eventos como este reafirman el papel de la expresi\u00f3n art\u00edstica como camino hacia una sociedad m\u00e1s arm\u00f3nica, participativa y solidaria.<\/p>\n","protected":false},"excerpt":{"rendered":"<p>\ud83d\udd38 La celebraci\u00f3n reuni\u00f3 a familias quintanarroenses en una noche de m\u00fasica y convivencia, en<\/p>\n","protected":false},"author":1,"featured_media":26059,"comment_status":"open","ping_status":"closed","sticky":false,"template":"","format":"standard","meta":{"footnotes":""},"categories":[2],"tags":[],"class_list":["post-26057","post","type-post","status-publish","format-standard","has-post-thumbnail","hentry","category-quintana-roo"],"yoast_head":"<!-- This site is optimized with the Yoast SEO plugin v27.5 - https:\/\/yoast.com\/product\/yoast-seo-wordpress\/ -->\n<title>Lilian Villanueva, presente en el concierto por la paz en Canc\u00fan, fortaleciendo el tejido social a trav\u00e9s del arte - Campeche Noticias<\/title>\n<meta name=\"robots\" content=\"index, follow, max-snippet:-1, max-image-preview:large, max-video-preview:-1\" \/>\n<link rel=\"canonical\" href=\"https:\/\/campeche-noticias.com\/?p=26057\" \/>\n<meta property=\"og:locale\" content=\"es_ES\" \/>\n<meta property=\"og:type\" content=\"article\" \/>\n<meta property=\"og:title\" content=\"Lilian Villanueva, presente en el concierto por la paz en Canc\u00fan, fortaleciendo el tejido social a trav\u00e9s del arte - Campeche Noticias\" \/>\n<meta property=\"og:description\" content=\"\ud83d\udd38 La celebraci\u00f3n reuni\u00f3 a familias quintanarroenses en una noche de m\u00fasica y convivencia, en\" \/>\n<meta property=\"og:url\" content=\"https:\/\/campeche-noticias.com\/?p=26057\" \/>\n<meta property=\"og:site_name\" content=\"Campeche Noticias\" \/>\n<meta property=\"article:published_time\" content=\"2025-05-14T16:40:37+00:00\" \/>\n<meta property=\"article:modified_time\" content=\"2025-05-15T15:45:40+00:00\" \/>\n<meta name=\"author\" content=\"admin\" \/>\n<meta name=\"twitter:card\" content=\"summary_large_image\" \/>\n<meta name=\"twitter:label1\" content=\"Escrito por\" \/>\n\t<meta name=\"twitter:data1\" content=\"admin\" \/>\n\t<meta name=\"twitter:label2\" content=\"Tiempo de lectura\" \/>\n\t<meta name=\"twitter:data2\" content=\"1 minuto\" \/>\n<script type=\"application\/ld+json\" class=\"yoast-schema-graph\">{\"@context\":\"https:\\\/\\\/schema.org\",\"@graph\":[{\"@type\":\"Article\",\"@id\":\"https:\\\/\\\/campeche-noticias.com\\\/?p=26057#article\",\"isPartOf\":{\"@id\":\"https:\\\/\\\/campeche-noticias.com\\\/?p=26057\"},\"author\":{\"name\":\"admin\",\"@id\":\"https:\\\/\\\/campeche-noticias.com\\\/#\\\/schema\\\/person\\\/7940c228049cff34b4cc679f887362f1\"},\"headline\":\"Lilian Villanueva, presente en el concierto por la paz en Canc\u00fan, fortaleciendo el tejido social a trav\u00e9s del arte\",\"datePublished\":\"2025-05-14T16:40:37+00:00\",\"dateModified\":\"2025-05-15T15:45:40+00:00\",\"mainEntityOfPage\":{\"@id\":\"https:\\\/\\\/campeche-noticias.com\\\/?p=26057\"},\"wordCount\":315,\"commentCount\":0,\"image\":{\"@id\":\"https:\\\/\\\/campeche-noticias.com\\\/?p=26057#primaryimage\"},\"thumbnailUrl\":\"https:\\\/\\\/campeche-noticias.com\\\/wp-content\\\/uploads\\\/2025\\\/05\\\/WhatsApp-Image-2025-05-14-at-11.39.21.jpeg\",\"articleSection\":[\"Quintana Roo\"],\"inLanguage\":\"es\",\"potentialAction\":[{\"@type\":\"CommentAction\",\"name\":\"Comment\",\"target\":[\"https:\\\/\\\/campeche-noticias.com\\\/?p=26057#respond\"]}]},{\"@type\":\"WebPage\",\"@id\":\"https:\\\/\\\/campeche-noticias.com\\\/?p=26057\",\"url\":\"https:\\\/\\\/campeche-noticias.com\\\/?p=26057\",\"name\":\"Lilian Villanueva, presente en el concierto por la paz en Canc\u00fan, fortaleciendo el tejido social a trav\u00e9s del arte - Campeche Noticias\",\"isPartOf\":{\"@id\":\"https:\\\/\\\/campeche-noticias.com\\\/#website\"},\"primaryImageOfPage\":{\"@id\":\"https:\\\/\\\/campeche-noticias.com\\\/?p=26057#primaryimage\"},\"image\":{\"@id\":\"https:\\\/\\\/campeche-noticias.com\\\/?p=26057#primaryimage\"},\"thumbnailUrl\":\"https:\\\/\\\/campeche-noticias.com\\\/wp-content\\\/uploads\\\/2025\\\/05\\\/WhatsApp-Image-2025-05-14-at-11.39.21.jpeg\",\"datePublished\":\"2025-05-14T16:40:37+00:00\",\"dateModified\":\"2025-05-15T15:45:40+00:00\",\"author\":{\"@id\":\"https:\\\/\\\/campeche-noticias.com\\\/#\\\/schema\\\/person\\\/7940c228049cff34b4cc679f887362f1\"},\"breadcrumb\":{\"@id\":\"https:\\\/\\\/campeche-noticias.com\\\/?p=26057#breadcrumb\"},\"inLanguage\":\"es\",\"potentialAction\":[{\"@type\":\"ReadAction\",\"target\":[\"https:\\\/\\\/campeche-noticias.com\\\/?p=26057\"]}]},{\"@type\":\"ImageObject\",\"inLanguage\":\"es\",\"@id\":\"https:\\\/\\\/campeche-noticias.com\\\/?p=26057#primaryimage\",\"url\":\"https:\\\/\\\/campeche-noticias.com\\\/wp-content\\\/uploads\\\/2025\\\/05\\\/WhatsApp-Image-2025-05-14-at-11.39.21.jpeg\",\"contentUrl\":\"https:\\\/\\\/campeche-noticias.com\\\/wp-content\\\/uploads\\\/2025\\\/05\\\/WhatsApp-Image-2025-05-14-at-11.39.21.jpeg\",\"width\":1440,\"height\":960},{\"@type\":\"BreadcrumbList\",\"@id\":\"https:\\\/\\\/campeche-noticias.com\\\/?p=26057#breadcrumb\",\"itemListElement\":[{\"@type\":\"ListItem\",\"position\":1,\"name\":\"Portada\",\"item\":\"https:\\\/\\\/campeche-noticias.com\\\/\"},{\"@type\":\"ListItem\",\"position\":2,\"name\":\"Lilian Villanueva, presente en el concierto por la paz en Canc\u00fan, fortaleciendo el tejido social a trav\u00e9s del arte\"}]},{\"@type\":\"WebSite\",\"@id\":\"https:\\\/\\\/campeche-noticias.com\\\/#website\",\"url\":\"https:\\\/\\\/campeche-noticias.com\\\/\",\"name\":\"Campeche Noticias\",\"description\":\"Campeche Noticias\",\"potentialAction\":[{\"@type\":\"SearchAction\",\"target\":{\"@type\":\"EntryPoint\",\"urlTemplate\":\"https:\\\/\\\/campeche-noticias.com\\\/?s={search_term_string}\"},\"query-input\":{\"@type\":\"PropertyValueSpecification\",\"valueRequired\":true,\"valueName\":\"search_term_string\"}}],\"inLanguage\":\"es\"},{\"@type\":\"Person\",\"@id\":\"https:\\\/\\\/campeche-noticias.com\\\/#\\\/schema\\\/person\\\/7940c228049cff34b4cc679f887362f1\",\"name\":\"admin\",\"sameAs\":[\"https:\\\/\\\/campeche-noticias.com\"],\"url\":\"https:\\\/\\\/campeche-noticias.com\\\/?author=1\"}]}<\/script>\n<!-- \/ Yoast SEO plugin. -->","yoast_head_json":{"title":"Lilian Villanueva, presente en el concierto por la paz en Canc\u00fan, fortaleciendo el tejido social a trav\u00e9s del arte - Campeche Noticias","robots":{"index":"index","follow":"follow","max-snippet":"max-snippet:-1","max-image-preview":"max-image-preview:large","max-video-preview":"max-video-preview:-1"},"canonical":"https:\/\/campeche-noticias.com\/?p=26057","og_locale":"es_ES","og_type":"article","og_title":"Lilian Villanueva, presente en el concierto por la paz en Canc\u00fan, fortaleciendo el tejido social a trav\u00e9s del arte - Campeche Noticias","og_description":"\ud83d\udd38 La celebraci\u00f3n reuni\u00f3 a familias quintanarroenses en una noche de m\u00fasica y convivencia, en","og_url":"https:\/\/campeche-noticias.com\/?p=26057","og_site_name":"Campeche Noticias","article_published_time":"2025-05-14T16:40:37+00:00","article_modified_time":"2025-05-15T15:45:40+00:00","author":"admin","twitter_card":"summary_large_image","twitter_misc":{"Escrito por":"admin","Tiempo de lectura":"1 minuto"},"schema":{"@context":"https:\/\/schema.org","@graph":[{"@type":"Article","@id":"https:\/\/campeche-noticias.com\/?p=26057#article","isPartOf":{"@id":"https:\/\/campeche-noticias.com\/?p=26057"},"author":{"name":"admin","@id":"https:\/\/campeche-noticias.com\/#\/schema\/person\/7940c228049cff34b4cc679f887362f1"},"headline":"Lilian Villanueva, presente en el concierto por la paz en Canc\u00fan, fortaleciendo el tejido social a trav\u00e9s del arte","datePublished":"2025-05-14T16:40:37+00:00","dateModified":"2025-05-15T15:45:40+00:00","mainEntityOfPage":{"@id":"https:\/\/campeche-noticias.com\/?p=26057"},"wordCount":315,"commentCount":0,"image":{"@id":"https:\/\/campeche-noticias.com\/?p=26057#primaryimage"},"thumbnailUrl":"https:\/\/campeche-noticias.com\/wp-content\/uploads\/2025\/05\/WhatsApp-Image-2025-05-14-at-11.39.21.jpeg","articleSection":["Quintana Roo"],"inLanguage":"es","potentialAction":[{"@type":"CommentAction","name":"Comment","target":["https:\/\/campeche-noticias.com\/?p=26057#respond"]}]},{"@type":"WebPage","@id":"https:\/\/campeche-noticias.com\/?p=26057","url":"https:\/\/campeche-noticias.com\/?p=26057","name":"Lilian Villanueva, presente en el concierto por la paz en Canc\u00fan, fortaleciendo el tejido social a trav\u00e9s del arte - Campeche Noticias","isPartOf":{"@id":"https:\/\/campeche-noticias.com\/#website"},"primaryImageOfPage":{"@id":"https:\/\/campeche-noticias.com\/?p=26057#primaryimage"},"image":{"@id":"https:\/\/campeche-noticias.com\/?p=26057#primaryimage"},"thumbnailUrl":"https:\/\/campeche-noticias.com\/wp-content\/uploads\/2025\/05\/WhatsApp-Image-2025-05-14-at-11.39.21.jpeg","datePublished":"2025-05-14T16:40:37+00:00","dateModified":"2025-05-15T15:45:40+00:00","author":{"@id":"https:\/\/campeche-noticias.com\/#\/schema\/person\/7940c228049cff34b4cc679f887362f1"},"breadcrumb":{"@id":"https:\/\/campeche-noticias.com\/?p=26057#breadcrumb"},"inLanguage":"es","potentialAction":[{"@type":"ReadAction","target":["https:\/\/campeche-noticias.com\/?p=26057"]}]},{"@type":"ImageObject","inLanguage":"es","@id":"https:\/\/campeche-noticias.com\/?p=26057#primaryimage","url":"https:\/\/campeche-noticias.com\/wp-content\/uploads\/2025\/05\/WhatsApp-Image-2025-05-14-at-11.39.21.jpeg","contentUrl":"https:\/\/campeche-noticias.com\/wp-content\/uploads\/2025\/05\/WhatsApp-Image-2025-05-14-at-11.39.21.jpeg","width":1440,"height":960},{"@type":"BreadcrumbList","@id":"https:\/\/campeche-noticias.com\/?p=26057#breadcrumb","itemListElement":[{"@type":"ListItem","position":1,"name":"Portada","item":"https:\/\/campeche-noticias.com\/"},{"@type":"ListItem","position":2,"name":"Lilian Villanueva, presente en el concierto por la paz en Canc\u00fan, fortaleciendo el tejido social a trav\u00e9s del arte"}]},{"@type":"WebSite","@id":"https:\/\/campeche-noticias.com\/#website","url":"https:\/\/campeche-noticias.com\/","name":"Campeche Noticias","description":"Campeche Noticias","potentialAction":[{"@type":"SearchAction","target":{"@type":"EntryPoint","urlTemplate":"https:\/\/campeche-noticias.com\/?s={search_term_string}"},"query-input":{"@type":"PropertyValueSpecification","valueRequired":true,"valueName":"search_term_string"}}],"inLanguage":"es"},{"@type":"Person","@id":"https:\/\/campeche-noticias.com\/#\/schema\/person\/7940c228049cff34b4cc679f887362f1","name":"admin","sameAs":["https:\/\/campeche-noticias.com"],"url":"https:\/\/campeche-noticias.com\/?author=1"}]}},"_links":{"self":[{"href":"https:\/\/campeche-noticias.com\/index.php?rest_route=\/wp\/v2\/posts\/26057","targetHints":{"allow":["GET"]}}],"collection":[{"href":"https:\/\/campeche-noticias.com\/index.php?rest_route=\/wp\/v2\/posts"}],"about":[{"href":"https:\/\/campeche-noticias.com\/index.php?rest_route=\/wp\/v2\/types\/post"}],"author":[{"embeddable":true,"href":"https:\/\/campeche-noticias.com\/index.php?rest_route=\/wp\/v2\/users\/1"}],"replies":[{"embeddable":true,"href":"https:\/\/campeche-noticias.com\/index.php?rest_route=%2Fwp%2Fv2%2Fcomments&post=26057"}],"version-history":[{"count":1,"href":"https:\/\/campeche-noticias.com\/index.php?rest_route=\/wp\/v2\/posts\/26057\/revisions"}],"predecessor-version":[{"id":26058,"href":"https:\/\/campeche-noticias.com\/index.php?rest_route=\/wp\/v2\/posts\/26057\/revisions\/26058"}],"wp:featuredmedia":[{"embeddable":true,"href":"https:\/\/campeche-noticias.com\/index.php?rest_route=\/wp\/v2\/media\/26059"}],"wp:attachment":[{"href":"https:\/\/campeche-noticias.com\/index.php?rest_route=%2Fwp%2Fv2%2Fmedia&parent=26057"}],"wp:term":[{"taxonomy":"category","embeddable":true,"href":"https:\/\/campeche-noticias.com\/index.php?rest_route=%2Fwp%2Fv2%2Fcategories&post=26057"},{"taxonomy":"post_tag","embeddable":true,"href":"https:\/\/campeche-noticias.com\/index.php?rest_route=%2Fwp%2Fv2%2Ftags&post=26057"}],"curies":[{"name":"wp","href":"https:\/\/api.w.org\/{rel}","templated":true}]}}