{"id":25593,"date":"2025-04-30T08:49:49","date_gmt":"2025-04-30T13:49:49","guid":{"rendered":"https:\/\/campeche-noticias.com\/?p=25593"},"modified":"2025-04-30T13:49:50","modified_gmt":"2025-04-30T13:49:50","slug":"detienen-a-mexicano-junto-a-22-personas-en-ecuador-con-casi-3-toneladas-de-cocaina","status":"publish","type":"post","link":"https:\/\/campeche-noticias.com\/?p=25593","title":{"rendered":"Detienen a mexicano junto a 22 personas en Ecuador con casi 3 toneladas de coca\u00edna"},"content":{"rendered":"<p>\ud83d\udd38 La Armada de aquel pa\u00eds intercept\u00f3 un barco cerca de las Islas Gal\u00e1pagos y hall\u00f3 a una persona oculta en su bodega<\/p>\n<p>#ECUADOR | El 27 de abril, la Armada de Ecuador detuvo a 23 personas, incluido un ciudadano mexicano, en una embarcaci\u00f3n atunera que transportaba 2,910 kilogramos de coca\u00edna. La operaci\u00f3n se llev\u00f3 a cabo en alta mar, a 157 millas n\u00e1uticas de la Isla San Crist\u00f3bal, en las Islas Gal\u00e1pagos.<\/p>\n<p>El barco Montecristi, que zarp\u00f3 del puerto de Manta en Manab\u00ed, ten\u00eda una tripulaci\u00f3n mayoritariamente ecuatoriana y un venezolano. Durante una inspecci\u00f3n, las autoridades encontraron 71 bultos con 2,500 bloques de coca\u00edna.<\/p>\n<p>El caso destac\u00f3 porque se encontr\u00f3 a un mexicano en las bodegas que no estaba en la lista oficial de tripulantes, lo que llev\u00f3 a su arresto junto con los dem\u00e1s ocupantes.<\/p>\n<p>Los detenidos y la droga incautada fueron llevados a la base naval de San Crist\u00f3bal y entregados al Ministerio P\u00fablico de Ecuador, que ha iniciado el proceso judicial.<\/p>\n<p>Ecuador ha aumentado sus esfuerzos contra el narcotr\u00e1fico, convirti\u00e9ndose en un importante punto de tr\u00e1nsito de drogas hacia Norteam\u00e9rica y Europa. En el primer trimestre de 2025, el gobierno incaut\u00f3 m\u00e1s de 41 mil kilos de droga, posicion\u00e1ndose como el tercer pa\u00eds con m\u00e1s decomisos a nivel mundial, despu\u00e9s de Colombia y Estados Unidos.<\/p>\n<p>Ecuador, ubicado entre Colombia y Per\u00fa y con acceso al Pac\u00edfico, se ha convertido en un corredor clave para el tr\u00e1fico de drogas, lo que ha llevado a las autoridades a aumentar los operativos mar\u00edtimos y la vigilancia en puertos.<\/p>\n","protected":false},"excerpt":{"rendered":"<p>\ud83d\udd38 La Armada de aquel pa\u00eds intercept\u00f3 un barco cerca de las Islas Gal\u00e1pagos y<\/p>\n","protected":false},"author":1,"featured_media":25595,"comment_status":"open","ping_status":"closed","sticky":false,"template":"","format":"standard","meta":{"footnotes":""},"categories":[9],"tags":[],"class_list":["post-25593","post","type-post","status-publish","format-standard","has-post-thumbnail","hentry","category-internacional"],"yoast_head":"<!-- This site is optimized with the Yoast SEO plugin v27.5 - https:\/\/yoast.com\/product\/yoast-seo-wordpress\/ -->\n<title>Detienen a mexicano junto a 22 personas en Ecuador con casi 3 toneladas de coca\u00edna - Campeche Noticias<\/title>\n<meta name=\"robots\" content=\"index, follow, max-snippet:-1, max-image-preview:large, max-video-preview:-1\" \/>\n<link rel=\"canonical\" href=\"https:\/\/campeche-noticias.com\/?p=25593\" \/>\n<meta property=\"og:locale\" content=\"es_ES\" \/>\n<meta property=\"og:type\" content=\"article\" \/>\n<meta property=\"og:title\" content=\"Detienen a mexicano junto a 22 personas en Ecuador con casi 3 toneladas de coca\u00edna - Campeche Noticias\" \/>\n<meta property=\"og:description\" content=\"\ud83d\udd38 La Armada de aquel pa\u00eds intercept\u00f3 un barco cerca de las Islas Gal\u00e1pagos y\" \/>\n<meta property=\"og:url\" content=\"https:\/\/campeche-noticias.com\/?p=25593\" \/>\n<meta property=\"og:site_name\" content=\"Campeche Noticias\" \/>\n<meta property=\"article:published_time\" content=\"2025-04-30T13:49:49+00:00\" \/>\n<meta property=\"article:modified_time\" content=\"2025-04-30T13:49:50+00:00\" \/>\n<meta name=\"author\" content=\"admin\" \/>\n<meta name=\"twitter:card\" content=\"summary_large_image\" \/>\n<meta name=\"twitter:label1\" content=\"Escrito por\" \/>\n\t<meta name=\"twitter:data1\" content=\"admin\" \/>\n\t<meta name=\"twitter:label2\" content=\"Tiempo de lectura\" \/>\n\t<meta name=\"twitter:data2\" content=\"1 minuto\" \/>\n<script type=\"application\/ld+json\" class=\"yoast-schema-graph\">{\"@context\":\"https:\\\/\\\/schema.org\",\"@graph\":[{\"@type\":\"Article\",\"@id\":\"https:\\\/\\\/campeche-noticias.com\\\/?p=25593#article\",\"isPartOf\":{\"@id\":\"https:\\\/\\\/campeche-noticias.com\\\/?p=25593\"},\"author\":{\"name\":\"admin\",\"@id\":\"https:\\\/\\\/campeche-noticias.com\\\/#\\\/schema\\\/person\\\/7940c228049cff34b4cc679f887362f1\"},\"headline\":\"Detienen a mexicano junto a 22 personas en Ecuador con casi 3 toneladas de coca\u00edna\",\"datePublished\":\"2025-04-30T13:49:49+00:00\",\"dateModified\":\"2025-04-30T13:49:50+00:00\",\"mainEntityOfPage\":{\"@id\":\"https:\\\/\\\/campeche-noticias.com\\\/?p=25593\"},\"wordCount\":290,\"commentCount\":0,\"image\":{\"@id\":\"https:\\\/\\\/campeche-noticias.com\\\/?p=25593#primaryimage\"},\"thumbnailUrl\":\"https:\\\/\\\/campeche-noticias.com\\\/wp-content\\\/uploads\\\/2025\\\/04\\\/WhatsApp-Image-2025-04-30-at-08.26.36.jpeg\",\"articleSection\":[\"Internacional\"],\"inLanguage\":\"es\",\"potentialAction\":[{\"@type\":\"CommentAction\",\"name\":\"Comment\",\"target\":[\"https:\\\/\\\/campeche-noticias.com\\\/?p=25593#respond\"]}]},{\"@type\":\"WebPage\",\"@id\":\"https:\\\/\\\/campeche-noticias.com\\\/?p=25593\",\"url\":\"https:\\\/\\\/campeche-noticias.com\\\/?p=25593\",\"name\":\"Detienen a mexicano junto a 22 personas en Ecuador con casi 3 toneladas de coca\u00edna - Campeche Noticias\",\"isPartOf\":{\"@id\":\"https:\\\/\\\/campeche-noticias.com\\\/#website\"},\"primaryImageOfPage\":{\"@id\":\"https:\\\/\\\/campeche-noticias.com\\\/?p=25593#primaryimage\"},\"image\":{\"@id\":\"https:\\\/\\\/campeche-noticias.com\\\/?p=25593#primaryimage\"},\"thumbnailUrl\":\"https:\\\/\\\/campeche-noticias.com\\\/wp-content\\\/uploads\\\/2025\\\/04\\\/WhatsApp-Image-2025-04-30-at-08.26.36.jpeg\",\"datePublished\":\"2025-04-30T13:49:49+00:00\",\"dateModified\":\"2025-04-30T13:49:50+00:00\",\"author\":{\"@id\":\"https:\\\/\\\/campeche-noticias.com\\\/#\\\/schema\\\/person\\\/7940c228049cff34b4cc679f887362f1\"},\"breadcrumb\":{\"@id\":\"https:\\\/\\\/campeche-noticias.com\\\/?p=25593#breadcrumb\"},\"inLanguage\":\"es\",\"potentialAction\":[{\"@type\":\"ReadAction\",\"target\":[\"https:\\\/\\\/campeche-noticias.com\\\/?p=25593\"]}]},{\"@type\":\"ImageObject\",\"inLanguage\":\"es\",\"@id\":\"https:\\\/\\\/campeche-noticias.com\\\/?p=25593#primaryimage\",\"url\":\"https:\\\/\\\/campeche-noticias.com\\\/wp-content\\\/uploads\\\/2025\\\/04\\\/WhatsApp-Image-2025-04-30-at-08.26.36.jpeg\",\"contentUrl\":\"https:\\\/\\\/campeche-noticias.com\\\/wp-content\\\/uploads\\\/2025\\\/04\\\/WhatsApp-Image-2025-04-30-at-08.26.36.jpeg\",\"width\":1004,\"height\":565},{\"@type\":\"BreadcrumbList\",\"@id\":\"https:\\\/\\\/campeche-noticias.com\\\/?p=25593#breadcrumb\",\"itemListElement\":[{\"@type\":\"ListItem\",\"position\":1,\"name\":\"Portada\",\"item\":\"https:\\\/\\\/campeche-noticias.com\\\/\"},{\"@type\":\"ListItem\",\"position\":2,\"name\":\"Detienen a mexicano junto a 22 personas en Ecuador con casi 3 toneladas de coca\u00edna\"}]},{\"@type\":\"WebSite\",\"@id\":\"https:\\\/\\\/campeche-noticias.com\\\/#website\",\"url\":\"https:\\\/\\\/campeche-noticias.com\\\/\",\"name\":\"Campeche Noticias\",\"description\":\"Campeche Noticias\",\"potentialAction\":[{\"@type\":\"SearchAction\",\"target\":{\"@type\":\"EntryPoint\",\"urlTemplate\":\"https:\\\/\\\/campeche-noticias.com\\\/?s={search_term_string}\"},\"query-input\":{\"@type\":\"PropertyValueSpecification\",\"valueRequired\":true,\"valueName\":\"search_term_string\"}}],\"inLanguage\":\"es\"},{\"@type\":\"Person\",\"@id\":\"https:\\\/\\\/campeche-noticias.com\\\/#\\\/schema\\\/person\\\/7940c228049cff34b4cc679f887362f1\",\"name\":\"admin\",\"sameAs\":[\"https:\\\/\\\/campeche-noticias.com\"],\"url\":\"https:\\\/\\\/campeche-noticias.com\\\/?author=1\"}]}<\/script>\n<!-- \/ Yoast SEO plugin. -->","yoast_head_json":{"title":"Detienen a mexicano junto a 22 personas en Ecuador con casi 3 toneladas de coca\u00edna - Campeche Noticias","robots":{"index":"index","follow":"follow","max-snippet":"max-snippet:-1","max-image-preview":"max-image-preview:large","max-video-preview":"max-video-preview:-1"},"canonical":"https:\/\/campeche-noticias.com\/?p=25593","og_locale":"es_ES","og_type":"article","og_title":"Detienen a mexicano junto a 22 personas en Ecuador con casi 3 toneladas de coca\u00edna - Campeche Noticias","og_description":"\ud83d\udd38 La Armada de aquel pa\u00eds intercept\u00f3 un barco cerca de las Islas Gal\u00e1pagos y","og_url":"https:\/\/campeche-noticias.com\/?p=25593","og_site_name":"Campeche Noticias","article_published_time":"2025-04-30T13:49:49+00:00","article_modified_time":"2025-04-30T13:49:50+00:00","author":"admin","twitter_card":"summary_large_image","twitter_misc":{"Escrito por":"admin","Tiempo de lectura":"1 minuto"},"schema":{"@context":"https:\/\/schema.org","@graph":[{"@type":"Article","@id":"https:\/\/campeche-noticias.com\/?p=25593#article","isPartOf":{"@id":"https:\/\/campeche-noticias.com\/?p=25593"},"author":{"name":"admin","@id":"https:\/\/campeche-noticias.com\/#\/schema\/person\/7940c228049cff34b4cc679f887362f1"},"headline":"Detienen a mexicano junto a 22 personas en Ecuador con casi 3 toneladas de coca\u00edna","datePublished":"2025-04-30T13:49:49+00:00","dateModified":"2025-04-30T13:49:50+00:00","mainEntityOfPage":{"@id":"https:\/\/campeche-noticias.com\/?p=25593"},"wordCount":290,"commentCount":0,"image":{"@id":"https:\/\/campeche-noticias.com\/?p=25593#primaryimage"},"thumbnailUrl":"https:\/\/campeche-noticias.com\/wp-content\/uploads\/2025\/04\/WhatsApp-Image-2025-04-30-at-08.26.36.jpeg","articleSection":["Internacional"],"inLanguage":"es","potentialAction":[{"@type":"CommentAction","name":"Comment","target":["https:\/\/campeche-noticias.com\/?p=25593#respond"]}]},{"@type":"WebPage","@id":"https:\/\/campeche-noticias.com\/?p=25593","url":"https:\/\/campeche-noticias.com\/?p=25593","name":"Detienen a mexicano junto a 22 personas en Ecuador con casi 3 toneladas de coca\u00edna - Campeche Noticias","isPartOf":{"@id":"https:\/\/campeche-noticias.com\/#website"},"primaryImageOfPage":{"@id":"https:\/\/campeche-noticias.com\/?p=25593#primaryimage"},"image":{"@id":"https:\/\/campeche-noticias.com\/?p=25593#primaryimage"},"thumbnailUrl":"https:\/\/campeche-noticias.com\/wp-content\/uploads\/2025\/04\/WhatsApp-Image-2025-04-30-at-08.26.36.jpeg","datePublished":"2025-04-30T13:49:49+00:00","dateModified":"2025-04-30T13:49:50+00:00","author":{"@id":"https:\/\/campeche-noticias.com\/#\/schema\/person\/7940c228049cff34b4cc679f887362f1"},"breadcrumb":{"@id":"https:\/\/campeche-noticias.com\/?p=25593#breadcrumb"},"inLanguage":"es","potentialAction":[{"@type":"ReadAction","target":["https:\/\/campeche-noticias.com\/?p=25593"]}]},{"@type":"ImageObject","inLanguage":"es","@id":"https:\/\/campeche-noticias.com\/?p=25593#primaryimage","url":"https:\/\/campeche-noticias.com\/wp-content\/uploads\/2025\/04\/WhatsApp-Image-2025-04-30-at-08.26.36.jpeg","contentUrl":"https:\/\/campeche-noticias.com\/wp-content\/uploads\/2025\/04\/WhatsApp-Image-2025-04-30-at-08.26.36.jpeg","width":1004,"height":565},{"@type":"BreadcrumbList","@id":"https:\/\/campeche-noticias.com\/?p=25593#breadcrumb","itemListElement":[{"@type":"ListItem","position":1,"name":"Portada","item":"https:\/\/campeche-noticias.com\/"},{"@type":"ListItem","position":2,"name":"Detienen a mexicano junto a 22 personas en Ecuador con casi 3 toneladas de coca\u00edna"}]},{"@type":"WebSite","@id":"https:\/\/campeche-noticias.com\/#website","url":"https:\/\/campeche-noticias.com\/","name":"Campeche Noticias","description":"Campeche Noticias","potentialAction":[{"@type":"SearchAction","target":{"@type":"EntryPoint","urlTemplate":"https:\/\/campeche-noticias.com\/?s={search_term_string}"},"query-input":{"@type":"PropertyValueSpecification","valueRequired":true,"valueName":"search_term_string"}}],"inLanguage":"es"},{"@type":"Person","@id":"https:\/\/campeche-noticias.com\/#\/schema\/person\/7940c228049cff34b4cc679f887362f1","name":"admin","sameAs":["https:\/\/campeche-noticias.com"],"url":"https:\/\/campeche-noticias.com\/?author=1"}]}},"_links":{"self":[{"href":"https:\/\/campeche-noticias.com\/index.php?rest_route=\/wp\/v2\/posts\/25593","targetHints":{"allow":["GET"]}}],"collection":[{"href":"https:\/\/campeche-noticias.com\/index.php?rest_route=\/wp\/v2\/posts"}],"about":[{"href":"https:\/\/campeche-noticias.com\/index.php?rest_route=\/wp\/v2\/types\/post"}],"author":[{"embeddable":true,"href":"https:\/\/campeche-noticias.com\/index.php?rest_route=\/wp\/v2\/users\/1"}],"replies":[{"embeddable":true,"href":"https:\/\/campeche-noticias.com\/index.php?rest_route=%2Fwp%2Fv2%2Fcomments&post=25593"}],"version-history":[{"count":1,"href":"https:\/\/campeche-noticias.com\/index.php?rest_route=\/wp\/v2\/posts\/25593\/revisions"}],"predecessor-version":[{"id":25594,"href":"https:\/\/campeche-noticias.com\/index.php?rest_route=\/wp\/v2\/posts\/25593\/revisions\/25594"}],"wp:featuredmedia":[{"embeddable":true,"href":"https:\/\/campeche-noticias.com\/index.php?rest_route=\/wp\/v2\/media\/25595"}],"wp:attachment":[{"href":"https:\/\/campeche-noticias.com\/index.php?rest_route=%2Fwp%2Fv2%2Fmedia&parent=25593"}],"wp:term":[{"taxonomy":"category","embeddable":true,"href":"https:\/\/campeche-noticias.com\/index.php?rest_route=%2Fwp%2Fv2%2Fcategories&post=25593"},{"taxonomy":"post_tag","embeddable":true,"href":"https:\/\/campeche-noticias.com\/index.php?rest_route=%2Fwp%2Fv2%2Ftags&post=25593"}],"curies":[{"name":"wp","href":"https:\/\/api.w.org\/{rel}","templated":true}]}}