{"id":25327,"date":"2025-04-23T08:35:35","date_gmt":"2025-04-23T13:35:35","guid":{"rendered":"https:\/\/campeche-noticias.com\/?p=25327"},"modified":"2025-04-23T17:03:13","modified_gmt":"2025-04-23T17:03:13","slug":"infonavit-suspendera-cobro-de-credito-a-trabajadores-que-pierdan-su-empleo","status":"publish","type":"post","link":"https:\/\/campeche-noticias.com\/?p=25327","title":{"rendered":"Infonavit suspender\u00e1 cobro de cr\u00e9dito a trabajadores que pierdan su empleo"},"content":{"rendered":"<p>\ud83d\udd36\ufe0f Durante el periodo de gracia, el pr\u00e9stamo no generar\u00e1 intereses adicionales ni penalizaciones.<\/p>\n<p>#NACIONAL | El Infonavit suspender\u00e1 temporalmente el cobro de cr\u00e9ditos hipotecarios a quienes pierdan su empleo, con el objetivo de apoyar a familias mexicanas afectadas por el desempleo, protegiendo su patrimonio y su historial crediticio.<\/p>\n<p>Los trabajadores desempleados pueden solicitar la suspensi\u00f3n del cobro de Infonavit si est\u00e1n al corriente en sus pagos y no tienen empleo activo. Esta suspensi\u00f3n puede durar hasta seis meses consecutivos y renovarse una vez, permitiendo un m\u00e1ximo de un a\u00f1o sin pagos.<\/p>\n<p>Durante la suspensi\u00f3n, el cr\u00e9dito no generar\u00e1 intereses ni penalizaciones, no afectar\u00e1 la puntuaci\u00f3n del beneficiario ni conllevar\u00e1 acciones legales. Es una medida preventiva y humanitaria por la p\u00e9rdida de ingresos debido al desempleo.<\/p>\n<p>El tr\u00e1mite es completamente gratuito y puede realizarse desde la plataforma Mi Cuenta Infonavit en micuenta.infonavit.org.mx. El trabajador deber\u00e1 iniciar sesi\u00f3n con su NSS y contrase\u00f1a. En el men\u00fa principal, debe seleccionar la opci\u00f3n \u201cQuiero suspender temporalmente mi pago\u201d, completar el formulario y adjuntar los documentos requeridos. Tambi\u00e9n puede acudirse a un Centro de Servicio Infonavit (CESI) para realizar el tr\u00e1mite de forma presencial.<\/p>\n<p>Para completar la solicitud, se necesita una identificaci\u00f3n oficial, el n\u00famero de cr\u00e9dito y un comprobante de baja laboral, como una constancia de no afiliaci\u00f3n reciente del IMSS. No se requiere carta de despido, y el sistema verificar\u00e1 que el solicitante no tenga una relaci\u00f3n laboral activa antes de otorgar el beneficio.<br \/>\nDurante la suspensi\u00f3n, el cr\u00e9dito no generar\u00e1 intereses moratorios ni afectar\u00e1 la calificaci\u00f3n del trabajador en bur\u00f3 de cr\u00e9dito o en su historial del Infonavit. Al finalizar el periodo de apoyo, el cobro se reactivar\u00e1 autom\u00e1ticamente si el usuario tiene empleo.<\/p>\n","protected":false},"excerpt":{"rendered":"<p>\ud83d\udd36\ufe0f Durante el periodo de gracia, el pr\u00e9stamo no generar\u00e1 intereses adicionales ni penalizaciones. #NACIONAL<\/p>\n","protected":false},"author":1,"featured_media":25329,"comment_status":"open","ping_status":"closed","sticky":false,"template":"","format":"standard","meta":{"footnotes":""},"categories":[4],"tags":[],"class_list":["post-25327","post","type-post","status-publish","format-standard","has-post-thumbnail","hentry","category-nacional"],"yoast_head":"<!-- This site is optimized with the Yoast SEO plugin v27.5 - https:\/\/yoast.com\/product\/yoast-seo-wordpress\/ -->\n<title>Infonavit suspender\u00e1 cobro de cr\u00e9dito a trabajadores que pierdan su empleo - Campeche Noticias<\/title>\n<meta name=\"robots\" content=\"index, follow, max-snippet:-1, max-image-preview:large, max-video-preview:-1\" \/>\n<link rel=\"canonical\" href=\"https:\/\/campeche-noticias.com\/?p=25327\" \/>\n<meta property=\"og:locale\" content=\"es_ES\" \/>\n<meta property=\"og:type\" content=\"article\" \/>\n<meta property=\"og:title\" content=\"Infonavit suspender\u00e1 cobro de cr\u00e9dito a trabajadores que pierdan su empleo - Campeche Noticias\" \/>\n<meta property=\"og:description\" content=\"\ud83d\udd36\ufe0f Durante el periodo de gracia, el pr\u00e9stamo no generar\u00e1 intereses adicionales ni penalizaciones. #NACIONAL\" \/>\n<meta property=\"og:url\" content=\"https:\/\/campeche-noticias.com\/?p=25327\" \/>\n<meta property=\"og:site_name\" content=\"Campeche Noticias\" \/>\n<meta property=\"article:published_time\" content=\"2025-04-23T13:35:35+00:00\" \/>\n<meta property=\"article:modified_time\" content=\"2025-04-23T17:03:13+00:00\" \/>\n<meta name=\"author\" content=\"admin\" \/>\n<meta name=\"twitter:card\" content=\"summary_large_image\" \/>\n<meta name=\"twitter:label1\" content=\"Escrito por\" \/>\n\t<meta name=\"twitter:data1\" content=\"admin\" \/>\n\t<meta name=\"twitter:label2\" content=\"Tiempo de lectura\" \/>\n\t<meta name=\"twitter:data2\" content=\"2 minutos\" \/>\n<script type=\"application\/ld+json\" class=\"yoast-schema-graph\">{\"@context\":\"https:\\\/\\\/schema.org\",\"@graph\":[{\"@type\":\"Article\",\"@id\":\"https:\\\/\\\/campeche-noticias.com\\\/?p=25327#article\",\"isPartOf\":{\"@id\":\"https:\\\/\\\/campeche-noticias.com\\\/?p=25327\"},\"author\":{\"name\":\"admin\",\"@id\":\"https:\\\/\\\/campeche-noticias.com\\\/#\\\/schema\\\/person\\\/7940c228049cff34b4cc679f887362f1\"},\"headline\":\"Infonavit suspender\u00e1 cobro de cr\u00e9dito a trabajadores que pierdan su empleo\",\"datePublished\":\"2025-04-23T13:35:35+00:00\",\"dateModified\":\"2025-04-23T17:03:13+00:00\",\"mainEntityOfPage\":{\"@id\":\"https:\\\/\\\/campeche-noticias.com\\\/?p=25327\"},\"wordCount\":323,\"commentCount\":0,\"image\":{\"@id\":\"https:\\\/\\\/campeche-noticias.com\\\/?p=25327#primaryimage\"},\"thumbnailUrl\":\"https:\\\/\\\/campeche-noticias.com\\\/wp-content\\\/uploads\\\/2025\\\/04\\\/WhatsApp-Image-2025-04-23-at-08.42.21.jpeg\",\"articleSection\":[\"Nacional\"],\"inLanguage\":\"es\",\"potentialAction\":[{\"@type\":\"CommentAction\",\"name\":\"Comment\",\"target\":[\"https:\\\/\\\/campeche-noticias.com\\\/?p=25327#respond\"]}]},{\"@type\":\"WebPage\",\"@id\":\"https:\\\/\\\/campeche-noticias.com\\\/?p=25327\",\"url\":\"https:\\\/\\\/campeche-noticias.com\\\/?p=25327\",\"name\":\"Infonavit suspender\u00e1 cobro de cr\u00e9dito a trabajadores que pierdan su empleo - Campeche Noticias\",\"isPartOf\":{\"@id\":\"https:\\\/\\\/campeche-noticias.com\\\/#website\"},\"primaryImageOfPage\":{\"@id\":\"https:\\\/\\\/campeche-noticias.com\\\/?p=25327#primaryimage\"},\"image\":{\"@id\":\"https:\\\/\\\/campeche-noticias.com\\\/?p=25327#primaryimage\"},\"thumbnailUrl\":\"https:\\\/\\\/campeche-noticias.com\\\/wp-content\\\/uploads\\\/2025\\\/04\\\/WhatsApp-Image-2025-04-23-at-08.42.21.jpeg\",\"datePublished\":\"2025-04-23T13:35:35+00:00\",\"dateModified\":\"2025-04-23T17:03:13+00:00\",\"author\":{\"@id\":\"https:\\\/\\\/campeche-noticias.com\\\/#\\\/schema\\\/person\\\/7940c228049cff34b4cc679f887362f1\"},\"breadcrumb\":{\"@id\":\"https:\\\/\\\/campeche-noticias.com\\\/?p=25327#breadcrumb\"},\"inLanguage\":\"es\",\"potentialAction\":[{\"@type\":\"ReadAction\",\"target\":[\"https:\\\/\\\/campeche-noticias.com\\\/?p=25327\"]}]},{\"@type\":\"ImageObject\",\"inLanguage\":\"es\",\"@id\":\"https:\\\/\\\/campeche-noticias.com\\\/?p=25327#primaryimage\",\"url\":\"https:\\\/\\\/campeche-noticias.com\\\/wp-content\\\/uploads\\\/2025\\\/04\\\/WhatsApp-Image-2025-04-23-at-08.42.21.jpeg\",\"contentUrl\":\"https:\\\/\\\/campeche-noticias.com\\\/wp-content\\\/uploads\\\/2025\\\/04\\\/WhatsApp-Image-2025-04-23-at-08.42.21.jpeg\",\"width\":1004,\"height\":565},{\"@type\":\"BreadcrumbList\",\"@id\":\"https:\\\/\\\/campeche-noticias.com\\\/?p=25327#breadcrumb\",\"itemListElement\":[{\"@type\":\"ListItem\",\"position\":1,\"name\":\"Portada\",\"item\":\"https:\\\/\\\/campeche-noticias.com\\\/\"},{\"@type\":\"ListItem\",\"position\":2,\"name\":\"Infonavit suspender\u00e1 cobro de cr\u00e9dito a trabajadores que pierdan su empleo\"}]},{\"@type\":\"WebSite\",\"@id\":\"https:\\\/\\\/campeche-noticias.com\\\/#website\",\"url\":\"https:\\\/\\\/campeche-noticias.com\\\/\",\"name\":\"Campeche Noticias\",\"description\":\"Campeche Noticias\",\"potentialAction\":[{\"@type\":\"SearchAction\",\"target\":{\"@type\":\"EntryPoint\",\"urlTemplate\":\"https:\\\/\\\/campeche-noticias.com\\\/?s={search_term_string}\"},\"query-input\":{\"@type\":\"PropertyValueSpecification\",\"valueRequired\":true,\"valueName\":\"search_term_string\"}}],\"inLanguage\":\"es\"},{\"@type\":\"Person\",\"@id\":\"https:\\\/\\\/campeche-noticias.com\\\/#\\\/schema\\\/person\\\/7940c228049cff34b4cc679f887362f1\",\"name\":\"admin\",\"sameAs\":[\"https:\\\/\\\/campeche-noticias.com\"],\"url\":\"https:\\\/\\\/campeche-noticias.com\\\/?author=1\"}]}<\/script>\n<!-- \/ Yoast SEO plugin. -->","yoast_head_json":{"title":"Infonavit suspender\u00e1 cobro de cr\u00e9dito a trabajadores que pierdan su empleo - Campeche Noticias","robots":{"index":"index","follow":"follow","max-snippet":"max-snippet:-1","max-image-preview":"max-image-preview:large","max-video-preview":"max-video-preview:-1"},"canonical":"https:\/\/campeche-noticias.com\/?p=25327","og_locale":"es_ES","og_type":"article","og_title":"Infonavit suspender\u00e1 cobro de cr\u00e9dito a trabajadores que pierdan su empleo - Campeche Noticias","og_description":"\ud83d\udd36\ufe0f Durante el periodo de gracia, el pr\u00e9stamo no generar\u00e1 intereses adicionales ni penalizaciones. #NACIONAL","og_url":"https:\/\/campeche-noticias.com\/?p=25327","og_site_name":"Campeche Noticias","article_published_time":"2025-04-23T13:35:35+00:00","article_modified_time":"2025-04-23T17:03:13+00:00","author":"admin","twitter_card":"summary_large_image","twitter_misc":{"Escrito por":"admin","Tiempo de lectura":"2 minutos"},"schema":{"@context":"https:\/\/schema.org","@graph":[{"@type":"Article","@id":"https:\/\/campeche-noticias.com\/?p=25327#article","isPartOf":{"@id":"https:\/\/campeche-noticias.com\/?p=25327"},"author":{"name":"admin","@id":"https:\/\/campeche-noticias.com\/#\/schema\/person\/7940c228049cff34b4cc679f887362f1"},"headline":"Infonavit suspender\u00e1 cobro de cr\u00e9dito a trabajadores que pierdan su empleo","datePublished":"2025-04-23T13:35:35+00:00","dateModified":"2025-04-23T17:03:13+00:00","mainEntityOfPage":{"@id":"https:\/\/campeche-noticias.com\/?p=25327"},"wordCount":323,"commentCount":0,"image":{"@id":"https:\/\/campeche-noticias.com\/?p=25327#primaryimage"},"thumbnailUrl":"https:\/\/campeche-noticias.com\/wp-content\/uploads\/2025\/04\/WhatsApp-Image-2025-04-23-at-08.42.21.jpeg","articleSection":["Nacional"],"inLanguage":"es","potentialAction":[{"@type":"CommentAction","name":"Comment","target":["https:\/\/campeche-noticias.com\/?p=25327#respond"]}]},{"@type":"WebPage","@id":"https:\/\/campeche-noticias.com\/?p=25327","url":"https:\/\/campeche-noticias.com\/?p=25327","name":"Infonavit suspender\u00e1 cobro de cr\u00e9dito a trabajadores que pierdan su empleo - Campeche Noticias","isPartOf":{"@id":"https:\/\/campeche-noticias.com\/#website"},"primaryImageOfPage":{"@id":"https:\/\/campeche-noticias.com\/?p=25327#primaryimage"},"image":{"@id":"https:\/\/campeche-noticias.com\/?p=25327#primaryimage"},"thumbnailUrl":"https:\/\/campeche-noticias.com\/wp-content\/uploads\/2025\/04\/WhatsApp-Image-2025-04-23-at-08.42.21.jpeg","datePublished":"2025-04-23T13:35:35+00:00","dateModified":"2025-04-23T17:03:13+00:00","author":{"@id":"https:\/\/campeche-noticias.com\/#\/schema\/person\/7940c228049cff34b4cc679f887362f1"},"breadcrumb":{"@id":"https:\/\/campeche-noticias.com\/?p=25327#breadcrumb"},"inLanguage":"es","potentialAction":[{"@type":"ReadAction","target":["https:\/\/campeche-noticias.com\/?p=25327"]}]},{"@type":"ImageObject","inLanguage":"es","@id":"https:\/\/campeche-noticias.com\/?p=25327#primaryimage","url":"https:\/\/campeche-noticias.com\/wp-content\/uploads\/2025\/04\/WhatsApp-Image-2025-04-23-at-08.42.21.jpeg","contentUrl":"https:\/\/campeche-noticias.com\/wp-content\/uploads\/2025\/04\/WhatsApp-Image-2025-04-23-at-08.42.21.jpeg","width":1004,"height":565},{"@type":"BreadcrumbList","@id":"https:\/\/campeche-noticias.com\/?p=25327#breadcrumb","itemListElement":[{"@type":"ListItem","position":1,"name":"Portada","item":"https:\/\/campeche-noticias.com\/"},{"@type":"ListItem","position":2,"name":"Infonavit suspender\u00e1 cobro de cr\u00e9dito a trabajadores que pierdan su empleo"}]},{"@type":"WebSite","@id":"https:\/\/campeche-noticias.com\/#website","url":"https:\/\/campeche-noticias.com\/","name":"Campeche Noticias","description":"Campeche Noticias","potentialAction":[{"@type":"SearchAction","target":{"@type":"EntryPoint","urlTemplate":"https:\/\/campeche-noticias.com\/?s={search_term_string}"},"query-input":{"@type":"PropertyValueSpecification","valueRequired":true,"valueName":"search_term_string"}}],"inLanguage":"es"},{"@type":"Person","@id":"https:\/\/campeche-noticias.com\/#\/schema\/person\/7940c228049cff34b4cc679f887362f1","name":"admin","sameAs":["https:\/\/campeche-noticias.com"],"url":"https:\/\/campeche-noticias.com\/?author=1"}]}},"_links":{"self":[{"href":"https:\/\/campeche-noticias.com\/index.php?rest_route=\/wp\/v2\/posts\/25327","targetHints":{"allow":["GET"]}}],"collection":[{"href":"https:\/\/campeche-noticias.com\/index.php?rest_route=\/wp\/v2\/posts"}],"about":[{"href":"https:\/\/campeche-noticias.com\/index.php?rest_route=\/wp\/v2\/types\/post"}],"author":[{"embeddable":true,"href":"https:\/\/campeche-noticias.com\/index.php?rest_route=\/wp\/v2\/users\/1"}],"replies":[{"embeddable":true,"href":"https:\/\/campeche-noticias.com\/index.php?rest_route=%2Fwp%2Fv2%2Fcomments&post=25327"}],"version-history":[{"count":1,"href":"https:\/\/campeche-noticias.com\/index.php?rest_route=\/wp\/v2\/posts\/25327\/revisions"}],"predecessor-version":[{"id":25328,"href":"https:\/\/campeche-noticias.com\/index.php?rest_route=\/wp\/v2\/posts\/25327\/revisions\/25328"}],"wp:featuredmedia":[{"embeddable":true,"href":"https:\/\/campeche-noticias.com\/index.php?rest_route=\/wp\/v2\/media\/25329"}],"wp:attachment":[{"href":"https:\/\/campeche-noticias.com\/index.php?rest_route=%2Fwp%2Fv2%2Fmedia&parent=25327"}],"wp:term":[{"taxonomy":"category","embeddable":true,"href":"https:\/\/campeche-noticias.com\/index.php?rest_route=%2Fwp%2Fv2%2Fcategories&post=25327"},{"taxonomy":"post_tag","embeddable":true,"href":"https:\/\/campeche-noticias.com\/index.php?rest_route=%2Fwp%2Fv2%2Ftags&post=25327"}],"curies":[{"name":"wp","href":"https:\/\/api.w.org\/{rel}","templated":true}]}}