{"id":25264,"date":"2025-04-21T09:53:26","date_gmt":"2025-04-21T14:53:26","guid":{"rendered":"https:\/\/campeche-noticias.com\/?p=25264"},"modified":"2025-04-21T14:53:27","modified_gmt":"2025-04-21T14:53:27","slug":"dos-mexicanos-entre-los-aspirantes-para-sucesor-del-papa-francisco","status":"publish","type":"post","link":"https:\/\/campeche-noticias.com\/?p=25264","title":{"rendered":"Dos mexicanos entre los aspirantes para sucesor del Papa Francisco"},"content":{"rendered":"<p>\ud83d\udd38 Carlos Aguiar Retes y Jos\u00e9 Francisco Robles Ortega est\u00e1n en la lista de papables<\/p>\n<p>&nbsp;<\/p>\n<p>#INTERNACIONAL | Se ha publicado una\u00a0lista de los posibles sucesores\u00a0del\u00a0Papa Francisco, tras su\u00a0fallecimiento\u00a0a consecuencia de problemas respiratorios. \u00a0En est\u00e1 lista figuran\u00a0dos sacerdotes mexicanos.<\/p>\n<p>&nbsp;<\/p>\n<p>Los nombres de quienes podr\u00e1n ocupar el lugar del pont\u00edfice est\u00e1n tomando protagonismo en redes sociales, y se empieza a debatir sobre qui\u00e9n deber\u00eda ser el siguiente Papa; a continuaci\u00f3n te compartimos la lista de los posibles sucesores del Papa Francisco.<\/p>\n<p>&nbsp;<\/p>\n<p>Estos son los candidatos para tomar el cargo del Papa Francisco, tras su muerte:<\/p>\n<p>&nbsp;<\/p>\n<p>&nbsp;<\/p>\n<h2><strong><b>Luis Antonio Tagle &#8211; Filipinas<\/b><\/strong><\/h2>\n<p>Enfocado en la comunidad y el mensaje de la misericordia, la inclusi\u00f3n y la justicia social, Tagle es un fuerte candidato para tomar el cargo.<\/p>\n<p>Conocido como una de las personalidades del sector progresista de la Iglesia, fue visto como un posible candidato a Papa desde el c\u00f3nclave en 2013. Fue arzobispo de Manila y en 2019, fue nombrado prefecto de la Congregaci\u00f3n para la Evangelizaci\u00f3n de los Pueblos por el Papa Francisco.<\/p>\n<p>&nbsp;<\/p>\n<h2><strong><b>Matteo Zuppi &#8211; Italia<\/b><\/strong><\/h2>\n<p>El presidente de la Conferencia Episcopal Italiana es considerado con gran sensibilidad social, vinculado a la Comunidad de Sant\u2019Egidio, conocida por su labor en la mediaci\u00f3n de conflictos y su compromiso con los m\u00e1s pobres.<\/p>\n<p>Zuppi foment\u00f3 una Iglesia que sea abierta y dialogante, lo cual lo alinea con Francisco.<\/p>\n<p>&nbsp;<\/p>\n<h2><strong><b>Pietro Parolin &#8211; Italia<\/b><\/strong><\/h2>\n<p>Actualmente es el secretario de Estado del Vaticano y una de las personalidades m\u00e1s influyentes en la Curia. Parolin estuvo involucrado en negociaciones clave, como el acuerdo con China sobre el nombramiento de obispos.<\/p>\n<p>&nbsp;<\/p>\n<h2><strong><b>Willem Eijk &#8211; Pa\u00edses Bajos<\/b><\/strong><\/h2>\n<p>Es el arzobispo de Utrecht, Eijk se mostr\u00f3 rotundamente en contra de las modificaciones en la doctrina referente a la moral sexual y a la comuni\u00f3n de aquellos divorciados que volvieron a casarse.<br \/>\nEn un momento, cuestion\u00f3 ciertas aperturas del Papa Francisco y se aline\u00f3 m\u00e1s con la postura de Benedicto XVI.<\/p>\n<p>&nbsp;<\/p>\n<p>&nbsp;<\/p>\n<h2><strong><b>Peter Erd &#8211; Hungr\u00eda<\/b><\/strong><\/h2>\n<p>Fue visto tambi\u00e9n en el a\u00f1o 2013 como un candidato fuerte para ser el pr\u00f3ximo Papa, cuando se eligi\u00f3 a Francisco. Actualmente ejerce como arzobispo de Esztergom-Budapest y es el primado de Hungr\u00eda.<\/p>\n<p>Particip\u00f3 en los s\u00ednodos sobre la familia y defendi\u00f3 posturas tradicionales en asuntos como el matrimonio y la bio\u00e9tica.<\/p>\n<p>&nbsp;<\/p>\n<p>&nbsp;<\/p>\n<h2><strong><b>Raymond Leo Burke &#8211; Estados Unidos<\/b><\/strong><\/h2>\n<p>El Papa Francisco lo releg\u00f3 debido a que siendo ex prefecto del Tribunal Supremo de la Signatura Apost\u00f3lica se opuso a reformas como la de permitir la comuni\u00f3n a los divorciados vueltos a casar. \u00a0Se inclina al lado ultraconservador de la Iglesia.<\/p>\n<p>&nbsp;<\/p>\n<p>&nbsp;<\/p>\n<h2><strong><b>Peter Turkson &#8211; Ghana<\/b><\/strong><\/h2>\n<p>Fue un posible candidato a Papa en 2013. Ocup\u00f3 el cargo de presidente del Dicasterio para el Desarrollo Humano Integral hasta 2021.<\/p>\n<p>&nbsp;<\/p>\n<h2><strong><b>Gerhard Ludwig M\u00fcller &#8211; Alemania<\/b><\/strong><\/h2>\n<p>Ocup\u00f3 el cargo de prefecto de la Congregaci\u00f3n para la Doctrina de la Fe, aunque Francisco decidi\u00f3 no ampliar su mandato en 2017.<\/p>\n<p>&nbsp;<\/p>\n<h2><strong><b>Malcolm Ranjith &#8211; Sri Lanka<\/b><\/strong><\/h2>\n<p>Ranjith ocup\u00f3 el cargo de secretario de la Congregaci\u00f3n para el Culto Divino y la Disciplina de los Sacramentos. Se le considera conservador, con \u00e9nfasis en la liturgia tradicional y la doctrina moral. Critic\u00f3 algunas reformas de Francisco y es m\u00e1s af\u00edn a la l\u00ednea de Benedicto XVI.<\/p>\n<p>&nbsp;<\/p>\n<h2><strong><b>Carlos Aguiar Retes &#8211; M\u00e9xico\u00a0<\/b><\/strong><\/h2>\n<p>Carlos Aguiar Retes, nacido el 9 de enero de 1950 en Tepic, Nayarit, es el actual Arzobispo Primado de M\u00e9xico. Fue nombrado para este cargo por el Papa Francisco el 7 de diciembre de 2017, sucediendo al cardenal Norberto Rivera Carrera.<\/p>\n<p>Aguiar Retes es reconocido por su enfoque pastoral y su compromiso con la evangelizaci\u00f3n y la comuni\u00f3n eclesial en Am\u00e9rica Latina. Su trayectoria refleja una dedicaci\u00f3n constante al servicio de la Iglesia y a la promoci\u00f3n de los valores cristianos en la sociedad mexicana.<\/p>\n<p>&nbsp;<\/p>\n<p>&nbsp;<\/p>\n<h2><strong><b>Jos\u00e9 Francisco Robles Ortega &#8211; M\u00e9xico\u00a0<\/b><\/strong><\/h2>\n<p>&nbsp;<\/p>\n<p>Jos\u00e9 Francisco Robles Ortega, nacido el 2 de marzo de 1949 en Mascota, Jalisco, es un destacado cardenal mexicano de la Iglesia Cat\u00f3lica y actual Arzobispo de Guadalajara. Es el tercero de diecis\u00e9is hijos de Francisco Robles Arreola y Teresa Ortega de Robles.<\/p>\n<p>A lo largo de su ministerio, el Cardenal Robles Ortega ha sido reconocido por su dedicaci\u00f3n pastoral y su compromiso con la evangelizaci\u00f3n y la formaci\u00f3n del clero en M\u00e9xico.<\/p>\n<p>&nbsp;<\/p>\n<h2><strong><b>\u00bfC\u00f3mo se elige al nuevo papa? <\/b><\/strong><\/h2>\n<p>&nbsp;<\/p>\n<p>El proceso para elegir a un nuevo papa, conocido como C\u00f3nclave, se activa cuando la Sede Apost\u00f3lica queda vacante, como ahora con la muerte del papa Francisco. Es un procedimiento muy antiguo, lleno de simbolismo y reglas precisas:<\/p>\n<ol>\n<li>Inicio de la Sede Vacante<\/li>\n<\/ol>\n<p>Tras el fallecimiento del Papa, comienza oficialmente el periodo llamado Sede Vacante. Durante este tiempo:<\/p>\n<p>&nbsp;<\/p>\n<p>El Camarlengo (actualmente el cardenal Kevin Farrell) administra temporalmente el Vaticano.<\/p>\n<p>&nbsp;<\/p>\n<p>Se sella el apartamento papal y se preparan los funerales.<\/p>\n<p>&nbsp;<\/p>\n<ol start=\"2\">\n<li>Funeral y duelo<\/li>\n<\/ol>\n<p>Se celebran 9 d\u00edas de misas en honor al papa fallecido, conocidos como los novemdiales.<\/p>\n<p>&nbsp;<\/p>\n<p>El entierro se realiza, generalmente, en la Bas\u00edlica de San Pedro o seg\u00fan el deseo del pont\u00edfice.<\/p>\n<p>&nbsp;<\/p>\n<ol start=\"3\">\n<li>Convocatoria al C\u00f3nclave<\/li>\n<\/ol>\n<p>Entre 15 y 20 d\u00edas despu\u00e9s de iniciada la Sede Vacante, se convoca a los cardenales electores.<\/p>\n<p>&nbsp;<\/p>\n<p>Solo pueden participar cardenales menores de 80 a\u00f1os (hay cerca de 130 elegibles actualmente).<\/p>\n<p>&nbsp;<\/p>\n<ol start=\"4\">\n<li>El C\u00f3nclave<\/li>\n<\/ol>\n<p>Se realiza en la Capilla Sixtina, bajo estricto aislamiento: sin tel\u00e9fonos, medios ni contactos externos.<\/p>\n<p>&nbsp;<\/p>\n<p>Cada cardenal puede proponer nombres, debatir y votar.<\/p>\n<p>&nbsp;<\/p>\n<p>Se necesita una mayor\u00eda de dos tercios para que alguien sea elegido papa.<\/p>\n<p>&nbsp;<\/p>\n<ol start=\"5\">\n<li>La fumata<\/li>\n<\/ol>\n<p>Despu\u00e9s de cada votaci\u00f3n, se quema la papeleta:<\/p>\n<p>&nbsp;<\/p>\n<p>Fumata negra: No hubo elecci\u00f3n.<\/p>\n<p>&nbsp;<\/p>\n<p>Fumata blanca: \u00a1Tenemos nuevo papa!<\/p>\n<p>&nbsp;<\/p>\n<ol start=\"6\">\n<li>Aceptaci\u00f3n y anuncio<\/li>\n<\/ol>\n<p>El elegido debe aceptar formalmente el cargo.<\/p>\n<p>&nbsp;<\/p>\n<p>Luego el cardenal protodi\u00e1cono sale al balc\u00f3n y anuncia la famosa frase:<\/p>\n<p>\u201cHabemus Papam\u201d (\u00abTenemos Papa\u00bb).<\/p>\n<p>&nbsp;<\/p>\n<p>El nuevo pont\u00edfice aparece ante el mundo por primera vez.<\/p>\n<p>&nbsp;<\/p>\n","protected":false},"excerpt":{"rendered":"<p>\ud83d\udd38 Carlos Aguiar Retes y Jos\u00e9 Francisco Robles Ortega est\u00e1n en la lista de papables<\/p>\n","protected":false},"author":1,"featured_media":25266,"comment_status":"open","ping_status":"closed","sticky":false,"template":"","format":"standard","meta":{"footnotes":""},"categories":[9],"tags":[],"class_list":["post-25264","post","type-post","status-publish","format-standard","has-post-thumbnail","hentry","category-internacional"],"yoast_head":"<!-- This site is optimized with the Yoast SEO plugin v27.5 - https:\/\/yoast.com\/product\/yoast-seo-wordpress\/ -->\n<title>Dos mexicanos entre los aspirantes para sucesor del Papa Francisco - Campeche Noticias<\/title>\n<meta name=\"robots\" content=\"index, follow, max-snippet:-1, max-image-preview:large, max-video-preview:-1\" \/>\n<link rel=\"canonical\" href=\"https:\/\/campeche-noticias.com\/?p=25264\" \/>\n<meta property=\"og:locale\" content=\"es_ES\" \/>\n<meta property=\"og:type\" content=\"article\" \/>\n<meta property=\"og:title\" content=\"Dos mexicanos entre los aspirantes para sucesor del Papa Francisco - Campeche Noticias\" \/>\n<meta property=\"og:description\" content=\"\ud83d\udd38 Carlos Aguiar Retes y Jos\u00e9 Francisco Robles Ortega est\u00e1n en la lista de papables\" \/>\n<meta property=\"og:url\" content=\"https:\/\/campeche-noticias.com\/?p=25264\" \/>\n<meta property=\"og:site_name\" content=\"Campeche Noticias\" \/>\n<meta property=\"article:published_time\" content=\"2025-04-21T14:53:26+00:00\" \/>\n<meta property=\"article:modified_time\" content=\"2025-04-21T14:53:27+00:00\" \/>\n<meta name=\"author\" content=\"admin\" \/>\n<meta name=\"twitter:card\" content=\"summary_large_image\" \/>\n<meta name=\"twitter:label1\" content=\"Escrito por\" \/>\n\t<meta name=\"twitter:data1\" content=\"admin\" \/>\n\t<meta name=\"twitter:label2\" content=\"Tiempo de lectura\" \/>\n\t<meta name=\"twitter:data2\" content=\"5 minutos\" \/>\n<script type=\"application\/ld+json\" class=\"yoast-schema-graph\">{\"@context\":\"https:\\\/\\\/schema.org\",\"@graph\":[{\"@type\":\"Article\",\"@id\":\"https:\\\/\\\/campeche-noticias.com\\\/?p=25264#article\",\"isPartOf\":{\"@id\":\"https:\\\/\\\/campeche-noticias.com\\\/?p=25264\"},\"author\":{\"name\":\"admin\",\"@id\":\"https:\\\/\\\/campeche-noticias.com\\\/#\\\/schema\\\/person\\\/7940c228049cff34b4cc679f887362f1\"},\"headline\":\"Dos mexicanos entre los aspirantes para sucesor del Papa Francisco\",\"datePublished\":\"2025-04-21T14:53:26+00:00\",\"dateModified\":\"2025-04-21T14:53:27+00:00\",\"mainEntityOfPage\":{\"@id\":\"https:\\\/\\\/campeche-noticias.com\\\/?p=25264\"},\"wordCount\":1051,\"commentCount\":263,\"image\":{\"@id\":\"https:\\\/\\\/campeche-noticias.com\\\/?p=25264#primaryimage\"},\"thumbnailUrl\":\"https:\\\/\\\/campeche-noticias.com\\\/wp-content\\\/uploads\\\/2023\\\/09\\\/1-3-5.jpg\",\"articleSection\":[\"Internacional\"],\"inLanguage\":\"es\",\"potentialAction\":[{\"@type\":\"CommentAction\",\"name\":\"Comment\",\"target\":[\"https:\\\/\\\/campeche-noticias.com\\\/?p=25264#respond\"]}]},{\"@type\":\"WebPage\",\"@id\":\"https:\\\/\\\/campeche-noticias.com\\\/?p=25264\",\"url\":\"https:\\\/\\\/campeche-noticias.com\\\/?p=25264\",\"name\":\"Dos mexicanos entre los aspirantes para sucesor del Papa Francisco - Campeche Noticias\",\"isPartOf\":{\"@id\":\"https:\\\/\\\/campeche-noticias.com\\\/#website\"},\"primaryImageOfPage\":{\"@id\":\"https:\\\/\\\/campeche-noticias.com\\\/?p=25264#primaryimage\"},\"image\":{\"@id\":\"https:\\\/\\\/campeche-noticias.com\\\/?p=25264#primaryimage\"},\"thumbnailUrl\":\"https:\\\/\\\/campeche-noticias.com\\\/wp-content\\\/uploads\\\/2023\\\/09\\\/1-3-5.jpg\",\"datePublished\":\"2025-04-21T14:53:26+00:00\",\"dateModified\":\"2025-04-21T14:53:27+00:00\",\"author\":{\"@id\":\"https:\\\/\\\/campeche-noticias.com\\\/#\\\/schema\\\/person\\\/7940c228049cff34b4cc679f887362f1\"},\"breadcrumb\":{\"@id\":\"https:\\\/\\\/campeche-noticias.com\\\/?p=25264#breadcrumb\"},\"inLanguage\":\"es\",\"potentialAction\":[{\"@type\":\"ReadAction\",\"target\":[\"https:\\\/\\\/campeche-noticias.com\\\/?p=25264\"]}]},{\"@type\":\"ImageObject\",\"inLanguage\":\"es\",\"@id\":\"https:\\\/\\\/campeche-noticias.com\\\/?p=25264#primaryimage\",\"url\":\"https:\\\/\\\/campeche-noticias.com\\\/wp-content\\\/uploads\\\/2023\\\/09\\\/1-3-5.jpg\",\"contentUrl\":\"https:\\\/\\\/campeche-noticias.com\\\/wp-content\\\/uploads\\\/2023\\\/09\\\/1-3-5.jpg\",\"width\":728,\"height\":403},{\"@type\":\"BreadcrumbList\",\"@id\":\"https:\\\/\\\/campeche-noticias.com\\\/?p=25264#breadcrumb\",\"itemListElement\":[{\"@type\":\"ListItem\",\"position\":1,\"name\":\"Portada\",\"item\":\"https:\\\/\\\/campeche-noticias.com\\\/\"},{\"@type\":\"ListItem\",\"position\":2,\"name\":\"Dos mexicanos entre los aspirantes para sucesor del Papa Francisco\"}]},{\"@type\":\"WebSite\",\"@id\":\"https:\\\/\\\/campeche-noticias.com\\\/#website\",\"url\":\"https:\\\/\\\/campeche-noticias.com\\\/\",\"name\":\"Campeche Noticias\",\"description\":\"Campeche Noticias\",\"potentialAction\":[{\"@type\":\"SearchAction\",\"target\":{\"@type\":\"EntryPoint\",\"urlTemplate\":\"https:\\\/\\\/campeche-noticias.com\\\/?s={search_term_string}\"},\"query-input\":{\"@type\":\"PropertyValueSpecification\",\"valueRequired\":true,\"valueName\":\"search_term_string\"}}],\"inLanguage\":\"es\"},{\"@type\":\"Person\",\"@id\":\"https:\\\/\\\/campeche-noticias.com\\\/#\\\/schema\\\/person\\\/7940c228049cff34b4cc679f887362f1\",\"name\":\"admin\",\"sameAs\":[\"https:\\\/\\\/campeche-noticias.com\"],\"url\":\"https:\\\/\\\/campeche-noticias.com\\\/?author=1\"}]}<\/script>\n<!-- \/ Yoast SEO plugin. -->","yoast_head_json":{"title":"Dos mexicanos entre los aspirantes para sucesor del Papa Francisco - Campeche Noticias","robots":{"index":"index","follow":"follow","max-snippet":"max-snippet:-1","max-image-preview":"max-image-preview:large","max-video-preview":"max-video-preview:-1"},"canonical":"https:\/\/campeche-noticias.com\/?p=25264","og_locale":"es_ES","og_type":"article","og_title":"Dos mexicanos entre los aspirantes para sucesor del Papa Francisco - Campeche Noticias","og_description":"\ud83d\udd38 Carlos Aguiar Retes y Jos\u00e9 Francisco Robles Ortega est\u00e1n en la lista de papables","og_url":"https:\/\/campeche-noticias.com\/?p=25264","og_site_name":"Campeche Noticias","article_published_time":"2025-04-21T14:53:26+00:00","article_modified_time":"2025-04-21T14:53:27+00:00","author":"admin","twitter_card":"summary_large_image","twitter_misc":{"Escrito por":"admin","Tiempo de lectura":"5 minutos"},"schema":{"@context":"https:\/\/schema.org","@graph":[{"@type":"Article","@id":"https:\/\/campeche-noticias.com\/?p=25264#article","isPartOf":{"@id":"https:\/\/campeche-noticias.com\/?p=25264"},"author":{"name":"admin","@id":"https:\/\/campeche-noticias.com\/#\/schema\/person\/7940c228049cff34b4cc679f887362f1"},"headline":"Dos mexicanos entre los aspirantes para sucesor del Papa Francisco","datePublished":"2025-04-21T14:53:26+00:00","dateModified":"2025-04-21T14:53:27+00:00","mainEntityOfPage":{"@id":"https:\/\/campeche-noticias.com\/?p=25264"},"wordCount":1051,"commentCount":263,"image":{"@id":"https:\/\/campeche-noticias.com\/?p=25264#primaryimage"},"thumbnailUrl":"https:\/\/campeche-noticias.com\/wp-content\/uploads\/2023\/09\/1-3-5.jpg","articleSection":["Internacional"],"inLanguage":"es","potentialAction":[{"@type":"CommentAction","name":"Comment","target":["https:\/\/campeche-noticias.com\/?p=25264#respond"]}]},{"@type":"WebPage","@id":"https:\/\/campeche-noticias.com\/?p=25264","url":"https:\/\/campeche-noticias.com\/?p=25264","name":"Dos mexicanos entre los aspirantes para sucesor del Papa Francisco - Campeche Noticias","isPartOf":{"@id":"https:\/\/campeche-noticias.com\/#website"},"primaryImageOfPage":{"@id":"https:\/\/campeche-noticias.com\/?p=25264#primaryimage"},"image":{"@id":"https:\/\/campeche-noticias.com\/?p=25264#primaryimage"},"thumbnailUrl":"https:\/\/campeche-noticias.com\/wp-content\/uploads\/2023\/09\/1-3-5.jpg","datePublished":"2025-04-21T14:53:26+00:00","dateModified":"2025-04-21T14:53:27+00:00","author":{"@id":"https:\/\/campeche-noticias.com\/#\/schema\/person\/7940c228049cff34b4cc679f887362f1"},"breadcrumb":{"@id":"https:\/\/campeche-noticias.com\/?p=25264#breadcrumb"},"inLanguage":"es","potentialAction":[{"@type":"ReadAction","target":["https:\/\/campeche-noticias.com\/?p=25264"]}]},{"@type":"ImageObject","inLanguage":"es","@id":"https:\/\/campeche-noticias.com\/?p=25264#primaryimage","url":"https:\/\/campeche-noticias.com\/wp-content\/uploads\/2023\/09\/1-3-5.jpg","contentUrl":"https:\/\/campeche-noticias.com\/wp-content\/uploads\/2023\/09\/1-3-5.jpg","width":728,"height":403},{"@type":"BreadcrumbList","@id":"https:\/\/campeche-noticias.com\/?p=25264#breadcrumb","itemListElement":[{"@type":"ListItem","position":1,"name":"Portada","item":"https:\/\/campeche-noticias.com\/"},{"@type":"ListItem","position":2,"name":"Dos mexicanos entre los aspirantes para sucesor del Papa Francisco"}]},{"@type":"WebSite","@id":"https:\/\/campeche-noticias.com\/#website","url":"https:\/\/campeche-noticias.com\/","name":"Campeche Noticias","description":"Campeche Noticias","potentialAction":[{"@type":"SearchAction","target":{"@type":"EntryPoint","urlTemplate":"https:\/\/campeche-noticias.com\/?s={search_term_string}"},"query-input":{"@type":"PropertyValueSpecification","valueRequired":true,"valueName":"search_term_string"}}],"inLanguage":"es"},{"@type":"Person","@id":"https:\/\/campeche-noticias.com\/#\/schema\/person\/7940c228049cff34b4cc679f887362f1","name":"admin","sameAs":["https:\/\/campeche-noticias.com"],"url":"https:\/\/campeche-noticias.com\/?author=1"}]}},"_links":{"self":[{"href":"https:\/\/campeche-noticias.com\/index.php?rest_route=\/wp\/v2\/posts\/25264","targetHints":{"allow":["GET"]}}],"collection":[{"href":"https:\/\/campeche-noticias.com\/index.php?rest_route=\/wp\/v2\/posts"}],"about":[{"href":"https:\/\/campeche-noticias.com\/index.php?rest_route=\/wp\/v2\/types\/post"}],"author":[{"embeddable":true,"href":"https:\/\/campeche-noticias.com\/index.php?rest_route=\/wp\/v2\/users\/1"}],"replies":[{"embeddable":true,"href":"https:\/\/campeche-noticias.com\/index.php?rest_route=%2Fwp%2Fv2%2Fcomments&post=25264"}],"version-history":[{"count":1,"href":"https:\/\/campeche-noticias.com\/index.php?rest_route=\/wp\/v2\/posts\/25264\/revisions"}],"predecessor-version":[{"id":25265,"href":"https:\/\/campeche-noticias.com\/index.php?rest_route=\/wp\/v2\/posts\/25264\/revisions\/25265"}],"wp:featuredmedia":[{"embeddable":true,"href":"https:\/\/campeche-noticias.com\/index.php?rest_route=\/wp\/v2\/media\/25266"}],"wp:attachment":[{"href":"https:\/\/campeche-noticias.com\/index.php?rest_route=%2Fwp%2Fv2%2Fmedia&parent=25264"}],"wp:term":[{"taxonomy":"category","embeddable":true,"href":"https:\/\/campeche-noticias.com\/index.php?rest_route=%2Fwp%2Fv2%2Fcategories&post=25264"},{"taxonomy":"post_tag","embeddable":true,"href":"https:\/\/campeche-noticias.com\/index.php?rest_route=%2Fwp%2Fv2%2Ftags&post=25264"}],"curies":[{"name":"wp","href":"https:\/\/api.w.org\/{rel}","templated":true}]}}