{"id":24469,"date":"2025-03-21T10:42:23","date_gmt":"2025-03-21T15:42:23","guid":{"rendered":"https:\/\/campeche-noticias.com\/?p=24469"},"modified":"2025-03-21T15:42:23","modified_gmt":"2025-03-21T15:42:23","slug":"cristian-castro-regresa-a-la-escuela-para-terminar-la-secundaria-me-hizo-falta","status":"publish","type":"post","link":"https:\/\/campeche-noticias.com\/?p=24469","title":{"rendered":"Cristian Castro regresa a la escuela para terminar la secundaria: \u201cMe hizo falta\u201d"},"content":{"rendered":"<p>\ud83d\udd38 En una entrevista, Cristian Castro revel\u00f3 su regreso a las aulas y habl\u00f3 de la raz\u00f3n que lo hizo tomar esta decisi\u00f3n.<\/p>\n<p>#ESPECT\u00c1CULOS | Este a\u00f1o, Cristian Castro pretende sorprender a sus fans con nueva m\u00fasica. Su mudanza a Argentina, donde ha destacado no solo con presentaciones musicales, tambi\u00e9n con apariciones en programas de televisi\u00f3n, como el reality show musical Canta conmigo ahora, lo ha llenado de nuevos br\u00edos art\u00edsticos.<\/p>\n<p>Adem\u00e1s, a nivel personal busca seguir creciendo. Prueba de esto es que en una reciente entrevista para la cadena Am\u00e9rica TV revel\u00f3 que regres\u00f3 a la escuela para terminar la secundaria, pues \u00abme hizo falta\u00bb, dijo el cantante.<\/p>\n<p>En entrevista para la cadena sudamericana, Cristian confes\u00f3 que est\u00e1 retomando los estudios: \u00abEstoy volviendo al colegio tambi\u00e9n, a terminar la secundaria\u00bb.<\/p>\n<p>Sobre esta decisi\u00f3n de vida, dijo que \u00abhay un reencuentro lindo con el estudio, que ya lo ven\u00eda sembrando desde que estuve en Uruguay un tiempo y ahora ac\u00e1 en Argentina, en C\u00f3rdoba\u00bb.<\/p>\n<p>\u00abEso he tratado de estar cerquita tambi\u00e9n de los estudios, como para ir sembrando m\u00e1s en m\u00ed y poder entregar algo mejor musicalmente\u00bb, coment\u00f3 sobre su objetivo con este regreso a las aulas.<\/p>\n<p>Relat\u00f3 la raz\u00f3n por la que en su momento no termino este grado escolar: \u00abHace mucho estoy tras de la secundaria, porque se me vino una \u00e9poca muy buena cuando reci\u00e9n comenzando con \u2018No podr\u00e1s\u2019, la verdad me fui de gira y nunca ya volv\u00ed\u00bb.<\/p>\n<p>El hijo de Ver\u00f3nica Castro mencion\u00f3 que en su juventud \u00abme hizo falta estudiar, como para encarar un poquito mejor muchas cosas, muchos lazos, compromisos. Cosas que puedo y quiero darle a la gente, y no s\u00e9 c\u00f3mo\u00bb.<\/p>\n<p>\u00abQuiz\u00e1 con esto voy a poder relacionarme hasta mejor conmigo mismo, con toda la gente\u00bb, coment\u00f3 Cristian con esperanza.<\/p>\n<p>Tras revelar su regreso a la escuela para acabar la secundaria, exalt\u00f3 que otras facetas de su vida tambi\u00e9n marchan de manera positiva: \u00abHay mucha buena energ\u00eda en este momento. Tambi\u00e9n sentimentalmente me siento m\u00e1s estable, sobre todo con este periodo de tranquilidad que me trae una calma tremenda\u00bb.<\/p>\n","protected":false},"excerpt":{"rendered":"<p>\ud83d\udd38 En una entrevista, Cristian Castro revel\u00f3 su regreso a las aulas y habl\u00f3 de<\/p>\n","protected":false},"author":1,"featured_media":24471,"comment_status":"open","ping_status":"closed","sticky":false,"template":"","format":"standard","meta":{"footnotes":""},"categories":[5],"tags":[],"class_list":["post-24469","post","type-post","status-publish","format-standard","has-post-thumbnail","hentry","category-espectaculos"],"yoast_head":"<!-- This site is optimized with the Yoast SEO plugin v27.5 - https:\/\/yoast.com\/product\/yoast-seo-wordpress\/ -->\n<title>Cristian Castro regresa a la escuela para terminar la secundaria: \u201cMe hizo falta\u201d - Campeche Noticias<\/title>\n<meta name=\"robots\" content=\"index, follow, max-snippet:-1, max-image-preview:large, max-video-preview:-1\" \/>\n<link rel=\"canonical\" href=\"https:\/\/campeche-noticias.com\/?p=24469\" \/>\n<meta property=\"og:locale\" content=\"es_ES\" \/>\n<meta property=\"og:type\" content=\"article\" \/>\n<meta property=\"og:title\" content=\"Cristian Castro regresa a la escuela para terminar la secundaria: \u201cMe hizo falta\u201d - Campeche Noticias\" \/>\n<meta property=\"og:description\" content=\"\ud83d\udd38 En una entrevista, Cristian Castro revel\u00f3 su regreso a las aulas y habl\u00f3 de\" \/>\n<meta property=\"og:url\" content=\"https:\/\/campeche-noticias.com\/?p=24469\" \/>\n<meta property=\"og:site_name\" content=\"Campeche Noticias\" \/>\n<meta property=\"article:published_time\" content=\"2025-03-21T15:42:23+00:00\" \/>\n<meta name=\"author\" content=\"admin\" \/>\n<meta name=\"twitter:card\" content=\"summary_large_image\" \/>\n<meta name=\"twitter:label1\" content=\"Escrito por\" \/>\n\t<meta name=\"twitter:data1\" content=\"admin\" \/>\n\t<meta name=\"twitter:label2\" content=\"Tiempo de lectura\" \/>\n\t<meta name=\"twitter:data2\" content=\"2 minutos\" \/>\n<script type=\"application\/ld+json\" class=\"yoast-schema-graph\">{\"@context\":\"https:\\\/\\\/schema.org\",\"@graph\":[{\"@type\":\"Article\",\"@id\":\"https:\\\/\\\/campeche-noticias.com\\\/?p=24469#article\",\"isPartOf\":{\"@id\":\"https:\\\/\\\/campeche-noticias.com\\\/?p=24469\"},\"author\":{\"name\":\"admin\",\"@id\":\"https:\\\/\\\/campeche-noticias.com\\\/#\\\/schema\\\/person\\\/7940c228049cff34b4cc679f887362f1\"},\"headline\":\"Cristian Castro regresa a la escuela para terminar la secundaria: \u201cMe hizo falta\u201d\",\"datePublished\":\"2025-03-21T15:42:23+00:00\",\"mainEntityOfPage\":{\"@id\":\"https:\\\/\\\/campeche-noticias.com\\\/?p=24469\"},\"wordCount\":385,\"commentCount\":0,\"image\":{\"@id\":\"https:\\\/\\\/campeche-noticias.com\\\/?p=24469#primaryimage\"},\"thumbnailUrl\":\"https:\\\/\\\/campeche-noticias.com\\\/wp-content\\\/uploads\\\/2025\\\/03\\\/WhatsApp-Image-2025-03-21-at-09.47.32.jpeg\",\"articleSection\":[\"Espectaculos\"],\"inLanguage\":\"es\",\"potentialAction\":[{\"@type\":\"CommentAction\",\"name\":\"Comment\",\"target\":[\"https:\\\/\\\/campeche-noticias.com\\\/?p=24469#respond\"]}]},{\"@type\":\"WebPage\",\"@id\":\"https:\\\/\\\/campeche-noticias.com\\\/?p=24469\",\"url\":\"https:\\\/\\\/campeche-noticias.com\\\/?p=24469\",\"name\":\"Cristian Castro regresa a la escuela para terminar la secundaria: \u201cMe hizo falta\u201d - Campeche Noticias\",\"isPartOf\":{\"@id\":\"https:\\\/\\\/campeche-noticias.com\\\/#website\"},\"primaryImageOfPage\":{\"@id\":\"https:\\\/\\\/campeche-noticias.com\\\/?p=24469#primaryimage\"},\"image\":{\"@id\":\"https:\\\/\\\/campeche-noticias.com\\\/?p=24469#primaryimage\"},\"thumbnailUrl\":\"https:\\\/\\\/campeche-noticias.com\\\/wp-content\\\/uploads\\\/2025\\\/03\\\/WhatsApp-Image-2025-03-21-at-09.47.32.jpeg\",\"datePublished\":\"2025-03-21T15:42:23+00:00\",\"author\":{\"@id\":\"https:\\\/\\\/campeche-noticias.com\\\/#\\\/schema\\\/person\\\/7940c228049cff34b4cc679f887362f1\"},\"breadcrumb\":{\"@id\":\"https:\\\/\\\/campeche-noticias.com\\\/?p=24469#breadcrumb\"},\"inLanguage\":\"es\",\"potentialAction\":[{\"@type\":\"ReadAction\",\"target\":[\"https:\\\/\\\/campeche-noticias.com\\\/?p=24469\"]}]},{\"@type\":\"ImageObject\",\"inLanguage\":\"es\",\"@id\":\"https:\\\/\\\/campeche-noticias.com\\\/?p=24469#primaryimage\",\"url\":\"https:\\\/\\\/campeche-noticias.com\\\/wp-content\\\/uploads\\\/2025\\\/03\\\/WhatsApp-Image-2025-03-21-at-09.47.32.jpeg\",\"contentUrl\":\"https:\\\/\\\/campeche-noticias.com\\\/wp-content\\\/uploads\\\/2025\\\/03\\\/WhatsApp-Image-2025-03-21-at-09.47.32.jpeg\",\"width\":930,\"height\":530},{\"@type\":\"BreadcrumbList\",\"@id\":\"https:\\\/\\\/campeche-noticias.com\\\/?p=24469#breadcrumb\",\"itemListElement\":[{\"@type\":\"ListItem\",\"position\":1,\"name\":\"Portada\",\"item\":\"https:\\\/\\\/campeche-noticias.com\\\/\"},{\"@type\":\"ListItem\",\"position\":2,\"name\":\"Cristian Castro regresa a la escuela para terminar la secundaria: \u201cMe hizo falta\u201d\"}]},{\"@type\":\"WebSite\",\"@id\":\"https:\\\/\\\/campeche-noticias.com\\\/#website\",\"url\":\"https:\\\/\\\/campeche-noticias.com\\\/\",\"name\":\"Campeche Noticias\",\"description\":\"Campeche Noticias\",\"potentialAction\":[{\"@type\":\"SearchAction\",\"target\":{\"@type\":\"EntryPoint\",\"urlTemplate\":\"https:\\\/\\\/campeche-noticias.com\\\/?s={search_term_string}\"},\"query-input\":{\"@type\":\"PropertyValueSpecification\",\"valueRequired\":true,\"valueName\":\"search_term_string\"}}],\"inLanguage\":\"es\"},{\"@type\":\"Person\",\"@id\":\"https:\\\/\\\/campeche-noticias.com\\\/#\\\/schema\\\/person\\\/7940c228049cff34b4cc679f887362f1\",\"name\":\"admin\",\"sameAs\":[\"https:\\\/\\\/campeche-noticias.com\"],\"url\":\"https:\\\/\\\/campeche-noticias.com\\\/?author=1\"}]}<\/script>\n<!-- \/ Yoast SEO plugin. -->","yoast_head_json":{"title":"Cristian Castro regresa a la escuela para terminar la secundaria: \u201cMe hizo falta\u201d - Campeche Noticias","robots":{"index":"index","follow":"follow","max-snippet":"max-snippet:-1","max-image-preview":"max-image-preview:large","max-video-preview":"max-video-preview:-1"},"canonical":"https:\/\/campeche-noticias.com\/?p=24469","og_locale":"es_ES","og_type":"article","og_title":"Cristian Castro regresa a la escuela para terminar la secundaria: \u201cMe hizo falta\u201d - Campeche Noticias","og_description":"\ud83d\udd38 En una entrevista, Cristian Castro revel\u00f3 su regreso a las aulas y habl\u00f3 de","og_url":"https:\/\/campeche-noticias.com\/?p=24469","og_site_name":"Campeche Noticias","article_published_time":"2025-03-21T15:42:23+00:00","author":"admin","twitter_card":"summary_large_image","twitter_misc":{"Escrito por":"admin","Tiempo de lectura":"2 minutos"},"schema":{"@context":"https:\/\/schema.org","@graph":[{"@type":"Article","@id":"https:\/\/campeche-noticias.com\/?p=24469#article","isPartOf":{"@id":"https:\/\/campeche-noticias.com\/?p=24469"},"author":{"name":"admin","@id":"https:\/\/campeche-noticias.com\/#\/schema\/person\/7940c228049cff34b4cc679f887362f1"},"headline":"Cristian Castro regresa a la escuela para terminar la secundaria: \u201cMe hizo falta\u201d","datePublished":"2025-03-21T15:42:23+00:00","mainEntityOfPage":{"@id":"https:\/\/campeche-noticias.com\/?p=24469"},"wordCount":385,"commentCount":0,"image":{"@id":"https:\/\/campeche-noticias.com\/?p=24469#primaryimage"},"thumbnailUrl":"https:\/\/campeche-noticias.com\/wp-content\/uploads\/2025\/03\/WhatsApp-Image-2025-03-21-at-09.47.32.jpeg","articleSection":["Espectaculos"],"inLanguage":"es","potentialAction":[{"@type":"CommentAction","name":"Comment","target":["https:\/\/campeche-noticias.com\/?p=24469#respond"]}]},{"@type":"WebPage","@id":"https:\/\/campeche-noticias.com\/?p=24469","url":"https:\/\/campeche-noticias.com\/?p=24469","name":"Cristian Castro regresa a la escuela para terminar la secundaria: \u201cMe hizo falta\u201d - Campeche Noticias","isPartOf":{"@id":"https:\/\/campeche-noticias.com\/#website"},"primaryImageOfPage":{"@id":"https:\/\/campeche-noticias.com\/?p=24469#primaryimage"},"image":{"@id":"https:\/\/campeche-noticias.com\/?p=24469#primaryimage"},"thumbnailUrl":"https:\/\/campeche-noticias.com\/wp-content\/uploads\/2025\/03\/WhatsApp-Image-2025-03-21-at-09.47.32.jpeg","datePublished":"2025-03-21T15:42:23+00:00","author":{"@id":"https:\/\/campeche-noticias.com\/#\/schema\/person\/7940c228049cff34b4cc679f887362f1"},"breadcrumb":{"@id":"https:\/\/campeche-noticias.com\/?p=24469#breadcrumb"},"inLanguage":"es","potentialAction":[{"@type":"ReadAction","target":["https:\/\/campeche-noticias.com\/?p=24469"]}]},{"@type":"ImageObject","inLanguage":"es","@id":"https:\/\/campeche-noticias.com\/?p=24469#primaryimage","url":"https:\/\/campeche-noticias.com\/wp-content\/uploads\/2025\/03\/WhatsApp-Image-2025-03-21-at-09.47.32.jpeg","contentUrl":"https:\/\/campeche-noticias.com\/wp-content\/uploads\/2025\/03\/WhatsApp-Image-2025-03-21-at-09.47.32.jpeg","width":930,"height":530},{"@type":"BreadcrumbList","@id":"https:\/\/campeche-noticias.com\/?p=24469#breadcrumb","itemListElement":[{"@type":"ListItem","position":1,"name":"Portada","item":"https:\/\/campeche-noticias.com\/"},{"@type":"ListItem","position":2,"name":"Cristian Castro regresa a la escuela para terminar la secundaria: \u201cMe hizo falta\u201d"}]},{"@type":"WebSite","@id":"https:\/\/campeche-noticias.com\/#website","url":"https:\/\/campeche-noticias.com\/","name":"Campeche Noticias","description":"Campeche Noticias","potentialAction":[{"@type":"SearchAction","target":{"@type":"EntryPoint","urlTemplate":"https:\/\/campeche-noticias.com\/?s={search_term_string}"},"query-input":{"@type":"PropertyValueSpecification","valueRequired":true,"valueName":"search_term_string"}}],"inLanguage":"es"},{"@type":"Person","@id":"https:\/\/campeche-noticias.com\/#\/schema\/person\/7940c228049cff34b4cc679f887362f1","name":"admin","sameAs":["https:\/\/campeche-noticias.com"],"url":"https:\/\/campeche-noticias.com\/?author=1"}]}},"_links":{"self":[{"href":"https:\/\/campeche-noticias.com\/index.php?rest_route=\/wp\/v2\/posts\/24469","targetHints":{"allow":["GET"]}}],"collection":[{"href":"https:\/\/campeche-noticias.com\/index.php?rest_route=\/wp\/v2\/posts"}],"about":[{"href":"https:\/\/campeche-noticias.com\/index.php?rest_route=\/wp\/v2\/types\/post"}],"author":[{"embeddable":true,"href":"https:\/\/campeche-noticias.com\/index.php?rest_route=\/wp\/v2\/users\/1"}],"replies":[{"embeddable":true,"href":"https:\/\/campeche-noticias.com\/index.php?rest_route=%2Fwp%2Fv2%2Fcomments&post=24469"}],"version-history":[{"count":1,"href":"https:\/\/campeche-noticias.com\/index.php?rest_route=\/wp\/v2\/posts\/24469\/revisions"}],"predecessor-version":[{"id":24470,"href":"https:\/\/campeche-noticias.com\/index.php?rest_route=\/wp\/v2\/posts\/24469\/revisions\/24470"}],"wp:featuredmedia":[{"embeddable":true,"href":"https:\/\/campeche-noticias.com\/index.php?rest_route=\/wp\/v2\/media\/24471"}],"wp:attachment":[{"href":"https:\/\/campeche-noticias.com\/index.php?rest_route=%2Fwp%2Fv2%2Fmedia&parent=24469"}],"wp:term":[{"taxonomy":"category","embeddable":true,"href":"https:\/\/campeche-noticias.com\/index.php?rest_route=%2Fwp%2Fv2%2Fcategories&post=24469"},{"taxonomy":"post_tag","embeddable":true,"href":"https:\/\/campeche-noticias.com\/index.php?rest_route=%2Fwp%2Fv2%2Ftags&post=24469"}],"curies":[{"name":"wp","href":"https:\/\/api.w.org\/{rel}","templated":true}]}}