{"id":24393,"date":"2025-03-19T08:20:49","date_gmt":"2025-03-19T13:20:49","guid":{"rendered":"https:\/\/campeche-noticias.com\/?p=24393"},"modified":"2025-03-19T15:29:34","modified_gmt":"2025-03-19T15:29:34","slug":"activan-contingencia-ambiental-en-valle-de-mexico","status":"publish","type":"post","link":"https:\/\/campeche-noticias.com\/?p=24393","title":{"rendered":"Activan contingencia ambiental en Valle de M\u00e9xico"},"content":{"rendered":"<p>\ud83d\udd38 Anuncian Doble Hoy No Circula debido al registro de altos niveles de contaminantes.<\/p>\n<p>#CDMX | Desde la tarde de ayer martes 18 de marzo, se activo la Fase I de la Contingencia Ambiental Atmosf\u00e9rica por ozono en la Zona Metropolitana del Valle de M\u00e9xico, debido al registro de altos niveles de contaminantes. Por ello, se anunciaron medidas restrictivas a la circulaci\u00f3n vehicular, como el Doble Hoy No Circula, para hoy mi\u00e9rcoles 19 de marzo.<\/p>\n<p>Este mi\u00e9rcoles 19 de marzo, deber\u00e1n suspender su circulaci\u00f3n, en horario de las 5:00 a las 22:00 horas: Los veh\u00edculos de uso particular con holograma de verificaci\u00f3n 2, Los veh\u00edculos de uso particular con holograma de verificaci\u00f3n 1, cuyo \u00faltimo d\u00edgito num\u00e9rico sea 1, 3, 4, 5, 7 y 9, Los veh\u00edculos de uso particular con holograma de verificaci\u00f3n 0 y 00, engomado rojo, terminaci\u00f3n de placa 3 y 4, Las unidades que no porten holograma de verificaci\u00f3n, como los veh\u00edculos antiguos, de demostraci\u00f3n o traslado, nuevos, los que tienen pase tur\u00edstico, placas for\u00e1neas o con placas formadas por letras, les aplica la misma restricci\u00f3n que a los veh\u00edculos que portan holograma 2 y Los taxis con holograma de verificaci\u00f3n 00, 0, 1 o 2 que deban dejar de circular de acuerdo a las disposiciones indicadas en los tres primeros incisos, les aplicar\u00e1 la restricci\u00f3n a la circulaci\u00f3n de las 10:00 a las 22:00 horas<\/p>\n<p>\u00c9stas son las exenciones a la circulaci\u00f3n, este mi\u00e9rcoles 19 de marzo: Veh\u00edculos el\u00e9ctricos e h\u00edbridos, adem\u00e1s, los que cuenten con matr\u00edcula ecol\u00f3gica u holograma tipo exento, Veh\u00edculos que porten holograma \u201c0\u201d o \u201c00\u201d vigente, cualquiera que sea su uso, sin importar la entidad federativa donde est\u00e9n matriculados, podr\u00e1n circular si cuentan con engomado diferente al color rojo y terminaci\u00f3n de placa 3 y 4, Veh\u00edculos de uso particular destinados en circunstancias manifiestas y urgentes, para atender una emergencia m\u00e9dica, Los taxis pueden circular de 5:00 a las 10:00 horas los d\u00edas que tengan restricci\u00f3n por Programa Hoy No Circula, independientemente del holograma que porten, con la finalidad de apoyar la movilidad de la poblaci\u00f3n y Las motocicletas est\u00e1n exentas de la Fase I.<\/p>\n<p>Para cuidar la salud, se debe evitar exponerse a los picos de contaminaci\u00f3n entre las 13:00 y 19:00 horas, en especial, los menores, los adultos mayores, las mujeres embarazadas y las personas con enfermedades respiratorias y cardiovasculares.<\/p>\n<p>\u00c9stas son las recomendaciones oficiales: Evitar hacer actividades c\u00edvicas, culturales y de recreo, as\u00ed como evitar hacer ejercicio al aire libre entre las 13:00 y 19:00 horas, Suspender cualquier actividad al aire libre, organizada por instituciones p\u00fablicas o privadas, en horario comprendido entre las 13:00 y las 19:00 horas, Se recomienda posponer los eventos al aire libre, deportivos, culturales o espect\u00e1culos masivos, programados entre las 13:00 y las 19:00 horas y Se recomienda no fumar, especialmente en espacios cerrados.<\/p>\n","protected":false},"excerpt":{"rendered":"<p>\ud83d\udd38 Anuncian Doble Hoy No Circula debido al registro de altos niveles de contaminantes. #CDMX<\/p>\n","protected":false},"author":1,"featured_media":24395,"comment_status":"open","ping_status":"closed","sticky":false,"template":"","format":"standard","meta":{"footnotes":""},"categories":[28],"tags":[],"class_list":["post-24393","post","type-post","status-publish","format-standard","has-post-thumbnail","hentry","category-cdmx"],"yoast_head":"<!-- This site is optimized with the Yoast SEO plugin v27.5 - https:\/\/yoast.com\/product\/yoast-seo-wordpress\/ -->\n<title>Activan contingencia ambiental en Valle de M\u00e9xico - Campeche Noticias<\/title>\n<meta name=\"robots\" content=\"index, follow, max-snippet:-1, max-image-preview:large, max-video-preview:-1\" \/>\n<link rel=\"canonical\" href=\"https:\/\/campeche-noticias.com\/?p=24393\" \/>\n<meta property=\"og:locale\" content=\"es_ES\" \/>\n<meta property=\"og:type\" content=\"article\" \/>\n<meta property=\"og:title\" content=\"Activan contingencia ambiental en Valle de M\u00e9xico - Campeche Noticias\" \/>\n<meta property=\"og:description\" content=\"\ud83d\udd38 Anuncian Doble Hoy No Circula debido al registro de altos niveles de contaminantes. #CDMX\" \/>\n<meta property=\"og:url\" content=\"https:\/\/campeche-noticias.com\/?p=24393\" \/>\n<meta property=\"og:site_name\" content=\"Campeche Noticias\" \/>\n<meta property=\"article:published_time\" content=\"2025-03-19T13:20:49+00:00\" \/>\n<meta property=\"article:modified_time\" content=\"2025-03-19T15:29:34+00:00\" \/>\n<meta name=\"author\" content=\"admin\" \/>\n<meta name=\"twitter:card\" content=\"summary_large_image\" \/>\n<meta name=\"twitter:label1\" content=\"Escrito por\" \/>\n\t<meta name=\"twitter:data1\" content=\"admin\" \/>\n\t<meta name=\"twitter:label2\" content=\"Tiempo de lectura\" \/>\n\t<meta name=\"twitter:data2\" content=\"2 minutos\" \/>\n<script type=\"application\/ld+json\" class=\"yoast-schema-graph\">{\"@context\":\"https:\\\/\\\/schema.org\",\"@graph\":[{\"@type\":\"Article\",\"@id\":\"https:\\\/\\\/campeche-noticias.com\\\/?p=24393#article\",\"isPartOf\":{\"@id\":\"https:\\\/\\\/campeche-noticias.com\\\/?p=24393\"},\"author\":{\"name\":\"admin\",\"@id\":\"https:\\\/\\\/campeche-noticias.com\\\/#\\\/schema\\\/person\\\/7940c228049cff34b4cc679f887362f1\"},\"headline\":\"Activan contingencia ambiental en Valle de M\u00e9xico\",\"datePublished\":\"2025-03-19T13:20:49+00:00\",\"dateModified\":\"2025-03-19T15:29:34+00:00\",\"mainEntityOfPage\":{\"@id\":\"https:\\\/\\\/campeche-noticias.com\\\/?p=24393\"},\"wordCount\":485,\"commentCount\":0,\"image\":{\"@id\":\"https:\\\/\\\/campeche-noticias.com\\\/?p=24393#primaryimage\"},\"thumbnailUrl\":\"https:\\\/\\\/campeche-noticias.com\\\/wp-content\\\/uploads\\\/2025\\\/03\\\/WhatsApp-Image-2025-03-19-at-08.21.26.jpeg\",\"articleSection\":[\"CDMX\"],\"inLanguage\":\"es\",\"potentialAction\":[{\"@type\":\"CommentAction\",\"name\":\"Comment\",\"target\":[\"https:\\\/\\\/campeche-noticias.com\\\/?p=24393#respond\"]}]},{\"@type\":\"WebPage\",\"@id\":\"https:\\\/\\\/campeche-noticias.com\\\/?p=24393\",\"url\":\"https:\\\/\\\/campeche-noticias.com\\\/?p=24393\",\"name\":\"Activan contingencia ambiental en Valle de M\u00e9xico - Campeche Noticias\",\"isPartOf\":{\"@id\":\"https:\\\/\\\/campeche-noticias.com\\\/#website\"},\"primaryImageOfPage\":{\"@id\":\"https:\\\/\\\/campeche-noticias.com\\\/?p=24393#primaryimage\"},\"image\":{\"@id\":\"https:\\\/\\\/campeche-noticias.com\\\/?p=24393#primaryimage\"},\"thumbnailUrl\":\"https:\\\/\\\/campeche-noticias.com\\\/wp-content\\\/uploads\\\/2025\\\/03\\\/WhatsApp-Image-2025-03-19-at-08.21.26.jpeg\",\"datePublished\":\"2025-03-19T13:20:49+00:00\",\"dateModified\":\"2025-03-19T15:29:34+00:00\",\"author\":{\"@id\":\"https:\\\/\\\/campeche-noticias.com\\\/#\\\/schema\\\/person\\\/7940c228049cff34b4cc679f887362f1\"},\"breadcrumb\":{\"@id\":\"https:\\\/\\\/campeche-noticias.com\\\/?p=24393#breadcrumb\"},\"inLanguage\":\"es\",\"potentialAction\":[{\"@type\":\"ReadAction\",\"target\":[\"https:\\\/\\\/campeche-noticias.com\\\/?p=24393\"]}]},{\"@type\":\"ImageObject\",\"inLanguage\":\"es\",\"@id\":\"https:\\\/\\\/campeche-noticias.com\\\/?p=24393#primaryimage\",\"url\":\"https:\\\/\\\/campeche-noticias.com\\\/wp-content\\\/uploads\\\/2025\\\/03\\\/WhatsApp-Image-2025-03-19-at-08.21.26.jpeg\",\"contentUrl\":\"https:\\\/\\\/campeche-noticias.com\\\/wp-content\\\/uploads\\\/2025\\\/03\\\/WhatsApp-Image-2025-03-19-at-08.21.26.jpeg\",\"width\":1195,\"height\":598},{\"@type\":\"BreadcrumbList\",\"@id\":\"https:\\\/\\\/campeche-noticias.com\\\/?p=24393#breadcrumb\",\"itemListElement\":[{\"@type\":\"ListItem\",\"position\":1,\"name\":\"Portada\",\"item\":\"https:\\\/\\\/campeche-noticias.com\\\/\"},{\"@type\":\"ListItem\",\"position\":2,\"name\":\"Activan contingencia ambiental en Valle de M\u00e9xico\"}]},{\"@type\":\"WebSite\",\"@id\":\"https:\\\/\\\/campeche-noticias.com\\\/#website\",\"url\":\"https:\\\/\\\/campeche-noticias.com\\\/\",\"name\":\"Campeche Noticias\",\"description\":\"Campeche Noticias\",\"potentialAction\":[{\"@type\":\"SearchAction\",\"target\":{\"@type\":\"EntryPoint\",\"urlTemplate\":\"https:\\\/\\\/campeche-noticias.com\\\/?s={search_term_string}\"},\"query-input\":{\"@type\":\"PropertyValueSpecification\",\"valueRequired\":true,\"valueName\":\"search_term_string\"}}],\"inLanguage\":\"es\"},{\"@type\":\"Person\",\"@id\":\"https:\\\/\\\/campeche-noticias.com\\\/#\\\/schema\\\/person\\\/7940c228049cff34b4cc679f887362f1\",\"name\":\"admin\",\"sameAs\":[\"https:\\\/\\\/campeche-noticias.com\"],\"url\":\"https:\\\/\\\/campeche-noticias.com\\\/?author=1\"}]}<\/script>\n<!-- \/ Yoast SEO plugin. -->","yoast_head_json":{"title":"Activan contingencia ambiental en Valle de M\u00e9xico - Campeche Noticias","robots":{"index":"index","follow":"follow","max-snippet":"max-snippet:-1","max-image-preview":"max-image-preview:large","max-video-preview":"max-video-preview:-1"},"canonical":"https:\/\/campeche-noticias.com\/?p=24393","og_locale":"es_ES","og_type":"article","og_title":"Activan contingencia ambiental en Valle de M\u00e9xico - Campeche Noticias","og_description":"\ud83d\udd38 Anuncian Doble Hoy No Circula debido al registro de altos niveles de contaminantes. #CDMX","og_url":"https:\/\/campeche-noticias.com\/?p=24393","og_site_name":"Campeche Noticias","article_published_time":"2025-03-19T13:20:49+00:00","article_modified_time":"2025-03-19T15:29:34+00:00","author":"admin","twitter_card":"summary_large_image","twitter_misc":{"Escrito por":"admin","Tiempo de lectura":"2 minutos"},"schema":{"@context":"https:\/\/schema.org","@graph":[{"@type":"Article","@id":"https:\/\/campeche-noticias.com\/?p=24393#article","isPartOf":{"@id":"https:\/\/campeche-noticias.com\/?p=24393"},"author":{"name":"admin","@id":"https:\/\/campeche-noticias.com\/#\/schema\/person\/7940c228049cff34b4cc679f887362f1"},"headline":"Activan contingencia ambiental en Valle de M\u00e9xico","datePublished":"2025-03-19T13:20:49+00:00","dateModified":"2025-03-19T15:29:34+00:00","mainEntityOfPage":{"@id":"https:\/\/campeche-noticias.com\/?p=24393"},"wordCount":485,"commentCount":0,"image":{"@id":"https:\/\/campeche-noticias.com\/?p=24393#primaryimage"},"thumbnailUrl":"https:\/\/campeche-noticias.com\/wp-content\/uploads\/2025\/03\/WhatsApp-Image-2025-03-19-at-08.21.26.jpeg","articleSection":["CDMX"],"inLanguage":"es","potentialAction":[{"@type":"CommentAction","name":"Comment","target":["https:\/\/campeche-noticias.com\/?p=24393#respond"]}]},{"@type":"WebPage","@id":"https:\/\/campeche-noticias.com\/?p=24393","url":"https:\/\/campeche-noticias.com\/?p=24393","name":"Activan contingencia ambiental en Valle de M\u00e9xico - Campeche Noticias","isPartOf":{"@id":"https:\/\/campeche-noticias.com\/#website"},"primaryImageOfPage":{"@id":"https:\/\/campeche-noticias.com\/?p=24393#primaryimage"},"image":{"@id":"https:\/\/campeche-noticias.com\/?p=24393#primaryimage"},"thumbnailUrl":"https:\/\/campeche-noticias.com\/wp-content\/uploads\/2025\/03\/WhatsApp-Image-2025-03-19-at-08.21.26.jpeg","datePublished":"2025-03-19T13:20:49+00:00","dateModified":"2025-03-19T15:29:34+00:00","author":{"@id":"https:\/\/campeche-noticias.com\/#\/schema\/person\/7940c228049cff34b4cc679f887362f1"},"breadcrumb":{"@id":"https:\/\/campeche-noticias.com\/?p=24393#breadcrumb"},"inLanguage":"es","potentialAction":[{"@type":"ReadAction","target":["https:\/\/campeche-noticias.com\/?p=24393"]}]},{"@type":"ImageObject","inLanguage":"es","@id":"https:\/\/campeche-noticias.com\/?p=24393#primaryimage","url":"https:\/\/campeche-noticias.com\/wp-content\/uploads\/2025\/03\/WhatsApp-Image-2025-03-19-at-08.21.26.jpeg","contentUrl":"https:\/\/campeche-noticias.com\/wp-content\/uploads\/2025\/03\/WhatsApp-Image-2025-03-19-at-08.21.26.jpeg","width":1195,"height":598},{"@type":"BreadcrumbList","@id":"https:\/\/campeche-noticias.com\/?p=24393#breadcrumb","itemListElement":[{"@type":"ListItem","position":1,"name":"Portada","item":"https:\/\/campeche-noticias.com\/"},{"@type":"ListItem","position":2,"name":"Activan contingencia ambiental en Valle de M\u00e9xico"}]},{"@type":"WebSite","@id":"https:\/\/campeche-noticias.com\/#website","url":"https:\/\/campeche-noticias.com\/","name":"Campeche Noticias","description":"Campeche Noticias","potentialAction":[{"@type":"SearchAction","target":{"@type":"EntryPoint","urlTemplate":"https:\/\/campeche-noticias.com\/?s={search_term_string}"},"query-input":{"@type":"PropertyValueSpecification","valueRequired":true,"valueName":"search_term_string"}}],"inLanguage":"es"},{"@type":"Person","@id":"https:\/\/campeche-noticias.com\/#\/schema\/person\/7940c228049cff34b4cc679f887362f1","name":"admin","sameAs":["https:\/\/campeche-noticias.com"],"url":"https:\/\/campeche-noticias.com\/?author=1"}]}},"_links":{"self":[{"href":"https:\/\/campeche-noticias.com\/index.php?rest_route=\/wp\/v2\/posts\/24393","targetHints":{"allow":["GET"]}}],"collection":[{"href":"https:\/\/campeche-noticias.com\/index.php?rest_route=\/wp\/v2\/posts"}],"about":[{"href":"https:\/\/campeche-noticias.com\/index.php?rest_route=\/wp\/v2\/types\/post"}],"author":[{"embeddable":true,"href":"https:\/\/campeche-noticias.com\/index.php?rest_route=\/wp\/v2\/users\/1"}],"replies":[{"embeddable":true,"href":"https:\/\/campeche-noticias.com\/index.php?rest_route=%2Fwp%2Fv2%2Fcomments&post=24393"}],"version-history":[{"count":1,"href":"https:\/\/campeche-noticias.com\/index.php?rest_route=\/wp\/v2\/posts\/24393\/revisions"}],"predecessor-version":[{"id":24394,"href":"https:\/\/campeche-noticias.com\/index.php?rest_route=\/wp\/v2\/posts\/24393\/revisions\/24394"}],"wp:featuredmedia":[{"embeddable":true,"href":"https:\/\/campeche-noticias.com\/index.php?rest_route=\/wp\/v2\/media\/24395"}],"wp:attachment":[{"href":"https:\/\/campeche-noticias.com\/index.php?rest_route=%2Fwp%2Fv2%2Fmedia&parent=24393"}],"wp:term":[{"taxonomy":"category","embeddable":true,"href":"https:\/\/campeche-noticias.com\/index.php?rest_route=%2Fwp%2Fv2%2Fcategories&post=24393"},{"taxonomy":"post_tag","embeddable":true,"href":"https:\/\/campeche-noticias.com\/index.php?rest_route=%2Fwp%2Fv2%2Ftags&post=24393"}],"curies":[{"name":"wp","href":"https:\/\/api.w.org\/{rel}","templated":true}]}}