{"id":24265,"date":"2025-03-15T13:05:14","date_gmt":"2025-03-15T18:05:14","guid":{"rendered":"https:\/\/campeche-noticias.com\/?p=24265"},"modified":"2025-03-18T01:53:40","modified_gmt":"2025-03-18T01:53:40","slug":"estamos-bien-asi-reacciono-miguel-bose-tras-el-sismo-durante-su-concierto","status":"publish","type":"post","link":"https:\/\/campeche-noticias.com\/?p=24265","title":{"rendered":"\u00ab\u00bfEstamos bien?\u00bb: As\u00ed reaccion\u00f3 Miguel Bos\u00e9 tras el sismo durante su concierto"},"content":{"rendered":"<p>\ud83d\udd38 El cantante tom\u00f3 la situaci\u00f3n con humor y no dej\u00f3 que nada detuviera su presentaci\u00f3n.<\/p>\n<p>#ESPECT\u00c1CULOS | La noche de ayer, 14 de marzo, habitantes de la Ciudad de M\u00e9xico vivieron un ligero susto, luego de que la alarma s\u00edsmica se activo indicando que se avecinaba un sismo.<\/p>\n<p>Afortunadamente su magnitud fue de 5.5, con\u00a0epicentro a 15 kil\u00f3metros al sureste de Tlaxiaco, Oaxaca, por lo que solo gener\u00f3 un susto. Sin embargo, quienes s\u00ed vivieron una situaci\u00f3n angustiante, fueron los asistentes del concierto de Miguel Bos\u00e9.<\/p>\n<p>Esa misma noche se estaba llevando a cabo el concierto del interprete de Amante Bandido, con sede en el Auditorio Nacional y la reacci\u00f3n y desalojo del p\u00fablico qued\u00f3 registrada en videos en donde se puede ver que al escuchar la alerta s\u00edsmica, la audiencia se asust\u00f3 y de inmediato comenzaron a evacuar el lugar.<\/p>\n<p>En algunas im\u00e1genes se puede ver el escenario completamente vac\u00edo, adem\u00e1s, las luces del lugar se apagaron moment\u00e1neamente y la gente se dirig\u00eda a la salida a ciegas y de forma apresurada.<\/p>\n<p>Despu\u00e9s de que fue seguro volver al interior del recinto, el cantante espa\u00f1ol se tom\u00f3 un momento para dirigirse al p\u00fablico acerca de lo sucedido y sus palabras causaron gran emoci\u00f3n entre sus fans.<\/p>\n<p>Bos\u00e9 explic\u00f3 que tras tantos a\u00f1os de carrera y de ya haberse presentado en el Auditorio Nacional varias veces, jam\u00e1s le hab\u00eda pasado algo similar y que estaba muy orgulloso de su equipo y del show que hab\u00edan preparado pues se hab\u00eda convertido en algo inolvidable.<\/p>\n<p>\u00abJam\u00e1s en la vida me hab\u00eda pasado semejante cosa. No s\u00e9 ustedes pero ma\u00f1ana no se quejen de que esto no ha sido una s\u00faper ching*na producci\u00f3n\u00bb, expres\u00f3.<\/p>\n<p>Antes de reanudar el espect\u00e1culo, se asegur\u00f3 de que todos estuvieran bien y retom\u00f3 el ritmo como si nada hubiera ocurrido e interpret\u00f3 su tema Sereno.<\/p>\n","protected":false},"excerpt":{"rendered":"<p>\ud83d\udd38 El cantante tom\u00f3 la situaci\u00f3n con humor y no dej\u00f3 que nada detuviera su<\/p>\n","protected":false},"author":1,"featured_media":24267,"comment_status":"open","ping_status":"closed","sticky":false,"template":"","format":"standard","meta":{"footnotes":""},"categories":[5],"tags":[],"class_list":["post-24265","post","type-post","status-publish","format-standard","has-post-thumbnail","hentry","category-espectaculos"],"yoast_head":"<!-- This site is optimized with the Yoast SEO plugin v27.5 - https:\/\/yoast.com\/product\/yoast-seo-wordpress\/ -->\n<title>&quot;\u00bfEstamos bien?&quot;: As\u00ed reaccion\u00f3 Miguel Bos\u00e9 tras el sismo durante su concierto - Campeche Noticias<\/title>\n<meta name=\"robots\" content=\"index, follow, max-snippet:-1, max-image-preview:large, max-video-preview:-1\" \/>\n<link rel=\"canonical\" href=\"https:\/\/campeche-noticias.com\/?p=24265\" \/>\n<meta property=\"og:locale\" content=\"es_ES\" \/>\n<meta property=\"og:type\" content=\"article\" \/>\n<meta property=\"og:title\" content=\"&quot;\u00bfEstamos bien?&quot;: As\u00ed reaccion\u00f3 Miguel Bos\u00e9 tras el sismo durante su concierto - Campeche Noticias\" \/>\n<meta property=\"og:description\" content=\"\ud83d\udd38 El cantante tom\u00f3 la situaci\u00f3n con humor y no dej\u00f3 que nada detuviera su\" \/>\n<meta property=\"og:url\" content=\"https:\/\/campeche-noticias.com\/?p=24265\" \/>\n<meta property=\"og:site_name\" content=\"Campeche Noticias\" \/>\n<meta property=\"article:published_time\" content=\"2025-03-15T18:05:14+00:00\" \/>\n<meta property=\"article:modified_time\" content=\"2025-03-18T01:53:40+00:00\" \/>\n<meta name=\"author\" content=\"admin\" \/>\n<meta name=\"twitter:card\" content=\"summary_large_image\" \/>\n<meta name=\"twitter:label1\" content=\"Escrito por\" \/>\n\t<meta name=\"twitter:data1\" content=\"admin\" \/>\n\t<meta name=\"twitter:label2\" content=\"Tiempo de lectura\" \/>\n\t<meta name=\"twitter:data2\" content=\"2 minutos\" \/>\n<script type=\"application\/ld+json\" class=\"yoast-schema-graph\">{\"@context\":\"https:\\\/\\\/schema.org\",\"@graph\":[{\"@type\":\"Article\",\"@id\":\"https:\\\/\\\/campeche-noticias.com\\\/?p=24265#article\",\"isPartOf\":{\"@id\":\"https:\\\/\\\/campeche-noticias.com\\\/?p=24265\"},\"author\":{\"name\":\"admin\",\"@id\":\"https:\\\/\\\/campeche-noticias.com\\\/#\\\/schema\\\/person\\\/7940c228049cff34b4cc679f887362f1\"},\"headline\":\"\u00ab\u00bfEstamos bien?\u00bb: As\u00ed reaccion\u00f3 Miguel Bos\u00e9 tras el sismo durante su concierto\",\"datePublished\":\"2025-03-15T18:05:14+00:00\",\"dateModified\":\"2025-03-18T01:53:40+00:00\",\"mainEntityOfPage\":{\"@id\":\"https:\\\/\\\/campeche-noticias.com\\\/?p=24265\"},\"wordCount\":347,\"commentCount\":0,\"image\":{\"@id\":\"https:\\\/\\\/campeche-noticias.com\\\/?p=24265#primaryimage\"},\"thumbnailUrl\":\"https:\\\/\\\/campeche-noticias.com\\\/wp-content\\\/uploads\\\/2025\\\/03\\\/WhatsApp-Image-2025-03-15-at-13.05.11.jpeg\",\"articleSection\":[\"Espectaculos\"],\"inLanguage\":\"es\",\"potentialAction\":[{\"@type\":\"CommentAction\",\"name\":\"Comment\",\"target\":[\"https:\\\/\\\/campeche-noticias.com\\\/?p=24265#respond\"]}]},{\"@type\":\"WebPage\",\"@id\":\"https:\\\/\\\/campeche-noticias.com\\\/?p=24265\",\"url\":\"https:\\\/\\\/campeche-noticias.com\\\/?p=24265\",\"name\":\"\\\"\u00bfEstamos bien?\\\": As\u00ed reaccion\u00f3 Miguel Bos\u00e9 tras el sismo durante su concierto - Campeche Noticias\",\"isPartOf\":{\"@id\":\"https:\\\/\\\/campeche-noticias.com\\\/#website\"},\"primaryImageOfPage\":{\"@id\":\"https:\\\/\\\/campeche-noticias.com\\\/?p=24265#primaryimage\"},\"image\":{\"@id\":\"https:\\\/\\\/campeche-noticias.com\\\/?p=24265#primaryimage\"},\"thumbnailUrl\":\"https:\\\/\\\/campeche-noticias.com\\\/wp-content\\\/uploads\\\/2025\\\/03\\\/WhatsApp-Image-2025-03-15-at-13.05.11.jpeg\",\"datePublished\":\"2025-03-15T18:05:14+00:00\",\"dateModified\":\"2025-03-18T01:53:40+00:00\",\"author\":{\"@id\":\"https:\\\/\\\/campeche-noticias.com\\\/#\\\/schema\\\/person\\\/7940c228049cff34b4cc679f887362f1\"},\"breadcrumb\":{\"@id\":\"https:\\\/\\\/campeche-noticias.com\\\/?p=24265#breadcrumb\"},\"inLanguage\":\"es\",\"potentialAction\":[{\"@type\":\"ReadAction\",\"target\":[\"https:\\\/\\\/campeche-noticias.com\\\/?p=24265\"]}]},{\"@type\":\"ImageObject\",\"inLanguage\":\"es\",\"@id\":\"https:\\\/\\\/campeche-noticias.com\\\/?p=24265#primaryimage\",\"url\":\"https:\\\/\\\/campeche-noticias.com\\\/wp-content\\\/uploads\\\/2025\\\/03\\\/WhatsApp-Image-2025-03-15-at-13.05.11.jpeg\",\"contentUrl\":\"https:\\\/\\\/campeche-noticias.com\\\/wp-content\\\/uploads\\\/2025\\\/03\\\/WhatsApp-Image-2025-03-15-at-13.05.11.jpeg\",\"width\":702,\"height\":531},{\"@type\":\"BreadcrumbList\",\"@id\":\"https:\\\/\\\/campeche-noticias.com\\\/?p=24265#breadcrumb\",\"itemListElement\":[{\"@type\":\"ListItem\",\"position\":1,\"name\":\"Portada\",\"item\":\"https:\\\/\\\/campeche-noticias.com\\\/\"},{\"@type\":\"ListItem\",\"position\":2,\"name\":\"\u00ab\u00bfEstamos bien?\u00bb: As\u00ed reaccion\u00f3 Miguel Bos\u00e9 tras el sismo durante su concierto\"}]},{\"@type\":\"WebSite\",\"@id\":\"https:\\\/\\\/campeche-noticias.com\\\/#website\",\"url\":\"https:\\\/\\\/campeche-noticias.com\\\/\",\"name\":\"Campeche Noticias\",\"description\":\"Campeche Noticias\",\"potentialAction\":[{\"@type\":\"SearchAction\",\"target\":{\"@type\":\"EntryPoint\",\"urlTemplate\":\"https:\\\/\\\/campeche-noticias.com\\\/?s={search_term_string}\"},\"query-input\":{\"@type\":\"PropertyValueSpecification\",\"valueRequired\":true,\"valueName\":\"search_term_string\"}}],\"inLanguage\":\"es\"},{\"@type\":\"Person\",\"@id\":\"https:\\\/\\\/campeche-noticias.com\\\/#\\\/schema\\\/person\\\/7940c228049cff34b4cc679f887362f1\",\"name\":\"admin\",\"sameAs\":[\"https:\\\/\\\/campeche-noticias.com\"],\"url\":\"https:\\\/\\\/campeche-noticias.com\\\/?author=1\"}]}<\/script>\n<!-- \/ Yoast SEO plugin. -->","yoast_head_json":{"title":"\"\u00bfEstamos bien?\": As\u00ed reaccion\u00f3 Miguel Bos\u00e9 tras el sismo durante su concierto - Campeche Noticias","robots":{"index":"index","follow":"follow","max-snippet":"max-snippet:-1","max-image-preview":"max-image-preview:large","max-video-preview":"max-video-preview:-1"},"canonical":"https:\/\/campeche-noticias.com\/?p=24265","og_locale":"es_ES","og_type":"article","og_title":"\"\u00bfEstamos bien?\": As\u00ed reaccion\u00f3 Miguel Bos\u00e9 tras el sismo durante su concierto - Campeche Noticias","og_description":"\ud83d\udd38 El cantante tom\u00f3 la situaci\u00f3n con humor y no dej\u00f3 que nada detuviera su","og_url":"https:\/\/campeche-noticias.com\/?p=24265","og_site_name":"Campeche Noticias","article_published_time":"2025-03-15T18:05:14+00:00","article_modified_time":"2025-03-18T01:53:40+00:00","author":"admin","twitter_card":"summary_large_image","twitter_misc":{"Escrito por":"admin","Tiempo de lectura":"2 minutos"},"schema":{"@context":"https:\/\/schema.org","@graph":[{"@type":"Article","@id":"https:\/\/campeche-noticias.com\/?p=24265#article","isPartOf":{"@id":"https:\/\/campeche-noticias.com\/?p=24265"},"author":{"name":"admin","@id":"https:\/\/campeche-noticias.com\/#\/schema\/person\/7940c228049cff34b4cc679f887362f1"},"headline":"\u00ab\u00bfEstamos bien?\u00bb: As\u00ed reaccion\u00f3 Miguel Bos\u00e9 tras el sismo durante su concierto","datePublished":"2025-03-15T18:05:14+00:00","dateModified":"2025-03-18T01:53:40+00:00","mainEntityOfPage":{"@id":"https:\/\/campeche-noticias.com\/?p=24265"},"wordCount":347,"commentCount":0,"image":{"@id":"https:\/\/campeche-noticias.com\/?p=24265#primaryimage"},"thumbnailUrl":"https:\/\/campeche-noticias.com\/wp-content\/uploads\/2025\/03\/WhatsApp-Image-2025-03-15-at-13.05.11.jpeg","articleSection":["Espectaculos"],"inLanguage":"es","potentialAction":[{"@type":"CommentAction","name":"Comment","target":["https:\/\/campeche-noticias.com\/?p=24265#respond"]}]},{"@type":"WebPage","@id":"https:\/\/campeche-noticias.com\/?p=24265","url":"https:\/\/campeche-noticias.com\/?p=24265","name":"\"\u00bfEstamos bien?\": As\u00ed reaccion\u00f3 Miguel Bos\u00e9 tras el sismo durante su concierto - Campeche Noticias","isPartOf":{"@id":"https:\/\/campeche-noticias.com\/#website"},"primaryImageOfPage":{"@id":"https:\/\/campeche-noticias.com\/?p=24265#primaryimage"},"image":{"@id":"https:\/\/campeche-noticias.com\/?p=24265#primaryimage"},"thumbnailUrl":"https:\/\/campeche-noticias.com\/wp-content\/uploads\/2025\/03\/WhatsApp-Image-2025-03-15-at-13.05.11.jpeg","datePublished":"2025-03-15T18:05:14+00:00","dateModified":"2025-03-18T01:53:40+00:00","author":{"@id":"https:\/\/campeche-noticias.com\/#\/schema\/person\/7940c228049cff34b4cc679f887362f1"},"breadcrumb":{"@id":"https:\/\/campeche-noticias.com\/?p=24265#breadcrumb"},"inLanguage":"es","potentialAction":[{"@type":"ReadAction","target":["https:\/\/campeche-noticias.com\/?p=24265"]}]},{"@type":"ImageObject","inLanguage":"es","@id":"https:\/\/campeche-noticias.com\/?p=24265#primaryimage","url":"https:\/\/campeche-noticias.com\/wp-content\/uploads\/2025\/03\/WhatsApp-Image-2025-03-15-at-13.05.11.jpeg","contentUrl":"https:\/\/campeche-noticias.com\/wp-content\/uploads\/2025\/03\/WhatsApp-Image-2025-03-15-at-13.05.11.jpeg","width":702,"height":531},{"@type":"BreadcrumbList","@id":"https:\/\/campeche-noticias.com\/?p=24265#breadcrumb","itemListElement":[{"@type":"ListItem","position":1,"name":"Portada","item":"https:\/\/campeche-noticias.com\/"},{"@type":"ListItem","position":2,"name":"\u00ab\u00bfEstamos bien?\u00bb: As\u00ed reaccion\u00f3 Miguel Bos\u00e9 tras el sismo durante su concierto"}]},{"@type":"WebSite","@id":"https:\/\/campeche-noticias.com\/#website","url":"https:\/\/campeche-noticias.com\/","name":"Campeche Noticias","description":"Campeche Noticias","potentialAction":[{"@type":"SearchAction","target":{"@type":"EntryPoint","urlTemplate":"https:\/\/campeche-noticias.com\/?s={search_term_string}"},"query-input":{"@type":"PropertyValueSpecification","valueRequired":true,"valueName":"search_term_string"}}],"inLanguage":"es"},{"@type":"Person","@id":"https:\/\/campeche-noticias.com\/#\/schema\/person\/7940c228049cff34b4cc679f887362f1","name":"admin","sameAs":["https:\/\/campeche-noticias.com"],"url":"https:\/\/campeche-noticias.com\/?author=1"}]}},"_links":{"self":[{"href":"https:\/\/campeche-noticias.com\/index.php?rest_route=\/wp\/v2\/posts\/24265","targetHints":{"allow":["GET"]}}],"collection":[{"href":"https:\/\/campeche-noticias.com\/index.php?rest_route=\/wp\/v2\/posts"}],"about":[{"href":"https:\/\/campeche-noticias.com\/index.php?rest_route=\/wp\/v2\/types\/post"}],"author":[{"embeddable":true,"href":"https:\/\/campeche-noticias.com\/index.php?rest_route=\/wp\/v2\/users\/1"}],"replies":[{"embeddable":true,"href":"https:\/\/campeche-noticias.com\/index.php?rest_route=%2Fwp%2Fv2%2Fcomments&post=24265"}],"version-history":[{"count":1,"href":"https:\/\/campeche-noticias.com\/index.php?rest_route=\/wp\/v2\/posts\/24265\/revisions"}],"predecessor-version":[{"id":24266,"href":"https:\/\/campeche-noticias.com\/index.php?rest_route=\/wp\/v2\/posts\/24265\/revisions\/24266"}],"wp:featuredmedia":[{"embeddable":true,"href":"https:\/\/campeche-noticias.com\/index.php?rest_route=\/wp\/v2\/media\/24267"}],"wp:attachment":[{"href":"https:\/\/campeche-noticias.com\/index.php?rest_route=%2Fwp%2Fv2%2Fmedia&parent=24265"}],"wp:term":[{"taxonomy":"category","embeddable":true,"href":"https:\/\/campeche-noticias.com\/index.php?rest_route=%2Fwp%2Fv2%2Fcategories&post=24265"},{"taxonomy":"post_tag","embeddable":true,"href":"https:\/\/campeche-noticias.com\/index.php?rest_route=%2Fwp%2Fv2%2Ftags&post=24265"}],"curies":[{"name":"wp","href":"https:\/\/api.w.org\/{rel}","templated":true}]}}