{"id":24249,"date":"2025-03-15T08:40:00","date_gmt":"2025-03-15T13:40:00","guid":{"rendered":"https:\/\/campeche-noticias.com\/?p=24249"},"modified":"2025-03-18T01:31:38","modified_gmt":"2025-03-18T01:31:38","slug":"monreal-caso-blanco-no-quedara-en-el-limbo","status":"publish","type":"post","link":"https:\/\/campeche-noticias.com\/?p=24249","title":{"rendered":"Monreal: caso Blanco no quedar\u00e1 en el limbo"},"content":{"rendered":"<p>\ud83d\udd38El presidente de la Jucopo en San L\u00e1zaro descarta impunidad en temas como el del diputado federal; conf\u00eda en la Secci\u00f3n Instructora para valorar las pruebas de la Fiscal\u00eda de Morelos.<\/p>\n<p>CDMX | El presidente de la Junta de Coordinaci\u00f3n Pol\u00edtica (Jucopo) de la C\u00e1mara de Diputados, Ricardo Monreal, asegur\u00f3 que el proceso de desafuero contra el diputado federal Cuauht\u00e9moc Blanco Bravo se resolver\u00e1 y se\u00f1al\u00f3 que de ser necesario se abrir\u00eda un periodo extraordinario para este tema as\u00ed como desahogar las reformas pendientes, pues afirm\u00f3 \u201cnada se quedar\u00e1 en el limbo\u201d.<\/p>\n<p>\u201cS\u00ed es necesario s\u00ed (habr\u00e1 extraordinario) pero yo creo que s\u00ed va a ver periodo extraordinario porque no hemos logrado sacar todas las reformas que necesitamos sacar. En este momento tenemos dos leyes que ayer les comentaba ya llegaron y se turnaron a comisiones\u201d, apunt\u00f3.<\/p>\n<p>En conferencia de prensa, el tambi\u00e9n coordinador de los diputados de Morena afirm\u00f3 que todo lo que se tiene pendiente en la C\u00e1mara baja se va a atender y resolver y en este caso particular se respetar\u00e1n los procedimientos y plazos que est\u00e9n corriendo.<\/p>\n<p>\u201cNo obstante que se termine el periodo, el \u00faltimo del mes de abril, esto no implica que se le d\u00e9 carpetazo o que, porque se termina el periodo ordinario, ya no se atender\u00e1 el problema. No, porque son plazos fatales y, por cuerda separada, no tiene que ver con la terminaci\u00f3n o el inicio del periodo de sesiones\u201d, enfatiz\u00f3 Monreal.<\/p>\n<p>Monreal \u00c1vila enfatiz\u00f3 que no habr\u00e1 impunidad ni protecci\u00f3n alguna en este caso ni en ning\u00fan otro caso; pidi\u00f3 esperar que la Secci\u00f3n Instructora valore los elementos que entreg\u00f3 la Fiscal\u00eda de Morelos y se emita la resoluci\u00f3n que sea necesaria.<\/p>\n<p>\u201cYo no soy juez, ni tampoco soy Ministerio P\u00fablico para acusar a nadie; no tengo elementos, y no es mi funci\u00f3n juzgar o perseguir delitos contra alg\u00fan miembro de la C\u00e1mara o contra alg\u00fan funcionario al que se refiere el art\u00edculo 110 constitucional (\u2026) No, no vamos a ser tapadera de nadie. Lo que le aseguro es que la comisi\u00f3n, la subcomisi\u00f3n de estudio previo, tiene toda la libertad, toda la libertad de actuar conforme a derecho y conforme a sus conciencias\u201d, asever\u00f3.<\/p>\n<p>Cabe recordar que ser\u00e1 el pr\u00f3ximo martes 18 cuando se re\u00fana la Secci\u00f3n Instructora, encargada de los procesos de desafuero, y vote si da tr\u00e1mite al expediente del exfutbolista; de ser as\u00ed iniciar\u00e1 el plazo de 60 d\u00edas para analizar el expediente y recibir las pruebas requeridas de ambas partes involucradas para finalmente dictaminar en favor o no de retirarle el fuero al tambi\u00e9n exgobernador de Morelos. Este dictamen debe ser votado tambi\u00e9n ante el Pleno camaral.<\/p>\n","protected":false},"excerpt":{"rendered":"<p>\ud83d\udd38El presidente de la Jucopo en San L\u00e1zaro descarta impunidad en temas como el del<\/p>\n","protected":false},"author":1,"featured_media":24251,"comment_status":"open","ping_status":"closed","sticky":false,"template":"","format":"standard","meta":{"footnotes":""},"categories":[28],"tags":[],"class_list":["post-24249","post","type-post","status-publish","format-standard","has-post-thumbnail","hentry","category-cdmx"],"yoast_head":"<!-- This site is optimized with the Yoast SEO plugin v27.5 - https:\/\/yoast.com\/product\/yoast-seo-wordpress\/ -->\n<title>Monreal: caso Blanco no quedar\u00e1 en el limbo - Campeche Noticias<\/title>\n<meta name=\"robots\" content=\"index, follow, max-snippet:-1, max-image-preview:large, max-video-preview:-1\" \/>\n<link rel=\"canonical\" href=\"https:\/\/campeche-noticias.com\/?p=24249\" \/>\n<meta property=\"og:locale\" content=\"es_ES\" \/>\n<meta property=\"og:type\" content=\"article\" \/>\n<meta property=\"og:title\" content=\"Monreal: caso Blanco no quedar\u00e1 en el limbo - Campeche Noticias\" \/>\n<meta property=\"og:description\" content=\"\ud83d\udd38El presidente de la Jucopo en San L\u00e1zaro descarta impunidad en temas como el del\" \/>\n<meta property=\"og:url\" content=\"https:\/\/campeche-noticias.com\/?p=24249\" \/>\n<meta property=\"og:site_name\" content=\"Campeche Noticias\" \/>\n<meta property=\"article:published_time\" content=\"2025-03-15T13:40:00+00:00\" \/>\n<meta property=\"article:modified_time\" content=\"2025-03-18T01:31:38+00:00\" \/>\n<meta name=\"author\" content=\"admin\" \/>\n<meta name=\"twitter:card\" content=\"summary_large_image\" \/>\n<meta name=\"twitter:label1\" content=\"Escrito por\" \/>\n\t<meta name=\"twitter:data1\" content=\"admin\" \/>\n\t<meta name=\"twitter:label2\" content=\"Tiempo de lectura\" \/>\n\t<meta name=\"twitter:data2\" content=\"2 minutos\" \/>\n<script type=\"application\/ld+json\" class=\"yoast-schema-graph\">{\"@context\":\"https:\\\/\\\/schema.org\",\"@graph\":[{\"@type\":\"Article\",\"@id\":\"https:\\\/\\\/campeche-noticias.com\\\/?p=24249#article\",\"isPartOf\":{\"@id\":\"https:\\\/\\\/campeche-noticias.com\\\/?p=24249\"},\"author\":{\"name\":\"admin\",\"@id\":\"https:\\\/\\\/campeche-noticias.com\\\/#\\\/schema\\\/person\\\/7940c228049cff34b4cc679f887362f1\"},\"headline\":\"Monreal: caso Blanco no quedar\u00e1 en el limbo\",\"datePublished\":\"2025-03-15T13:40:00+00:00\",\"dateModified\":\"2025-03-18T01:31:38+00:00\",\"mainEntityOfPage\":{\"@id\":\"https:\\\/\\\/campeche-noticias.com\\\/?p=24249\"},\"wordCount\":480,\"commentCount\":0,\"image\":{\"@id\":\"https:\\\/\\\/campeche-noticias.com\\\/?p=24249#primaryimage\"},\"thumbnailUrl\":\"https:\\\/\\\/campeche-noticias.com\\\/wp-content\\\/uploads\\\/2025\\\/03\\\/WhatsApp-Image-2025-03-15-at-08.49.58.jpeg\",\"articleSection\":[\"CDMX\"],\"inLanguage\":\"es\",\"potentialAction\":[{\"@type\":\"CommentAction\",\"name\":\"Comment\",\"target\":[\"https:\\\/\\\/campeche-noticias.com\\\/?p=24249#respond\"]}]},{\"@type\":\"WebPage\",\"@id\":\"https:\\\/\\\/campeche-noticias.com\\\/?p=24249\",\"url\":\"https:\\\/\\\/campeche-noticias.com\\\/?p=24249\",\"name\":\"Monreal: caso Blanco no quedar\u00e1 en el limbo - Campeche Noticias\",\"isPartOf\":{\"@id\":\"https:\\\/\\\/campeche-noticias.com\\\/#website\"},\"primaryImageOfPage\":{\"@id\":\"https:\\\/\\\/campeche-noticias.com\\\/?p=24249#primaryimage\"},\"image\":{\"@id\":\"https:\\\/\\\/campeche-noticias.com\\\/?p=24249#primaryimage\"},\"thumbnailUrl\":\"https:\\\/\\\/campeche-noticias.com\\\/wp-content\\\/uploads\\\/2025\\\/03\\\/WhatsApp-Image-2025-03-15-at-08.49.58.jpeg\",\"datePublished\":\"2025-03-15T13:40:00+00:00\",\"dateModified\":\"2025-03-18T01:31:38+00:00\",\"author\":{\"@id\":\"https:\\\/\\\/campeche-noticias.com\\\/#\\\/schema\\\/person\\\/7940c228049cff34b4cc679f887362f1\"},\"breadcrumb\":{\"@id\":\"https:\\\/\\\/campeche-noticias.com\\\/?p=24249#breadcrumb\"},\"inLanguage\":\"es\",\"potentialAction\":[{\"@type\":\"ReadAction\",\"target\":[\"https:\\\/\\\/campeche-noticias.com\\\/?p=24249\"]}]},{\"@type\":\"ImageObject\",\"inLanguage\":\"es\",\"@id\":\"https:\\\/\\\/campeche-noticias.com\\\/?p=24249#primaryimage\",\"url\":\"https:\\\/\\\/campeche-noticias.com\\\/wp-content\\\/uploads\\\/2025\\\/03\\\/WhatsApp-Image-2025-03-15-at-08.49.58.jpeg\",\"contentUrl\":\"https:\\\/\\\/campeche-noticias.com\\\/wp-content\\\/uploads\\\/2025\\\/03\\\/WhatsApp-Image-2025-03-15-at-08.49.58.jpeg\",\"width\":939,\"height\":626},{\"@type\":\"BreadcrumbList\",\"@id\":\"https:\\\/\\\/campeche-noticias.com\\\/?p=24249#breadcrumb\",\"itemListElement\":[{\"@type\":\"ListItem\",\"position\":1,\"name\":\"Portada\",\"item\":\"https:\\\/\\\/campeche-noticias.com\\\/\"},{\"@type\":\"ListItem\",\"position\":2,\"name\":\"Monreal: caso Blanco no quedar\u00e1 en el limbo\"}]},{\"@type\":\"WebSite\",\"@id\":\"https:\\\/\\\/campeche-noticias.com\\\/#website\",\"url\":\"https:\\\/\\\/campeche-noticias.com\\\/\",\"name\":\"Campeche Noticias\",\"description\":\"Campeche Noticias\",\"potentialAction\":[{\"@type\":\"SearchAction\",\"target\":{\"@type\":\"EntryPoint\",\"urlTemplate\":\"https:\\\/\\\/campeche-noticias.com\\\/?s={search_term_string}\"},\"query-input\":{\"@type\":\"PropertyValueSpecification\",\"valueRequired\":true,\"valueName\":\"search_term_string\"}}],\"inLanguage\":\"es\"},{\"@type\":\"Person\",\"@id\":\"https:\\\/\\\/campeche-noticias.com\\\/#\\\/schema\\\/person\\\/7940c228049cff34b4cc679f887362f1\",\"name\":\"admin\",\"sameAs\":[\"https:\\\/\\\/campeche-noticias.com\"],\"url\":\"https:\\\/\\\/campeche-noticias.com\\\/?author=1\"}]}<\/script>\n<!-- \/ Yoast SEO plugin. -->","yoast_head_json":{"title":"Monreal: caso Blanco no quedar\u00e1 en el limbo - Campeche Noticias","robots":{"index":"index","follow":"follow","max-snippet":"max-snippet:-1","max-image-preview":"max-image-preview:large","max-video-preview":"max-video-preview:-1"},"canonical":"https:\/\/campeche-noticias.com\/?p=24249","og_locale":"es_ES","og_type":"article","og_title":"Monreal: caso Blanco no quedar\u00e1 en el limbo - Campeche Noticias","og_description":"\ud83d\udd38El presidente de la Jucopo en San L\u00e1zaro descarta impunidad en temas como el del","og_url":"https:\/\/campeche-noticias.com\/?p=24249","og_site_name":"Campeche Noticias","article_published_time":"2025-03-15T13:40:00+00:00","article_modified_time":"2025-03-18T01:31:38+00:00","author":"admin","twitter_card":"summary_large_image","twitter_misc":{"Escrito por":"admin","Tiempo de lectura":"2 minutos"},"schema":{"@context":"https:\/\/schema.org","@graph":[{"@type":"Article","@id":"https:\/\/campeche-noticias.com\/?p=24249#article","isPartOf":{"@id":"https:\/\/campeche-noticias.com\/?p=24249"},"author":{"name":"admin","@id":"https:\/\/campeche-noticias.com\/#\/schema\/person\/7940c228049cff34b4cc679f887362f1"},"headline":"Monreal: caso Blanco no quedar\u00e1 en el limbo","datePublished":"2025-03-15T13:40:00+00:00","dateModified":"2025-03-18T01:31:38+00:00","mainEntityOfPage":{"@id":"https:\/\/campeche-noticias.com\/?p=24249"},"wordCount":480,"commentCount":0,"image":{"@id":"https:\/\/campeche-noticias.com\/?p=24249#primaryimage"},"thumbnailUrl":"https:\/\/campeche-noticias.com\/wp-content\/uploads\/2025\/03\/WhatsApp-Image-2025-03-15-at-08.49.58.jpeg","articleSection":["CDMX"],"inLanguage":"es","potentialAction":[{"@type":"CommentAction","name":"Comment","target":["https:\/\/campeche-noticias.com\/?p=24249#respond"]}]},{"@type":"WebPage","@id":"https:\/\/campeche-noticias.com\/?p=24249","url":"https:\/\/campeche-noticias.com\/?p=24249","name":"Monreal: caso Blanco no quedar\u00e1 en el limbo - Campeche Noticias","isPartOf":{"@id":"https:\/\/campeche-noticias.com\/#website"},"primaryImageOfPage":{"@id":"https:\/\/campeche-noticias.com\/?p=24249#primaryimage"},"image":{"@id":"https:\/\/campeche-noticias.com\/?p=24249#primaryimage"},"thumbnailUrl":"https:\/\/campeche-noticias.com\/wp-content\/uploads\/2025\/03\/WhatsApp-Image-2025-03-15-at-08.49.58.jpeg","datePublished":"2025-03-15T13:40:00+00:00","dateModified":"2025-03-18T01:31:38+00:00","author":{"@id":"https:\/\/campeche-noticias.com\/#\/schema\/person\/7940c228049cff34b4cc679f887362f1"},"breadcrumb":{"@id":"https:\/\/campeche-noticias.com\/?p=24249#breadcrumb"},"inLanguage":"es","potentialAction":[{"@type":"ReadAction","target":["https:\/\/campeche-noticias.com\/?p=24249"]}]},{"@type":"ImageObject","inLanguage":"es","@id":"https:\/\/campeche-noticias.com\/?p=24249#primaryimage","url":"https:\/\/campeche-noticias.com\/wp-content\/uploads\/2025\/03\/WhatsApp-Image-2025-03-15-at-08.49.58.jpeg","contentUrl":"https:\/\/campeche-noticias.com\/wp-content\/uploads\/2025\/03\/WhatsApp-Image-2025-03-15-at-08.49.58.jpeg","width":939,"height":626},{"@type":"BreadcrumbList","@id":"https:\/\/campeche-noticias.com\/?p=24249#breadcrumb","itemListElement":[{"@type":"ListItem","position":1,"name":"Portada","item":"https:\/\/campeche-noticias.com\/"},{"@type":"ListItem","position":2,"name":"Monreal: caso Blanco no quedar\u00e1 en el limbo"}]},{"@type":"WebSite","@id":"https:\/\/campeche-noticias.com\/#website","url":"https:\/\/campeche-noticias.com\/","name":"Campeche Noticias","description":"Campeche Noticias","potentialAction":[{"@type":"SearchAction","target":{"@type":"EntryPoint","urlTemplate":"https:\/\/campeche-noticias.com\/?s={search_term_string}"},"query-input":{"@type":"PropertyValueSpecification","valueRequired":true,"valueName":"search_term_string"}}],"inLanguage":"es"},{"@type":"Person","@id":"https:\/\/campeche-noticias.com\/#\/schema\/person\/7940c228049cff34b4cc679f887362f1","name":"admin","sameAs":["https:\/\/campeche-noticias.com"],"url":"https:\/\/campeche-noticias.com\/?author=1"}]}},"_links":{"self":[{"href":"https:\/\/campeche-noticias.com\/index.php?rest_route=\/wp\/v2\/posts\/24249","targetHints":{"allow":["GET"]}}],"collection":[{"href":"https:\/\/campeche-noticias.com\/index.php?rest_route=\/wp\/v2\/posts"}],"about":[{"href":"https:\/\/campeche-noticias.com\/index.php?rest_route=\/wp\/v2\/types\/post"}],"author":[{"embeddable":true,"href":"https:\/\/campeche-noticias.com\/index.php?rest_route=\/wp\/v2\/users\/1"}],"replies":[{"embeddable":true,"href":"https:\/\/campeche-noticias.com\/index.php?rest_route=%2Fwp%2Fv2%2Fcomments&post=24249"}],"version-history":[{"count":1,"href":"https:\/\/campeche-noticias.com\/index.php?rest_route=\/wp\/v2\/posts\/24249\/revisions"}],"predecessor-version":[{"id":24250,"href":"https:\/\/campeche-noticias.com\/index.php?rest_route=\/wp\/v2\/posts\/24249\/revisions\/24250"}],"wp:featuredmedia":[{"embeddable":true,"href":"https:\/\/campeche-noticias.com\/index.php?rest_route=\/wp\/v2\/media\/24251"}],"wp:attachment":[{"href":"https:\/\/campeche-noticias.com\/index.php?rest_route=%2Fwp%2Fv2%2Fmedia&parent=24249"}],"wp:term":[{"taxonomy":"category","embeddable":true,"href":"https:\/\/campeche-noticias.com\/index.php?rest_route=%2Fwp%2Fv2%2Fcategories&post=24249"},{"taxonomy":"post_tag","embeddable":true,"href":"https:\/\/campeche-noticias.com\/index.php?rest_route=%2Fwp%2Fv2%2Ftags&post=24249"}],"curies":[{"name":"wp","href":"https:\/\/api.w.org\/{rel}","templated":true}]}}