{"id":24127,"date":"2025-03-11T11:01:10","date_gmt":"2025-03-11T16:01:10","guid":{"rendered":"https:\/\/campeche-noticias.com\/?p=24127"},"modified":"2025-03-11T16:01:11","modified_gmt":"2025-03-11T16:01:11","slug":"nissan-nombra-al-mexicano-ivan-espinosa-como-su-nuevo-ceo","status":"publish","type":"post","link":"https:\/\/campeche-noticias.com\/?p=24127","title":{"rendered":"Nissan nombra al mexicano Iv\u00e1n Espinosa como su nuevo CEO"},"content":{"rendered":"<p>\ud83d\udd38 La designaci\u00f3n, efectiva a partir del 1 de abril, pone fin a las especulaciones sobre la sucesi\u00f3n de Makoto Uchida, quien dej\u00f3 el cargo en medio de la crisis financiera de la empresa y el fallido intento de fusi\u00f3n con Honda<\/p>\n<p>#INTERNACIONAL | Nissan nombr\u00f3 al mexicano Iv\u00e1n Espinosa como nuevo presidente y consejero delegado (CEO) de la empresa.<\/p>\n<p>Espinosa, quien a\u00fan se desempe\u00f1a como director general de planificaci\u00f3n, asumir\u00e1 el cargo m\u00e1s importante de la empresa a partir del 1 de abril, poniendo as\u00ed fin a semanas de especulaciones sobre qui\u00e9n suceder\u00eda a Makoto Uchida.<\/p>\n<p>Nissan hizo el anuncio en un comunicado, confirmando que Uchida dejar\u00eda el cargo.<\/p>\n<p>Uchida hab\u00eda sido presionado para dimitir tras el empeoramiento de los resultados del tercer mayor fabricante de autom\u00f3viles de Jap\u00f3n y el fracaso de las negociaciones de fusi\u00f3n con Honda.<\/p>\n<p>No est\u00e1 claro si el nombramiento del mexicano Espinosa pondr\u00e1 de nuevo sobre la mesa esas conversaciones o abrir\u00eda la posibilidad de inversi\u00f3n de otro socio.<\/p>\n<p>Fuentes y medios de comunicaci\u00f3n japoneses hab\u00edan se\u00f1alado al mexicano como uno de los posibles sucesores de Uchida, entre los que tambi\u00e9n figuraban el director financiero, J\u00e9r\u00e9mie Papin, y el director de rendimiento, Guillaume Cartier.<\/p>\n<p>Espinosa, que se incorpor\u00f3 a la empresa en 2003, ha desarrollado gran parte de su carrera en M\u00e9xico. Su experiencia incluye puestos en el sudeste asi\u00e1tico y Europa.<\/p>\n<p>El nuevo CEO de Nissan ha supervisado iniciativas de planificaci\u00f3n y desarrollo de productos y ha gestionado la estrategia y la cartera global de productos del fabricante de autom\u00f3viles.<\/p>\n<p>Ocupa su cargo actual desde abril de 2024, como parte de una reorganizaci\u00f3n destinada a acelerar el giro del fabricante hacia los veh\u00edculos el\u00e9ctricos.<\/p>\n","protected":false},"excerpt":{"rendered":"<p>\ud83d\udd38 La designaci\u00f3n, efectiva a partir del 1 de abril, pone fin a las especulaciones<\/p>\n","protected":false},"author":1,"featured_media":24129,"comment_status":"open","ping_status":"closed","sticky":false,"template":"","format":"standard","meta":{"footnotes":""},"categories":[9],"tags":[],"class_list":["post-24127","post","type-post","status-publish","format-standard","has-post-thumbnail","hentry","category-internacional"],"yoast_head":"<!-- This site is optimized with the Yoast SEO plugin v27.5 - https:\/\/yoast.com\/product\/yoast-seo-wordpress\/ -->\n<title>Nissan nombra al mexicano Iv\u00e1n Espinosa como su nuevo CEO - Campeche Noticias<\/title>\n<meta name=\"robots\" content=\"index, follow, max-snippet:-1, max-image-preview:large, max-video-preview:-1\" \/>\n<link rel=\"canonical\" href=\"https:\/\/campeche-noticias.com\/?p=24127\" \/>\n<meta property=\"og:locale\" content=\"es_ES\" \/>\n<meta property=\"og:type\" content=\"article\" \/>\n<meta property=\"og:title\" content=\"Nissan nombra al mexicano Iv\u00e1n Espinosa como su nuevo CEO - Campeche Noticias\" \/>\n<meta property=\"og:description\" content=\"\ud83d\udd38 La designaci\u00f3n, efectiva a partir del 1 de abril, pone fin a las especulaciones\" \/>\n<meta property=\"og:url\" content=\"https:\/\/campeche-noticias.com\/?p=24127\" \/>\n<meta property=\"og:site_name\" content=\"Campeche Noticias\" \/>\n<meta property=\"article:published_time\" content=\"2025-03-11T16:01:10+00:00\" \/>\n<meta property=\"article:modified_time\" content=\"2025-03-11T16:01:11+00:00\" \/>\n<meta name=\"author\" content=\"admin\" \/>\n<meta name=\"twitter:card\" content=\"summary_large_image\" \/>\n<meta name=\"twitter:label1\" content=\"Escrito por\" \/>\n\t<meta name=\"twitter:data1\" content=\"admin\" \/>\n\t<meta name=\"twitter:label2\" content=\"Tiempo de lectura\" \/>\n\t<meta name=\"twitter:data2\" content=\"2 minutos\" \/>\n<script type=\"application\/ld+json\" class=\"yoast-schema-graph\">{\"@context\":\"https:\\\/\\\/schema.org\",\"@graph\":[{\"@type\":\"Article\",\"@id\":\"https:\\\/\\\/campeche-noticias.com\\\/?p=24127#article\",\"isPartOf\":{\"@id\":\"https:\\\/\\\/campeche-noticias.com\\\/?p=24127\"},\"author\":{\"name\":\"admin\",\"@id\":\"https:\\\/\\\/campeche-noticias.com\\\/#\\\/schema\\\/person\\\/7940c228049cff34b4cc679f887362f1\"},\"headline\":\"Nissan nombra al mexicano Iv\u00e1n Espinosa como su nuevo CEO\",\"datePublished\":\"2025-03-11T16:01:10+00:00\",\"dateModified\":\"2025-03-11T16:01:11+00:00\",\"mainEntityOfPage\":{\"@id\":\"https:\\\/\\\/campeche-noticias.com\\\/?p=24127\"},\"wordCount\":317,\"commentCount\":0,\"image\":{\"@id\":\"https:\\\/\\\/campeche-noticias.com\\\/?p=24127#primaryimage\"},\"thumbnailUrl\":\"https:\\\/\\\/campeche-noticias.com\\\/wp-content\\\/uploads\\\/2025\\\/03\\\/WhatsApp-Image-2025-03-11-at-09.17.47.jpeg\",\"articleSection\":[\"Internacional\"],\"inLanguage\":\"es\",\"potentialAction\":[{\"@type\":\"CommentAction\",\"name\":\"Comment\",\"target\":[\"https:\\\/\\\/campeche-noticias.com\\\/?p=24127#respond\"]}]},{\"@type\":\"WebPage\",\"@id\":\"https:\\\/\\\/campeche-noticias.com\\\/?p=24127\",\"url\":\"https:\\\/\\\/campeche-noticias.com\\\/?p=24127\",\"name\":\"Nissan nombra al mexicano Iv\u00e1n Espinosa como su nuevo CEO - Campeche Noticias\",\"isPartOf\":{\"@id\":\"https:\\\/\\\/campeche-noticias.com\\\/#website\"},\"primaryImageOfPage\":{\"@id\":\"https:\\\/\\\/campeche-noticias.com\\\/?p=24127#primaryimage\"},\"image\":{\"@id\":\"https:\\\/\\\/campeche-noticias.com\\\/?p=24127#primaryimage\"},\"thumbnailUrl\":\"https:\\\/\\\/campeche-noticias.com\\\/wp-content\\\/uploads\\\/2025\\\/03\\\/WhatsApp-Image-2025-03-11-at-09.17.47.jpeg\",\"datePublished\":\"2025-03-11T16:01:10+00:00\",\"dateModified\":\"2025-03-11T16:01:11+00:00\",\"author\":{\"@id\":\"https:\\\/\\\/campeche-noticias.com\\\/#\\\/schema\\\/person\\\/7940c228049cff34b4cc679f887362f1\"},\"breadcrumb\":{\"@id\":\"https:\\\/\\\/campeche-noticias.com\\\/?p=24127#breadcrumb\"},\"inLanguage\":\"es\",\"potentialAction\":[{\"@type\":\"ReadAction\",\"target\":[\"https:\\\/\\\/campeche-noticias.com\\\/?p=24127\"]}]},{\"@type\":\"ImageObject\",\"inLanguage\":\"es\",\"@id\":\"https:\\\/\\\/campeche-noticias.com\\\/?p=24127#primaryimage\",\"url\":\"https:\\\/\\\/campeche-noticias.com\\\/wp-content\\\/uploads\\\/2025\\\/03\\\/WhatsApp-Image-2025-03-11-at-09.17.47.jpeg\",\"contentUrl\":\"https:\\\/\\\/campeche-noticias.com\\\/wp-content\\\/uploads\\\/2025\\\/03\\\/WhatsApp-Image-2025-03-11-at-09.17.47.jpeg\",\"width\":1200,\"height\":675},{\"@type\":\"BreadcrumbList\",\"@id\":\"https:\\\/\\\/campeche-noticias.com\\\/?p=24127#breadcrumb\",\"itemListElement\":[{\"@type\":\"ListItem\",\"position\":1,\"name\":\"Portada\",\"item\":\"https:\\\/\\\/campeche-noticias.com\\\/\"},{\"@type\":\"ListItem\",\"position\":2,\"name\":\"Nissan nombra al mexicano Iv\u00e1n Espinosa como su nuevo CEO\"}]},{\"@type\":\"WebSite\",\"@id\":\"https:\\\/\\\/campeche-noticias.com\\\/#website\",\"url\":\"https:\\\/\\\/campeche-noticias.com\\\/\",\"name\":\"Campeche Noticias\",\"description\":\"Campeche Noticias\",\"potentialAction\":[{\"@type\":\"SearchAction\",\"target\":{\"@type\":\"EntryPoint\",\"urlTemplate\":\"https:\\\/\\\/campeche-noticias.com\\\/?s={search_term_string}\"},\"query-input\":{\"@type\":\"PropertyValueSpecification\",\"valueRequired\":true,\"valueName\":\"search_term_string\"}}],\"inLanguage\":\"es\"},{\"@type\":\"Person\",\"@id\":\"https:\\\/\\\/campeche-noticias.com\\\/#\\\/schema\\\/person\\\/7940c228049cff34b4cc679f887362f1\",\"name\":\"admin\",\"sameAs\":[\"https:\\\/\\\/campeche-noticias.com\"],\"url\":\"https:\\\/\\\/campeche-noticias.com\\\/?author=1\"}]}<\/script>\n<!-- \/ Yoast SEO plugin. -->","yoast_head_json":{"title":"Nissan nombra al mexicano Iv\u00e1n Espinosa como su nuevo CEO - Campeche Noticias","robots":{"index":"index","follow":"follow","max-snippet":"max-snippet:-1","max-image-preview":"max-image-preview:large","max-video-preview":"max-video-preview:-1"},"canonical":"https:\/\/campeche-noticias.com\/?p=24127","og_locale":"es_ES","og_type":"article","og_title":"Nissan nombra al mexicano Iv\u00e1n Espinosa como su nuevo CEO - Campeche Noticias","og_description":"\ud83d\udd38 La designaci\u00f3n, efectiva a partir del 1 de abril, pone fin a las especulaciones","og_url":"https:\/\/campeche-noticias.com\/?p=24127","og_site_name":"Campeche Noticias","article_published_time":"2025-03-11T16:01:10+00:00","article_modified_time":"2025-03-11T16:01:11+00:00","author":"admin","twitter_card":"summary_large_image","twitter_misc":{"Escrito por":"admin","Tiempo de lectura":"2 minutos"},"schema":{"@context":"https:\/\/schema.org","@graph":[{"@type":"Article","@id":"https:\/\/campeche-noticias.com\/?p=24127#article","isPartOf":{"@id":"https:\/\/campeche-noticias.com\/?p=24127"},"author":{"name":"admin","@id":"https:\/\/campeche-noticias.com\/#\/schema\/person\/7940c228049cff34b4cc679f887362f1"},"headline":"Nissan nombra al mexicano Iv\u00e1n Espinosa como su nuevo CEO","datePublished":"2025-03-11T16:01:10+00:00","dateModified":"2025-03-11T16:01:11+00:00","mainEntityOfPage":{"@id":"https:\/\/campeche-noticias.com\/?p=24127"},"wordCount":317,"commentCount":0,"image":{"@id":"https:\/\/campeche-noticias.com\/?p=24127#primaryimage"},"thumbnailUrl":"https:\/\/campeche-noticias.com\/wp-content\/uploads\/2025\/03\/WhatsApp-Image-2025-03-11-at-09.17.47.jpeg","articleSection":["Internacional"],"inLanguage":"es","potentialAction":[{"@type":"CommentAction","name":"Comment","target":["https:\/\/campeche-noticias.com\/?p=24127#respond"]}]},{"@type":"WebPage","@id":"https:\/\/campeche-noticias.com\/?p=24127","url":"https:\/\/campeche-noticias.com\/?p=24127","name":"Nissan nombra al mexicano Iv\u00e1n Espinosa como su nuevo CEO - Campeche Noticias","isPartOf":{"@id":"https:\/\/campeche-noticias.com\/#website"},"primaryImageOfPage":{"@id":"https:\/\/campeche-noticias.com\/?p=24127#primaryimage"},"image":{"@id":"https:\/\/campeche-noticias.com\/?p=24127#primaryimage"},"thumbnailUrl":"https:\/\/campeche-noticias.com\/wp-content\/uploads\/2025\/03\/WhatsApp-Image-2025-03-11-at-09.17.47.jpeg","datePublished":"2025-03-11T16:01:10+00:00","dateModified":"2025-03-11T16:01:11+00:00","author":{"@id":"https:\/\/campeche-noticias.com\/#\/schema\/person\/7940c228049cff34b4cc679f887362f1"},"breadcrumb":{"@id":"https:\/\/campeche-noticias.com\/?p=24127#breadcrumb"},"inLanguage":"es","potentialAction":[{"@type":"ReadAction","target":["https:\/\/campeche-noticias.com\/?p=24127"]}]},{"@type":"ImageObject","inLanguage":"es","@id":"https:\/\/campeche-noticias.com\/?p=24127#primaryimage","url":"https:\/\/campeche-noticias.com\/wp-content\/uploads\/2025\/03\/WhatsApp-Image-2025-03-11-at-09.17.47.jpeg","contentUrl":"https:\/\/campeche-noticias.com\/wp-content\/uploads\/2025\/03\/WhatsApp-Image-2025-03-11-at-09.17.47.jpeg","width":1200,"height":675},{"@type":"BreadcrumbList","@id":"https:\/\/campeche-noticias.com\/?p=24127#breadcrumb","itemListElement":[{"@type":"ListItem","position":1,"name":"Portada","item":"https:\/\/campeche-noticias.com\/"},{"@type":"ListItem","position":2,"name":"Nissan nombra al mexicano Iv\u00e1n Espinosa como su nuevo CEO"}]},{"@type":"WebSite","@id":"https:\/\/campeche-noticias.com\/#website","url":"https:\/\/campeche-noticias.com\/","name":"Campeche Noticias","description":"Campeche Noticias","potentialAction":[{"@type":"SearchAction","target":{"@type":"EntryPoint","urlTemplate":"https:\/\/campeche-noticias.com\/?s={search_term_string}"},"query-input":{"@type":"PropertyValueSpecification","valueRequired":true,"valueName":"search_term_string"}}],"inLanguage":"es"},{"@type":"Person","@id":"https:\/\/campeche-noticias.com\/#\/schema\/person\/7940c228049cff34b4cc679f887362f1","name":"admin","sameAs":["https:\/\/campeche-noticias.com"],"url":"https:\/\/campeche-noticias.com\/?author=1"}]}},"_links":{"self":[{"href":"https:\/\/campeche-noticias.com\/index.php?rest_route=\/wp\/v2\/posts\/24127","targetHints":{"allow":["GET"]}}],"collection":[{"href":"https:\/\/campeche-noticias.com\/index.php?rest_route=\/wp\/v2\/posts"}],"about":[{"href":"https:\/\/campeche-noticias.com\/index.php?rest_route=\/wp\/v2\/types\/post"}],"author":[{"embeddable":true,"href":"https:\/\/campeche-noticias.com\/index.php?rest_route=\/wp\/v2\/users\/1"}],"replies":[{"embeddable":true,"href":"https:\/\/campeche-noticias.com\/index.php?rest_route=%2Fwp%2Fv2%2Fcomments&post=24127"}],"version-history":[{"count":1,"href":"https:\/\/campeche-noticias.com\/index.php?rest_route=\/wp\/v2\/posts\/24127\/revisions"}],"predecessor-version":[{"id":24128,"href":"https:\/\/campeche-noticias.com\/index.php?rest_route=\/wp\/v2\/posts\/24127\/revisions\/24128"}],"wp:featuredmedia":[{"embeddable":true,"href":"https:\/\/campeche-noticias.com\/index.php?rest_route=\/wp\/v2\/media\/24129"}],"wp:attachment":[{"href":"https:\/\/campeche-noticias.com\/index.php?rest_route=%2Fwp%2Fv2%2Fmedia&parent=24127"}],"wp:term":[{"taxonomy":"category","embeddable":true,"href":"https:\/\/campeche-noticias.com\/index.php?rest_route=%2Fwp%2Fv2%2Fcategories&post=24127"},{"taxonomy":"post_tag","embeddable":true,"href":"https:\/\/campeche-noticias.com\/index.php?rest_route=%2Fwp%2Fv2%2Ftags&post=24127"}],"curies":[{"name":"wp","href":"https:\/\/api.w.org\/{rel}","templated":true}]}}