{"id":24080,"date":"2025-03-10T11:07:33","date_gmt":"2025-03-10T16:07:33","guid":{"rendered":"https:\/\/campeche-noticias.com\/?p=24080"},"modified":"2025-03-10T16:07:35","modified_gmt":"2025-03-10T16:07:35","slug":"el-vaticano-informo-sobre-el-estado-de-salud-del-papa-francisco","status":"publish","type":"post","link":"https:\/\/campeche-noticias.com\/?p=24080","title":{"rendered":"El Vaticano informo sobre el estado de salud del Papa Francisco"},"content":{"rendered":"<p>\ud83d\udd38 El Pont\u00edfice mantiene algunas actividades desde su habitaci\u00f3n en el hospital.<\/p>\n<p>#VATICANO | El papa Francisco sigue atento los \u00faltimos acontecimientos en el mundo y en la Iglesia desde el hospital Gemelli de Roma, donde este lunes alcanz\u00f3 los 25 d\u00edas ingresado por unos problemas respiratorios por ahora estabilizados y que mejoran poco a poco.<\/p>\n<p>El pont\u00edfice argentino de hecho ha podido seguir por videoconferencia el domingo los ejercicios espirituales de la cuaresma que la Curia Romana lleva a cabo en el Aula Pablo VI del Vaticano, aunque sin dejarse ver a trav\u00e9s de la pantalla.<\/p>\n<p>El papa Francisco pas\u00f3 \u00abuna noche tranquila\u00bb, dijo este lunes el Vaticano, un d\u00eda despu\u00e9s de que el pont\u00edfice de 88 a\u00f1os diera las gracias a los m\u00e9dicos por sus cuidados en las m\u00e1s de tres semanas que ha estado hospitalizado.<\/p>\n<p>El l\u00edder de los casi mil 400 millones de cat\u00f3licos del mundo ha mostrado leves signos de mejor\u00eda en los \u00faltimos d\u00edas y parece responder bien a su tratamiento para la neumon\u00eda.<\/p>\n<p>\u00abEl papa pas\u00f3 una noche tranquila, est\u00e1 descansando\u00bb, seg\u00fan un comunicado del Vaticano el lunes.<\/p>\n<p>El papa pas\u00f3 \u00abuna noche tranquila\u00bb y tras despertarse ha retomado el tratamiento, as\u00ed como la fisioterapia motora y respiratoria, adem\u00e1s de seguir en video la predicaci\u00f3n esta ma\u00f1ana de los ejercicios espirituales de la Cuaresma, informaron este lunes fuentes vaticanas.<\/p>\n<p>Francisco contin\u00faa alternando altos flujos de ox\u00edgeno con c\u00e1nulas nasales por el d\u00eda y la ventilaci\u00f3n mec\u00e1nica, con una m\u00e1scara, por la noche, a\u00f1adieron las fuentes.<\/p>\n<p>Explicaron que el pont\u00edfice est\u00e1 informado de los aluviones registrados en Bah\u00eda Blanca (Argentina) y ha mostrado su cercan\u00eda al sufrimiento de los afectados.<\/p>\n<p>El papa Francisco, que lleva m\u00e1s de tres semanas hospitalizado recuper\u00e1ndose de una neumon\u00eda, est\u00e1 \u00abcerca del sufrimiento\u00bb de las v\u00edctimas de las inundaciones de Argentina, asegur\u00f3 este lunes el Vaticano.<\/p>\n<p>\u00abEl papa est\u00e1 informado de las inundaciones en Argentina y est\u00e1 claramente cerca del sufrimiento de la gente en Bah\u00eda Blanca, evidentemente est\u00e1 cerca con el pensamiento, con la oraci\u00f3n\u00bb, dijo la oficina de prensa del Vaticano.<\/p>\n<p>En el mismo sentido, la primera ministra italiana, Giorgia Meloni, expres\u00f3 sus \u00abprofundas condolencias\u00bb, seg\u00fan un comunicado oficial.<\/p>\n<p>Francisco, de 88 a\u00f1os, permanece hospitalizado desde el pasado 14 de febrero por una neumon\u00eda bilateral que en las \u00faltimas semanas le ha causado algunas crisis preocupantes pero que ahora muestra una \u00abgradual y leve mejor\u00eda\u00bb, con una \u00abbuena\u00bb respuesta a la terapia.<\/p>\n<p>Fuentes de la Santa Sede indican que la situaci\u00f3n sigue siendo la misma, \u00abla estabilidad contin\u00faa y se confirma la ligera mejor\u00eda advertida\u00bb en la v\u00edspera.<\/p>\n","protected":false},"excerpt":{"rendered":"<p>\ud83d\udd38 El Pont\u00edfice mantiene algunas actividades desde su habitaci\u00f3n en el hospital. #VATICANO | El<\/p>\n","protected":false},"author":1,"featured_media":24082,"comment_status":"open","ping_status":"closed","sticky":false,"template":"","format":"standard","meta":{"footnotes":""},"categories":[9],"tags":[],"class_list":["post-24080","post","type-post","status-publish","format-standard","has-post-thumbnail","hentry","category-internacional"],"yoast_head":"<!-- This site is optimized with the Yoast SEO plugin v27.5 - https:\/\/yoast.com\/product\/yoast-seo-wordpress\/ -->\n<title>El Vaticano informo sobre el estado de salud del Papa Francisco - Campeche Noticias<\/title>\n<meta name=\"robots\" content=\"index, follow, max-snippet:-1, max-image-preview:large, max-video-preview:-1\" \/>\n<link rel=\"canonical\" href=\"https:\/\/campeche-noticias.com\/?p=24080\" \/>\n<meta property=\"og:locale\" content=\"es_ES\" \/>\n<meta property=\"og:type\" content=\"article\" \/>\n<meta property=\"og:title\" content=\"El Vaticano informo sobre el estado de salud del Papa Francisco - Campeche Noticias\" \/>\n<meta property=\"og:description\" content=\"\ud83d\udd38 El Pont\u00edfice mantiene algunas actividades desde su habitaci\u00f3n en el hospital. #VATICANO | El\" \/>\n<meta property=\"og:url\" content=\"https:\/\/campeche-noticias.com\/?p=24080\" \/>\n<meta property=\"og:site_name\" content=\"Campeche Noticias\" \/>\n<meta property=\"article:published_time\" content=\"2025-03-10T16:07:33+00:00\" \/>\n<meta property=\"article:modified_time\" content=\"2025-03-10T16:07:35+00:00\" \/>\n<meta name=\"author\" content=\"admin\" \/>\n<meta name=\"twitter:card\" content=\"summary_large_image\" \/>\n<meta name=\"twitter:label1\" content=\"Escrito por\" \/>\n\t<meta name=\"twitter:data1\" content=\"admin\" \/>\n\t<meta name=\"twitter:label2\" content=\"Tiempo de lectura\" \/>\n\t<meta name=\"twitter:data2\" content=\"2 minutos\" \/>\n<script type=\"application\/ld+json\" class=\"yoast-schema-graph\">{\"@context\":\"https:\\\/\\\/schema.org\",\"@graph\":[{\"@type\":\"Article\",\"@id\":\"https:\\\/\\\/campeche-noticias.com\\\/?p=24080#article\",\"isPartOf\":{\"@id\":\"https:\\\/\\\/campeche-noticias.com\\\/?p=24080\"},\"author\":{\"name\":\"admin\",\"@id\":\"https:\\\/\\\/campeche-noticias.com\\\/#\\\/schema\\\/person\\\/7940c228049cff34b4cc679f887362f1\"},\"headline\":\"El Vaticano informo sobre el estado de salud del Papa Francisco\",\"datePublished\":\"2025-03-10T16:07:33+00:00\",\"dateModified\":\"2025-03-10T16:07:35+00:00\",\"mainEntityOfPage\":{\"@id\":\"https:\\\/\\\/campeche-noticias.com\\\/?p=24080\"},\"wordCount\":480,\"commentCount\":0,\"image\":{\"@id\":\"https:\\\/\\\/campeche-noticias.com\\\/?p=24080#primaryimage\"},\"thumbnailUrl\":\"https:\\\/\\\/campeche-noticias.com\\\/wp-content\\\/uploads\\\/2025\\\/03\\\/WhatsApp-Image-2025-03-10-at-08.54.35.jpeg\",\"articleSection\":[\"Internacional\"],\"inLanguage\":\"es\",\"potentialAction\":[{\"@type\":\"CommentAction\",\"name\":\"Comment\",\"target\":[\"https:\\\/\\\/campeche-noticias.com\\\/?p=24080#respond\"]}]},{\"@type\":\"WebPage\",\"@id\":\"https:\\\/\\\/campeche-noticias.com\\\/?p=24080\",\"url\":\"https:\\\/\\\/campeche-noticias.com\\\/?p=24080\",\"name\":\"El Vaticano informo sobre el estado de salud del Papa Francisco - Campeche Noticias\",\"isPartOf\":{\"@id\":\"https:\\\/\\\/campeche-noticias.com\\\/#website\"},\"primaryImageOfPage\":{\"@id\":\"https:\\\/\\\/campeche-noticias.com\\\/?p=24080#primaryimage\"},\"image\":{\"@id\":\"https:\\\/\\\/campeche-noticias.com\\\/?p=24080#primaryimage\"},\"thumbnailUrl\":\"https:\\\/\\\/campeche-noticias.com\\\/wp-content\\\/uploads\\\/2025\\\/03\\\/WhatsApp-Image-2025-03-10-at-08.54.35.jpeg\",\"datePublished\":\"2025-03-10T16:07:33+00:00\",\"dateModified\":\"2025-03-10T16:07:35+00:00\",\"author\":{\"@id\":\"https:\\\/\\\/campeche-noticias.com\\\/#\\\/schema\\\/person\\\/7940c228049cff34b4cc679f887362f1\"},\"breadcrumb\":{\"@id\":\"https:\\\/\\\/campeche-noticias.com\\\/?p=24080#breadcrumb\"},\"inLanguage\":\"es\",\"potentialAction\":[{\"@type\":\"ReadAction\",\"target\":[\"https:\\\/\\\/campeche-noticias.com\\\/?p=24080\"]}]},{\"@type\":\"ImageObject\",\"inLanguage\":\"es\",\"@id\":\"https:\\\/\\\/campeche-noticias.com\\\/?p=24080#primaryimage\",\"url\":\"https:\\\/\\\/campeche-noticias.com\\\/wp-content\\\/uploads\\\/2025\\\/03\\\/WhatsApp-Image-2025-03-10-at-08.54.35.jpeg\",\"contentUrl\":\"https:\\\/\\\/campeche-noticias.com\\\/wp-content\\\/uploads\\\/2025\\\/03\\\/WhatsApp-Image-2025-03-10-at-08.54.35.jpeg\",\"width\":1200,\"height\":800},{\"@type\":\"BreadcrumbList\",\"@id\":\"https:\\\/\\\/campeche-noticias.com\\\/?p=24080#breadcrumb\",\"itemListElement\":[{\"@type\":\"ListItem\",\"position\":1,\"name\":\"Portada\",\"item\":\"https:\\\/\\\/campeche-noticias.com\\\/\"},{\"@type\":\"ListItem\",\"position\":2,\"name\":\"El Vaticano informo sobre el estado de salud del Papa Francisco\"}]},{\"@type\":\"WebSite\",\"@id\":\"https:\\\/\\\/campeche-noticias.com\\\/#website\",\"url\":\"https:\\\/\\\/campeche-noticias.com\\\/\",\"name\":\"Campeche Noticias\",\"description\":\"Campeche Noticias\",\"potentialAction\":[{\"@type\":\"SearchAction\",\"target\":{\"@type\":\"EntryPoint\",\"urlTemplate\":\"https:\\\/\\\/campeche-noticias.com\\\/?s={search_term_string}\"},\"query-input\":{\"@type\":\"PropertyValueSpecification\",\"valueRequired\":true,\"valueName\":\"search_term_string\"}}],\"inLanguage\":\"es\"},{\"@type\":\"Person\",\"@id\":\"https:\\\/\\\/campeche-noticias.com\\\/#\\\/schema\\\/person\\\/7940c228049cff34b4cc679f887362f1\",\"name\":\"admin\",\"sameAs\":[\"https:\\\/\\\/campeche-noticias.com\"],\"url\":\"https:\\\/\\\/campeche-noticias.com\\\/?author=1\"}]}<\/script>\n<!-- \/ Yoast SEO plugin. -->","yoast_head_json":{"title":"El Vaticano informo sobre el estado de salud del Papa Francisco - Campeche Noticias","robots":{"index":"index","follow":"follow","max-snippet":"max-snippet:-1","max-image-preview":"max-image-preview:large","max-video-preview":"max-video-preview:-1"},"canonical":"https:\/\/campeche-noticias.com\/?p=24080","og_locale":"es_ES","og_type":"article","og_title":"El Vaticano informo sobre el estado de salud del Papa Francisco - Campeche Noticias","og_description":"\ud83d\udd38 El Pont\u00edfice mantiene algunas actividades desde su habitaci\u00f3n en el hospital. #VATICANO | El","og_url":"https:\/\/campeche-noticias.com\/?p=24080","og_site_name":"Campeche Noticias","article_published_time":"2025-03-10T16:07:33+00:00","article_modified_time":"2025-03-10T16:07:35+00:00","author":"admin","twitter_card":"summary_large_image","twitter_misc":{"Escrito por":"admin","Tiempo de lectura":"2 minutos"},"schema":{"@context":"https:\/\/schema.org","@graph":[{"@type":"Article","@id":"https:\/\/campeche-noticias.com\/?p=24080#article","isPartOf":{"@id":"https:\/\/campeche-noticias.com\/?p=24080"},"author":{"name":"admin","@id":"https:\/\/campeche-noticias.com\/#\/schema\/person\/7940c228049cff34b4cc679f887362f1"},"headline":"El Vaticano informo sobre el estado de salud del Papa Francisco","datePublished":"2025-03-10T16:07:33+00:00","dateModified":"2025-03-10T16:07:35+00:00","mainEntityOfPage":{"@id":"https:\/\/campeche-noticias.com\/?p=24080"},"wordCount":480,"commentCount":0,"image":{"@id":"https:\/\/campeche-noticias.com\/?p=24080#primaryimage"},"thumbnailUrl":"https:\/\/campeche-noticias.com\/wp-content\/uploads\/2025\/03\/WhatsApp-Image-2025-03-10-at-08.54.35.jpeg","articleSection":["Internacional"],"inLanguage":"es","potentialAction":[{"@type":"CommentAction","name":"Comment","target":["https:\/\/campeche-noticias.com\/?p=24080#respond"]}]},{"@type":"WebPage","@id":"https:\/\/campeche-noticias.com\/?p=24080","url":"https:\/\/campeche-noticias.com\/?p=24080","name":"El Vaticano informo sobre el estado de salud del Papa Francisco - Campeche Noticias","isPartOf":{"@id":"https:\/\/campeche-noticias.com\/#website"},"primaryImageOfPage":{"@id":"https:\/\/campeche-noticias.com\/?p=24080#primaryimage"},"image":{"@id":"https:\/\/campeche-noticias.com\/?p=24080#primaryimage"},"thumbnailUrl":"https:\/\/campeche-noticias.com\/wp-content\/uploads\/2025\/03\/WhatsApp-Image-2025-03-10-at-08.54.35.jpeg","datePublished":"2025-03-10T16:07:33+00:00","dateModified":"2025-03-10T16:07:35+00:00","author":{"@id":"https:\/\/campeche-noticias.com\/#\/schema\/person\/7940c228049cff34b4cc679f887362f1"},"breadcrumb":{"@id":"https:\/\/campeche-noticias.com\/?p=24080#breadcrumb"},"inLanguage":"es","potentialAction":[{"@type":"ReadAction","target":["https:\/\/campeche-noticias.com\/?p=24080"]}]},{"@type":"ImageObject","inLanguage":"es","@id":"https:\/\/campeche-noticias.com\/?p=24080#primaryimage","url":"https:\/\/campeche-noticias.com\/wp-content\/uploads\/2025\/03\/WhatsApp-Image-2025-03-10-at-08.54.35.jpeg","contentUrl":"https:\/\/campeche-noticias.com\/wp-content\/uploads\/2025\/03\/WhatsApp-Image-2025-03-10-at-08.54.35.jpeg","width":1200,"height":800},{"@type":"BreadcrumbList","@id":"https:\/\/campeche-noticias.com\/?p=24080#breadcrumb","itemListElement":[{"@type":"ListItem","position":1,"name":"Portada","item":"https:\/\/campeche-noticias.com\/"},{"@type":"ListItem","position":2,"name":"El Vaticano informo sobre el estado de salud del Papa Francisco"}]},{"@type":"WebSite","@id":"https:\/\/campeche-noticias.com\/#website","url":"https:\/\/campeche-noticias.com\/","name":"Campeche Noticias","description":"Campeche Noticias","potentialAction":[{"@type":"SearchAction","target":{"@type":"EntryPoint","urlTemplate":"https:\/\/campeche-noticias.com\/?s={search_term_string}"},"query-input":{"@type":"PropertyValueSpecification","valueRequired":true,"valueName":"search_term_string"}}],"inLanguage":"es"},{"@type":"Person","@id":"https:\/\/campeche-noticias.com\/#\/schema\/person\/7940c228049cff34b4cc679f887362f1","name":"admin","sameAs":["https:\/\/campeche-noticias.com"],"url":"https:\/\/campeche-noticias.com\/?author=1"}]}},"_links":{"self":[{"href":"https:\/\/campeche-noticias.com\/index.php?rest_route=\/wp\/v2\/posts\/24080","targetHints":{"allow":["GET"]}}],"collection":[{"href":"https:\/\/campeche-noticias.com\/index.php?rest_route=\/wp\/v2\/posts"}],"about":[{"href":"https:\/\/campeche-noticias.com\/index.php?rest_route=\/wp\/v2\/types\/post"}],"author":[{"embeddable":true,"href":"https:\/\/campeche-noticias.com\/index.php?rest_route=\/wp\/v2\/users\/1"}],"replies":[{"embeddable":true,"href":"https:\/\/campeche-noticias.com\/index.php?rest_route=%2Fwp%2Fv2%2Fcomments&post=24080"}],"version-history":[{"count":1,"href":"https:\/\/campeche-noticias.com\/index.php?rest_route=\/wp\/v2\/posts\/24080\/revisions"}],"predecessor-version":[{"id":24081,"href":"https:\/\/campeche-noticias.com\/index.php?rest_route=\/wp\/v2\/posts\/24080\/revisions\/24081"}],"wp:featuredmedia":[{"embeddable":true,"href":"https:\/\/campeche-noticias.com\/index.php?rest_route=\/wp\/v2\/media\/24082"}],"wp:attachment":[{"href":"https:\/\/campeche-noticias.com\/index.php?rest_route=%2Fwp%2Fv2%2Fmedia&parent=24080"}],"wp:term":[{"taxonomy":"category","embeddable":true,"href":"https:\/\/campeche-noticias.com\/index.php?rest_route=%2Fwp%2Fv2%2Fcategories&post=24080"},{"taxonomy":"post_tag","embeddable":true,"href":"https:\/\/campeche-noticias.com\/index.php?rest_route=%2Fwp%2Fv2%2Ftags&post=24080"}],"curies":[{"name":"wp","href":"https:\/\/api.w.org\/{rel}","templated":true}]}}