{"id":23959,"date":"2025-03-06T08:53:45","date_gmt":"2025-03-06T13:53:45","guid":{"rendered":"https:\/\/campeche-noticias.com\/?p=23959"},"modified":"2025-03-06T13:53:46","modified_gmt":"2025-03-06T13:53:46","slug":"papa-francisco-continua-con-fisioterapia-motora-y-el-tratamiento-sin-ventilacion-mecanica","status":"publish","type":"post","link":"https:\/\/campeche-noticias.com\/?p=23959","title":{"rendered":"Papa Francisco contin\u00faa con fisioterapia motora y el tratamiento sin ventilaci\u00f3n mec\u00e1nica"},"content":{"rendered":"<p>\ud83d\udd38 El vicario de Cristo se encuentra ingresado en el hospital Gemelli de Roma desde el 14 de febrero a causa de problemas respiratorios<\/p>\n<p>#VATICANO | El papa Francisco contin\u00faa con la fisioterapia motora y su tratamiento con terapia de ox\u00edgeno a altos flujos, despu\u00e9s de que se le retirase la ventilaci\u00f3n mec\u00e1nica no invasiva utilizada durante la noche, indicaron fuentes vaticanas.<\/p>\n<p>Tras despertarse, el papa continu\u00f3 con sus terapias, incluida la fisioterapia motora activa. Como estaba previsto, tras la ventilaci\u00f3n mec\u00e1nica no invasiva durante la noche, por la ma\u00f1ana volvi\u00f3 a la oxigenaci\u00f3n de alto flujo con el uso de c\u00e1nulas nasales\u201d, explicaron.<\/p>\n<p>Preguntadas sobre si el Vaticano piensa publicar una imagen del papa en el hospital, las fuentes indicaron que \u201ccada uno es libre de elegir c\u00f3mo y cu\u00e1ndo hacerse ver, especialmente cuando est\u00e1s hospitalizado\u201d.<\/p>\n<p>\u201cVeremos cuando llegue el momento, pero por el momento no est\u00e1 disponible\u201d, dijeron, abres de a\u00f1adir que \u201cuna foto puede que nunca sea suficiente para algunas personas\u201d.<\/p>\n<p>A primera hora, la Santa Sede hab\u00eda informado de que el papa Francisco hab\u00eda pasado una noche \u201ctranquila\u201d y estaba descansado al cumplir su tercera semana ingresado en el hospital Gemelli de Roma por sus problemas respiratorios.<\/p>\n<p>Seg\u00fan el \u00faltimo parte m\u00e9dico, publicado este mi\u00e9rcoles, el papa argentino se mantiene \u201cestable\u201d, no ha sufrido nuevas crisis respiratorias como las del pasado viernes y ha empezado la fisioterapia motora, aunque \u201cen consideraci\u00f3n a la complejidad de su cuadro cr\u00edtico, el pron\u00f3stico permanece reservado\u201d.<\/p>\n<p>El pont\u00edfice, de 88 a\u00f1os, se encuentra ingresado desde el pasado 14 de febrero a causa de una neumon\u00eda bilateral y otros graves problemas respiratorios que mantienen en vilo al mundo.<\/p>\n<p>Su neumon\u00eda contin\u00faa con su \u201cevoluci\u00f3n normal\u201d pero los m\u00e9dicos insisten en que esta estabilidad debe entenderse dentro de \u201cla complejidad\u201d de su caso, subrayaron anoche fuentes vaticanas.<\/p>\n<p>Francisco increment\u00f3 la fisioterapia respiratoria que ven\u00eda llevando a cabo en los \u00faltimos tiempos y empez\u00f3 con la motora.<\/p>\n<p>Desde el pasado viernes las crisis no han vuelto a repetirse y el pont\u00edfice pas\u00f3 el mi\u00e9rcoles sentado en el sill\u00f3n y durante la ma\u00f1ana, en el apartamento privado que los pont\u00edfices tienen en la d\u00e9cima planta del Gemelli, ha participado en el rito del Mi\u00e9rcoles de Ceniza.<\/p>\n<p>Despu\u00e9s se dedic\u00f3 a algunas tareas laborales, algo que hab\u00eda interrumpido con las \u00faltimas crisis de los d\u00edas anteriores, e incluso ha vuelto a telefonear al p\u00e1rroco de la Franja de Gaza, Gabriel Romanelli, para interesarse como siempre de su situaci\u00f3n.<\/p>\n","protected":false},"excerpt":{"rendered":"<p>\ud83d\udd38 El vicario de Cristo se encuentra ingresado en el hospital Gemelli de Roma desde<\/p>\n","protected":false},"author":1,"featured_media":23961,"comment_status":"open","ping_status":"closed","sticky":false,"template":"","format":"standard","meta":{"footnotes":""},"categories":[9],"tags":[],"class_list":["post-23959","post","type-post","status-publish","format-standard","has-post-thumbnail","hentry","category-internacional"],"yoast_head":"<!-- This site is optimized with the Yoast SEO plugin v27.5 - https:\/\/yoast.com\/product\/yoast-seo-wordpress\/ -->\n<title>Papa Francisco contin\u00faa con fisioterapia motora y el tratamiento sin ventilaci\u00f3n mec\u00e1nica - Campeche Noticias<\/title>\n<meta name=\"robots\" content=\"index, follow, max-snippet:-1, max-image-preview:large, max-video-preview:-1\" \/>\n<link rel=\"canonical\" href=\"https:\/\/campeche-noticias.com\/?p=23959\" \/>\n<meta property=\"og:locale\" content=\"es_ES\" \/>\n<meta property=\"og:type\" content=\"article\" \/>\n<meta property=\"og:title\" content=\"Papa Francisco contin\u00faa con fisioterapia motora y el tratamiento sin ventilaci\u00f3n mec\u00e1nica - Campeche Noticias\" \/>\n<meta property=\"og:description\" content=\"\ud83d\udd38 El vicario de Cristo se encuentra ingresado en el hospital Gemelli de Roma desde\" \/>\n<meta property=\"og:url\" content=\"https:\/\/campeche-noticias.com\/?p=23959\" \/>\n<meta property=\"og:site_name\" content=\"Campeche Noticias\" \/>\n<meta property=\"article:published_time\" content=\"2025-03-06T13:53:45+00:00\" \/>\n<meta property=\"article:modified_time\" content=\"2025-03-06T13:53:46+00:00\" \/>\n<meta name=\"author\" content=\"admin\" \/>\n<meta name=\"twitter:card\" content=\"summary_large_image\" \/>\n<meta name=\"twitter:label1\" content=\"Escrito por\" \/>\n\t<meta name=\"twitter:data1\" content=\"admin\" \/>\n\t<meta name=\"twitter:label2\" content=\"Tiempo de lectura\" \/>\n\t<meta name=\"twitter:data2\" content=\"2 minutos\" \/>\n<script type=\"application\/ld+json\" class=\"yoast-schema-graph\">{\"@context\":\"https:\\\/\\\/schema.org\",\"@graph\":[{\"@type\":\"Article\",\"@id\":\"https:\\\/\\\/campeche-noticias.com\\\/?p=23959#article\",\"isPartOf\":{\"@id\":\"https:\\\/\\\/campeche-noticias.com\\\/?p=23959\"},\"author\":{\"name\":\"admin\",\"@id\":\"https:\\\/\\\/campeche-noticias.com\\\/#\\\/schema\\\/person\\\/7940c228049cff34b4cc679f887362f1\"},\"headline\":\"Papa Francisco contin\u00faa con fisioterapia motora y el tratamiento sin ventilaci\u00f3n mec\u00e1nica\",\"datePublished\":\"2025-03-06T13:53:45+00:00\",\"dateModified\":\"2025-03-06T13:53:46+00:00\",\"mainEntityOfPage\":{\"@id\":\"https:\\\/\\\/campeche-noticias.com\\\/?p=23959\"},\"wordCount\":465,\"commentCount\":392,\"image\":{\"@id\":\"https:\\\/\\\/campeche-noticias.com\\\/?p=23959#primaryimage\"},\"thumbnailUrl\":\"https:\\\/\\\/campeche-noticias.com\\\/wp-content\\\/uploads\\\/2025\\\/03\\\/WhatsApp-Image-2025-03-06-at-08.52.39.jpeg\",\"articleSection\":[\"Internacional\"],\"inLanguage\":\"es\",\"potentialAction\":[{\"@type\":\"CommentAction\",\"name\":\"Comment\",\"target\":[\"https:\\\/\\\/campeche-noticias.com\\\/?p=23959#respond\"]}]},{\"@type\":\"WebPage\",\"@id\":\"https:\\\/\\\/campeche-noticias.com\\\/?p=23959\",\"url\":\"https:\\\/\\\/campeche-noticias.com\\\/?p=23959\",\"name\":\"Papa Francisco contin\u00faa con fisioterapia motora y el tratamiento sin ventilaci\u00f3n mec\u00e1nica - Campeche Noticias\",\"isPartOf\":{\"@id\":\"https:\\\/\\\/campeche-noticias.com\\\/#website\"},\"primaryImageOfPage\":{\"@id\":\"https:\\\/\\\/campeche-noticias.com\\\/?p=23959#primaryimage\"},\"image\":{\"@id\":\"https:\\\/\\\/campeche-noticias.com\\\/?p=23959#primaryimage\"},\"thumbnailUrl\":\"https:\\\/\\\/campeche-noticias.com\\\/wp-content\\\/uploads\\\/2025\\\/03\\\/WhatsApp-Image-2025-03-06-at-08.52.39.jpeg\",\"datePublished\":\"2025-03-06T13:53:45+00:00\",\"dateModified\":\"2025-03-06T13:53:46+00:00\",\"author\":{\"@id\":\"https:\\\/\\\/campeche-noticias.com\\\/#\\\/schema\\\/person\\\/7940c228049cff34b4cc679f887362f1\"},\"breadcrumb\":{\"@id\":\"https:\\\/\\\/campeche-noticias.com\\\/?p=23959#breadcrumb\"},\"inLanguage\":\"es\",\"potentialAction\":[{\"@type\":\"ReadAction\",\"target\":[\"https:\\\/\\\/campeche-noticias.com\\\/?p=23959\"]}]},{\"@type\":\"ImageObject\",\"inLanguage\":\"es\",\"@id\":\"https:\\\/\\\/campeche-noticias.com\\\/?p=23959#primaryimage\",\"url\":\"https:\\\/\\\/campeche-noticias.com\\\/wp-content\\\/uploads\\\/2025\\\/03\\\/WhatsApp-Image-2025-03-06-at-08.52.39.jpeg\",\"contentUrl\":\"https:\\\/\\\/campeche-noticias.com\\\/wp-content\\\/uploads\\\/2025\\\/03\\\/WhatsApp-Image-2025-03-06-at-08.52.39.jpeg\",\"width\":1600,\"height\":1066},{\"@type\":\"BreadcrumbList\",\"@id\":\"https:\\\/\\\/campeche-noticias.com\\\/?p=23959#breadcrumb\",\"itemListElement\":[{\"@type\":\"ListItem\",\"position\":1,\"name\":\"Portada\",\"item\":\"https:\\\/\\\/campeche-noticias.com\\\/\"},{\"@type\":\"ListItem\",\"position\":2,\"name\":\"Papa Francisco contin\u00faa con fisioterapia motora y el tratamiento sin ventilaci\u00f3n mec\u00e1nica\"}]},{\"@type\":\"WebSite\",\"@id\":\"https:\\\/\\\/campeche-noticias.com\\\/#website\",\"url\":\"https:\\\/\\\/campeche-noticias.com\\\/\",\"name\":\"Campeche Noticias\",\"description\":\"Campeche Noticias\",\"potentialAction\":[{\"@type\":\"SearchAction\",\"target\":{\"@type\":\"EntryPoint\",\"urlTemplate\":\"https:\\\/\\\/campeche-noticias.com\\\/?s={search_term_string}\"},\"query-input\":{\"@type\":\"PropertyValueSpecification\",\"valueRequired\":true,\"valueName\":\"search_term_string\"}}],\"inLanguage\":\"es\"},{\"@type\":\"Person\",\"@id\":\"https:\\\/\\\/campeche-noticias.com\\\/#\\\/schema\\\/person\\\/7940c228049cff34b4cc679f887362f1\",\"name\":\"admin\",\"sameAs\":[\"https:\\\/\\\/campeche-noticias.com\"],\"url\":\"https:\\\/\\\/campeche-noticias.com\\\/?author=1\"}]}<\/script>\n<!-- \/ Yoast SEO plugin. -->","yoast_head_json":{"title":"Papa Francisco contin\u00faa con fisioterapia motora y el tratamiento sin ventilaci\u00f3n mec\u00e1nica - Campeche Noticias","robots":{"index":"index","follow":"follow","max-snippet":"max-snippet:-1","max-image-preview":"max-image-preview:large","max-video-preview":"max-video-preview:-1"},"canonical":"https:\/\/campeche-noticias.com\/?p=23959","og_locale":"es_ES","og_type":"article","og_title":"Papa Francisco contin\u00faa con fisioterapia motora y el tratamiento sin ventilaci\u00f3n mec\u00e1nica - Campeche Noticias","og_description":"\ud83d\udd38 El vicario de Cristo se encuentra ingresado en el hospital Gemelli de Roma desde","og_url":"https:\/\/campeche-noticias.com\/?p=23959","og_site_name":"Campeche Noticias","article_published_time":"2025-03-06T13:53:45+00:00","article_modified_time":"2025-03-06T13:53:46+00:00","author":"admin","twitter_card":"summary_large_image","twitter_misc":{"Escrito por":"admin","Tiempo de lectura":"2 minutos"},"schema":{"@context":"https:\/\/schema.org","@graph":[{"@type":"Article","@id":"https:\/\/campeche-noticias.com\/?p=23959#article","isPartOf":{"@id":"https:\/\/campeche-noticias.com\/?p=23959"},"author":{"name":"admin","@id":"https:\/\/campeche-noticias.com\/#\/schema\/person\/7940c228049cff34b4cc679f887362f1"},"headline":"Papa Francisco contin\u00faa con fisioterapia motora y el tratamiento sin ventilaci\u00f3n mec\u00e1nica","datePublished":"2025-03-06T13:53:45+00:00","dateModified":"2025-03-06T13:53:46+00:00","mainEntityOfPage":{"@id":"https:\/\/campeche-noticias.com\/?p=23959"},"wordCount":465,"commentCount":392,"image":{"@id":"https:\/\/campeche-noticias.com\/?p=23959#primaryimage"},"thumbnailUrl":"https:\/\/campeche-noticias.com\/wp-content\/uploads\/2025\/03\/WhatsApp-Image-2025-03-06-at-08.52.39.jpeg","articleSection":["Internacional"],"inLanguage":"es","potentialAction":[{"@type":"CommentAction","name":"Comment","target":["https:\/\/campeche-noticias.com\/?p=23959#respond"]}]},{"@type":"WebPage","@id":"https:\/\/campeche-noticias.com\/?p=23959","url":"https:\/\/campeche-noticias.com\/?p=23959","name":"Papa Francisco contin\u00faa con fisioterapia motora y el tratamiento sin ventilaci\u00f3n mec\u00e1nica - Campeche Noticias","isPartOf":{"@id":"https:\/\/campeche-noticias.com\/#website"},"primaryImageOfPage":{"@id":"https:\/\/campeche-noticias.com\/?p=23959#primaryimage"},"image":{"@id":"https:\/\/campeche-noticias.com\/?p=23959#primaryimage"},"thumbnailUrl":"https:\/\/campeche-noticias.com\/wp-content\/uploads\/2025\/03\/WhatsApp-Image-2025-03-06-at-08.52.39.jpeg","datePublished":"2025-03-06T13:53:45+00:00","dateModified":"2025-03-06T13:53:46+00:00","author":{"@id":"https:\/\/campeche-noticias.com\/#\/schema\/person\/7940c228049cff34b4cc679f887362f1"},"breadcrumb":{"@id":"https:\/\/campeche-noticias.com\/?p=23959#breadcrumb"},"inLanguage":"es","potentialAction":[{"@type":"ReadAction","target":["https:\/\/campeche-noticias.com\/?p=23959"]}]},{"@type":"ImageObject","inLanguage":"es","@id":"https:\/\/campeche-noticias.com\/?p=23959#primaryimage","url":"https:\/\/campeche-noticias.com\/wp-content\/uploads\/2025\/03\/WhatsApp-Image-2025-03-06-at-08.52.39.jpeg","contentUrl":"https:\/\/campeche-noticias.com\/wp-content\/uploads\/2025\/03\/WhatsApp-Image-2025-03-06-at-08.52.39.jpeg","width":1600,"height":1066},{"@type":"BreadcrumbList","@id":"https:\/\/campeche-noticias.com\/?p=23959#breadcrumb","itemListElement":[{"@type":"ListItem","position":1,"name":"Portada","item":"https:\/\/campeche-noticias.com\/"},{"@type":"ListItem","position":2,"name":"Papa Francisco contin\u00faa con fisioterapia motora y el tratamiento sin ventilaci\u00f3n mec\u00e1nica"}]},{"@type":"WebSite","@id":"https:\/\/campeche-noticias.com\/#website","url":"https:\/\/campeche-noticias.com\/","name":"Campeche Noticias","description":"Campeche Noticias","potentialAction":[{"@type":"SearchAction","target":{"@type":"EntryPoint","urlTemplate":"https:\/\/campeche-noticias.com\/?s={search_term_string}"},"query-input":{"@type":"PropertyValueSpecification","valueRequired":true,"valueName":"search_term_string"}}],"inLanguage":"es"},{"@type":"Person","@id":"https:\/\/campeche-noticias.com\/#\/schema\/person\/7940c228049cff34b4cc679f887362f1","name":"admin","sameAs":["https:\/\/campeche-noticias.com"],"url":"https:\/\/campeche-noticias.com\/?author=1"}]}},"_links":{"self":[{"href":"https:\/\/campeche-noticias.com\/index.php?rest_route=\/wp\/v2\/posts\/23959","targetHints":{"allow":["GET"]}}],"collection":[{"href":"https:\/\/campeche-noticias.com\/index.php?rest_route=\/wp\/v2\/posts"}],"about":[{"href":"https:\/\/campeche-noticias.com\/index.php?rest_route=\/wp\/v2\/types\/post"}],"author":[{"embeddable":true,"href":"https:\/\/campeche-noticias.com\/index.php?rest_route=\/wp\/v2\/users\/1"}],"replies":[{"embeddable":true,"href":"https:\/\/campeche-noticias.com\/index.php?rest_route=%2Fwp%2Fv2%2Fcomments&post=23959"}],"version-history":[{"count":1,"href":"https:\/\/campeche-noticias.com\/index.php?rest_route=\/wp\/v2\/posts\/23959\/revisions"}],"predecessor-version":[{"id":23960,"href":"https:\/\/campeche-noticias.com\/index.php?rest_route=\/wp\/v2\/posts\/23959\/revisions\/23960"}],"wp:featuredmedia":[{"embeddable":true,"href":"https:\/\/campeche-noticias.com\/index.php?rest_route=\/wp\/v2\/media\/23961"}],"wp:attachment":[{"href":"https:\/\/campeche-noticias.com\/index.php?rest_route=%2Fwp%2Fv2%2Fmedia&parent=23959"}],"wp:term":[{"taxonomy":"category","embeddable":true,"href":"https:\/\/campeche-noticias.com\/index.php?rest_route=%2Fwp%2Fv2%2Fcategories&post=23959"},{"taxonomy":"post_tag","embeddable":true,"href":"https:\/\/campeche-noticias.com\/index.php?rest_route=%2Fwp%2Fv2%2Ftags&post=23959"}],"curies":[{"name":"wp","href":"https:\/\/api.w.org\/{rel}","templated":true}]}}