{"id":23656,"date":"2025-02-20T11:09:07","date_gmt":"2025-02-20T16:09:07","guid":{"rendered":"https:\/\/campeche-noticias.com\/?p=23656"},"modified":"2025-02-20T16:09:08","modified_gmt":"2025-02-20T16:09:08","slug":"alejandro-armenta-resalta-el-compromiso-de-puebla-con-el-proyecto-nacional-de-tecnologia","status":"publish","type":"post","link":"https:\/\/campeche-noticias.com\/?p=23656","title":{"rendered":"Alejandro Armenta resalta el compromiso de Puebla con el Proyecto Nacional de Tecnolog\u00eda"},"content":{"rendered":"<p>\ud83d\udd38 El mandatario estatal refuerza el trabajo conjunto con autoridades federales para impulsar la educaci\u00f3n, investigaci\u00f3n y ciencia en la entidad.<\/p>\n<p>#PUEBLA | El gobernador de Puebla, Alejandro Armenta, destac\u00f3 el papel clave del estado como aliado del Proyecto Nacional de Tecnolog\u00eda liderado por la presidenta Claudia Sheinbaum Pardo.<\/p>\n<p>Junto a la secretaria de Ciencia, Humanidades, Tecnolog\u00eda e Innovaci\u00f3n de Puebla, Celina Pe\u00f1a Guzm\u00e1n, Armenta se reuni\u00f3 con la titular de la Secretar\u00eda de Ciencia, Rosaura Ruiz, con el objetivo de continuar impulsando la educaci\u00f3n, investigaci\u00f3n y la promoci\u00f3n de la ciencia y la tecnolog\u00eda en M\u00e9xico.<\/p>\n<p>Durante la reuni\u00f3n, Armenta subray\u00f3 la importancia de fortalecer el desarrollo tecnol\u00f3gico en el pa\u00eds, asegurando que Puebla juega un papel fundamental en este esfuerzo conjunto entre las autoridades locales y federales.<\/p>\n<p>El gobernador reafirm\u00f3 su compromiso con el avance de la educaci\u00f3n y la innovaci\u00f3n, pilares esenciales para el progreso social y econ\u00f3mico del estado y la naci\u00f3n.<\/p>\n<p>Este trabajo colaborativo tiene como prop\u00f3sito generar un impacto positivo en el acceso a la ciencia y tecnolog\u00eda, brindando nuevas oportunidades para el desarrollo del pa\u00eds.<\/p>\n","protected":false},"excerpt":{"rendered":"<p>\ud83d\udd38 El mandatario estatal refuerza el trabajo conjunto con autoridades federales para impulsar la educaci\u00f3n,<\/p>\n","protected":false},"author":1,"featured_media":23658,"comment_status":"open","ping_status":"closed","sticky":false,"template":"","format":"standard","meta":{"footnotes":""},"categories":[36],"tags":[],"class_list":["post-23656","post","type-post","status-publish","format-standard","has-post-thumbnail","hentry","category-puebla"],"yoast_head":"<!-- This site is optimized with the Yoast SEO plugin v27.5 - https:\/\/yoast.com\/product\/yoast-seo-wordpress\/ -->\n<title>Alejandro Armenta resalta el compromiso de Puebla con el Proyecto Nacional de Tecnolog\u00eda - Campeche Noticias<\/title>\n<meta name=\"robots\" content=\"index, follow, max-snippet:-1, max-image-preview:large, max-video-preview:-1\" \/>\n<link rel=\"canonical\" href=\"https:\/\/campeche-noticias.com\/?p=23656\" \/>\n<meta property=\"og:locale\" content=\"es_ES\" \/>\n<meta property=\"og:type\" content=\"article\" \/>\n<meta property=\"og:title\" content=\"Alejandro Armenta resalta el compromiso de Puebla con el Proyecto Nacional de Tecnolog\u00eda - Campeche Noticias\" \/>\n<meta property=\"og:description\" content=\"\ud83d\udd38 El mandatario estatal refuerza el trabajo conjunto con autoridades federales para impulsar la educaci\u00f3n,\" \/>\n<meta property=\"og:url\" content=\"https:\/\/campeche-noticias.com\/?p=23656\" \/>\n<meta property=\"og:site_name\" content=\"Campeche Noticias\" \/>\n<meta property=\"article:published_time\" content=\"2025-02-20T16:09:07+00:00\" \/>\n<meta property=\"article:modified_time\" content=\"2025-02-20T16:09:08+00:00\" \/>\n<meta name=\"author\" content=\"admin\" \/>\n<meta name=\"twitter:card\" content=\"summary_large_image\" \/>\n<meta name=\"twitter:label1\" content=\"Escrito por\" \/>\n\t<meta name=\"twitter:data1\" content=\"admin\" \/>\n\t<meta name=\"twitter:label2\" content=\"Tiempo de lectura\" \/>\n\t<meta name=\"twitter:data2\" content=\"1 minuto\" \/>\n<script type=\"application\/ld+json\" class=\"yoast-schema-graph\">{\"@context\":\"https:\\\/\\\/schema.org\",\"@graph\":[{\"@type\":\"Article\",\"@id\":\"https:\\\/\\\/campeche-noticias.com\\\/?p=23656#article\",\"isPartOf\":{\"@id\":\"https:\\\/\\\/campeche-noticias.com\\\/?p=23656\"},\"author\":{\"name\":\"admin\",\"@id\":\"https:\\\/\\\/campeche-noticias.com\\\/#\\\/schema\\\/person\\\/7940c228049cff34b4cc679f887362f1\"},\"headline\":\"Alejandro Armenta resalta el compromiso de Puebla con el Proyecto Nacional de Tecnolog\u00eda\",\"datePublished\":\"2025-02-20T16:09:07+00:00\",\"dateModified\":\"2025-02-20T16:09:08+00:00\",\"mainEntityOfPage\":{\"@id\":\"https:\\\/\\\/campeche-noticias.com\\\/?p=23656\"},\"wordCount\":217,\"commentCount\":0,\"image\":{\"@id\":\"https:\\\/\\\/campeche-noticias.com\\\/?p=23656#primaryimage\"},\"thumbnailUrl\":\"https:\\\/\\\/campeche-noticias.com\\\/wp-content\\\/uploads\\\/2025\\\/02\\\/WhatsApp-Image-2025-02-20-at-10.25.26.jpeg\",\"articleSection\":[\"PUEBLA\"],\"inLanguage\":\"es\",\"potentialAction\":[{\"@type\":\"CommentAction\",\"name\":\"Comment\",\"target\":[\"https:\\\/\\\/campeche-noticias.com\\\/?p=23656#respond\"]}]},{\"@type\":\"WebPage\",\"@id\":\"https:\\\/\\\/campeche-noticias.com\\\/?p=23656\",\"url\":\"https:\\\/\\\/campeche-noticias.com\\\/?p=23656\",\"name\":\"Alejandro Armenta resalta el compromiso de Puebla con el Proyecto Nacional de Tecnolog\u00eda - Campeche Noticias\",\"isPartOf\":{\"@id\":\"https:\\\/\\\/campeche-noticias.com\\\/#website\"},\"primaryImageOfPage\":{\"@id\":\"https:\\\/\\\/campeche-noticias.com\\\/?p=23656#primaryimage\"},\"image\":{\"@id\":\"https:\\\/\\\/campeche-noticias.com\\\/?p=23656#primaryimage\"},\"thumbnailUrl\":\"https:\\\/\\\/campeche-noticias.com\\\/wp-content\\\/uploads\\\/2025\\\/02\\\/WhatsApp-Image-2025-02-20-at-10.25.26.jpeg\",\"datePublished\":\"2025-02-20T16:09:07+00:00\",\"dateModified\":\"2025-02-20T16:09:08+00:00\",\"author\":{\"@id\":\"https:\\\/\\\/campeche-noticias.com\\\/#\\\/schema\\\/person\\\/7940c228049cff34b4cc679f887362f1\"},\"breadcrumb\":{\"@id\":\"https:\\\/\\\/campeche-noticias.com\\\/?p=23656#breadcrumb\"},\"inLanguage\":\"es\",\"potentialAction\":[{\"@type\":\"ReadAction\",\"target\":[\"https:\\\/\\\/campeche-noticias.com\\\/?p=23656\"]}]},{\"@type\":\"ImageObject\",\"inLanguage\":\"es\",\"@id\":\"https:\\\/\\\/campeche-noticias.com\\\/?p=23656#primaryimage\",\"url\":\"https:\\\/\\\/campeche-noticias.com\\\/wp-content\\\/uploads\\\/2025\\\/02\\\/WhatsApp-Image-2025-02-20-at-10.25.26.jpeg\",\"contentUrl\":\"https:\\\/\\\/campeche-noticias.com\\\/wp-content\\\/uploads\\\/2025\\\/02\\\/WhatsApp-Image-2025-02-20-at-10.25.26.jpeg\",\"width\":1600,\"height\":1200},{\"@type\":\"BreadcrumbList\",\"@id\":\"https:\\\/\\\/campeche-noticias.com\\\/?p=23656#breadcrumb\",\"itemListElement\":[{\"@type\":\"ListItem\",\"position\":1,\"name\":\"Portada\",\"item\":\"https:\\\/\\\/campeche-noticias.com\\\/\"},{\"@type\":\"ListItem\",\"position\":2,\"name\":\"Alejandro Armenta resalta el compromiso de Puebla con el Proyecto Nacional de Tecnolog\u00eda\"}]},{\"@type\":\"WebSite\",\"@id\":\"https:\\\/\\\/campeche-noticias.com\\\/#website\",\"url\":\"https:\\\/\\\/campeche-noticias.com\\\/\",\"name\":\"Campeche Noticias\",\"description\":\"Campeche Noticias\",\"potentialAction\":[{\"@type\":\"SearchAction\",\"target\":{\"@type\":\"EntryPoint\",\"urlTemplate\":\"https:\\\/\\\/campeche-noticias.com\\\/?s={search_term_string}\"},\"query-input\":{\"@type\":\"PropertyValueSpecification\",\"valueRequired\":true,\"valueName\":\"search_term_string\"}}],\"inLanguage\":\"es\"},{\"@type\":\"Person\",\"@id\":\"https:\\\/\\\/campeche-noticias.com\\\/#\\\/schema\\\/person\\\/7940c228049cff34b4cc679f887362f1\",\"name\":\"admin\",\"sameAs\":[\"https:\\\/\\\/campeche-noticias.com\"],\"url\":\"https:\\\/\\\/campeche-noticias.com\\\/?author=1\"}]}<\/script>\n<!-- \/ Yoast SEO plugin. -->","yoast_head_json":{"title":"Alejandro Armenta resalta el compromiso de Puebla con el Proyecto Nacional de Tecnolog\u00eda - Campeche Noticias","robots":{"index":"index","follow":"follow","max-snippet":"max-snippet:-1","max-image-preview":"max-image-preview:large","max-video-preview":"max-video-preview:-1"},"canonical":"https:\/\/campeche-noticias.com\/?p=23656","og_locale":"es_ES","og_type":"article","og_title":"Alejandro Armenta resalta el compromiso de Puebla con el Proyecto Nacional de Tecnolog\u00eda - Campeche Noticias","og_description":"\ud83d\udd38 El mandatario estatal refuerza el trabajo conjunto con autoridades federales para impulsar la educaci\u00f3n,","og_url":"https:\/\/campeche-noticias.com\/?p=23656","og_site_name":"Campeche Noticias","article_published_time":"2025-02-20T16:09:07+00:00","article_modified_time":"2025-02-20T16:09:08+00:00","author":"admin","twitter_card":"summary_large_image","twitter_misc":{"Escrito por":"admin","Tiempo de lectura":"1 minuto"},"schema":{"@context":"https:\/\/schema.org","@graph":[{"@type":"Article","@id":"https:\/\/campeche-noticias.com\/?p=23656#article","isPartOf":{"@id":"https:\/\/campeche-noticias.com\/?p=23656"},"author":{"name":"admin","@id":"https:\/\/campeche-noticias.com\/#\/schema\/person\/7940c228049cff34b4cc679f887362f1"},"headline":"Alejandro Armenta resalta el compromiso de Puebla con el Proyecto Nacional de Tecnolog\u00eda","datePublished":"2025-02-20T16:09:07+00:00","dateModified":"2025-02-20T16:09:08+00:00","mainEntityOfPage":{"@id":"https:\/\/campeche-noticias.com\/?p=23656"},"wordCount":217,"commentCount":0,"image":{"@id":"https:\/\/campeche-noticias.com\/?p=23656#primaryimage"},"thumbnailUrl":"https:\/\/campeche-noticias.com\/wp-content\/uploads\/2025\/02\/WhatsApp-Image-2025-02-20-at-10.25.26.jpeg","articleSection":["PUEBLA"],"inLanguage":"es","potentialAction":[{"@type":"CommentAction","name":"Comment","target":["https:\/\/campeche-noticias.com\/?p=23656#respond"]}]},{"@type":"WebPage","@id":"https:\/\/campeche-noticias.com\/?p=23656","url":"https:\/\/campeche-noticias.com\/?p=23656","name":"Alejandro Armenta resalta el compromiso de Puebla con el Proyecto Nacional de Tecnolog\u00eda - Campeche Noticias","isPartOf":{"@id":"https:\/\/campeche-noticias.com\/#website"},"primaryImageOfPage":{"@id":"https:\/\/campeche-noticias.com\/?p=23656#primaryimage"},"image":{"@id":"https:\/\/campeche-noticias.com\/?p=23656#primaryimage"},"thumbnailUrl":"https:\/\/campeche-noticias.com\/wp-content\/uploads\/2025\/02\/WhatsApp-Image-2025-02-20-at-10.25.26.jpeg","datePublished":"2025-02-20T16:09:07+00:00","dateModified":"2025-02-20T16:09:08+00:00","author":{"@id":"https:\/\/campeche-noticias.com\/#\/schema\/person\/7940c228049cff34b4cc679f887362f1"},"breadcrumb":{"@id":"https:\/\/campeche-noticias.com\/?p=23656#breadcrumb"},"inLanguage":"es","potentialAction":[{"@type":"ReadAction","target":["https:\/\/campeche-noticias.com\/?p=23656"]}]},{"@type":"ImageObject","inLanguage":"es","@id":"https:\/\/campeche-noticias.com\/?p=23656#primaryimage","url":"https:\/\/campeche-noticias.com\/wp-content\/uploads\/2025\/02\/WhatsApp-Image-2025-02-20-at-10.25.26.jpeg","contentUrl":"https:\/\/campeche-noticias.com\/wp-content\/uploads\/2025\/02\/WhatsApp-Image-2025-02-20-at-10.25.26.jpeg","width":1600,"height":1200},{"@type":"BreadcrumbList","@id":"https:\/\/campeche-noticias.com\/?p=23656#breadcrumb","itemListElement":[{"@type":"ListItem","position":1,"name":"Portada","item":"https:\/\/campeche-noticias.com\/"},{"@type":"ListItem","position":2,"name":"Alejandro Armenta resalta el compromiso de Puebla con el Proyecto Nacional de Tecnolog\u00eda"}]},{"@type":"WebSite","@id":"https:\/\/campeche-noticias.com\/#website","url":"https:\/\/campeche-noticias.com\/","name":"Campeche Noticias","description":"Campeche Noticias","potentialAction":[{"@type":"SearchAction","target":{"@type":"EntryPoint","urlTemplate":"https:\/\/campeche-noticias.com\/?s={search_term_string}"},"query-input":{"@type":"PropertyValueSpecification","valueRequired":true,"valueName":"search_term_string"}}],"inLanguage":"es"},{"@type":"Person","@id":"https:\/\/campeche-noticias.com\/#\/schema\/person\/7940c228049cff34b4cc679f887362f1","name":"admin","sameAs":["https:\/\/campeche-noticias.com"],"url":"https:\/\/campeche-noticias.com\/?author=1"}]}},"_links":{"self":[{"href":"https:\/\/campeche-noticias.com\/index.php?rest_route=\/wp\/v2\/posts\/23656","targetHints":{"allow":["GET"]}}],"collection":[{"href":"https:\/\/campeche-noticias.com\/index.php?rest_route=\/wp\/v2\/posts"}],"about":[{"href":"https:\/\/campeche-noticias.com\/index.php?rest_route=\/wp\/v2\/types\/post"}],"author":[{"embeddable":true,"href":"https:\/\/campeche-noticias.com\/index.php?rest_route=\/wp\/v2\/users\/1"}],"replies":[{"embeddable":true,"href":"https:\/\/campeche-noticias.com\/index.php?rest_route=%2Fwp%2Fv2%2Fcomments&post=23656"}],"version-history":[{"count":1,"href":"https:\/\/campeche-noticias.com\/index.php?rest_route=\/wp\/v2\/posts\/23656\/revisions"}],"predecessor-version":[{"id":23657,"href":"https:\/\/campeche-noticias.com\/index.php?rest_route=\/wp\/v2\/posts\/23656\/revisions\/23657"}],"wp:featuredmedia":[{"embeddable":true,"href":"https:\/\/campeche-noticias.com\/index.php?rest_route=\/wp\/v2\/media\/23658"}],"wp:attachment":[{"href":"https:\/\/campeche-noticias.com\/index.php?rest_route=%2Fwp%2Fv2%2Fmedia&parent=23656"}],"wp:term":[{"taxonomy":"category","embeddable":true,"href":"https:\/\/campeche-noticias.com\/index.php?rest_route=%2Fwp%2Fv2%2Fcategories&post=23656"},{"taxonomy":"post_tag","embeddable":true,"href":"https:\/\/campeche-noticias.com\/index.php?rest_route=%2Fwp%2Fv2%2Ftags&post=23656"}],"curies":[{"name":"wp","href":"https:\/\/api.w.org\/{rel}","templated":true}]}}