{"id":23548,"date":"2025-02-14T10:28:24","date_gmt":"2025-02-14T15:28:24","guid":{"rendered":"https:\/\/campeche-noticias.com\/?p=23548"},"modified":"2025-02-14T15:28:25","modified_gmt":"2025-02-14T15:28:25","slug":"ruben-rocha-refuerza-el-sector-salud-en-sinaloa-con-mas-inversion-y-personal-medico","status":"publish","type":"post","link":"https:\/\/campeche-noticias.com\/?p=23548","title":{"rendered":"Rub\u00e9n Rocha refuerza el sector salud en Sinaloa con m\u00e1s inversi\u00f3n y personal m\u00e9dico"},"content":{"rendered":"<p>\ud83d\udd38 El gobernador destaca el compromiso de su gobierno para asegurar atenci\u00f3n m\u00e9dica de calidad para toda la poblaci\u00f3n.<\/p>\n<p>#SINALOA | El gobernador de Sinaloa, Rub\u00e9n Rocha Moya, reafirm\u00f3 su compromiso con la salud de los sinaloenses, al asegurar que su administraci\u00f3n contin\u00faa fortaleciendo el sector salud en la entidad con una mayor inversi\u00f3n, equipamiento y contrataci\u00f3n de personal m\u00e9dico. En un mensaje dirigido a la ciudadan\u00eda, Rocha destac\u00f3 que la salud es una de las principales prioridades de su gobierno.<\/p>\n<p>\u201cSeguimos trabajando para garantizar que todas y todos los sinaloenses tengan acceso a la atenci\u00f3n m\u00e9dica que necesitan\u201d, expres\u00f3 el gobernador, quien subray\u00f3 la importancia de contar con recursos adecuados para ofrecer un servicio de salud eficiente y de calidad. Seg\u00fan Rocha, el esfuerzo se refleja en el aumento de los recursos destinados al sector y en la mejora de las infraestructuras hospitalarias.<\/p>\n<p>El mandatario enfatiz\u00f3 que la inversi\u00f3n en el \u00e1rea de salud es clave para mejorar el bienestar de la poblaci\u00f3n y garantizar que todos los habitantes de Sinaloa reciban la atenci\u00f3n m\u00e9dica necesaria, sin importar su ubicaci\u00f3n o condici\u00f3n.<\/p>\n","protected":false},"excerpt":{"rendered":"<p>\ud83d\udd38 El gobernador destaca el compromiso de su gobierno para asegurar atenci\u00f3n m\u00e9dica de calidad<\/p>\n","protected":false},"author":1,"featured_media":23550,"comment_status":"open","ping_status":"closed","sticky":false,"template":"","format":"standard","meta":{"footnotes":""},"categories":[34],"tags":[],"class_list":["post-23548","post","type-post","status-publish","format-standard","has-post-thumbnail","hentry","category-sinaloa"],"yoast_head":"<!-- This site is optimized with the Yoast SEO plugin v27.5 - https:\/\/yoast.com\/product\/yoast-seo-wordpress\/ -->\n<title>Rub\u00e9n Rocha refuerza el sector salud en Sinaloa con m\u00e1s inversi\u00f3n y personal m\u00e9dico - Campeche Noticias<\/title>\n<meta name=\"robots\" content=\"index, follow, max-snippet:-1, max-image-preview:large, max-video-preview:-1\" \/>\n<link rel=\"canonical\" href=\"https:\/\/campeche-noticias.com\/?p=23548\" \/>\n<meta property=\"og:locale\" content=\"es_ES\" \/>\n<meta property=\"og:type\" content=\"article\" \/>\n<meta property=\"og:title\" content=\"Rub\u00e9n Rocha refuerza el sector salud en Sinaloa con m\u00e1s inversi\u00f3n y personal m\u00e9dico - Campeche Noticias\" \/>\n<meta property=\"og:description\" content=\"\ud83d\udd38 El gobernador destaca el compromiso de su gobierno para asegurar atenci\u00f3n m\u00e9dica de calidad\" \/>\n<meta property=\"og:url\" content=\"https:\/\/campeche-noticias.com\/?p=23548\" \/>\n<meta property=\"og:site_name\" content=\"Campeche Noticias\" \/>\n<meta property=\"article:published_time\" content=\"2025-02-14T15:28:24+00:00\" \/>\n<meta property=\"article:modified_time\" content=\"2025-02-14T15:28:25+00:00\" \/>\n<meta name=\"author\" content=\"admin\" \/>\n<meta name=\"twitter:card\" content=\"summary_large_image\" \/>\n<meta name=\"twitter:label1\" content=\"Escrito por\" \/>\n\t<meta name=\"twitter:data1\" content=\"admin\" \/>\n\t<meta name=\"twitter:label2\" content=\"Tiempo de lectura\" \/>\n\t<meta name=\"twitter:data2\" content=\"1 minuto\" \/>\n<script type=\"application\/ld+json\" class=\"yoast-schema-graph\">{\"@context\":\"https:\\\/\\\/schema.org\",\"@graph\":[{\"@type\":\"Article\",\"@id\":\"https:\\\/\\\/campeche-noticias.com\\\/?p=23548#article\",\"isPartOf\":{\"@id\":\"https:\\\/\\\/campeche-noticias.com\\\/?p=23548\"},\"author\":{\"name\":\"admin\",\"@id\":\"https:\\\/\\\/campeche-noticias.com\\\/#\\\/schema\\\/person\\\/7940c228049cff34b4cc679f887362f1\"},\"headline\":\"Rub\u00e9n Rocha refuerza el sector salud en Sinaloa con m\u00e1s inversi\u00f3n y personal m\u00e9dico\",\"datePublished\":\"2025-02-14T15:28:24+00:00\",\"dateModified\":\"2025-02-14T15:28:25+00:00\",\"mainEntityOfPage\":{\"@id\":\"https:\\\/\\\/campeche-noticias.com\\\/?p=23548\"},\"wordCount\":218,\"commentCount\":0,\"image\":{\"@id\":\"https:\\\/\\\/campeche-noticias.com\\\/?p=23548#primaryimage\"},\"thumbnailUrl\":\"https:\\\/\\\/campeche-noticias.com\\\/wp-content\\\/uploads\\\/2025\\\/02\\\/WhatsApp-Image-2025-02-14-at-09.21.07.jpeg\",\"articleSection\":[\"SINALOA\"],\"inLanguage\":\"es\",\"potentialAction\":[{\"@type\":\"CommentAction\",\"name\":\"Comment\",\"target\":[\"https:\\\/\\\/campeche-noticias.com\\\/?p=23548#respond\"]}]},{\"@type\":\"WebPage\",\"@id\":\"https:\\\/\\\/campeche-noticias.com\\\/?p=23548\",\"url\":\"https:\\\/\\\/campeche-noticias.com\\\/?p=23548\",\"name\":\"Rub\u00e9n Rocha refuerza el sector salud en Sinaloa con m\u00e1s inversi\u00f3n y personal m\u00e9dico - Campeche Noticias\",\"isPartOf\":{\"@id\":\"https:\\\/\\\/campeche-noticias.com\\\/#website\"},\"primaryImageOfPage\":{\"@id\":\"https:\\\/\\\/campeche-noticias.com\\\/?p=23548#primaryimage\"},\"image\":{\"@id\":\"https:\\\/\\\/campeche-noticias.com\\\/?p=23548#primaryimage\"},\"thumbnailUrl\":\"https:\\\/\\\/campeche-noticias.com\\\/wp-content\\\/uploads\\\/2025\\\/02\\\/WhatsApp-Image-2025-02-14-at-09.21.07.jpeg\",\"datePublished\":\"2025-02-14T15:28:24+00:00\",\"dateModified\":\"2025-02-14T15:28:25+00:00\",\"author\":{\"@id\":\"https:\\\/\\\/campeche-noticias.com\\\/#\\\/schema\\\/person\\\/7940c228049cff34b4cc679f887362f1\"},\"breadcrumb\":{\"@id\":\"https:\\\/\\\/campeche-noticias.com\\\/?p=23548#breadcrumb\"},\"inLanguage\":\"es\",\"potentialAction\":[{\"@type\":\"ReadAction\",\"target\":[\"https:\\\/\\\/campeche-noticias.com\\\/?p=23548\"]}]},{\"@type\":\"ImageObject\",\"inLanguage\":\"es\",\"@id\":\"https:\\\/\\\/campeche-noticias.com\\\/?p=23548#primaryimage\",\"url\":\"https:\\\/\\\/campeche-noticias.com\\\/wp-content\\\/uploads\\\/2025\\\/02\\\/WhatsApp-Image-2025-02-14-at-09.21.07.jpeg\",\"contentUrl\":\"https:\\\/\\\/campeche-noticias.com\\\/wp-content\\\/uploads\\\/2025\\\/02\\\/WhatsApp-Image-2025-02-14-at-09.21.07.jpeg\",\"width\":1600,\"height\":1068},{\"@type\":\"BreadcrumbList\",\"@id\":\"https:\\\/\\\/campeche-noticias.com\\\/?p=23548#breadcrumb\",\"itemListElement\":[{\"@type\":\"ListItem\",\"position\":1,\"name\":\"Portada\",\"item\":\"https:\\\/\\\/campeche-noticias.com\\\/\"},{\"@type\":\"ListItem\",\"position\":2,\"name\":\"Rub\u00e9n Rocha refuerza el sector salud en Sinaloa con m\u00e1s inversi\u00f3n y personal m\u00e9dico\"}]},{\"@type\":\"WebSite\",\"@id\":\"https:\\\/\\\/campeche-noticias.com\\\/#website\",\"url\":\"https:\\\/\\\/campeche-noticias.com\\\/\",\"name\":\"Campeche Noticias\",\"description\":\"Campeche Noticias\",\"potentialAction\":[{\"@type\":\"SearchAction\",\"target\":{\"@type\":\"EntryPoint\",\"urlTemplate\":\"https:\\\/\\\/campeche-noticias.com\\\/?s={search_term_string}\"},\"query-input\":{\"@type\":\"PropertyValueSpecification\",\"valueRequired\":true,\"valueName\":\"search_term_string\"}}],\"inLanguage\":\"es\"},{\"@type\":\"Person\",\"@id\":\"https:\\\/\\\/campeche-noticias.com\\\/#\\\/schema\\\/person\\\/7940c228049cff34b4cc679f887362f1\",\"name\":\"admin\",\"sameAs\":[\"https:\\\/\\\/campeche-noticias.com\"],\"url\":\"https:\\\/\\\/campeche-noticias.com\\\/?author=1\"}]}<\/script>\n<!-- \/ Yoast SEO plugin. -->","yoast_head_json":{"title":"Rub\u00e9n Rocha refuerza el sector salud en Sinaloa con m\u00e1s inversi\u00f3n y personal m\u00e9dico - Campeche Noticias","robots":{"index":"index","follow":"follow","max-snippet":"max-snippet:-1","max-image-preview":"max-image-preview:large","max-video-preview":"max-video-preview:-1"},"canonical":"https:\/\/campeche-noticias.com\/?p=23548","og_locale":"es_ES","og_type":"article","og_title":"Rub\u00e9n Rocha refuerza el sector salud en Sinaloa con m\u00e1s inversi\u00f3n y personal m\u00e9dico - Campeche Noticias","og_description":"\ud83d\udd38 El gobernador destaca el compromiso de su gobierno para asegurar atenci\u00f3n m\u00e9dica de calidad","og_url":"https:\/\/campeche-noticias.com\/?p=23548","og_site_name":"Campeche Noticias","article_published_time":"2025-02-14T15:28:24+00:00","article_modified_time":"2025-02-14T15:28:25+00:00","author":"admin","twitter_card":"summary_large_image","twitter_misc":{"Escrito por":"admin","Tiempo de lectura":"1 minuto"},"schema":{"@context":"https:\/\/schema.org","@graph":[{"@type":"Article","@id":"https:\/\/campeche-noticias.com\/?p=23548#article","isPartOf":{"@id":"https:\/\/campeche-noticias.com\/?p=23548"},"author":{"name":"admin","@id":"https:\/\/campeche-noticias.com\/#\/schema\/person\/7940c228049cff34b4cc679f887362f1"},"headline":"Rub\u00e9n Rocha refuerza el sector salud en Sinaloa con m\u00e1s inversi\u00f3n y personal m\u00e9dico","datePublished":"2025-02-14T15:28:24+00:00","dateModified":"2025-02-14T15:28:25+00:00","mainEntityOfPage":{"@id":"https:\/\/campeche-noticias.com\/?p=23548"},"wordCount":218,"commentCount":0,"image":{"@id":"https:\/\/campeche-noticias.com\/?p=23548#primaryimage"},"thumbnailUrl":"https:\/\/campeche-noticias.com\/wp-content\/uploads\/2025\/02\/WhatsApp-Image-2025-02-14-at-09.21.07.jpeg","articleSection":["SINALOA"],"inLanguage":"es","potentialAction":[{"@type":"CommentAction","name":"Comment","target":["https:\/\/campeche-noticias.com\/?p=23548#respond"]}]},{"@type":"WebPage","@id":"https:\/\/campeche-noticias.com\/?p=23548","url":"https:\/\/campeche-noticias.com\/?p=23548","name":"Rub\u00e9n Rocha refuerza el sector salud en Sinaloa con m\u00e1s inversi\u00f3n y personal m\u00e9dico - Campeche Noticias","isPartOf":{"@id":"https:\/\/campeche-noticias.com\/#website"},"primaryImageOfPage":{"@id":"https:\/\/campeche-noticias.com\/?p=23548#primaryimage"},"image":{"@id":"https:\/\/campeche-noticias.com\/?p=23548#primaryimage"},"thumbnailUrl":"https:\/\/campeche-noticias.com\/wp-content\/uploads\/2025\/02\/WhatsApp-Image-2025-02-14-at-09.21.07.jpeg","datePublished":"2025-02-14T15:28:24+00:00","dateModified":"2025-02-14T15:28:25+00:00","author":{"@id":"https:\/\/campeche-noticias.com\/#\/schema\/person\/7940c228049cff34b4cc679f887362f1"},"breadcrumb":{"@id":"https:\/\/campeche-noticias.com\/?p=23548#breadcrumb"},"inLanguage":"es","potentialAction":[{"@type":"ReadAction","target":["https:\/\/campeche-noticias.com\/?p=23548"]}]},{"@type":"ImageObject","inLanguage":"es","@id":"https:\/\/campeche-noticias.com\/?p=23548#primaryimage","url":"https:\/\/campeche-noticias.com\/wp-content\/uploads\/2025\/02\/WhatsApp-Image-2025-02-14-at-09.21.07.jpeg","contentUrl":"https:\/\/campeche-noticias.com\/wp-content\/uploads\/2025\/02\/WhatsApp-Image-2025-02-14-at-09.21.07.jpeg","width":1600,"height":1068},{"@type":"BreadcrumbList","@id":"https:\/\/campeche-noticias.com\/?p=23548#breadcrumb","itemListElement":[{"@type":"ListItem","position":1,"name":"Portada","item":"https:\/\/campeche-noticias.com\/"},{"@type":"ListItem","position":2,"name":"Rub\u00e9n Rocha refuerza el sector salud en Sinaloa con m\u00e1s inversi\u00f3n y personal m\u00e9dico"}]},{"@type":"WebSite","@id":"https:\/\/campeche-noticias.com\/#website","url":"https:\/\/campeche-noticias.com\/","name":"Campeche Noticias","description":"Campeche Noticias","potentialAction":[{"@type":"SearchAction","target":{"@type":"EntryPoint","urlTemplate":"https:\/\/campeche-noticias.com\/?s={search_term_string}"},"query-input":{"@type":"PropertyValueSpecification","valueRequired":true,"valueName":"search_term_string"}}],"inLanguage":"es"},{"@type":"Person","@id":"https:\/\/campeche-noticias.com\/#\/schema\/person\/7940c228049cff34b4cc679f887362f1","name":"admin","sameAs":["https:\/\/campeche-noticias.com"],"url":"https:\/\/campeche-noticias.com\/?author=1"}]}},"_links":{"self":[{"href":"https:\/\/campeche-noticias.com\/index.php?rest_route=\/wp\/v2\/posts\/23548","targetHints":{"allow":["GET"]}}],"collection":[{"href":"https:\/\/campeche-noticias.com\/index.php?rest_route=\/wp\/v2\/posts"}],"about":[{"href":"https:\/\/campeche-noticias.com\/index.php?rest_route=\/wp\/v2\/types\/post"}],"author":[{"embeddable":true,"href":"https:\/\/campeche-noticias.com\/index.php?rest_route=\/wp\/v2\/users\/1"}],"replies":[{"embeddable":true,"href":"https:\/\/campeche-noticias.com\/index.php?rest_route=%2Fwp%2Fv2%2Fcomments&post=23548"}],"version-history":[{"count":1,"href":"https:\/\/campeche-noticias.com\/index.php?rest_route=\/wp\/v2\/posts\/23548\/revisions"}],"predecessor-version":[{"id":23549,"href":"https:\/\/campeche-noticias.com\/index.php?rest_route=\/wp\/v2\/posts\/23548\/revisions\/23549"}],"wp:featuredmedia":[{"embeddable":true,"href":"https:\/\/campeche-noticias.com\/index.php?rest_route=\/wp\/v2\/media\/23550"}],"wp:attachment":[{"href":"https:\/\/campeche-noticias.com\/index.php?rest_route=%2Fwp%2Fv2%2Fmedia&parent=23548"}],"wp:term":[{"taxonomy":"category","embeddable":true,"href":"https:\/\/campeche-noticias.com\/index.php?rest_route=%2Fwp%2Fv2%2Fcategories&post=23548"},{"taxonomy":"post_tag","embeddable":true,"href":"https:\/\/campeche-noticias.com\/index.php?rest_route=%2Fwp%2Fv2%2Ftags&post=23548"}],"curies":[{"name":"wp","href":"https:\/\/api.w.org\/{rel}","templated":true}]}}