{"id":23483,"date":"2025-02-06T10:35:46","date_gmt":"2025-02-06T15:35:46","guid":{"rendered":"https:\/\/campeche-noticias.com\/?p=23483"},"modified":"2025-02-06T15:35:47","modified_gmt":"2025-02-06T15:35:47","slug":"el-proximo-lunes-iniciaria-el-analisis-de-la-iniciativa-presidencial-en-materia-de-proteccion-del-maiz-nativo-ricardo-monreal","status":"publish","type":"post","link":"https:\/\/campeche-noticias.com\/?p=23483","title":{"rendered":"El pr\u00f3ximo lunes iniciar\u00eda el an\u00e1lisis de la iniciativa presidencial en materia de protecci\u00f3n del ma\u00edz nativo: Ricardo Monreal"},"content":{"rendered":"<p>\ud83d\udd38 Acudir\u00edan titulares de Sader, Sener y Secihti, informa el coordinador del Grupo Parlamentario de Morena y presidente de la Jucopo.<\/p>\n<p>#CDMX | El diputado Ricardo Monreal \u00c1vila (Morena), presidente de la Junta de Coordinaci\u00f3n Pol\u00edtica (Jucopo), inform\u00f3 que el pr\u00f3ximo lunes iniciar\u00eda el an\u00e1lisis de la iniciativa de la presidenta de la Rep\u00fablica, Claudia Sheinbaum Pardo, en materia de conservaci\u00f3n y protecci\u00f3n de los ma\u00edces nativos de M\u00e9xico.<\/p>\n<p>Sostuvo que se prev\u00e9 que ese d\u00eda, acudan los titulares de las secretar\u00edas de Agricultura y Desarrollo Rural (Sader), Energ\u00eda (Sener) y Ciencia, Humanidades, Tecnolog\u00eda e Innovaci\u00f3n (Secihti) a la Comisi\u00f3n de Puntos Constitucionales para intercambiar opiniones al respecto.<\/p>\n<p>\u00abEs probable que el lunes vengan tres secretarios a discutir y deliberar sobre la iniciativa presidencial del ma\u00edz transg\u00e9nico\u00bb, indic\u00f3 en declaraciones a representantes de medios de comunicaci\u00f3n el tambi\u00e9n coordinador del Grupo Parlamentario de Morena.<\/p>\n","protected":false},"excerpt":{"rendered":"<p>\ud83d\udd38 Acudir\u00edan titulares de Sader, Sener y Secihti, informa el coordinador del Grupo Parlamentario de<\/p>\n","protected":false},"author":1,"featured_media":23485,"comment_status":"open","ping_status":"closed","sticky":false,"template":"","format":"standard","meta":{"footnotes":""},"categories":[28],"tags":[],"class_list":["post-23483","post","type-post","status-publish","format-standard","has-post-thumbnail","hentry","category-cdmx"],"yoast_head":"<!-- This site is optimized with the Yoast SEO plugin v27.4 - https:\/\/yoast.com\/product\/yoast-seo-wordpress\/ -->\n<title>El pr\u00f3ximo lunes iniciar\u00eda el an\u00e1lisis de la iniciativa presidencial en materia de protecci\u00f3n del ma\u00edz nativo: Ricardo Monreal - Campeche Noticias<\/title>\n<meta name=\"robots\" content=\"index, follow, max-snippet:-1, max-image-preview:large, max-video-preview:-1\" \/>\n<link rel=\"canonical\" href=\"https:\/\/campeche-noticias.com\/?p=23483\" \/>\n<meta property=\"og:locale\" content=\"es_ES\" \/>\n<meta property=\"og:type\" content=\"article\" \/>\n<meta property=\"og:title\" content=\"El pr\u00f3ximo lunes iniciar\u00eda el an\u00e1lisis de la iniciativa presidencial en materia de protecci\u00f3n del ma\u00edz nativo: Ricardo Monreal - Campeche Noticias\" \/>\n<meta property=\"og:description\" content=\"\ud83d\udd38 Acudir\u00edan titulares de Sader, Sener y Secihti, informa el coordinador del Grupo Parlamentario de\" \/>\n<meta property=\"og:url\" content=\"https:\/\/campeche-noticias.com\/?p=23483\" \/>\n<meta property=\"og:site_name\" content=\"Campeche Noticias\" \/>\n<meta property=\"article:published_time\" content=\"2025-02-06T15:35:46+00:00\" \/>\n<meta property=\"article:modified_time\" content=\"2025-02-06T15:35:47+00:00\" \/>\n<meta name=\"author\" content=\"admin\" \/>\n<meta name=\"twitter:card\" content=\"summary_large_image\" \/>\n<meta name=\"twitter:label1\" content=\"Escrito por\" \/>\n\t<meta name=\"twitter:data1\" content=\"admin\" \/>\n\t<meta name=\"twitter:label2\" content=\"Tiempo de lectura\" \/>\n\t<meta name=\"twitter:data2\" content=\"1 minuto\" \/>\n<script type=\"application\/ld+json\" class=\"yoast-schema-graph\">{\"@context\":\"https:\\\/\\\/schema.org\",\"@graph\":[{\"@type\":\"Article\",\"@id\":\"https:\\\/\\\/campeche-noticias.com\\\/?p=23483#article\",\"isPartOf\":{\"@id\":\"https:\\\/\\\/campeche-noticias.com\\\/?p=23483\"},\"author\":{\"name\":\"admin\",\"@id\":\"https:\\\/\\\/campeche-noticias.com\\\/#\\\/schema\\\/person\\\/7940c228049cff34b4cc679f887362f1\"},\"headline\":\"El pr\u00f3ximo lunes iniciar\u00eda el an\u00e1lisis de la iniciativa presidencial en materia de protecci\u00f3n del ma\u00edz nativo: Ricardo Monreal\",\"datePublished\":\"2025-02-06T15:35:46+00:00\",\"dateModified\":\"2025-02-06T15:35:47+00:00\",\"mainEntityOfPage\":{\"@id\":\"https:\\\/\\\/campeche-noticias.com\\\/?p=23483\"},\"wordCount\":187,\"commentCount\":5,\"image\":{\"@id\":\"https:\\\/\\\/campeche-noticias.com\\\/?p=23483#primaryimage\"},\"thumbnailUrl\":\"https:\\\/\\\/campeche-noticias.com\\\/wp-content\\\/uploads\\\/2025\\\/02\\\/WhatsApp-Image-2025-02-06-at-09.51.05.jpeg\",\"articleSection\":[\"CDMX\"],\"inLanguage\":\"es\",\"potentialAction\":[{\"@type\":\"CommentAction\",\"name\":\"Comment\",\"target\":[\"https:\\\/\\\/campeche-noticias.com\\\/?p=23483#respond\"]}]},{\"@type\":\"WebPage\",\"@id\":\"https:\\\/\\\/campeche-noticias.com\\\/?p=23483\",\"url\":\"https:\\\/\\\/campeche-noticias.com\\\/?p=23483\",\"name\":\"El pr\u00f3ximo lunes iniciar\u00eda el an\u00e1lisis de la iniciativa presidencial en materia de protecci\u00f3n del ma\u00edz nativo: Ricardo Monreal - Campeche Noticias\",\"isPartOf\":{\"@id\":\"https:\\\/\\\/campeche-noticias.com\\\/#website\"},\"primaryImageOfPage\":{\"@id\":\"https:\\\/\\\/campeche-noticias.com\\\/?p=23483#primaryimage\"},\"image\":{\"@id\":\"https:\\\/\\\/campeche-noticias.com\\\/?p=23483#primaryimage\"},\"thumbnailUrl\":\"https:\\\/\\\/campeche-noticias.com\\\/wp-content\\\/uploads\\\/2025\\\/02\\\/WhatsApp-Image-2025-02-06-at-09.51.05.jpeg\",\"datePublished\":\"2025-02-06T15:35:46+00:00\",\"dateModified\":\"2025-02-06T15:35:47+00:00\",\"author\":{\"@id\":\"https:\\\/\\\/campeche-noticias.com\\\/#\\\/schema\\\/person\\\/7940c228049cff34b4cc679f887362f1\"},\"breadcrumb\":{\"@id\":\"https:\\\/\\\/campeche-noticias.com\\\/?p=23483#breadcrumb\"},\"inLanguage\":\"es\",\"potentialAction\":[{\"@type\":\"ReadAction\",\"target\":[\"https:\\\/\\\/campeche-noticias.com\\\/?p=23483\"]}]},{\"@type\":\"ImageObject\",\"inLanguage\":\"es\",\"@id\":\"https:\\\/\\\/campeche-noticias.com\\\/?p=23483#primaryimage\",\"url\":\"https:\\\/\\\/campeche-noticias.com\\\/wp-content\\\/uploads\\\/2025\\\/02\\\/WhatsApp-Image-2025-02-06-at-09.51.05.jpeg\",\"contentUrl\":\"https:\\\/\\\/campeche-noticias.com\\\/wp-content\\\/uploads\\\/2025\\\/02\\\/WhatsApp-Image-2025-02-06-at-09.51.05.jpeg\",\"width\":1080,\"height\":720},{\"@type\":\"BreadcrumbList\",\"@id\":\"https:\\\/\\\/campeche-noticias.com\\\/?p=23483#breadcrumb\",\"itemListElement\":[{\"@type\":\"ListItem\",\"position\":1,\"name\":\"Portada\",\"item\":\"https:\\\/\\\/campeche-noticias.com\\\/\"},{\"@type\":\"ListItem\",\"position\":2,\"name\":\"El pr\u00f3ximo lunes iniciar\u00eda el an\u00e1lisis de la iniciativa presidencial en materia de protecci\u00f3n del ma\u00edz nativo: Ricardo Monreal\"}]},{\"@type\":\"WebSite\",\"@id\":\"https:\\\/\\\/campeche-noticias.com\\\/#website\",\"url\":\"https:\\\/\\\/campeche-noticias.com\\\/\",\"name\":\"Campeche Noticias\",\"description\":\"Campeche Noticias\",\"potentialAction\":[{\"@type\":\"SearchAction\",\"target\":{\"@type\":\"EntryPoint\",\"urlTemplate\":\"https:\\\/\\\/campeche-noticias.com\\\/?s={search_term_string}\"},\"query-input\":{\"@type\":\"PropertyValueSpecification\",\"valueRequired\":true,\"valueName\":\"search_term_string\"}}],\"inLanguage\":\"es\"},{\"@type\":\"Person\",\"@id\":\"https:\\\/\\\/campeche-noticias.com\\\/#\\\/schema\\\/person\\\/7940c228049cff34b4cc679f887362f1\",\"name\":\"admin\",\"sameAs\":[\"https:\\\/\\\/campeche-noticias.com\"],\"url\":\"https:\\\/\\\/campeche-noticias.com\\\/?author=1\"}]}<\/script>\n<!-- \/ Yoast SEO plugin. -->","yoast_head_json":{"title":"El pr\u00f3ximo lunes iniciar\u00eda el an\u00e1lisis de la iniciativa presidencial en materia de protecci\u00f3n del ma\u00edz nativo: Ricardo Monreal - Campeche Noticias","robots":{"index":"index","follow":"follow","max-snippet":"max-snippet:-1","max-image-preview":"max-image-preview:large","max-video-preview":"max-video-preview:-1"},"canonical":"https:\/\/campeche-noticias.com\/?p=23483","og_locale":"es_ES","og_type":"article","og_title":"El pr\u00f3ximo lunes iniciar\u00eda el an\u00e1lisis de la iniciativa presidencial en materia de protecci\u00f3n del ma\u00edz nativo: Ricardo Monreal - Campeche Noticias","og_description":"\ud83d\udd38 Acudir\u00edan titulares de Sader, Sener y Secihti, informa el coordinador del Grupo Parlamentario de","og_url":"https:\/\/campeche-noticias.com\/?p=23483","og_site_name":"Campeche Noticias","article_published_time":"2025-02-06T15:35:46+00:00","article_modified_time":"2025-02-06T15:35:47+00:00","author":"admin","twitter_card":"summary_large_image","twitter_misc":{"Escrito por":"admin","Tiempo de lectura":"1 minuto"},"schema":{"@context":"https:\/\/schema.org","@graph":[{"@type":"Article","@id":"https:\/\/campeche-noticias.com\/?p=23483#article","isPartOf":{"@id":"https:\/\/campeche-noticias.com\/?p=23483"},"author":{"name":"admin","@id":"https:\/\/campeche-noticias.com\/#\/schema\/person\/7940c228049cff34b4cc679f887362f1"},"headline":"El pr\u00f3ximo lunes iniciar\u00eda el an\u00e1lisis de la iniciativa presidencial en materia de protecci\u00f3n del ma\u00edz nativo: Ricardo Monreal","datePublished":"2025-02-06T15:35:46+00:00","dateModified":"2025-02-06T15:35:47+00:00","mainEntityOfPage":{"@id":"https:\/\/campeche-noticias.com\/?p=23483"},"wordCount":187,"commentCount":5,"image":{"@id":"https:\/\/campeche-noticias.com\/?p=23483#primaryimage"},"thumbnailUrl":"https:\/\/campeche-noticias.com\/wp-content\/uploads\/2025\/02\/WhatsApp-Image-2025-02-06-at-09.51.05.jpeg","articleSection":["CDMX"],"inLanguage":"es","potentialAction":[{"@type":"CommentAction","name":"Comment","target":["https:\/\/campeche-noticias.com\/?p=23483#respond"]}]},{"@type":"WebPage","@id":"https:\/\/campeche-noticias.com\/?p=23483","url":"https:\/\/campeche-noticias.com\/?p=23483","name":"El pr\u00f3ximo lunes iniciar\u00eda el an\u00e1lisis de la iniciativa presidencial en materia de protecci\u00f3n del ma\u00edz nativo: Ricardo Monreal - Campeche Noticias","isPartOf":{"@id":"https:\/\/campeche-noticias.com\/#website"},"primaryImageOfPage":{"@id":"https:\/\/campeche-noticias.com\/?p=23483#primaryimage"},"image":{"@id":"https:\/\/campeche-noticias.com\/?p=23483#primaryimage"},"thumbnailUrl":"https:\/\/campeche-noticias.com\/wp-content\/uploads\/2025\/02\/WhatsApp-Image-2025-02-06-at-09.51.05.jpeg","datePublished":"2025-02-06T15:35:46+00:00","dateModified":"2025-02-06T15:35:47+00:00","author":{"@id":"https:\/\/campeche-noticias.com\/#\/schema\/person\/7940c228049cff34b4cc679f887362f1"},"breadcrumb":{"@id":"https:\/\/campeche-noticias.com\/?p=23483#breadcrumb"},"inLanguage":"es","potentialAction":[{"@type":"ReadAction","target":["https:\/\/campeche-noticias.com\/?p=23483"]}]},{"@type":"ImageObject","inLanguage":"es","@id":"https:\/\/campeche-noticias.com\/?p=23483#primaryimage","url":"https:\/\/campeche-noticias.com\/wp-content\/uploads\/2025\/02\/WhatsApp-Image-2025-02-06-at-09.51.05.jpeg","contentUrl":"https:\/\/campeche-noticias.com\/wp-content\/uploads\/2025\/02\/WhatsApp-Image-2025-02-06-at-09.51.05.jpeg","width":1080,"height":720},{"@type":"BreadcrumbList","@id":"https:\/\/campeche-noticias.com\/?p=23483#breadcrumb","itemListElement":[{"@type":"ListItem","position":1,"name":"Portada","item":"https:\/\/campeche-noticias.com\/"},{"@type":"ListItem","position":2,"name":"El pr\u00f3ximo lunes iniciar\u00eda el an\u00e1lisis de la iniciativa presidencial en materia de protecci\u00f3n del ma\u00edz nativo: Ricardo Monreal"}]},{"@type":"WebSite","@id":"https:\/\/campeche-noticias.com\/#website","url":"https:\/\/campeche-noticias.com\/","name":"Campeche Noticias","description":"Campeche Noticias","potentialAction":[{"@type":"SearchAction","target":{"@type":"EntryPoint","urlTemplate":"https:\/\/campeche-noticias.com\/?s={search_term_string}"},"query-input":{"@type":"PropertyValueSpecification","valueRequired":true,"valueName":"search_term_string"}}],"inLanguage":"es"},{"@type":"Person","@id":"https:\/\/campeche-noticias.com\/#\/schema\/person\/7940c228049cff34b4cc679f887362f1","name":"admin","sameAs":["https:\/\/campeche-noticias.com"],"url":"https:\/\/campeche-noticias.com\/?author=1"}]}},"_links":{"self":[{"href":"https:\/\/campeche-noticias.com\/index.php?rest_route=\/wp\/v2\/posts\/23483","targetHints":{"allow":["GET"]}}],"collection":[{"href":"https:\/\/campeche-noticias.com\/index.php?rest_route=\/wp\/v2\/posts"}],"about":[{"href":"https:\/\/campeche-noticias.com\/index.php?rest_route=\/wp\/v2\/types\/post"}],"author":[{"embeddable":true,"href":"https:\/\/campeche-noticias.com\/index.php?rest_route=\/wp\/v2\/users\/1"}],"replies":[{"embeddable":true,"href":"https:\/\/campeche-noticias.com\/index.php?rest_route=%2Fwp%2Fv2%2Fcomments&post=23483"}],"version-history":[{"count":1,"href":"https:\/\/campeche-noticias.com\/index.php?rest_route=\/wp\/v2\/posts\/23483\/revisions"}],"predecessor-version":[{"id":23484,"href":"https:\/\/campeche-noticias.com\/index.php?rest_route=\/wp\/v2\/posts\/23483\/revisions\/23484"}],"wp:featuredmedia":[{"embeddable":true,"href":"https:\/\/campeche-noticias.com\/index.php?rest_route=\/wp\/v2\/media\/23485"}],"wp:attachment":[{"href":"https:\/\/campeche-noticias.com\/index.php?rest_route=%2Fwp%2Fv2%2Fmedia&parent=23483"}],"wp:term":[{"taxonomy":"category","embeddable":true,"href":"https:\/\/campeche-noticias.com\/index.php?rest_route=%2Fwp%2Fv2%2Fcategories&post=23483"},{"taxonomy":"post_tag","embeddable":true,"href":"https:\/\/campeche-noticias.com\/index.php?rest_route=%2Fwp%2Fv2%2Ftags&post=23483"}],"curies":[{"name":"wp","href":"https:\/\/api.w.org\/{rel}","templated":true}]}}