{"id":23417,"date":"2025-02-02T08:58:55","date_gmt":"2025-02-02T13:58:55","guid":{"rendered":"https:\/\/campeche-noticias.com\/?p=23417"},"modified":"2025-02-04T14:00:08","modified_gmt":"2025-02-04T14:00:08","slug":"anuncia-ana-paty-peralta-nuevo-proyecto-recreativo-paseo-cancunense","status":"publish","type":"post","link":"https:\/\/campeche-noticias.com\/?p=23417","title":{"rendered":"Anuncia Ana Paty Peralta nuevo proyecto recreativo \u00abpaseo cancunense\u00bb"},"content":{"rendered":"<p>\u2022 La primera edici\u00f3n ser\u00e1 el domingo 9 de febrero, de las 7:00 a las 12:00 horas<\/p>\n<p>\u2022 Se conectar\u00e1n las avenidas Bonampak, Uxmal y Nader en una sola ruta para fomentar la recreaci\u00f3n y recuperar los espacios p\u00fablicos para los ciudadanos<\/p>\n<p>Canc\u00fan, Q. R., a 02 de febrero de 2025.- \u201cVamos a disfrutar y crear comunidad en la primera edici\u00f3n del \u00b4Paseo Cancunense\u00b4 este domingo 9 de febrero, de las 7 de la ma\u00f1ana a las 12 del d\u00eda, cuando conectaremos la avenida Bonampak, Uxmal y Nader en una sola ruta, para que las familias y los amigos se unan\u201d, anunci\u00f3 la Presidenta Municipal, Ana Paty Peralta.<\/p>\n<p>Para fomentar la participaci\u00f3n social, invit\u00f3 a todos los ciudadanos a que acudan en esa fecha con su bicicleta, patines, patines e inclusive acompa\u00f1ados de sus mascotas para pasear y disfrutar de shows de talentos locales, as\u00ed como de diversas ofertas de gastronom\u00eda local.<\/p>\n<p>Ana Paty Peralta se\u00f1al\u00f3 que con esto se podr\u00e1 abrir las calles a la ciudadan\u00eda para que cuenten con espacios de recreaci\u00f3n y encuentro social, consolidando una tradici\u00f3n urbana, ya que se proyecta como una herramienta clave para el desarrollo urbano sostenible, mejorar la calidad de vida y fortalecer el tejido social de Canc\u00fan.<\/p>\n<p>Agreg\u00f3 que se contempla realizarlo en las pr\u00f3ximas ediciones que ser\u00e1n: 30 de marzo, 18 de mayo, 13 de julio, 31 de agosto, 12 de octubre y 30 de noviembre.<\/p>\n<p>Al detalle, el director del Instituto de Planeaci\u00f3n de Desarrollo Urbano, H\u00e9ctor S\u00e1nchez Tirado, reafirm\u00f3 que este proyecto impulsa pol\u00edticas de movilidad activa y sostenibilidad, que trascienden en varios aspectos como: fomento a la movilidad activa, recuperaci\u00f3n del espacio p\u00fablico, cohesi\u00f3n social y comunitaria, impacto ambiental positivo, impulso a la econom\u00eda local y el turismo, as\u00ed como construcci\u00f3n de una cultura ciudadana.<\/p>\n<p>El recorrido ser\u00e1 de aproximadamente 3.5 kil\u00f3metros, dise\u00f1ados para ofrecer un espacio seguro e inclusivo, por lo que se espera la participaci\u00f3n de familias, ciclistas, peatones y usuarios de otros medios no motorizados en avenidas estrat\u00e9gicas del centro urbano que conectan \u00e1reas claves de la ciudad.<\/p>\n<p>El Paseo Cancunense incluye la avenida Nader, espacio de la zona fundacional del destino, en el que se rinde homenaje a los or\u00edgenes de la ciudad y destaca por su rica historia cultural, con caf\u00e9s y restaurantes atractivos a los paseantes; adem\u00e1s de la avenida Bonampak por la avenida Uxmal, arteria que conecta \u00e1reas residenciales con centros comerciales.<\/p>\n","protected":false},"excerpt":{"rendered":"<p>\u2022 La primera edici\u00f3n ser\u00e1 el domingo 9 de febrero, de las 7:00 a las<\/p>\n","protected":false},"author":1,"featured_media":23419,"comment_status":"open","ping_status":"closed","sticky":false,"template":"","format":"standard","meta":{"footnotes":""},"categories":[2],"tags":[],"class_list":["post-23417","post","type-post","status-publish","format-standard","has-post-thumbnail","hentry","category-quintana-roo"],"yoast_head":"<!-- This site is optimized with the Yoast SEO plugin v27.5 - https:\/\/yoast.com\/product\/yoast-seo-wordpress\/ -->\n<title>Anuncia Ana Paty Peralta nuevo proyecto recreativo &quot;paseo cancunense&quot; - Campeche Noticias<\/title>\n<meta name=\"robots\" content=\"index, follow, max-snippet:-1, max-image-preview:large, max-video-preview:-1\" \/>\n<link rel=\"canonical\" href=\"https:\/\/campeche-noticias.com\/?p=23417\" \/>\n<meta property=\"og:locale\" content=\"es_ES\" \/>\n<meta property=\"og:type\" content=\"article\" \/>\n<meta property=\"og:title\" content=\"Anuncia Ana Paty Peralta nuevo proyecto recreativo &quot;paseo cancunense&quot; - Campeche Noticias\" \/>\n<meta property=\"og:description\" content=\"\u2022 La primera edici\u00f3n ser\u00e1 el domingo 9 de febrero, de las 7:00 a las\" \/>\n<meta property=\"og:url\" content=\"https:\/\/campeche-noticias.com\/?p=23417\" \/>\n<meta property=\"og:site_name\" content=\"Campeche Noticias\" \/>\n<meta property=\"article:published_time\" content=\"2025-02-02T13:58:55+00:00\" \/>\n<meta property=\"article:modified_time\" content=\"2025-02-04T14:00:08+00:00\" \/>\n<meta name=\"author\" content=\"admin\" \/>\n<meta name=\"twitter:card\" content=\"summary_large_image\" \/>\n<meta name=\"twitter:label1\" content=\"Escrito por\" \/>\n\t<meta name=\"twitter:data1\" content=\"admin\" \/>\n\t<meta name=\"twitter:label2\" content=\"Tiempo de lectura\" \/>\n\t<meta name=\"twitter:data2\" content=\"2 minutos\" \/>\n<script type=\"application\/ld+json\" class=\"yoast-schema-graph\">{\"@context\":\"https:\\\/\\\/schema.org\",\"@graph\":[{\"@type\":\"Article\",\"@id\":\"https:\\\/\\\/campeche-noticias.com\\\/?p=23417#article\",\"isPartOf\":{\"@id\":\"https:\\\/\\\/campeche-noticias.com\\\/?p=23417\"},\"author\":{\"name\":\"admin\",\"@id\":\"https:\\\/\\\/campeche-noticias.com\\\/#\\\/schema\\\/person\\\/7940c228049cff34b4cc679f887362f1\"},\"headline\":\"Anuncia Ana Paty Peralta nuevo proyecto recreativo \u00abpaseo cancunense\u00bb\",\"datePublished\":\"2025-02-02T13:58:55+00:00\",\"dateModified\":\"2025-02-04T14:00:08+00:00\",\"mainEntityOfPage\":{\"@id\":\"https:\\\/\\\/campeche-noticias.com\\\/?p=23417\"},\"wordCount\":429,\"commentCount\":0,\"image\":{\"@id\":\"https:\\\/\\\/campeche-noticias.com\\\/?p=23417#primaryimage\"},\"thumbnailUrl\":\"https:\\\/\\\/campeche-noticias.com\\\/wp-content\\\/uploads\\\/2025\\\/02\\\/WhatsApp-Image-2025-02-02-at-14.09.27.jpeg\",\"articleSection\":[\"Quintana Roo\"],\"inLanguage\":\"es\",\"potentialAction\":[{\"@type\":\"CommentAction\",\"name\":\"Comment\",\"target\":[\"https:\\\/\\\/campeche-noticias.com\\\/?p=23417#respond\"]}]},{\"@type\":\"WebPage\",\"@id\":\"https:\\\/\\\/campeche-noticias.com\\\/?p=23417\",\"url\":\"https:\\\/\\\/campeche-noticias.com\\\/?p=23417\",\"name\":\"Anuncia Ana Paty Peralta nuevo proyecto recreativo \\\"paseo cancunense\\\" - Campeche Noticias\",\"isPartOf\":{\"@id\":\"https:\\\/\\\/campeche-noticias.com\\\/#website\"},\"primaryImageOfPage\":{\"@id\":\"https:\\\/\\\/campeche-noticias.com\\\/?p=23417#primaryimage\"},\"image\":{\"@id\":\"https:\\\/\\\/campeche-noticias.com\\\/?p=23417#primaryimage\"},\"thumbnailUrl\":\"https:\\\/\\\/campeche-noticias.com\\\/wp-content\\\/uploads\\\/2025\\\/02\\\/WhatsApp-Image-2025-02-02-at-14.09.27.jpeg\",\"datePublished\":\"2025-02-02T13:58:55+00:00\",\"dateModified\":\"2025-02-04T14:00:08+00:00\",\"author\":{\"@id\":\"https:\\\/\\\/campeche-noticias.com\\\/#\\\/schema\\\/person\\\/7940c228049cff34b4cc679f887362f1\"},\"breadcrumb\":{\"@id\":\"https:\\\/\\\/campeche-noticias.com\\\/?p=23417#breadcrumb\"},\"inLanguage\":\"es\",\"potentialAction\":[{\"@type\":\"ReadAction\",\"target\":[\"https:\\\/\\\/campeche-noticias.com\\\/?p=23417\"]}]},{\"@type\":\"ImageObject\",\"inLanguage\":\"es\",\"@id\":\"https:\\\/\\\/campeche-noticias.com\\\/?p=23417#primaryimage\",\"url\":\"https:\\\/\\\/campeche-noticias.com\\\/wp-content\\\/uploads\\\/2025\\\/02\\\/WhatsApp-Image-2025-02-02-at-14.09.27.jpeg\",\"contentUrl\":\"https:\\\/\\\/campeche-noticias.com\\\/wp-content\\\/uploads\\\/2025\\\/02\\\/WhatsApp-Image-2025-02-02-at-14.09.27.jpeg\",\"width\":1547,\"height\":2063},{\"@type\":\"BreadcrumbList\",\"@id\":\"https:\\\/\\\/campeche-noticias.com\\\/?p=23417#breadcrumb\",\"itemListElement\":[{\"@type\":\"ListItem\",\"position\":1,\"name\":\"Portada\",\"item\":\"https:\\\/\\\/campeche-noticias.com\\\/\"},{\"@type\":\"ListItem\",\"position\":2,\"name\":\"Anuncia Ana Paty Peralta nuevo proyecto recreativo \u00abpaseo cancunense\u00bb\"}]},{\"@type\":\"WebSite\",\"@id\":\"https:\\\/\\\/campeche-noticias.com\\\/#website\",\"url\":\"https:\\\/\\\/campeche-noticias.com\\\/\",\"name\":\"Campeche Noticias\",\"description\":\"Campeche Noticias\",\"potentialAction\":[{\"@type\":\"SearchAction\",\"target\":{\"@type\":\"EntryPoint\",\"urlTemplate\":\"https:\\\/\\\/campeche-noticias.com\\\/?s={search_term_string}\"},\"query-input\":{\"@type\":\"PropertyValueSpecification\",\"valueRequired\":true,\"valueName\":\"search_term_string\"}}],\"inLanguage\":\"es\"},{\"@type\":\"Person\",\"@id\":\"https:\\\/\\\/campeche-noticias.com\\\/#\\\/schema\\\/person\\\/7940c228049cff34b4cc679f887362f1\",\"name\":\"admin\",\"sameAs\":[\"https:\\\/\\\/campeche-noticias.com\"],\"url\":\"https:\\\/\\\/campeche-noticias.com\\\/?author=1\"}]}<\/script>\n<!-- \/ Yoast SEO plugin. -->","yoast_head_json":{"title":"Anuncia Ana Paty Peralta nuevo proyecto recreativo \"paseo cancunense\" - Campeche Noticias","robots":{"index":"index","follow":"follow","max-snippet":"max-snippet:-1","max-image-preview":"max-image-preview:large","max-video-preview":"max-video-preview:-1"},"canonical":"https:\/\/campeche-noticias.com\/?p=23417","og_locale":"es_ES","og_type":"article","og_title":"Anuncia Ana Paty Peralta nuevo proyecto recreativo \"paseo cancunense\" - Campeche Noticias","og_description":"\u2022 La primera edici\u00f3n ser\u00e1 el domingo 9 de febrero, de las 7:00 a las","og_url":"https:\/\/campeche-noticias.com\/?p=23417","og_site_name":"Campeche Noticias","article_published_time":"2025-02-02T13:58:55+00:00","article_modified_time":"2025-02-04T14:00:08+00:00","author":"admin","twitter_card":"summary_large_image","twitter_misc":{"Escrito por":"admin","Tiempo de lectura":"2 minutos"},"schema":{"@context":"https:\/\/schema.org","@graph":[{"@type":"Article","@id":"https:\/\/campeche-noticias.com\/?p=23417#article","isPartOf":{"@id":"https:\/\/campeche-noticias.com\/?p=23417"},"author":{"name":"admin","@id":"https:\/\/campeche-noticias.com\/#\/schema\/person\/7940c228049cff34b4cc679f887362f1"},"headline":"Anuncia Ana Paty Peralta nuevo proyecto recreativo \u00abpaseo cancunense\u00bb","datePublished":"2025-02-02T13:58:55+00:00","dateModified":"2025-02-04T14:00:08+00:00","mainEntityOfPage":{"@id":"https:\/\/campeche-noticias.com\/?p=23417"},"wordCount":429,"commentCount":0,"image":{"@id":"https:\/\/campeche-noticias.com\/?p=23417#primaryimage"},"thumbnailUrl":"https:\/\/campeche-noticias.com\/wp-content\/uploads\/2025\/02\/WhatsApp-Image-2025-02-02-at-14.09.27.jpeg","articleSection":["Quintana Roo"],"inLanguage":"es","potentialAction":[{"@type":"CommentAction","name":"Comment","target":["https:\/\/campeche-noticias.com\/?p=23417#respond"]}]},{"@type":"WebPage","@id":"https:\/\/campeche-noticias.com\/?p=23417","url":"https:\/\/campeche-noticias.com\/?p=23417","name":"Anuncia Ana Paty Peralta nuevo proyecto recreativo \"paseo cancunense\" - Campeche Noticias","isPartOf":{"@id":"https:\/\/campeche-noticias.com\/#website"},"primaryImageOfPage":{"@id":"https:\/\/campeche-noticias.com\/?p=23417#primaryimage"},"image":{"@id":"https:\/\/campeche-noticias.com\/?p=23417#primaryimage"},"thumbnailUrl":"https:\/\/campeche-noticias.com\/wp-content\/uploads\/2025\/02\/WhatsApp-Image-2025-02-02-at-14.09.27.jpeg","datePublished":"2025-02-02T13:58:55+00:00","dateModified":"2025-02-04T14:00:08+00:00","author":{"@id":"https:\/\/campeche-noticias.com\/#\/schema\/person\/7940c228049cff34b4cc679f887362f1"},"breadcrumb":{"@id":"https:\/\/campeche-noticias.com\/?p=23417#breadcrumb"},"inLanguage":"es","potentialAction":[{"@type":"ReadAction","target":["https:\/\/campeche-noticias.com\/?p=23417"]}]},{"@type":"ImageObject","inLanguage":"es","@id":"https:\/\/campeche-noticias.com\/?p=23417#primaryimage","url":"https:\/\/campeche-noticias.com\/wp-content\/uploads\/2025\/02\/WhatsApp-Image-2025-02-02-at-14.09.27.jpeg","contentUrl":"https:\/\/campeche-noticias.com\/wp-content\/uploads\/2025\/02\/WhatsApp-Image-2025-02-02-at-14.09.27.jpeg","width":1547,"height":2063},{"@type":"BreadcrumbList","@id":"https:\/\/campeche-noticias.com\/?p=23417#breadcrumb","itemListElement":[{"@type":"ListItem","position":1,"name":"Portada","item":"https:\/\/campeche-noticias.com\/"},{"@type":"ListItem","position":2,"name":"Anuncia Ana Paty Peralta nuevo proyecto recreativo \u00abpaseo cancunense\u00bb"}]},{"@type":"WebSite","@id":"https:\/\/campeche-noticias.com\/#website","url":"https:\/\/campeche-noticias.com\/","name":"Campeche Noticias","description":"Campeche Noticias","potentialAction":[{"@type":"SearchAction","target":{"@type":"EntryPoint","urlTemplate":"https:\/\/campeche-noticias.com\/?s={search_term_string}"},"query-input":{"@type":"PropertyValueSpecification","valueRequired":true,"valueName":"search_term_string"}}],"inLanguage":"es"},{"@type":"Person","@id":"https:\/\/campeche-noticias.com\/#\/schema\/person\/7940c228049cff34b4cc679f887362f1","name":"admin","sameAs":["https:\/\/campeche-noticias.com"],"url":"https:\/\/campeche-noticias.com\/?author=1"}]}},"_links":{"self":[{"href":"https:\/\/campeche-noticias.com\/index.php?rest_route=\/wp\/v2\/posts\/23417","targetHints":{"allow":["GET"]}}],"collection":[{"href":"https:\/\/campeche-noticias.com\/index.php?rest_route=\/wp\/v2\/posts"}],"about":[{"href":"https:\/\/campeche-noticias.com\/index.php?rest_route=\/wp\/v2\/types\/post"}],"author":[{"embeddable":true,"href":"https:\/\/campeche-noticias.com\/index.php?rest_route=\/wp\/v2\/users\/1"}],"replies":[{"embeddable":true,"href":"https:\/\/campeche-noticias.com\/index.php?rest_route=%2Fwp%2Fv2%2Fcomments&post=23417"}],"version-history":[{"count":1,"href":"https:\/\/campeche-noticias.com\/index.php?rest_route=\/wp\/v2\/posts\/23417\/revisions"}],"predecessor-version":[{"id":23418,"href":"https:\/\/campeche-noticias.com\/index.php?rest_route=\/wp\/v2\/posts\/23417\/revisions\/23418"}],"wp:featuredmedia":[{"embeddable":true,"href":"https:\/\/campeche-noticias.com\/index.php?rest_route=\/wp\/v2\/media\/23419"}],"wp:attachment":[{"href":"https:\/\/campeche-noticias.com\/index.php?rest_route=%2Fwp%2Fv2%2Fmedia&parent=23417"}],"wp:term":[{"taxonomy":"category","embeddable":true,"href":"https:\/\/campeche-noticias.com\/index.php?rest_route=%2Fwp%2Fv2%2Fcategories&post=23417"},{"taxonomy":"post_tag","embeddable":true,"href":"https:\/\/campeche-noticias.com\/index.php?rest_route=%2Fwp%2Fv2%2Ftags&post=23417"}],"curies":[{"name":"wp","href":"https:\/\/api.w.org\/{rel}","templated":true}]}}