{"id":23193,"date":"2025-01-20T08:39:58","date_gmt":"2025-01-20T13:39:58","guid":{"rendered":"https:\/\/campeche-noticias.com\/?p=23193"},"modified":"2025-01-20T13:39:59","modified_gmt":"2025-01-20T13:39:59","slug":"ramon-ramirez-revela-lo-que-freno-su-llegada-a-serie-a-el-miedo-me-invadio","status":"publish","type":"post","link":"https:\/\/campeche-noticias.com\/?p=23193","title":{"rendered":"Ram\u00f3n Ram\u00edrez revela lo que fren\u00f3 su llegada a Serie A: \u201cEl miedo me invadi\u00f3\u201d"},"content":{"rendered":"<p>\ud83d\udd38 El exfutbolista detall\u00f3 que en ese momento la Liga Italiana era la mejor del mundo<\/p>\n<p>#DEPORTES | El hist\u00f3rico Ram\u00f3n Ram\u00edrez hizo una dura revelaci\u00f3n que pudo haber cambiado la ruta de su carrera dentro del futbol y esto a nivel internacional y que hoy sigue recordando.<\/p>\n<p>Exjugador de las Chivas, Am\u00e9rica y Santos Laguna fue preguntado sobre lo que le impidi\u00f3 dar el salto al futbol europeo el cual resalt\u00f3 que lo hizo por tema psicol\u00f3gico.<\/p>\n<p>\u201cYo en 1990 sin tener m\u00e1s de 30 partidos en Primera Divisi\u00f3n, en una gira por Italia con la Selecci\u00f3n Ol\u00edmpica, un equipo italiano me invit\u00f3 a que me quedar\u00e1 en Europa y no quise la verdad\u00bb, resalt\u00f3 en primera instancia para La Capitana.<\/p>\n<p>\u201cMe dio miedo, no me la cre\u00ed, me dio miedo, porque en ese entonces la Liga Italiana era la mejor del mundo\u201d, confirm\u00f3 el exmediocampista.<\/p>\n<p>Ram\u00edrez no se olvida que en ese momento hab\u00eda jugadores alto calibre: \u201cJugaban (en Serie A) Marco Van Basten, Rudd Gullit, Maradona, Frank Rijkaard, Roberto Baggio, yo dec\u00eda \u2018hace seis meses los ve\u00eda en la TV c\u00f3mo voy a venir a jugar con ellos\u2019\u201d.<\/p>\n<p>\u201cEntonces prefer\u00ed venir a M\u00e9xico y consolidar mi carrera para buscar una oportunidad y despu\u00e9s ya fue m\u00e1s complicado\u201d, mencion\u00f3.<\/p>\n","protected":false},"excerpt":{"rendered":"<p>\ud83d\udd38 El exfutbolista detall\u00f3 que en ese momento la Liga Italiana era la mejor del<\/p>\n","protected":false},"author":1,"featured_media":23195,"comment_status":"open","ping_status":"closed","sticky":false,"template":"","format":"standard","meta":{"footnotes":""},"categories":[3],"tags":[],"class_list":["post-23193","post","type-post","status-publish","format-standard","has-post-thumbnail","hentry","category-deportes"],"yoast_head":"<!-- This site is optimized with the Yoast SEO plugin v27.5 - https:\/\/yoast.com\/product\/yoast-seo-wordpress\/ -->\n<title>Ram\u00f3n Ram\u00edrez revela lo que fren\u00f3 su llegada a Serie A: \u201cEl miedo me invadi\u00f3\u201d - Campeche Noticias<\/title>\n<meta name=\"robots\" content=\"index, follow, max-snippet:-1, max-image-preview:large, max-video-preview:-1\" \/>\n<link rel=\"canonical\" href=\"https:\/\/campeche-noticias.com\/?p=23193\" \/>\n<meta property=\"og:locale\" content=\"es_ES\" \/>\n<meta property=\"og:type\" content=\"article\" \/>\n<meta property=\"og:title\" content=\"Ram\u00f3n Ram\u00edrez revela lo que fren\u00f3 su llegada a Serie A: \u201cEl miedo me invadi\u00f3\u201d - Campeche Noticias\" \/>\n<meta property=\"og:description\" content=\"\ud83d\udd38 El exfutbolista detall\u00f3 que en ese momento la Liga Italiana era la mejor del\" \/>\n<meta property=\"og:url\" content=\"https:\/\/campeche-noticias.com\/?p=23193\" \/>\n<meta property=\"og:site_name\" content=\"Campeche Noticias\" \/>\n<meta property=\"article:published_time\" content=\"2025-01-20T13:39:58+00:00\" \/>\n<meta property=\"article:modified_time\" content=\"2025-01-20T13:39:59+00:00\" \/>\n<meta name=\"author\" content=\"admin\" \/>\n<meta name=\"twitter:card\" content=\"summary_large_image\" \/>\n<meta name=\"twitter:label1\" content=\"Escrito por\" \/>\n\t<meta name=\"twitter:data1\" content=\"admin\" \/>\n\t<meta name=\"twitter:label2\" content=\"Tiempo de lectura\" \/>\n\t<meta name=\"twitter:data2\" content=\"1 minuto\" \/>\n<script type=\"application\/ld+json\" class=\"yoast-schema-graph\">{\"@context\":\"https:\\\/\\\/schema.org\",\"@graph\":[{\"@type\":\"Article\",\"@id\":\"https:\\\/\\\/campeche-noticias.com\\\/?p=23193#article\",\"isPartOf\":{\"@id\":\"https:\\\/\\\/campeche-noticias.com\\\/?p=23193\"},\"author\":{\"name\":\"admin\",\"@id\":\"https:\\\/\\\/campeche-noticias.com\\\/#\\\/schema\\\/person\\\/7940c228049cff34b4cc679f887362f1\"},\"headline\":\"Ram\u00f3n Ram\u00edrez revela lo que fren\u00f3 su llegada a Serie A: \u201cEl miedo me invadi\u00f3\u201d\",\"datePublished\":\"2025-01-20T13:39:58+00:00\",\"dateModified\":\"2025-01-20T13:39:59+00:00\",\"mainEntityOfPage\":{\"@id\":\"https:\\\/\\\/campeche-noticias.com\\\/?p=23193\"},\"wordCount\":242,\"commentCount\":1,\"image\":{\"@id\":\"https:\\\/\\\/campeche-noticias.com\\\/?p=23193#primaryimage\"},\"thumbnailUrl\":\"https:\\\/\\\/campeche-noticias.com\\\/wp-content\\\/uploads\\\/2025\\\/01\\\/WhatsApp-Image-2025-01-20-at-08.18.51.jpeg\",\"articleSection\":[\"Deportes\"],\"inLanguage\":\"es\",\"potentialAction\":[{\"@type\":\"CommentAction\",\"name\":\"Comment\",\"target\":[\"https:\\\/\\\/campeche-noticias.com\\\/?p=23193#respond\"]}]},{\"@type\":\"WebPage\",\"@id\":\"https:\\\/\\\/campeche-noticias.com\\\/?p=23193\",\"url\":\"https:\\\/\\\/campeche-noticias.com\\\/?p=23193\",\"name\":\"Ram\u00f3n Ram\u00edrez revela lo que fren\u00f3 su llegada a Serie A: \u201cEl miedo me invadi\u00f3\u201d - Campeche Noticias\",\"isPartOf\":{\"@id\":\"https:\\\/\\\/campeche-noticias.com\\\/#website\"},\"primaryImageOfPage\":{\"@id\":\"https:\\\/\\\/campeche-noticias.com\\\/?p=23193#primaryimage\"},\"image\":{\"@id\":\"https:\\\/\\\/campeche-noticias.com\\\/?p=23193#primaryimage\"},\"thumbnailUrl\":\"https:\\\/\\\/campeche-noticias.com\\\/wp-content\\\/uploads\\\/2025\\\/01\\\/WhatsApp-Image-2025-01-20-at-08.18.51.jpeg\",\"datePublished\":\"2025-01-20T13:39:58+00:00\",\"dateModified\":\"2025-01-20T13:39:59+00:00\",\"author\":{\"@id\":\"https:\\\/\\\/campeche-noticias.com\\\/#\\\/schema\\\/person\\\/7940c228049cff34b4cc679f887362f1\"},\"breadcrumb\":{\"@id\":\"https:\\\/\\\/campeche-noticias.com\\\/?p=23193#breadcrumb\"},\"inLanguage\":\"es\",\"potentialAction\":[{\"@type\":\"ReadAction\",\"target\":[\"https:\\\/\\\/campeche-noticias.com\\\/?p=23193\"]}]},{\"@type\":\"ImageObject\",\"inLanguage\":\"es\",\"@id\":\"https:\\\/\\\/campeche-noticias.com\\\/?p=23193#primaryimage\",\"url\":\"https:\\\/\\\/campeche-noticias.com\\\/wp-content\\\/uploads\\\/2025\\\/01\\\/WhatsApp-Image-2025-01-20-at-08.18.51.jpeg\",\"contentUrl\":\"https:\\\/\\\/campeche-noticias.com\\\/wp-content\\\/uploads\\\/2025\\\/01\\\/WhatsApp-Image-2025-01-20-at-08.18.51.jpeg\",\"width\":1004,\"height\":565},{\"@type\":\"BreadcrumbList\",\"@id\":\"https:\\\/\\\/campeche-noticias.com\\\/?p=23193#breadcrumb\",\"itemListElement\":[{\"@type\":\"ListItem\",\"position\":1,\"name\":\"Portada\",\"item\":\"https:\\\/\\\/campeche-noticias.com\\\/\"},{\"@type\":\"ListItem\",\"position\":2,\"name\":\"Ram\u00f3n Ram\u00edrez revela lo que fren\u00f3 su llegada a Serie A: \u201cEl miedo me invadi\u00f3\u201d\"}]},{\"@type\":\"WebSite\",\"@id\":\"https:\\\/\\\/campeche-noticias.com\\\/#website\",\"url\":\"https:\\\/\\\/campeche-noticias.com\\\/\",\"name\":\"Campeche Noticias\",\"description\":\"Campeche Noticias\",\"potentialAction\":[{\"@type\":\"SearchAction\",\"target\":{\"@type\":\"EntryPoint\",\"urlTemplate\":\"https:\\\/\\\/campeche-noticias.com\\\/?s={search_term_string}\"},\"query-input\":{\"@type\":\"PropertyValueSpecification\",\"valueRequired\":true,\"valueName\":\"search_term_string\"}}],\"inLanguage\":\"es\"},{\"@type\":\"Person\",\"@id\":\"https:\\\/\\\/campeche-noticias.com\\\/#\\\/schema\\\/person\\\/7940c228049cff34b4cc679f887362f1\",\"name\":\"admin\",\"sameAs\":[\"https:\\\/\\\/campeche-noticias.com\"],\"url\":\"https:\\\/\\\/campeche-noticias.com\\\/?author=1\"}]}<\/script>\n<!-- \/ Yoast SEO plugin. -->","yoast_head_json":{"title":"Ram\u00f3n Ram\u00edrez revela lo que fren\u00f3 su llegada a Serie A: \u201cEl miedo me invadi\u00f3\u201d - Campeche Noticias","robots":{"index":"index","follow":"follow","max-snippet":"max-snippet:-1","max-image-preview":"max-image-preview:large","max-video-preview":"max-video-preview:-1"},"canonical":"https:\/\/campeche-noticias.com\/?p=23193","og_locale":"es_ES","og_type":"article","og_title":"Ram\u00f3n Ram\u00edrez revela lo que fren\u00f3 su llegada a Serie A: \u201cEl miedo me invadi\u00f3\u201d - Campeche Noticias","og_description":"\ud83d\udd38 El exfutbolista detall\u00f3 que en ese momento la Liga Italiana era la mejor del","og_url":"https:\/\/campeche-noticias.com\/?p=23193","og_site_name":"Campeche Noticias","article_published_time":"2025-01-20T13:39:58+00:00","article_modified_time":"2025-01-20T13:39:59+00:00","author":"admin","twitter_card":"summary_large_image","twitter_misc":{"Escrito por":"admin","Tiempo de lectura":"1 minuto"},"schema":{"@context":"https:\/\/schema.org","@graph":[{"@type":"Article","@id":"https:\/\/campeche-noticias.com\/?p=23193#article","isPartOf":{"@id":"https:\/\/campeche-noticias.com\/?p=23193"},"author":{"name":"admin","@id":"https:\/\/campeche-noticias.com\/#\/schema\/person\/7940c228049cff34b4cc679f887362f1"},"headline":"Ram\u00f3n Ram\u00edrez revela lo que fren\u00f3 su llegada a Serie A: \u201cEl miedo me invadi\u00f3\u201d","datePublished":"2025-01-20T13:39:58+00:00","dateModified":"2025-01-20T13:39:59+00:00","mainEntityOfPage":{"@id":"https:\/\/campeche-noticias.com\/?p=23193"},"wordCount":242,"commentCount":1,"image":{"@id":"https:\/\/campeche-noticias.com\/?p=23193#primaryimage"},"thumbnailUrl":"https:\/\/campeche-noticias.com\/wp-content\/uploads\/2025\/01\/WhatsApp-Image-2025-01-20-at-08.18.51.jpeg","articleSection":["Deportes"],"inLanguage":"es","potentialAction":[{"@type":"CommentAction","name":"Comment","target":["https:\/\/campeche-noticias.com\/?p=23193#respond"]}]},{"@type":"WebPage","@id":"https:\/\/campeche-noticias.com\/?p=23193","url":"https:\/\/campeche-noticias.com\/?p=23193","name":"Ram\u00f3n Ram\u00edrez revela lo que fren\u00f3 su llegada a Serie A: \u201cEl miedo me invadi\u00f3\u201d - Campeche Noticias","isPartOf":{"@id":"https:\/\/campeche-noticias.com\/#website"},"primaryImageOfPage":{"@id":"https:\/\/campeche-noticias.com\/?p=23193#primaryimage"},"image":{"@id":"https:\/\/campeche-noticias.com\/?p=23193#primaryimage"},"thumbnailUrl":"https:\/\/campeche-noticias.com\/wp-content\/uploads\/2025\/01\/WhatsApp-Image-2025-01-20-at-08.18.51.jpeg","datePublished":"2025-01-20T13:39:58+00:00","dateModified":"2025-01-20T13:39:59+00:00","author":{"@id":"https:\/\/campeche-noticias.com\/#\/schema\/person\/7940c228049cff34b4cc679f887362f1"},"breadcrumb":{"@id":"https:\/\/campeche-noticias.com\/?p=23193#breadcrumb"},"inLanguage":"es","potentialAction":[{"@type":"ReadAction","target":["https:\/\/campeche-noticias.com\/?p=23193"]}]},{"@type":"ImageObject","inLanguage":"es","@id":"https:\/\/campeche-noticias.com\/?p=23193#primaryimage","url":"https:\/\/campeche-noticias.com\/wp-content\/uploads\/2025\/01\/WhatsApp-Image-2025-01-20-at-08.18.51.jpeg","contentUrl":"https:\/\/campeche-noticias.com\/wp-content\/uploads\/2025\/01\/WhatsApp-Image-2025-01-20-at-08.18.51.jpeg","width":1004,"height":565},{"@type":"BreadcrumbList","@id":"https:\/\/campeche-noticias.com\/?p=23193#breadcrumb","itemListElement":[{"@type":"ListItem","position":1,"name":"Portada","item":"https:\/\/campeche-noticias.com\/"},{"@type":"ListItem","position":2,"name":"Ram\u00f3n Ram\u00edrez revela lo que fren\u00f3 su llegada a Serie A: \u201cEl miedo me invadi\u00f3\u201d"}]},{"@type":"WebSite","@id":"https:\/\/campeche-noticias.com\/#website","url":"https:\/\/campeche-noticias.com\/","name":"Campeche Noticias","description":"Campeche Noticias","potentialAction":[{"@type":"SearchAction","target":{"@type":"EntryPoint","urlTemplate":"https:\/\/campeche-noticias.com\/?s={search_term_string}"},"query-input":{"@type":"PropertyValueSpecification","valueRequired":true,"valueName":"search_term_string"}}],"inLanguage":"es"},{"@type":"Person","@id":"https:\/\/campeche-noticias.com\/#\/schema\/person\/7940c228049cff34b4cc679f887362f1","name":"admin","sameAs":["https:\/\/campeche-noticias.com"],"url":"https:\/\/campeche-noticias.com\/?author=1"}]}},"_links":{"self":[{"href":"https:\/\/campeche-noticias.com\/index.php?rest_route=\/wp\/v2\/posts\/23193","targetHints":{"allow":["GET"]}}],"collection":[{"href":"https:\/\/campeche-noticias.com\/index.php?rest_route=\/wp\/v2\/posts"}],"about":[{"href":"https:\/\/campeche-noticias.com\/index.php?rest_route=\/wp\/v2\/types\/post"}],"author":[{"embeddable":true,"href":"https:\/\/campeche-noticias.com\/index.php?rest_route=\/wp\/v2\/users\/1"}],"replies":[{"embeddable":true,"href":"https:\/\/campeche-noticias.com\/index.php?rest_route=%2Fwp%2Fv2%2Fcomments&post=23193"}],"version-history":[{"count":1,"href":"https:\/\/campeche-noticias.com\/index.php?rest_route=\/wp\/v2\/posts\/23193\/revisions"}],"predecessor-version":[{"id":23194,"href":"https:\/\/campeche-noticias.com\/index.php?rest_route=\/wp\/v2\/posts\/23193\/revisions\/23194"}],"wp:featuredmedia":[{"embeddable":true,"href":"https:\/\/campeche-noticias.com\/index.php?rest_route=\/wp\/v2\/media\/23195"}],"wp:attachment":[{"href":"https:\/\/campeche-noticias.com\/index.php?rest_route=%2Fwp%2Fv2%2Fmedia&parent=23193"}],"wp:term":[{"taxonomy":"category","embeddable":true,"href":"https:\/\/campeche-noticias.com\/index.php?rest_route=%2Fwp%2Fv2%2Fcategories&post=23193"},{"taxonomy":"post_tag","embeddable":true,"href":"https:\/\/campeche-noticias.com\/index.php?rest_route=%2Fwp%2Fv2%2Ftags&post=23193"}],"curies":[{"name":"wp","href":"https:\/\/api.w.org\/{rel}","templated":true}]}}