{"id":23089,"date":"2025-01-10T12:45:59","date_gmt":"2025-01-10T17:45:59","guid":{"rendered":"https:\/\/campeche-noticias.com\/?p=23089"},"modified":"2025-01-10T17:46:00","modified_gmt":"2025-01-10T17:46:00","slug":"rocio-nahle-garcia-gobernadora-de-veracruz-afirma-que-a-finales-de-enero-arrancaran-los-trabajos-de-rehabilitacion-del-bulevar-la-cangrejera","status":"publish","type":"post","link":"https:\/\/campeche-noticias.com\/?p=23089","title":{"rendered":"Roc\u00edo Nahle Garc\u00eda, Gobernadora de Veracruz, afirma que a finales de enero arrancaran los trabajos de rehabilitaci\u00f3n del bulevar la Cangrejera."},"content":{"rendered":"<p>\ud83d\udd38 Tambi\u00e9n iniciar\u00e1n con el mantenimiento de la v\u00eda de comunicaci\u00f3n Coatzacoalcos- Minatitl\u00e1n a la altura de las Matas.<\/p>\n<p>#VERACRUZ | A finales de este mes arrancan los trabajos de rehabilitaci\u00f3n del bulevar la Cangrejera, as\u00ed lo dio a conocer la Gobernadora del Estado de Veracruz, Roc\u00edo Nahle Garc\u00eda.<\/p>\n<p>Durante su visita a Coatzacoalcos, mencion\u00f3 que ya fue revisado el proyecto, por lo que estim\u00f3 que a m\u00e1s tardar en unas semanas podr\u00edan estar dando el banderazo de arranque de la obra. \u201cYo espero que a m\u00e1s tardar a fin de este mes, porque ya estuvimos revisando el proyecto\u201d,\u2018sostuvo.<\/p>\n<p>Abordada en los bajos del ayuntamiento de Coatzacoalcos, Nahle Garc\u00eda, destac\u00f3 que ya se cuenta con una empresa tambi\u00e9n iniciar\u00e1 con el mantenimiento de la v\u00eda de comunicaci\u00f3n Coatzacoalcos- Minatitl\u00e1n a la altura de las Matas, la cual se encuentra en p\u00e9simas condiciones.<\/p>\n<p>\u201cAhorita de salida voy a revisar, exactamente frente a las matas, ya hay una empresa, que le pedimos que ya entrara, ahorita voy a revisar, ya tengo una empresa que ya entr\u00f3, ahorita voy a supervisar de los dos lados\u201d, dijo. Nahle Garc\u00eda.<\/p>\n<p>Mencion\u00f3 que realiz\u00f3 un recorrido por los trabajos de desmantelamiento de la ex caseta de cobro del puente Coatzacoalcos 1, donde afirm\u00f3 que se proceder\u00e1 al desarrollo de un bulevar a cuatro carriles, pasando la Cangrejera.<\/p>\n<p>\u201cLa supervisi\u00f3n de c\u00f3mo est\u00e1n desmantelando la ex caseta, y revisar el proyecto porque se va a hacer un bulevar, desde donde estaba la caseta, hasta delante de cangrejera, de cuatro carriles, con el libramiento hacia Nanchital\u201d finaliz\u00f3.<\/p>\n","protected":false},"excerpt":{"rendered":"<p>\ud83d\udd38 Tambi\u00e9n iniciar\u00e1n con el mantenimiento de la v\u00eda de comunicaci\u00f3n Coatzacoalcos- Minatitl\u00e1n a la<\/p>\n","protected":false},"author":1,"featured_media":23091,"comment_status":"open","ping_status":"closed","sticky":false,"template":"","format":"standard","meta":{"footnotes":""},"categories":[30],"tags":[],"class_list":["post-23089","post","type-post","status-publish","format-standard","has-post-thumbnail","hentry","category-veracruz"],"yoast_head":"<!-- This site is optimized with the Yoast SEO plugin v27.5 - https:\/\/yoast.com\/product\/yoast-seo-wordpress\/ -->\n<title>Roc\u00edo Nahle Garc\u00eda, Gobernadora de Veracruz, afirma que a finales de enero arrancaran los trabajos de rehabilitaci\u00f3n del bulevar la Cangrejera. - Campeche Noticias<\/title>\n<meta name=\"robots\" content=\"index, follow, max-snippet:-1, max-image-preview:large, max-video-preview:-1\" \/>\n<link rel=\"canonical\" href=\"https:\/\/campeche-noticias.com\/?p=23089\" \/>\n<meta property=\"og:locale\" content=\"es_ES\" \/>\n<meta property=\"og:type\" content=\"article\" \/>\n<meta property=\"og:title\" content=\"Roc\u00edo Nahle Garc\u00eda, Gobernadora de Veracruz, afirma que a finales de enero arrancaran los trabajos de rehabilitaci\u00f3n del bulevar la Cangrejera. - Campeche Noticias\" \/>\n<meta property=\"og:description\" content=\"\ud83d\udd38 Tambi\u00e9n iniciar\u00e1n con el mantenimiento de la v\u00eda de comunicaci\u00f3n Coatzacoalcos- Minatitl\u00e1n a la\" \/>\n<meta property=\"og:url\" content=\"https:\/\/campeche-noticias.com\/?p=23089\" \/>\n<meta property=\"og:site_name\" content=\"Campeche Noticias\" \/>\n<meta property=\"article:published_time\" content=\"2025-01-10T17:45:59+00:00\" \/>\n<meta property=\"article:modified_time\" content=\"2025-01-10T17:46:00+00:00\" \/>\n<meta name=\"author\" content=\"admin\" \/>\n<meta name=\"twitter:card\" content=\"summary_large_image\" \/>\n<meta name=\"twitter:label1\" content=\"Escrito por\" \/>\n\t<meta name=\"twitter:data1\" content=\"admin\" \/>\n\t<meta name=\"twitter:label2\" content=\"Tiempo de lectura\" \/>\n\t<meta name=\"twitter:data2\" content=\"1 minuto\" \/>\n<script type=\"application\/ld+json\" class=\"yoast-schema-graph\">{\"@context\":\"https:\\\/\\\/schema.org\",\"@graph\":[{\"@type\":\"Article\",\"@id\":\"https:\\\/\\\/campeche-noticias.com\\\/?p=23089#article\",\"isPartOf\":{\"@id\":\"https:\\\/\\\/campeche-noticias.com\\\/?p=23089\"},\"author\":{\"name\":\"admin\",\"@id\":\"https:\\\/\\\/campeche-noticias.com\\\/#\\\/schema\\\/person\\\/7940c228049cff34b4cc679f887362f1\"},\"headline\":\"Roc\u00edo Nahle Garc\u00eda, Gobernadora de Veracruz, afirma que a finales de enero arrancaran los trabajos de rehabilitaci\u00f3n del bulevar la Cangrejera.\",\"datePublished\":\"2025-01-10T17:45:59+00:00\",\"dateModified\":\"2025-01-10T17:46:00+00:00\",\"mainEntityOfPage\":{\"@id\":\"https:\\\/\\\/campeche-noticias.com\\\/?p=23089\"},\"wordCount\":302,\"commentCount\":1,\"image\":{\"@id\":\"https:\\\/\\\/campeche-noticias.com\\\/?p=23089#primaryimage\"},\"thumbnailUrl\":\"https:\\\/\\\/campeche-noticias.com\\\/wp-content\\\/uploads\\\/2025\\\/01\\\/WhatsApp-Image-2025-01-10-at-10.57.28.jpeg\",\"articleSection\":[\"VERACRUZ\"],\"inLanguage\":\"es\",\"potentialAction\":[{\"@type\":\"CommentAction\",\"name\":\"Comment\",\"target\":[\"https:\\\/\\\/campeche-noticias.com\\\/?p=23089#respond\"]}]},{\"@type\":\"WebPage\",\"@id\":\"https:\\\/\\\/campeche-noticias.com\\\/?p=23089\",\"url\":\"https:\\\/\\\/campeche-noticias.com\\\/?p=23089\",\"name\":\"Roc\u00edo Nahle Garc\u00eda, Gobernadora de Veracruz, afirma que a finales de enero arrancaran los trabajos de rehabilitaci\u00f3n del bulevar la Cangrejera. - Campeche Noticias\",\"isPartOf\":{\"@id\":\"https:\\\/\\\/campeche-noticias.com\\\/#website\"},\"primaryImageOfPage\":{\"@id\":\"https:\\\/\\\/campeche-noticias.com\\\/?p=23089#primaryimage\"},\"image\":{\"@id\":\"https:\\\/\\\/campeche-noticias.com\\\/?p=23089#primaryimage\"},\"thumbnailUrl\":\"https:\\\/\\\/campeche-noticias.com\\\/wp-content\\\/uploads\\\/2025\\\/01\\\/WhatsApp-Image-2025-01-10-at-10.57.28.jpeg\",\"datePublished\":\"2025-01-10T17:45:59+00:00\",\"dateModified\":\"2025-01-10T17:46:00+00:00\",\"author\":{\"@id\":\"https:\\\/\\\/campeche-noticias.com\\\/#\\\/schema\\\/person\\\/7940c228049cff34b4cc679f887362f1\"},\"breadcrumb\":{\"@id\":\"https:\\\/\\\/campeche-noticias.com\\\/?p=23089#breadcrumb\"},\"inLanguage\":\"es\",\"potentialAction\":[{\"@type\":\"ReadAction\",\"target\":[\"https:\\\/\\\/campeche-noticias.com\\\/?p=23089\"]}]},{\"@type\":\"ImageObject\",\"inLanguage\":\"es\",\"@id\":\"https:\\\/\\\/campeche-noticias.com\\\/?p=23089#primaryimage\",\"url\":\"https:\\\/\\\/campeche-noticias.com\\\/wp-content\\\/uploads\\\/2025\\\/01\\\/WhatsApp-Image-2025-01-10-at-10.57.28.jpeg\",\"contentUrl\":\"https:\\\/\\\/campeche-noticias.com\\\/wp-content\\\/uploads\\\/2025\\\/01\\\/WhatsApp-Image-2025-01-10-at-10.57.28.jpeg\",\"width\":697,\"height\":524},{\"@type\":\"BreadcrumbList\",\"@id\":\"https:\\\/\\\/campeche-noticias.com\\\/?p=23089#breadcrumb\",\"itemListElement\":[{\"@type\":\"ListItem\",\"position\":1,\"name\":\"Portada\",\"item\":\"https:\\\/\\\/campeche-noticias.com\\\/\"},{\"@type\":\"ListItem\",\"position\":2,\"name\":\"Roc\u00edo Nahle Garc\u00eda, Gobernadora de Veracruz, afirma que a finales de enero arrancaran los trabajos de rehabilitaci\u00f3n del bulevar la Cangrejera.\"}]},{\"@type\":\"WebSite\",\"@id\":\"https:\\\/\\\/campeche-noticias.com\\\/#website\",\"url\":\"https:\\\/\\\/campeche-noticias.com\\\/\",\"name\":\"Campeche Noticias\",\"description\":\"Campeche Noticias\",\"potentialAction\":[{\"@type\":\"SearchAction\",\"target\":{\"@type\":\"EntryPoint\",\"urlTemplate\":\"https:\\\/\\\/campeche-noticias.com\\\/?s={search_term_string}\"},\"query-input\":{\"@type\":\"PropertyValueSpecification\",\"valueRequired\":true,\"valueName\":\"search_term_string\"}}],\"inLanguage\":\"es\"},{\"@type\":\"Person\",\"@id\":\"https:\\\/\\\/campeche-noticias.com\\\/#\\\/schema\\\/person\\\/7940c228049cff34b4cc679f887362f1\",\"name\":\"admin\",\"sameAs\":[\"https:\\\/\\\/campeche-noticias.com\"],\"url\":\"https:\\\/\\\/campeche-noticias.com\\\/?author=1\"}]}<\/script>\n<!-- \/ Yoast SEO plugin. -->","yoast_head_json":{"title":"Roc\u00edo Nahle Garc\u00eda, Gobernadora de Veracruz, afirma que a finales de enero arrancaran los trabajos de rehabilitaci\u00f3n del bulevar la Cangrejera. - Campeche Noticias","robots":{"index":"index","follow":"follow","max-snippet":"max-snippet:-1","max-image-preview":"max-image-preview:large","max-video-preview":"max-video-preview:-1"},"canonical":"https:\/\/campeche-noticias.com\/?p=23089","og_locale":"es_ES","og_type":"article","og_title":"Roc\u00edo Nahle Garc\u00eda, Gobernadora de Veracruz, afirma que a finales de enero arrancaran los trabajos de rehabilitaci\u00f3n del bulevar la Cangrejera. - Campeche Noticias","og_description":"\ud83d\udd38 Tambi\u00e9n iniciar\u00e1n con el mantenimiento de la v\u00eda de comunicaci\u00f3n Coatzacoalcos- Minatitl\u00e1n a la","og_url":"https:\/\/campeche-noticias.com\/?p=23089","og_site_name":"Campeche Noticias","article_published_time":"2025-01-10T17:45:59+00:00","article_modified_time":"2025-01-10T17:46:00+00:00","author":"admin","twitter_card":"summary_large_image","twitter_misc":{"Escrito por":"admin","Tiempo de lectura":"1 minuto"},"schema":{"@context":"https:\/\/schema.org","@graph":[{"@type":"Article","@id":"https:\/\/campeche-noticias.com\/?p=23089#article","isPartOf":{"@id":"https:\/\/campeche-noticias.com\/?p=23089"},"author":{"name":"admin","@id":"https:\/\/campeche-noticias.com\/#\/schema\/person\/7940c228049cff34b4cc679f887362f1"},"headline":"Roc\u00edo Nahle Garc\u00eda, Gobernadora de Veracruz, afirma que a finales de enero arrancaran los trabajos de rehabilitaci\u00f3n del bulevar la Cangrejera.","datePublished":"2025-01-10T17:45:59+00:00","dateModified":"2025-01-10T17:46:00+00:00","mainEntityOfPage":{"@id":"https:\/\/campeche-noticias.com\/?p=23089"},"wordCount":302,"commentCount":1,"image":{"@id":"https:\/\/campeche-noticias.com\/?p=23089#primaryimage"},"thumbnailUrl":"https:\/\/campeche-noticias.com\/wp-content\/uploads\/2025\/01\/WhatsApp-Image-2025-01-10-at-10.57.28.jpeg","articleSection":["VERACRUZ"],"inLanguage":"es","potentialAction":[{"@type":"CommentAction","name":"Comment","target":["https:\/\/campeche-noticias.com\/?p=23089#respond"]}]},{"@type":"WebPage","@id":"https:\/\/campeche-noticias.com\/?p=23089","url":"https:\/\/campeche-noticias.com\/?p=23089","name":"Roc\u00edo Nahle Garc\u00eda, Gobernadora de Veracruz, afirma que a finales de enero arrancaran los trabajos de rehabilitaci\u00f3n del bulevar la Cangrejera. - Campeche Noticias","isPartOf":{"@id":"https:\/\/campeche-noticias.com\/#website"},"primaryImageOfPage":{"@id":"https:\/\/campeche-noticias.com\/?p=23089#primaryimage"},"image":{"@id":"https:\/\/campeche-noticias.com\/?p=23089#primaryimage"},"thumbnailUrl":"https:\/\/campeche-noticias.com\/wp-content\/uploads\/2025\/01\/WhatsApp-Image-2025-01-10-at-10.57.28.jpeg","datePublished":"2025-01-10T17:45:59+00:00","dateModified":"2025-01-10T17:46:00+00:00","author":{"@id":"https:\/\/campeche-noticias.com\/#\/schema\/person\/7940c228049cff34b4cc679f887362f1"},"breadcrumb":{"@id":"https:\/\/campeche-noticias.com\/?p=23089#breadcrumb"},"inLanguage":"es","potentialAction":[{"@type":"ReadAction","target":["https:\/\/campeche-noticias.com\/?p=23089"]}]},{"@type":"ImageObject","inLanguage":"es","@id":"https:\/\/campeche-noticias.com\/?p=23089#primaryimage","url":"https:\/\/campeche-noticias.com\/wp-content\/uploads\/2025\/01\/WhatsApp-Image-2025-01-10-at-10.57.28.jpeg","contentUrl":"https:\/\/campeche-noticias.com\/wp-content\/uploads\/2025\/01\/WhatsApp-Image-2025-01-10-at-10.57.28.jpeg","width":697,"height":524},{"@type":"BreadcrumbList","@id":"https:\/\/campeche-noticias.com\/?p=23089#breadcrumb","itemListElement":[{"@type":"ListItem","position":1,"name":"Portada","item":"https:\/\/campeche-noticias.com\/"},{"@type":"ListItem","position":2,"name":"Roc\u00edo Nahle Garc\u00eda, Gobernadora de Veracruz, afirma que a finales de enero arrancaran los trabajos de rehabilitaci\u00f3n del bulevar la Cangrejera."}]},{"@type":"WebSite","@id":"https:\/\/campeche-noticias.com\/#website","url":"https:\/\/campeche-noticias.com\/","name":"Campeche Noticias","description":"Campeche Noticias","potentialAction":[{"@type":"SearchAction","target":{"@type":"EntryPoint","urlTemplate":"https:\/\/campeche-noticias.com\/?s={search_term_string}"},"query-input":{"@type":"PropertyValueSpecification","valueRequired":true,"valueName":"search_term_string"}}],"inLanguage":"es"},{"@type":"Person","@id":"https:\/\/campeche-noticias.com\/#\/schema\/person\/7940c228049cff34b4cc679f887362f1","name":"admin","sameAs":["https:\/\/campeche-noticias.com"],"url":"https:\/\/campeche-noticias.com\/?author=1"}]}},"_links":{"self":[{"href":"https:\/\/campeche-noticias.com\/index.php?rest_route=\/wp\/v2\/posts\/23089","targetHints":{"allow":["GET"]}}],"collection":[{"href":"https:\/\/campeche-noticias.com\/index.php?rest_route=\/wp\/v2\/posts"}],"about":[{"href":"https:\/\/campeche-noticias.com\/index.php?rest_route=\/wp\/v2\/types\/post"}],"author":[{"embeddable":true,"href":"https:\/\/campeche-noticias.com\/index.php?rest_route=\/wp\/v2\/users\/1"}],"replies":[{"embeddable":true,"href":"https:\/\/campeche-noticias.com\/index.php?rest_route=%2Fwp%2Fv2%2Fcomments&post=23089"}],"version-history":[{"count":1,"href":"https:\/\/campeche-noticias.com\/index.php?rest_route=\/wp\/v2\/posts\/23089\/revisions"}],"predecessor-version":[{"id":23090,"href":"https:\/\/campeche-noticias.com\/index.php?rest_route=\/wp\/v2\/posts\/23089\/revisions\/23090"}],"wp:featuredmedia":[{"embeddable":true,"href":"https:\/\/campeche-noticias.com\/index.php?rest_route=\/wp\/v2\/media\/23091"}],"wp:attachment":[{"href":"https:\/\/campeche-noticias.com\/index.php?rest_route=%2Fwp%2Fv2%2Fmedia&parent=23089"}],"wp:term":[{"taxonomy":"category","embeddable":true,"href":"https:\/\/campeche-noticias.com\/index.php?rest_route=%2Fwp%2Fv2%2Fcategories&post=23089"},{"taxonomy":"post_tag","embeddable":true,"href":"https:\/\/campeche-noticias.com\/index.php?rest_route=%2Fwp%2Fv2%2Ftags&post=23089"}],"curies":[{"name":"wp","href":"https:\/\/api.w.org\/{rel}","templated":true}]}}