{"id":22520,"date":"2024-11-08T11:05:55","date_gmt":"2024-11-08T16:05:55","guid":{"rendered":"https:\/\/campeche-noticias.com\/?p=22520"},"modified":"2024-11-08T16:05:57","modified_gmt":"2024-11-08T16:05:57","slug":"mara-lezama-fortalece-infraestructura-de-justicia-con-nueva-sede-de-la-fiscalia-en-cancun-para-beneficio-de-los-quintanarroenses","status":"publish","type":"post","link":"https:\/\/campeche-noticias.com\/?p=22520","title":{"rendered":"Mara Lezama fortalece infraestructura de justicia con nueva sede de la Fiscal\u00eda en Canc\u00fan para beneficio de los quintanarroenses"},"content":{"rendered":"<p>-La Gobernadora Mara Lezama, junto al Fiscal Raciel L\u00f3pez Salazar y el Secretario de Obras P\u00fablicas, Rafael Lara D\u00edaz supervisan la rehabilitaci\u00f3n de la Fiscal\u00eda en Canc\u00fan<\/p>\n<p>-La rehabilitaci\u00f3n de la Fiscal\u00eda busca fortalecer la infraestructura para la persecuci\u00f3n de delitos y garantizar atenci\u00f3n adecuada a los ciudadanos<\/p>\n<p>-La nueva sede de la Fiscal\u00eda, que estaba abandonada desde 2019, estar\u00e1 operativa a finales de este a\u00f1o, mejorando las condiciones para los servidores p\u00fablicos y los ciudadanos<\/p>\n<p>Canc\u00fan.- La gobernadora Mara Lezama Espinosa, el Fiscal General del Estado, Raciel L\u00f3pez Salazar, y el secretario de Obras P\u00fablicas, Rafael Lara D\u00edaz, recorrieron la rehabilitaci\u00f3n de la nueva sede de la Fiscal\u00eda en Canc\u00fan, que permitir\u00e1 fortalecer la infraestructura para investigar, perseguir los delitos y ejercitar la acci\u00f3n penal dentro del marco legal de respeto a los derechos de los ciudadanos.<\/p>\n<p>Durante el recorrido, Mara Lezama inform\u00f3 que antes de terminar este a\u00f1o ya se encontrar\u00e1 operando en su totalidad. El inmueble se encontraba abandonado desde 2019 y ahora se convierte en instalaciones dignas para las y los servidores p\u00fablicos de la Fiscal\u00eda y, principalmente, un espacio para que las y los ciudadanos reciban atenci\u00f3n de manera adecuada y atender los rezagos que durante muchos a\u00f1os se generaron.<\/p>\n<p>\u201cEn este gobierno humanista con coraz\u00f3n feminista ponemos en la prioridad de lo p\u00fablico a los seres humanos que requieren una respuesta efectiva y emp\u00e1tica cuando acuden a denunciar delitos\u201d asegur\u00f3 la gobernadora de Quintana Roo al indicar que esta mejora abona a la construcci\u00f3n de paz y se hace en el marco del Nuevo Acuerdo por el Bienestar y Desarrollo de Quintana Roo.<\/p>\n<p>Se explic\u00f3 que con esta ampliaci\u00f3n y modernizaci\u00f3n de espacios se facilitar\u00e1 la inteligencia de combate y la investigaci\u00f3n de hechos delictivos; habr\u00e1 mayor accesibilidad a la justicia pronta y expedida, y mejor vinculaci\u00f3n entre la Fiscal\u00eda y la ciudadan\u00eda, al poder atenderla con calidad y calidez.<\/p>\n<p>La titular del Ejecutivo a\u00f1adi\u00f3 que en el marco del 50 aniversario de Quintana Roo se fortalece la infraestructura de seguridad y justicia para contribuir a la construcci\u00f3n de una paz duradera, a trav\u00e9s de la correcta impartici\u00f3n de justicia.<\/p>\n","protected":false},"excerpt":{"rendered":"<p>-La Gobernadora Mara Lezama, junto al Fiscal Raciel L\u00f3pez Salazar y el Secretario de Obras<\/p>\n","protected":false},"author":1,"featured_media":22522,"comment_status":"open","ping_status":"closed","sticky":false,"template":"","format":"standard","meta":{"footnotes":""},"categories":[2],"tags":[],"class_list":["post-22520","post","type-post","status-publish","format-standard","has-post-thumbnail","hentry","category-quintana-roo"],"yoast_head":"<!-- This site is optimized with the Yoast SEO plugin v27.5 - https:\/\/yoast.com\/product\/yoast-seo-wordpress\/ -->\n<title>Mara Lezama fortalece infraestructura de justicia con nueva sede de la Fiscal\u00eda en Canc\u00fan para beneficio de los quintanarroenses - Campeche Noticias<\/title>\n<meta name=\"robots\" content=\"index, follow, max-snippet:-1, max-image-preview:large, max-video-preview:-1\" \/>\n<link rel=\"canonical\" href=\"https:\/\/campeche-noticias.com\/?p=22520\" \/>\n<meta property=\"og:locale\" content=\"es_ES\" \/>\n<meta property=\"og:type\" content=\"article\" \/>\n<meta property=\"og:title\" content=\"Mara Lezama fortalece infraestructura de justicia con nueva sede de la Fiscal\u00eda en Canc\u00fan para beneficio de los quintanarroenses - Campeche Noticias\" \/>\n<meta property=\"og:description\" content=\"-La Gobernadora Mara Lezama, junto al Fiscal Raciel L\u00f3pez Salazar y el Secretario de Obras\" \/>\n<meta property=\"og:url\" content=\"https:\/\/campeche-noticias.com\/?p=22520\" \/>\n<meta property=\"og:site_name\" content=\"Campeche Noticias\" \/>\n<meta property=\"article:published_time\" content=\"2024-11-08T16:05:55+00:00\" \/>\n<meta property=\"article:modified_time\" content=\"2024-11-08T16:05:57+00:00\" \/>\n<meta name=\"author\" content=\"admin\" \/>\n<meta name=\"twitter:card\" content=\"summary_large_image\" \/>\n<meta name=\"twitter:label1\" content=\"Escrito por\" \/>\n\t<meta name=\"twitter:data1\" content=\"admin\" \/>\n\t<meta name=\"twitter:label2\" content=\"Tiempo de lectura\" \/>\n\t<meta name=\"twitter:data2\" content=\"2 minutos\" \/>\n<script type=\"application\/ld+json\" class=\"yoast-schema-graph\">{\"@context\":\"https:\\\/\\\/schema.org\",\"@graph\":[{\"@type\":\"Article\",\"@id\":\"https:\\\/\\\/campeche-noticias.com\\\/?p=22520#article\",\"isPartOf\":{\"@id\":\"https:\\\/\\\/campeche-noticias.com\\\/?p=22520\"},\"author\":{\"name\":\"admin\",\"@id\":\"https:\\\/\\\/campeche-noticias.com\\\/#\\\/schema\\\/person\\\/7940c228049cff34b4cc679f887362f1\"},\"headline\":\"Mara Lezama fortalece infraestructura de justicia con nueva sede de la Fiscal\u00eda en Canc\u00fan para beneficio de los quintanarroenses\",\"datePublished\":\"2024-11-08T16:05:55+00:00\",\"dateModified\":\"2024-11-08T16:05:57+00:00\",\"mainEntityOfPage\":{\"@id\":\"https:\\\/\\\/campeche-noticias.com\\\/?p=22520\"},\"wordCount\":415,\"commentCount\":27,\"image\":{\"@id\":\"https:\\\/\\\/campeche-noticias.com\\\/?p=22520#primaryimage\"},\"thumbnailUrl\":\"https:\\\/\\\/campeche-noticias.com\\\/wp-content\\\/uploads\\\/2024\\\/11\\\/WhatsApp-Image-2024-11-08-at-09.12.17.jpeg\",\"articleSection\":[\"Quintana Roo\"],\"inLanguage\":\"es\",\"potentialAction\":[{\"@type\":\"CommentAction\",\"name\":\"Comment\",\"target\":[\"https:\\\/\\\/campeche-noticias.com\\\/?p=22520#respond\"]}]},{\"@type\":\"WebPage\",\"@id\":\"https:\\\/\\\/campeche-noticias.com\\\/?p=22520\",\"url\":\"https:\\\/\\\/campeche-noticias.com\\\/?p=22520\",\"name\":\"Mara Lezama fortalece infraestructura de justicia con nueva sede de la Fiscal\u00eda en Canc\u00fan para beneficio de los quintanarroenses - Campeche Noticias\",\"isPartOf\":{\"@id\":\"https:\\\/\\\/campeche-noticias.com\\\/#website\"},\"primaryImageOfPage\":{\"@id\":\"https:\\\/\\\/campeche-noticias.com\\\/?p=22520#primaryimage\"},\"image\":{\"@id\":\"https:\\\/\\\/campeche-noticias.com\\\/?p=22520#primaryimage\"},\"thumbnailUrl\":\"https:\\\/\\\/campeche-noticias.com\\\/wp-content\\\/uploads\\\/2024\\\/11\\\/WhatsApp-Image-2024-11-08-at-09.12.17.jpeg\",\"datePublished\":\"2024-11-08T16:05:55+00:00\",\"dateModified\":\"2024-11-08T16:05:57+00:00\",\"author\":{\"@id\":\"https:\\\/\\\/campeche-noticias.com\\\/#\\\/schema\\\/person\\\/7940c228049cff34b4cc679f887362f1\"},\"breadcrumb\":{\"@id\":\"https:\\\/\\\/campeche-noticias.com\\\/?p=22520#breadcrumb\"},\"inLanguage\":\"es\",\"potentialAction\":[{\"@type\":\"ReadAction\",\"target\":[\"https:\\\/\\\/campeche-noticias.com\\\/?p=22520\"]}]},{\"@type\":\"ImageObject\",\"inLanguage\":\"es\",\"@id\":\"https:\\\/\\\/campeche-noticias.com\\\/?p=22520#primaryimage\",\"url\":\"https:\\\/\\\/campeche-noticias.com\\\/wp-content\\\/uploads\\\/2024\\\/11\\\/WhatsApp-Image-2024-11-08-at-09.12.17.jpeg\",\"contentUrl\":\"https:\\\/\\\/campeche-noticias.com\\\/wp-content\\\/uploads\\\/2024\\\/11\\\/WhatsApp-Image-2024-11-08-at-09.12.17.jpeg\",\"width\":1600,\"height\":1066},{\"@type\":\"BreadcrumbList\",\"@id\":\"https:\\\/\\\/campeche-noticias.com\\\/?p=22520#breadcrumb\",\"itemListElement\":[{\"@type\":\"ListItem\",\"position\":1,\"name\":\"Portada\",\"item\":\"https:\\\/\\\/campeche-noticias.com\\\/\"},{\"@type\":\"ListItem\",\"position\":2,\"name\":\"Mara Lezama fortalece infraestructura de justicia con nueva sede de la Fiscal\u00eda en Canc\u00fan para beneficio de los quintanarroenses\"}]},{\"@type\":\"WebSite\",\"@id\":\"https:\\\/\\\/campeche-noticias.com\\\/#website\",\"url\":\"https:\\\/\\\/campeche-noticias.com\\\/\",\"name\":\"Campeche Noticias\",\"description\":\"Campeche Noticias\",\"potentialAction\":[{\"@type\":\"SearchAction\",\"target\":{\"@type\":\"EntryPoint\",\"urlTemplate\":\"https:\\\/\\\/campeche-noticias.com\\\/?s={search_term_string}\"},\"query-input\":{\"@type\":\"PropertyValueSpecification\",\"valueRequired\":true,\"valueName\":\"search_term_string\"}}],\"inLanguage\":\"es\"},{\"@type\":\"Person\",\"@id\":\"https:\\\/\\\/campeche-noticias.com\\\/#\\\/schema\\\/person\\\/7940c228049cff34b4cc679f887362f1\",\"name\":\"admin\",\"sameAs\":[\"https:\\\/\\\/campeche-noticias.com\"],\"url\":\"https:\\\/\\\/campeche-noticias.com\\\/?author=1\"}]}<\/script>\n<!-- \/ Yoast SEO plugin. -->","yoast_head_json":{"title":"Mara Lezama fortalece infraestructura de justicia con nueva sede de la Fiscal\u00eda en Canc\u00fan para beneficio de los quintanarroenses - Campeche Noticias","robots":{"index":"index","follow":"follow","max-snippet":"max-snippet:-1","max-image-preview":"max-image-preview:large","max-video-preview":"max-video-preview:-1"},"canonical":"https:\/\/campeche-noticias.com\/?p=22520","og_locale":"es_ES","og_type":"article","og_title":"Mara Lezama fortalece infraestructura de justicia con nueva sede de la Fiscal\u00eda en Canc\u00fan para beneficio de los quintanarroenses - Campeche Noticias","og_description":"-La Gobernadora Mara Lezama, junto al Fiscal Raciel L\u00f3pez Salazar y el Secretario de Obras","og_url":"https:\/\/campeche-noticias.com\/?p=22520","og_site_name":"Campeche Noticias","article_published_time":"2024-11-08T16:05:55+00:00","article_modified_time":"2024-11-08T16:05:57+00:00","author":"admin","twitter_card":"summary_large_image","twitter_misc":{"Escrito por":"admin","Tiempo de lectura":"2 minutos"},"schema":{"@context":"https:\/\/schema.org","@graph":[{"@type":"Article","@id":"https:\/\/campeche-noticias.com\/?p=22520#article","isPartOf":{"@id":"https:\/\/campeche-noticias.com\/?p=22520"},"author":{"name":"admin","@id":"https:\/\/campeche-noticias.com\/#\/schema\/person\/7940c228049cff34b4cc679f887362f1"},"headline":"Mara Lezama fortalece infraestructura de justicia con nueva sede de la Fiscal\u00eda en Canc\u00fan para beneficio de los quintanarroenses","datePublished":"2024-11-08T16:05:55+00:00","dateModified":"2024-11-08T16:05:57+00:00","mainEntityOfPage":{"@id":"https:\/\/campeche-noticias.com\/?p=22520"},"wordCount":415,"commentCount":27,"image":{"@id":"https:\/\/campeche-noticias.com\/?p=22520#primaryimage"},"thumbnailUrl":"https:\/\/campeche-noticias.com\/wp-content\/uploads\/2024\/11\/WhatsApp-Image-2024-11-08-at-09.12.17.jpeg","articleSection":["Quintana Roo"],"inLanguage":"es","potentialAction":[{"@type":"CommentAction","name":"Comment","target":["https:\/\/campeche-noticias.com\/?p=22520#respond"]}]},{"@type":"WebPage","@id":"https:\/\/campeche-noticias.com\/?p=22520","url":"https:\/\/campeche-noticias.com\/?p=22520","name":"Mara Lezama fortalece infraestructura de justicia con nueva sede de la Fiscal\u00eda en Canc\u00fan para beneficio de los quintanarroenses - Campeche Noticias","isPartOf":{"@id":"https:\/\/campeche-noticias.com\/#website"},"primaryImageOfPage":{"@id":"https:\/\/campeche-noticias.com\/?p=22520#primaryimage"},"image":{"@id":"https:\/\/campeche-noticias.com\/?p=22520#primaryimage"},"thumbnailUrl":"https:\/\/campeche-noticias.com\/wp-content\/uploads\/2024\/11\/WhatsApp-Image-2024-11-08-at-09.12.17.jpeg","datePublished":"2024-11-08T16:05:55+00:00","dateModified":"2024-11-08T16:05:57+00:00","author":{"@id":"https:\/\/campeche-noticias.com\/#\/schema\/person\/7940c228049cff34b4cc679f887362f1"},"breadcrumb":{"@id":"https:\/\/campeche-noticias.com\/?p=22520#breadcrumb"},"inLanguage":"es","potentialAction":[{"@type":"ReadAction","target":["https:\/\/campeche-noticias.com\/?p=22520"]}]},{"@type":"ImageObject","inLanguage":"es","@id":"https:\/\/campeche-noticias.com\/?p=22520#primaryimage","url":"https:\/\/campeche-noticias.com\/wp-content\/uploads\/2024\/11\/WhatsApp-Image-2024-11-08-at-09.12.17.jpeg","contentUrl":"https:\/\/campeche-noticias.com\/wp-content\/uploads\/2024\/11\/WhatsApp-Image-2024-11-08-at-09.12.17.jpeg","width":1600,"height":1066},{"@type":"BreadcrumbList","@id":"https:\/\/campeche-noticias.com\/?p=22520#breadcrumb","itemListElement":[{"@type":"ListItem","position":1,"name":"Portada","item":"https:\/\/campeche-noticias.com\/"},{"@type":"ListItem","position":2,"name":"Mara Lezama fortalece infraestructura de justicia con nueva sede de la Fiscal\u00eda en Canc\u00fan para beneficio de los quintanarroenses"}]},{"@type":"WebSite","@id":"https:\/\/campeche-noticias.com\/#website","url":"https:\/\/campeche-noticias.com\/","name":"Campeche Noticias","description":"Campeche Noticias","potentialAction":[{"@type":"SearchAction","target":{"@type":"EntryPoint","urlTemplate":"https:\/\/campeche-noticias.com\/?s={search_term_string}"},"query-input":{"@type":"PropertyValueSpecification","valueRequired":true,"valueName":"search_term_string"}}],"inLanguage":"es"},{"@type":"Person","@id":"https:\/\/campeche-noticias.com\/#\/schema\/person\/7940c228049cff34b4cc679f887362f1","name":"admin","sameAs":["https:\/\/campeche-noticias.com"],"url":"https:\/\/campeche-noticias.com\/?author=1"}]}},"_links":{"self":[{"href":"https:\/\/campeche-noticias.com\/index.php?rest_route=\/wp\/v2\/posts\/22520","targetHints":{"allow":["GET"]}}],"collection":[{"href":"https:\/\/campeche-noticias.com\/index.php?rest_route=\/wp\/v2\/posts"}],"about":[{"href":"https:\/\/campeche-noticias.com\/index.php?rest_route=\/wp\/v2\/types\/post"}],"author":[{"embeddable":true,"href":"https:\/\/campeche-noticias.com\/index.php?rest_route=\/wp\/v2\/users\/1"}],"replies":[{"embeddable":true,"href":"https:\/\/campeche-noticias.com\/index.php?rest_route=%2Fwp%2Fv2%2Fcomments&post=22520"}],"version-history":[{"count":1,"href":"https:\/\/campeche-noticias.com\/index.php?rest_route=\/wp\/v2\/posts\/22520\/revisions"}],"predecessor-version":[{"id":22521,"href":"https:\/\/campeche-noticias.com\/index.php?rest_route=\/wp\/v2\/posts\/22520\/revisions\/22521"}],"wp:featuredmedia":[{"embeddable":true,"href":"https:\/\/campeche-noticias.com\/index.php?rest_route=\/wp\/v2\/media\/22522"}],"wp:attachment":[{"href":"https:\/\/campeche-noticias.com\/index.php?rest_route=%2Fwp%2Fv2%2Fmedia&parent=22520"}],"wp:term":[{"taxonomy":"category","embeddable":true,"href":"https:\/\/campeche-noticias.com\/index.php?rest_route=%2Fwp%2Fv2%2Fcategories&post=22520"},{"taxonomy":"post_tag","embeddable":true,"href":"https:\/\/campeche-noticias.com\/index.php?rest_route=%2Fwp%2Fv2%2Ftags&post=22520"}],"curies":[{"name":"wp","href":"https:\/\/api.w.org\/{rel}","templated":true}]}}