{"id":21734,"date":"2024-09-20T14:27:05","date_gmt":"2024-09-20T19:27:05","guid":{"rendered":"https:\/\/campeche-noticias.com\/?p=21734"},"modified":"2024-09-20T19:27:07","modified_gmt":"2024-09-20T19:27:07","slug":"huacho-diaz-mena-presenta-el-plan-renacimiento-maya-en-convencion-nacional-de-la-industria-maquiladora","status":"publish","type":"post","link":"https:\/\/campeche-noticias.com\/?p=21734","title":{"rendered":"Huacho D\u00edaz Mena presenta el Plan Renacimiento Maya en Convenci\u00f3n Nacional de la Industria Maquiladora"},"content":{"rendered":"<p>\ud83d\udd38 La estrategia tiene como objetivo detonar el desarrollo econ\u00f3mico, social y cultural de la regi\u00f3n<\/p>\n<p>#YUCAT\u00c1N | Durante la 49 Convenci\u00f3n Nacional del Consejo Nacional de la Industria Maquiladora y Manufacturera de Exportaci\u00f3n, Huacho D\u00edaz Mena, gobernador electo de Yucat\u00e1n, dio a conocer su ambicioso proyecto denominado Plan Renacimiento Maya.<\/p>\n<p>Esta iniciativa estrat\u00e9gica tiene como objetivo detonar el desarrollo econ\u00f3mico, social y cultural de la regi\u00f3n, con un enfoque en la preservaci\u00f3n de la rica herencia maya y la creaci\u00f3n de oportunidades para un crecimiento sostenible.<\/p>\n<p>D\u00edaz Mena enfatiz\u00f3 la importancia de integrar la cultura local en el desarrollo, asegurando que el Plan Renacimiento Maya no solo beneficiar\u00e1 a la econom\u00eda, sino que tambi\u00e9n fortalecer\u00e1 la identidad y el patrimonio de los yucatecos.<\/p>\n<p>A medida que se aproxima su toma de posesi\u00f3n, el gobernador electo se muestra optimista sobre el futuro de Yucat\u00e1n y las oportunidades que este plan puede generar para la comunidad.<\/p>\n","protected":false},"excerpt":{"rendered":"<p>\ud83d\udd38 La estrategia tiene como objetivo detonar el desarrollo econ\u00f3mico, social y cultural de la<\/p>\n","protected":false},"author":1,"featured_media":21736,"comment_status":"open","ping_status":"closed","sticky":false,"template":"","format":"standard","meta":{"footnotes":""},"categories":[26],"tags":[],"class_list":["post-21734","post","type-post","status-publish","format-standard","has-post-thumbnail","hentry","category-yucatan"],"yoast_head":"<!-- This site is optimized with the Yoast SEO plugin v27.5 - https:\/\/yoast.com\/product\/yoast-seo-wordpress\/ -->\n<title>Huacho D\u00edaz Mena presenta el Plan Renacimiento Maya en Convenci\u00f3n Nacional de la Industria Maquiladora - Campeche Noticias<\/title>\n<meta name=\"robots\" content=\"index, follow, max-snippet:-1, max-image-preview:large, max-video-preview:-1\" \/>\n<link rel=\"canonical\" href=\"https:\/\/campeche-noticias.com\/?p=21734\" \/>\n<meta property=\"og:locale\" content=\"es_ES\" \/>\n<meta property=\"og:type\" content=\"article\" \/>\n<meta property=\"og:title\" content=\"Huacho D\u00edaz Mena presenta el Plan Renacimiento Maya en Convenci\u00f3n Nacional de la Industria Maquiladora - Campeche Noticias\" \/>\n<meta property=\"og:description\" content=\"\ud83d\udd38 La estrategia tiene como objetivo detonar el desarrollo econ\u00f3mico, social y cultural de la\" \/>\n<meta property=\"og:url\" content=\"https:\/\/campeche-noticias.com\/?p=21734\" \/>\n<meta property=\"og:site_name\" content=\"Campeche Noticias\" \/>\n<meta property=\"article:published_time\" content=\"2024-09-20T19:27:05+00:00\" \/>\n<meta property=\"article:modified_time\" content=\"2024-09-20T19:27:07+00:00\" \/>\n<meta name=\"author\" content=\"admin\" \/>\n<meta name=\"twitter:card\" content=\"summary_large_image\" \/>\n<meta name=\"twitter:label1\" content=\"Escrito por\" \/>\n\t<meta name=\"twitter:data1\" content=\"admin\" \/>\n\t<meta name=\"twitter:label2\" content=\"Tiempo de lectura\" \/>\n\t<meta name=\"twitter:data2\" content=\"1 minuto\" \/>\n<script type=\"application\/ld+json\" class=\"yoast-schema-graph\">{\"@context\":\"https:\\\/\\\/schema.org\",\"@graph\":[{\"@type\":\"Article\",\"@id\":\"https:\\\/\\\/campeche-noticias.com\\\/?p=21734#article\",\"isPartOf\":{\"@id\":\"https:\\\/\\\/campeche-noticias.com\\\/?p=21734\"},\"author\":{\"name\":\"admin\",\"@id\":\"https:\\\/\\\/campeche-noticias.com\\\/#\\\/schema\\\/person\\\/7940c228049cff34b4cc679f887362f1\"},\"headline\":\"Huacho D\u00edaz Mena presenta el Plan Renacimiento Maya en Convenci\u00f3n Nacional de la Industria Maquiladora\",\"datePublished\":\"2024-09-20T19:27:05+00:00\",\"dateModified\":\"2024-09-20T19:27:07+00:00\",\"mainEntityOfPage\":{\"@id\":\"https:\\\/\\\/campeche-noticias.com\\\/?p=21734\"},\"wordCount\":186,\"commentCount\":0,\"image\":{\"@id\":\"https:\\\/\\\/campeche-noticias.com\\\/?p=21734#primaryimage\"},\"thumbnailUrl\":\"https:\\\/\\\/campeche-noticias.com\\\/wp-content\\\/uploads\\\/2024\\\/09\\\/WhatsApp-Image-2024-09-20-at-12.06.37.jpeg\",\"articleSection\":[\"YUCAT\u00c1N\"],\"inLanguage\":\"es\",\"potentialAction\":[{\"@type\":\"CommentAction\",\"name\":\"Comment\",\"target\":[\"https:\\\/\\\/campeche-noticias.com\\\/?p=21734#respond\"]}]},{\"@type\":\"WebPage\",\"@id\":\"https:\\\/\\\/campeche-noticias.com\\\/?p=21734\",\"url\":\"https:\\\/\\\/campeche-noticias.com\\\/?p=21734\",\"name\":\"Huacho D\u00edaz Mena presenta el Plan Renacimiento Maya en Convenci\u00f3n Nacional de la Industria Maquiladora - Campeche Noticias\",\"isPartOf\":{\"@id\":\"https:\\\/\\\/campeche-noticias.com\\\/#website\"},\"primaryImageOfPage\":{\"@id\":\"https:\\\/\\\/campeche-noticias.com\\\/?p=21734#primaryimage\"},\"image\":{\"@id\":\"https:\\\/\\\/campeche-noticias.com\\\/?p=21734#primaryimage\"},\"thumbnailUrl\":\"https:\\\/\\\/campeche-noticias.com\\\/wp-content\\\/uploads\\\/2024\\\/09\\\/WhatsApp-Image-2024-09-20-at-12.06.37.jpeg\",\"datePublished\":\"2024-09-20T19:27:05+00:00\",\"dateModified\":\"2024-09-20T19:27:07+00:00\",\"author\":{\"@id\":\"https:\\\/\\\/campeche-noticias.com\\\/#\\\/schema\\\/person\\\/7940c228049cff34b4cc679f887362f1\"},\"breadcrumb\":{\"@id\":\"https:\\\/\\\/campeche-noticias.com\\\/?p=21734#breadcrumb\"},\"inLanguage\":\"es\",\"potentialAction\":[{\"@type\":\"ReadAction\",\"target\":[\"https:\\\/\\\/campeche-noticias.com\\\/?p=21734\"]}]},{\"@type\":\"ImageObject\",\"inLanguage\":\"es\",\"@id\":\"https:\\\/\\\/campeche-noticias.com\\\/?p=21734#primaryimage\",\"url\":\"https:\\\/\\\/campeche-noticias.com\\\/wp-content\\\/uploads\\\/2024\\\/09\\\/WhatsApp-Image-2024-09-20-at-12.06.37.jpeg\",\"contentUrl\":\"https:\\\/\\\/campeche-noticias.com\\\/wp-content\\\/uploads\\\/2024\\\/09\\\/WhatsApp-Image-2024-09-20-at-12.06.37.jpeg\",\"width\":1600,\"height\":1114},{\"@type\":\"BreadcrumbList\",\"@id\":\"https:\\\/\\\/campeche-noticias.com\\\/?p=21734#breadcrumb\",\"itemListElement\":[{\"@type\":\"ListItem\",\"position\":1,\"name\":\"Portada\",\"item\":\"https:\\\/\\\/campeche-noticias.com\\\/\"},{\"@type\":\"ListItem\",\"position\":2,\"name\":\"Huacho D\u00edaz Mena presenta el Plan Renacimiento Maya en Convenci\u00f3n Nacional de la Industria Maquiladora\"}]},{\"@type\":\"WebSite\",\"@id\":\"https:\\\/\\\/campeche-noticias.com\\\/#website\",\"url\":\"https:\\\/\\\/campeche-noticias.com\\\/\",\"name\":\"Campeche Noticias\",\"description\":\"Campeche Noticias\",\"potentialAction\":[{\"@type\":\"SearchAction\",\"target\":{\"@type\":\"EntryPoint\",\"urlTemplate\":\"https:\\\/\\\/campeche-noticias.com\\\/?s={search_term_string}\"},\"query-input\":{\"@type\":\"PropertyValueSpecification\",\"valueRequired\":true,\"valueName\":\"search_term_string\"}}],\"inLanguage\":\"es\"},{\"@type\":\"Person\",\"@id\":\"https:\\\/\\\/campeche-noticias.com\\\/#\\\/schema\\\/person\\\/7940c228049cff34b4cc679f887362f1\",\"name\":\"admin\",\"sameAs\":[\"https:\\\/\\\/campeche-noticias.com\"],\"url\":\"https:\\\/\\\/campeche-noticias.com\\\/?author=1\"}]}<\/script>\n<!-- \/ Yoast SEO plugin. -->","yoast_head_json":{"title":"Huacho D\u00edaz Mena presenta el Plan Renacimiento Maya en Convenci\u00f3n Nacional de la Industria Maquiladora - Campeche Noticias","robots":{"index":"index","follow":"follow","max-snippet":"max-snippet:-1","max-image-preview":"max-image-preview:large","max-video-preview":"max-video-preview:-1"},"canonical":"https:\/\/campeche-noticias.com\/?p=21734","og_locale":"es_ES","og_type":"article","og_title":"Huacho D\u00edaz Mena presenta el Plan Renacimiento Maya en Convenci\u00f3n Nacional de la Industria Maquiladora - Campeche Noticias","og_description":"\ud83d\udd38 La estrategia tiene como objetivo detonar el desarrollo econ\u00f3mico, social y cultural de la","og_url":"https:\/\/campeche-noticias.com\/?p=21734","og_site_name":"Campeche Noticias","article_published_time":"2024-09-20T19:27:05+00:00","article_modified_time":"2024-09-20T19:27:07+00:00","author":"admin","twitter_card":"summary_large_image","twitter_misc":{"Escrito por":"admin","Tiempo de lectura":"1 minuto"},"schema":{"@context":"https:\/\/schema.org","@graph":[{"@type":"Article","@id":"https:\/\/campeche-noticias.com\/?p=21734#article","isPartOf":{"@id":"https:\/\/campeche-noticias.com\/?p=21734"},"author":{"name":"admin","@id":"https:\/\/campeche-noticias.com\/#\/schema\/person\/7940c228049cff34b4cc679f887362f1"},"headline":"Huacho D\u00edaz Mena presenta el Plan Renacimiento Maya en Convenci\u00f3n Nacional de la Industria Maquiladora","datePublished":"2024-09-20T19:27:05+00:00","dateModified":"2024-09-20T19:27:07+00:00","mainEntityOfPage":{"@id":"https:\/\/campeche-noticias.com\/?p=21734"},"wordCount":186,"commentCount":0,"image":{"@id":"https:\/\/campeche-noticias.com\/?p=21734#primaryimage"},"thumbnailUrl":"https:\/\/campeche-noticias.com\/wp-content\/uploads\/2024\/09\/WhatsApp-Image-2024-09-20-at-12.06.37.jpeg","articleSection":["YUCAT\u00c1N"],"inLanguage":"es","potentialAction":[{"@type":"CommentAction","name":"Comment","target":["https:\/\/campeche-noticias.com\/?p=21734#respond"]}]},{"@type":"WebPage","@id":"https:\/\/campeche-noticias.com\/?p=21734","url":"https:\/\/campeche-noticias.com\/?p=21734","name":"Huacho D\u00edaz Mena presenta el Plan Renacimiento Maya en Convenci\u00f3n Nacional de la Industria Maquiladora - Campeche Noticias","isPartOf":{"@id":"https:\/\/campeche-noticias.com\/#website"},"primaryImageOfPage":{"@id":"https:\/\/campeche-noticias.com\/?p=21734#primaryimage"},"image":{"@id":"https:\/\/campeche-noticias.com\/?p=21734#primaryimage"},"thumbnailUrl":"https:\/\/campeche-noticias.com\/wp-content\/uploads\/2024\/09\/WhatsApp-Image-2024-09-20-at-12.06.37.jpeg","datePublished":"2024-09-20T19:27:05+00:00","dateModified":"2024-09-20T19:27:07+00:00","author":{"@id":"https:\/\/campeche-noticias.com\/#\/schema\/person\/7940c228049cff34b4cc679f887362f1"},"breadcrumb":{"@id":"https:\/\/campeche-noticias.com\/?p=21734#breadcrumb"},"inLanguage":"es","potentialAction":[{"@type":"ReadAction","target":["https:\/\/campeche-noticias.com\/?p=21734"]}]},{"@type":"ImageObject","inLanguage":"es","@id":"https:\/\/campeche-noticias.com\/?p=21734#primaryimage","url":"https:\/\/campeche-noticias.com\/wp-content\/uploads\/2024\/09\/WhatsApp-Image-2024-09-20-at-12.06.37.jpeg","contentUrl":"https:\/\/campeche-noticias.com\/wp-content\/uploads\/2024\/09\/WhatsApp-Image-2024-09-20-at-12.06.37.jpeg","width":1600,"height":1114},{"@type":"BreadcrumbList","@id":"https:\/\/campeche-noticias.com\/?p=21734#breadcrumb","itemListElement":[{"@type":"ListItem","position":1,"name":"Portada","item":"https:\/\/campeche-noticias.com\/"},{"@type":"ListItem","position":2,"name":"Huacho D\u00edaz Mena presenta el Plan Renacimiento Maya en Convenci\u00f3n Nacional de la Industria Maquiladora"}]},{"@type":"WebSite","@id":"https:\/\/campeche-noticias.com\/#website","url":"https:\/\/campeche-noticias.com\/","name":"Campeche Noticias","description":"Campeche Noticias","potentialAction":[{"@type":"SearchAction","target":{"@type":"EntryPoint","urlTemplate":"https:\/\/campeche-noticias.com\/?s={search_term_string}"},"query-input":{"@type":"PropertyValueSpecification","valueRequired":true,"valueName":"search_term_string"}}],"inLanguage":"es"},{"@type":"Person","@id":"https:\/\/campeche-noticias.com\/#\/schema\/person\/7940c228049cff34b4cc679f887362f1","name":"admin","sameAs":["https:\/\/campeche-noticias.com"],"url":"https:\/\/campeche-noticias.com\/?author=1"}]}},"_links":{"self":[{"href":"https:\/\/campeche-noticias.com\/index.php?rest_route=\/wp\/v2\/posts\/21734","targetHints":{"allow":["GET"]}}],"collection":[{"href":"https:\/\/campeche-noticias.com\/index.php?rest_route=\/wp\/v2\/posts"}],"about":[{"href":"https:\/\/campeche-noticias.com\/index.php?rest_route=\/wp\/v2\/types\/post"}],"author":[{"embeddable":true,"href":"https:\/\/campeche-noticias.com\/index.php?rest_route=\/wp\/v2\/users\/1"}],"replies":[{"embeddable":true,"href":"https:\/\/campeche-noticias.com\/index.php?rest_route=%2Fwp%2Fv2%2Fcomments&post=21734"}],"version-history":[{"count":1,"href":"https:\/\/campeche-noticias.com\/index.php?rest_route=\/wp\/v2\/posts\/21734\/revisions"}],"predecessor-version":[{"id":21735,"href":"https:\/\/campeche-noticias.com\/index.php?rest_route=\/wp\/v2\/posts\/21734\/revisions\/21735"}],"wp:featuredmedia":[{"embeddable":true,"href":"https:\/\/campeche-noticias.com\/index.php?rest_route=\/wp\/v2\/media\/21736"}],"wp:attachment":[{"href":"https:\/\/campeche-noticias.com\/index.php?rest_route=%2Fwp%2Fv2%2Fmedia&parent=21734"}],"wp:term":[{"taxonomy":"category","embeddable":true,"href":"https:\/\/campeche-noticias.com\/index.php?rest_route=%2Fwp%2Fv2%2Fcategories&post=21734"},{"taxonomy":"post_tag","embeddable":true,"href":"https:\/\/campeche-noticias.com\/index.php?rest_route=%2Fwp%2Fv2%2Ftags&post=21734"}],"curies":[{"name":"wp","href":"https:\/\/api.w.org\/{rel}","templated":true}]}}