{"id":21710,"date":"2024-09-20T14:05:02","date_gmt":"2024-09-20T19:05:02","guid":{"rendered":"https:\/\/campeche-noticias.com\/?p=21710"},"modified":"2024-09-20T19:05:04","modified_gmt":"2024-09-20T19:05:04","slug":"anuncian-corte-de-agua-en-chetumal-para-este-sabado-21-de-septiembre","status":"publish","type":"post","link":"https:\/\/campeche-noticias.com\/?p=21710","title":{"rendered":"Anuncian corte de agua en Chetumal para este s\u00e1bado 21 de septiembre"},"content":{"rendered":"<p>\ud83d\udd38El corte del vital liquido se debe a trabajos en una fuga.<\/p>\n<p>#CHETUMAL | Aviso importante para los chetumale\u00f1os y es que se acaba de anunciar un corte de agua en Chetumal para ma\u00f1ana, s\u00e1bado 21 de septiembre, mismos que durar\u00e1 casi todo el d\u00eda.<\/p>\n<p>La noticia la dio a conocer la Comisi\u00f3n de Agua Potable y Alcantarillado de Quintana Roo (CAPA) por medio de un comunicado en sus redes sociales donde se\u00f1ala que se \u201csuspender\u00e1 la operaci\u00f3n de la zona de captaci\u00f3n Gonz\u00e1lez Ortega\u201d, esto debido a la reparaci\u00f3n de una fuga en el kil\u00f3metro 23 de la carretera Chetumal- Esc\u00e1rcega.<\/p>\n<p>Toma tus precauciones y medidas necesarias, tal como hacer uso racional del agua potable almacenada en tinacos y cisternas para un periodo de aproximadamente 24 horas.<\/p>\n<p>Las zonas afectadas por el corte de agua en Chetumal; estas son: Aeropuerto: Colonia Campestre, Fraccionamiento ISSSTE, La Herradura, Centro, Barrio Bravo, Primera Legislatura, Fovissste V y Cascadas, Bachilleres, Fovissste III y IV etapa, Colonia Jardines, Nuevo Progreso, Pol\u00edgono 2, Emancipaci\u00f3n, km. 5.5 y Privada Carranza.<\/p>\n<p>Solidaridad: Solidaridad, Proterritorio, Infonavit Proterritorio, L\u00e1zaro C\u00e1rdenas, Andr\u00e9s Quintana Roo, Caribe, Territorio Federal, Bicentenario y La Esperanza, as\u00ed como Arboledas: Colonia del Bosque, 5 de abril y Zona de Granjas, adem\u00e1s de los poblados de Juan Sarabia, Huay Pix, Santa Elena, Parque Industrial y Escuela de Polic\u00eda C4.<\/p>\n","protected":false},"excerpt":{"rendered":"<p>\ud83d\udd38El corte del vital liquido se debe a trabajos en una fuga. #CHETUMAL | Aviso<\/p>\n","protected":false},"author":1,"featured_media":21712,"comment_status":"open","ping_status":"closed","sticky":false,"template":"","format":"standard","meta":{"footnotes":""},"categories":[2],"tags":[],"class_list":["post-21710","post","type-post","status-publish","format-standard","has-post-thumbnail","hentry","category-quintana-roo"],"yoast_head":"<!-- This site is optimized with the Yoast SEO plugin v27.5 - https:\/\/yoast.com\/product\/yoast-seo-wordpress\/ -->\n<title>Anuncian corte de agua en Chetumal para este s\u00e1bado 21 de septiembre - Campeche Noticias<\/title>\n<meta name=\"robots\" content=\"index, follow, max-snippet:-1, max-image-preview:large, max-video-preview:-1\" \/>\n<link rel=\"canonical\" href=\"https:\/\/campeche-noticias.com\/?p=21710\" \/>\n<meta property=\"og:locale\" content=\"es_ES\" \/>\n<meta property=\"og:type\" content=\"article\" \/>\n<meta property=\"og:title\" content=\"Anuncian corte de agua en Chetumal para este s\u00e1bado 21 de septiembre - Campeche Noticias\" \/>\n<meta property=\"og:description\" content=\"\ud83d\udd38El corte del vital liquido se debe a trabajos en una fuga. #CHETUMAL | Aviso\" \/>\n<meta property=\"og:url\" content=\"https:\/\/campeche-noticias.com\/?p=21710\" \/>\n<meta property=\"og:site_name\" content=\"Campeche Noticias\" \/>\n<meta property=\"article:published_time\" content=\"2024-09-20T19:05:02+00:00\" \/>\n<meta property=\"article:modified_time\" content=\"2024-09-20T19:05:04+00:00\" \/>\n<meta name=\"author\" content=\"admin\" \/>\n<meta name=\"twitter:card\" content=\"summary_large_image\" \/>\n<meta name=\"twitter:label1\" content=\"Escrito por\" \/>\n\t<meta name=\"twitter:data1\" content=\"admin\" \/>\n\t<meta name=\"twitter:label2\" content=\"Tiempo de lectura\" \/>\n\t<meta name=\"twitter:data2\" content=\"1 minuto\" \/>\n<script type=\"application\/ld+json\" class=\"yoast-schema-graph\">{\"@context\":\"https:\\\/\\\/schema.org\",\"@graph\":[{\"@type\":\"Article\",\"@id\":\"https:\\\/\\\/campeche-noticias.com\\\/?p=21710#article\",\"isPartOf\":{\"@id\":\"https:\\\/\\\/campeche-noticias.com\\\/?p=21710\"},\"author\":{\"name\":\"admin\",\"@id\":\"https:\\\/\\\/campeche-noticias.com\\\/#\\\/schema\\\/person\\\/7940c228049cff34b4cc679f887362f1\"},\"headline\":\"Anuncian corte de agua en Chetumal para este s\u00e1bado 21 de septiembre\",\"datePublished\":\"2024-09-20T19:05:02+00:00\",\"dateModified\":\"2024-09-20T19:05:04+00:00\",\"mainEntityOfPage\":{\"@id\":\"https:\\\/\\\/campeche-noticias.com\\\/?p=21710\"},\"wordCount\":246,\"commentCount\":0,\"image\":{\"@id\":\"https:\\\/\\\/campeche-noticias.com\\\/?p=21710#primaryimage\"},\"thumbnailUrl\":\"https:\\\/\\\/campeche-noticias.com\\\/wp-content\\\/uploads\\\/2024\\\/09\\\/WhatsApp-Image-2024-09-20-at-10.43.30.jpeg\",\"articleSection\":[\"Quintana Roo\"],\"inLanguage\":\"es\",\"potentialAction\":[{\"@type\":\"CommentAction\",\"name\":\"Comment\",\"target\":[\"https:\\\/\\\/campeche-noticias.com\\\/?p=21710#respond\"]}]},{\"@type\":\"WebPage\",\"@id\":\"https:\\\/\\\/campeche-noticias.com\\\/?p=21710\",\"url\":\"https:\\\/\\\/campeche-noticias.com\\\/?p=21710\",\"name\":\"Anuncian corte de agua en Chetumal para este s\u00e1bado 21 de septiembre - Campeche Noticias\",\"isPartOf\":{\"@id\":\"https:\\\/\\\/campeche-noticias.com\\\/#website\"},\"primaryImageOfPage\":{\"@id\":\"https:\\\/\\\/campeche-noticias.com\\\/?p=21710#primaryimage\"},\"image\":{\"@id\":\"https:\\\/\\\/campeche-noticias.com\\\/?p=21710#primaryimage\"},\"thumbnailUrl\":\"https:\\\/\\\/campeche-noticias.com\\\/wp-content\\\/uploads\\\/2024\\\/09\\\/WhatsApp-Image-2024-09-20-at-10.43.30.jpeg\",\"datePublished\":\"2024-09-20T19:05:02+00:00\",\"dateModified\":\"2024-09-20T19:05:04+00:00\",\"author\":{\"@id\":\"https:\\\/\\\/campeche-noticias.com\\\/#\\\/schema\\\/person\\\/7940c228049cff34b4cc679f887362f1\"},\"breadcrumb\":{\"@id\":\"https:\\\/\\\/campeche-noticias.com\\\/?p=21710#breadcrumb\"},\"inLanguage\":\"es\",\"potentialAction\":[{\"@type\":\"ReadAction\",\"target\":[\"https:\\\/\\\/campeche-noticias.com\\\/?p=21710\"]}]},{\"@type\":\"ImageObject\",\"inLanguage\":\"es\",\"@id\":\"https:\\\/\\\/campeche-noticias.com\\\/?p=21710#primaryimage\",\"url\":\"https:\\\/\\\/campeche-noticias.com\\\/wp-content\\\/uploads\\\/2024\\\/09\\\/WhatsApp-Image-2024-09-20-at-10.43.30.jpeg\",\"contentUrl\":\"https:\\\/\\\/campeche-noticias.com\\\/wp-content\\\/uploads\\\/2024\\\/09\\\/WhatsApp-Image-2024-09-20-at-10.43.30.jpeg\",\"width\":430,\"height\":633},{\"@type\":\"BreadcrumbList\",\"@id\":\"https:\\\/\\\/campeche-noticias.com\\\/?p=21710#breadcrumb\",\"itemListElement\":[{\"@type\":\"ListItem\",\"position\":1,\"name\":\"Portada\",\"item\":\"https:\\\/\\\/campeche-noticias.com\\\/\"},{\"@type\":\"ListItem\",\"position\":2,\"name\":\"Anuncian corte de agua en Chetumal para este s\u00e1bado 21 de septiembre\"}]},{\"@type\":\"WebSite\",\"@id\":\"https:\\\/\\\/campeche-noticias.com\\\/#website\",\"url\":\"https:\\\/\\\/campeche-noticias.com\\\/\",\"name\":\"Campeche Noticias\",\"description\":\"Campeche Noticias\",\"potentialAction\":[{\"@type\":\"SearchAction\",\"target\":{\"@type\":\"EntryPoint\",\"urlTemplate\":\"https:\\\/\\\/campeche-noticias.com\\\/?s={search_term_string}\"},\"query-input\":{\"@type\":\"PropertyValueSpecification\",\"valueRequired\":true,\"valueName\":\"search_term_string\"}}],\"inLanguage\":\"es\"},{\"@type\":\"Person\",\"@id\":\"https:\\\/\\\/campeche-noticias.com\\\/#\\\/schema\\\/person\\\/7940c228049cff34b4cc679f887362f1\",\"name\":\"admin\",\"sameAs\":[\"https:\\\/\\\/campeche-noticias.com\"],\"url\":\"https:\\\/\\\/campeche-noticias.com\\\/?author=1\"}]}<\/script>\n<!-- \/ Yoast SEO plugin. -->","yoast_head_json":{"title":"Anuncian corte de agua en Chetumal para este s\u00e1bado 21 de septiembre - Campeche Noticias","robots":{"index":"index","follow":"follow","max-snippet":"max-snippet:-1","max-image-preview":"max-image-preview:large","max-video-preview":"max-video-preview:-1"},"canonical":"https:\/\/campeche-noticias.com\/?p=21710","og_locale":"es_ES","og_type":"article","og_title":"Anuncian corte de agua en Chetumal para este s\u00e1bado 21 de septiembre - Campeche Noticias","og_description":"\ud83d\udd38El corte del vital liquido se debe a trabajos en una fuga. #CHETUMAL | Aviso","og_url":"https:\/\/campeche-noticias.com\/?p=21710","og_site_name":"Campeche Noticias","article_published_time":"2024-09-20T19:05:02+00:00","article_modified_time":"2024-09-20T19:05:04+00:00","author":"admin","twitter_card":"summary_large_image","twitter_misc":{"Escrito por":"admin","Tiempo de lectura":"1 minuto"},"schema":{"@context":"https:\/\/schema.org","@graph":[{"@type":"Article","@id":"https:\/\/campeche-noticias.com\/?p=21710#article","isPartOf":{"@id":"https:\/\/campeche-noticias.com\/?p=21710"},"author":{"name":"admin","@id":"https:\/\/campeche-noticias.com\/#\/schema\/person\/7940c228049cff34b4cc679f887362f1"},"headline":"Anuncian corte de agua en Chetumal para este s\u00e1bado 21 de septiembre","datePublished":"2024-09-20T19:05:02+00:00","dateModified":"2024-09-20T19:05:04+00:00","mainEntityOfPage":{"@id":"https:\/\/campeche-noticias.com\/?p=21710"},"wordCount":246,"commentCount":0,"image":{"@id":"https:\/\/campeche-noticias.com\/?p=21710#primaryimage"},"thumbnailUrl":"https:\/\/campeche-noticias.com\/wp-content\/uploads\/2024\/09\/WhatsApp-Image-2024-09-20-at-10.43.30.jpeg","articleSection":["Quintana Roo"],"inLanguage":"es","potentialAction":[{"@type":"CommentAction","name":"Comment","target":["https:\/\/campeche-noticias.com\/?p=21710#respond"]}]},{"@type":"WebPage","@id":"https:\/\/campeche-noticias.com\/?p=21710","url":"https:\/\/campeche-noticias.com\/?p=21710","name":"Anuncian corte de agua en Chetumal para este s\u00e1bado 21 de septiembre - Campeche Noticias","isPartOf":{"@id":"https:\/\/campeche-noticias.com\/#website"},"primaryImageOfPage":{"@id":"https:\/\/campeche-noticias.com\/?p=21710#primaryimage"},"image":{"@id":"https:\/\/campeche-noticias.com\/?p=21710#primaryimage"},"thumbnailUrl":"https:\/\/campeche-noticias.com\/wp-content\/uploads\/2024\/09\/WhatsApp-Image-2024-09-20-at-10.43.30.jpeg","datePublished":"2024-09-20T19:05:02+00:00","dateModified":"2024-09-20T19:05:04+00:00","author":{"@id":"https:\/\/campeche-noticias.com\/#\/schema\/person\/7940c228049cff34b4cc679f887362f1"},"breadcrumb":{"@id":"https:\/\/campeche-noticias.com\/?p=21710#breadcrumb"},"inLanguage":"es","potentialAction":[{"@type":"ReadAction","target":["https:\/\/campeche-noticias.com\/?p=21710"]}]},{"@type":"ImageObject","inLanguage":"es","@id":"https:\/\/campeche-noticias.com\/?p=21710#primaryimage","url":"https:\/\/campeche-noticias.com\/wp-content\/uploads\/2024\/09\/WhatsApp-Image-2024-09-20-at-10.43.30.jpeg","contentUrl":"https:\/\/campeche-noticias.com\/wp-content\/uploads\/2024\/09\/WhatsApp-Image-2024-09-20-at-10.43.30.jpeg","width":430,"height":633},{"@type":"BreadcrumbList","@id":"https:\/\/campeche-noticias.com\/?p=21710#breadcrumb","itemListElement":[{"@type":"ListItem","position":1,"name":"Portada","item":"https:\/\/campeche-noticias.com\/"},{"@type":"ListItem","position":2,"name":"Anuncian corte de agua en Chetumal para este s\u00e1bado 21 de septiembre"}]},{"@type":"WebSite","@id":"https:\/\/campeche-noticias.com\/#website","url":"https:\/\/campeche-noticias.com\/","name":"Campeche Noticias","description":"Campeche Noticias","potentialAction":[{"@type":"SearchAction","target":{"@type":"EntryPoint","urlTemplate":"https:\/\/campeche-noticias.com\/?s={search_term_string}"},"query-input":{"@type":"PropertyValueSpecification","valueRequired":true,"valueName":"search_term_string"}}],"inLanguage":"es"},{"@type":"Person","@id":"https:\/\/campeche-noticias.com\/#\/schema\/person\/7940c228049cff34b4cc679f887362f1","name":"admin","sameAs":["https:\/\/campeche-noticias.com"],"url":"https:\/\/campeche-noticias.com\/?author=1"}]}},"_links":{"self":[{"href":"https:\/\/campeche-noticias.com\/index.php?rest_route=\/wp\/v2\/posts\/21710","targetHints":{"allow":["GET"]}}],"collection":[{"href":"https:\/\/campeche-noticias.com\/index.php?rest_route=\/wp\/v2\/posts"}],"about":[{"href":"https:\/\/campeche-noticias.com\/index.php?rest_route=\/wp\/v2\/types\/post"}],"author":[{"embeddable":true,"href":"https:\/\/campeche-noticias.com\/index.php?rest_route=\/wp\/v2\/users\/1"}],"replies":[{"embeddable":true,"href":"https:\/\/campeche-noticias.com\/index.php?rest_route=%2Fwp%2Fv2%2Fcomments&post=21710"}],"version-history":[{"count":1,"href":"https:\/\/campeche-noticias.com\/index.php?rest_route=\/wp\/v2\/posts\/21710\/revisions"}],"predecessor-version":[{"id":21711,"href":"https:\/\/campeche-noticias.com\/index.php?rest_route=\/wp\/v2\/posts\/21710\/revisions\/21711"}],"wp:featuredmedia":[{"embeddable":true,"href":"https:\/\/campeche-noticias.com\/index.php?rest_route=\/wp\/v2\/media\/21712"}],"wp:attachment":[{"href":"https:\/\/campeche-noticias.com\/index.php?rest_route=%2Fwp%2Fv2%2Fmedia&parent=21710"}],"wp:term":[{"taxonomy":"category","embeddable":true,"href":"https:\/\/campeche-noticias.com\/index.php?rest_route=%2Fwp%2Fv2%2Fcategories&post=21710"},{"taxonomy":"post_tag","embeddable":true,"href":"https:\/\/campeche-noticias.com\/index.php?rest_route=%2Fwp%2Fv2%2Ftags&post=21710"}],"curies":[{"name":"wp","href":"https:\/\/api.w.org\/{rel}","templated":true}]}}