{"id":21588,"date":"2024-09-06T09:45:40","date_gmt":"2024-09-06T14:45:40","guid":{"rendered":"https:\/\/campeche-noticias.com\/?p=21588"},"modified":"2024-09-07T17:36:53","modified_gmt":"2024-09-07T17:36:53","slug":"rafa-provoca-envidia-entre-los-fans-del-tri","status":"publish","type":"post","link":"https:\/\/campeche-noticias.com\/?p=21588","title":{"rendered":"Rafa provoca &#8216;envidia&#8217; entre los fans del Tri"},"content":{"rendered":"<p>\ud83d\udd38Juan logr\u00f3 lo impensable en el arribo del Tri a la sede del debut de Javier Aguirre como DT.<\/p>\n<p>#DEPORTES | La Selecci\u00f3n Mexicana lleg\u00f3 a Los \u00c1ngeles de cara al debut de Javier Aguirre y Rafa M\u00e1rquez hizo que un aficionado fuera la envidia de muchos por lograr el aut\u00f3grafo del K\u00e1iser Azteca.<\/p>\n<p>Juan, oriundo de Duarte, California, pero de familia de La Piedad, ciudad cercana a Zamora, donde naci\u00f3 Rafa M\u00e1rquez, fue al arribo del Tri a Estados Unidos con el objetivo de conseguir la firma.<\/p>\n<p>El aficionado mexicano ense\u00f1\u00f3 el jersey del Barcelona de la Final de la Champions League 2008-09 que gan\u00f3 el cuadro espa\u00f1ol al Manchester United.<\/p>\n<p>\u00abOjal\u00e1, es para lo que venimos, para la firma de Rafa y de los que podamos conseguir. Vamos a ver si nos la firma para enmarcarla\u00bb.<\/p>\n<p>Tras la bajada del autob\u00fas que los llev\u00f3 a su hotel de concentraci\u00f3n, Rafa M\u00e1rquez se detuvo a firmar playeras de los aficionados que llevan de la Selecci\u00f3n Mexicana y posteriormente se acerco a Juan.<\/p>\n<p>\u00abSe logr\u00f3 el objetivo mucha emoci\u00f3n y nervio, felicidad, todos los sentimientos que te puedes imaginar. Lograr esta firma significa mucho, es la m\u00e1s preciada, esta va enmarcada junto a las dem\u00e1s colecciones, pero va en medio\u00bb.<\/p>\n","protected":false},"excerpt":{"rendered":"<p>\ud83d\udd38Juan logr\u00f3 lo impensable en el arribo del Tri a la sede del debut de<\/p>\n","protected":false},"author":1,"featured_media":21590,"comment_status":"open","ping_status":"closed","sticky":false,"template":"","format":"standard","meta":{"footnotes":""},"categories":[3],"tags":[],"class_list":["post-21588","post","type-post","status-publish","format-standard","has-post-thumbnail","hentry","category-deportes"],"yoast_head":"<!-- This site is optimized with the Yoast SEO plugin v27.5 - https:\/\/yoast.com\/product\/yoast-seo-wordpress\/ -->\n<title>Rafa provoca &#039;envidia&#039; entre los fans del Tri - Campeche Noticias<\/title>\n<meta name=\"robots\" content=\"index, follow, max-snippet:-1, max-image-preview:large, max-video-preview:-1\" \/>\n<link rel=\"canonical\" href=\"https:\/\/campeche-noticias.com\/?p=21588\" \/>\n<meta property=\"og:locale\" content=\"es_ES\" \/>\n<meta property=\"og:type\" content=\"article\" \/>\n<meta property=\"og:title\" content=\"Rafa provoca &#039;envidia&#039; entre los fans del Tri - Campeche Noticias\" \/>\n<meta property=\"og:description\" content=\"\ud83d\udd38Juan logr\u00f3 lo impensable en el arribo del Tri a la sede del debut de\" \/>\n<meta property=\"og:url\" content=\"https:\/\/campeche-noticias.com\/?p=21588\" \/>\n<meta property=\"og:site_name\" content=\"Campeche Noticias\" \/>\n<meta property=\"article:published_time\" content=\"2024-09-06T14:45:40+00:00\" \/>\n<meta property=\"article:modified_time\" content=\"2024-09-07T17:36:53+00:00\" \/>\n<meta name=\"author\" content=\"admin\" \/>\n<meta name=\"twitter:card\" content=\"summary_large_image\" \/>\n<meta name=\"twitter:label1\" content=\"Escrito por\" \/>\n\t<meta name=\"twitter:data1\" content=\"admin\" \/>\n\t<meta name=\"twitter:label2\" content=\"Tiempo de lectura\" \/>\n\t<meta name=\"twitter:data2\" content=\"1 minuto\" \/>\n<script type=\"application\/ld+json\" class=\"yoast-schema-graph\">{\"@context\":\"https:\\\/\\\/schema.org\",\"@graph\":[{\"@type\":\"Article\",\"@id\":\"https:\\\/\\\/campeche-noticias.com\\\/?p=21588#article\",\"isPartOf\":{\"@id\":\"https:\\\/\\\/campeche-noticias.com\\\/?p=21588\"},\"author\":{\"name\":\"admin\",\"@id\":\"https:\\\/\\\/campeche-noticias.com\\\/#\\\/schema\\\/person\\\/7940c228049cff34b4cc679f887362f1\"},\"headline\":\"Rafa provoca &#8216;envidia&#8217; entre los fans del Tri\",\"datePublished\":\"2024-09-06T14:45:40+00:00\",\"dateModified\":\"2024-09-07T17:36:53+00:00\",\"mainEntityOfPage\":{\"@id\":\"https:\\\/\\\/campeche-noticias.com\\\/?p=21588\"},\"wordCount\":230,\"commentCount\":917,\"image\":{\"@id\":\"https:\\\/\\\/campeche-noticias.com\\\/?p=21588#primaryimage\"},\"thumbnailUrl\":\"https:\\\/\\\/campeche-noticias.com\\\/wp-content\\\/uploads\\\/2024\\\/09\\\/WhatsApp-Image-2024-09-06-at-09.45.24.jpeg\",\"articleSection\":[\"Deportes\"],\"inLanguage\":\"es\",\"potentialAction\":[{\"@type\":\"CommentAction\",\"name\":\"Comment\",\"target\":[\"https:\\\/\\\/campeche-noticias.com\\\/?p=21588#respond\"]}]},{\"@type\":\"WebPage\",\"@id\":\"https:\\\/\\\/campeche-noticias.com\\\/?p=21588\",\"url\":\"https:\\\/\\\/campeche-noticias.com\\\/?p=21588\",\"name\":\"Rafa provoca 'envidia' entre los fans del Tri - Campeche Noticias\",\"isPartOf\":{\"@id\":\"https:\\\/\\\/campeche-noticias.com\\\/#website\"},\"primaryImageOfPage\":{\"@id\":\"https:\\\/\\\/campeche-noticias.com\\\/?p=21588#primaryimage\"},\"image\":{\"@id\":\"https:\\\/\\\/campeche-noticias.com\\\/?p=21588#primaryimage\"},\"thumbnailUrl\":\"https:\\\/\\\/campeche-noticias.com\\\/wp-content\\\/uploads\\\/2024\\\/09\\\/WhatsApp-Image-2024-09-06-at-09.45.24.jpeg\",\"datePublished\":\"2024-09-06T14:45:40+00:00\",\"dateModified\":\"2024-09-07T17:36:53+00:00\",\"author\":{\"@id\":\"https:\\\/\\\/campeche-noticias.com\\\/#\\\/schema\\\/person\\\/7940c228049cff34b4cc679f887362f1\"},\"breadcrumb\":{\"@id\":\"https:\\\/\\\/campeche-noticias.com\\\/?p=21588#breadcrumb\"},\"inLanguage\":\"es\",\"potentialAction\":[{\"@type\":\"ReadAction\",\"target\":[\"https:\\\/\\\/campeche-noticias.com\\\/?p=21588\"]}]},{\"@type\":\"ImageObject\",\"inLanguage\":\"es\",\"@id\":\"https:\\\/\\\/campeche-noticias.com\\\/?p=21588#primaryimage\",\"url\":\"https:\\\/\\\/campeche-noticias.com\\\/wp-content\\\/uploads\\\/2024\\\/09\\\/WhatsApp-Image-2024-09-06-at-09.45.24.jpeg\",\"contentUrl\":\"https:\\\/\\\/campeche-noticias.com\\\/wp-content\\\/uploads\\\/2024\\\/09\\\/WhatsApp-Image-2024-09-06-at-09.45.24.jpeg\",\"width\":822,\"height\":461},{\"@type\":\"BreadcrumbList\",\"@id\":\"https:\\\/\\\/campeche-noticias.com\\\/?p=21588#breadcrumb\",\"itemListElement\":[{\"@type\":\"ListItem\",\"position\":1,\"name\":\"Portada\",\"item\":\"https:\\\/\\\/campeche-noticias.com\\\/\"},{\"@type\":\"ListItem\",\"position\":2,\"name\":\"Rafa provoca &#8216;envidia&#8217; entre los fans del Tri\"}]},{\"@type\":\"WebSite\",\"@id\":\"https:\\\/\\\/campeche-noticias.com\\\/#website\",\"url\":\"https:\\\/\\\/campeche-noticias.com\\\/\",\"name\":\"Campeche Noticias\",\"description\":\"Campeche Noticias\",\"potentialAction\":[{\"@type\":\"SearchAction\",\"target\":{\"@type\":\"EntryPoint\",\"urlTemplate\":\"https:\\\/\\\/campeche-noticias.com\\\/?s={search_term_string}\"},\"query-input\":{\"@type\":\"PropertyValueSpecification\",\"valueRequired\":true,\"valueName\":\"search_term_string\"}}],\"inLanguage\":\"es\"},{\"@type\":\"Person\",\"@id\":\"https:\\\/\\\/campeche-noticias.com\\\/#\\\/schema\\\/person\\\/7940c228049cff34b4cc679f887362f1\",\"name\":\"admin\",\"sameAs\":[\"https:\\\/\\\/campeche-noticias.com\"],\"url\":\"https:\\\/\\\/campeche-noticias.com\\\/?author=1\"}]}<\/script>\n<!-- \/ Yoast SEO plugin. -->","yoast_head_json":{"title":"Rafa provoca 'envidia' entre los fans del Tri - Campeche Noticias","robots":{"index":"index","follow":"follow","max-snippet":"max-snippet:-1","max-image-preview":"max-image-preview:large","max-video-preview":"max-video-preview:-1"},"canonical":"https:\/\/campeche-noticias.com\/?p=21588","og_locale":"es_ES","og_type":"article","og_title":"Rafa provoca 'envidia' entre los fans del Tri - Campeche Noticias","og_description":"\ud83d\udd38Juan logr\u00f3 lo impensable en el arribo del Tri a la sede del debut de","og_url":"https:\/\/campeche-noticias.com\/?p=21588","og_site_name":"Campeche Noticias","article_published_time":"2024-09-06T14:45:40+00:00","article_modified_time":"2024-09-07T17:36:53+00:00","author":"admin","twitter_card":"summary_large_image","twitter_misc":{"Escrito por":"admin","Tiempo de lectura":"1 minuto"},"schema":{"@context":"https:\/\/schema.org","@graph":[{"@type":"Article","@id":"https:\/\/campeche-noticias.com\/?p=21588#article","isPartOf":{"@id":"https:\/\/campeche-noticias.com\/?p=21588"},"author":{"name":"admin","@id":"https:\/\/campeche-noticias.com\/#\/schema\/person\/7940c228049cff34b4cc679f887362f1"},"headline":"Rafa provoca &#8216;envidia&#8217; entre los fans del Tri","datePublished":"2024-09-06T14:45:40+00:00","dateModified":"2024-09-07T17:36:53+00:00","mainEntityOfPage":{"@id":"https:\/\/campeche-noticias.com\/?p=21588"},"wordCount":230,"commentCount":917,"image":{"@id":"https:\/\/campeche-noticias.com\/?p=21588#primaryimage"},"thumbnailUrl":"https:\/\/campeche-noticias.com\/wp-content\/uploads\/2024\/09\/WhatsApp-Image-2024-09-06-at-09.45.24.jpeg","articleSection":["Deportes"],"inLanguage":"es","potentialAction":[{"@type":"CommentAction","name":"Comment","target":["https:\/\/campeche-noticias.com\/?p=21588#respond"]}]},{"@type":"WebPage","@id":"https:\/\/campeche-noticias.com\/?p=21588","url":"https:\/\/campeche-noticias.com\/?p=21588","name":"Rafa provoca 'envidia' entre los fans del Tri - Campeche Noticias","isPartOf":{"@id":"https:\/\/campeche-noticias.com\/#website"},"primaryImageOfPage":{"@id":"https:\/\/campeche-noticias.com\/?p=21588#primaryimage"},"image":{"@id":"https:\/\/campeche-noticias.com\/?p=21588#primaryimage"},"thumbnailUrl":"https:\/\/campeche-noticias.com\/wp-content\/uploads\/2024\/09\/WhatsApp-Image-2024-09-06-at-09.45.24.jpeg","datePublished":"2024-09-06T14:45:40+00:00","dateModified":"2024-09-07T17:36:53+00:00","author":{"@id":"https:\/\/campeche-noticias.com\/#\/schema\/person\/7940c228049cff34b4cc679f887362f1"},"breadcrumb":{"@id":"https:\/\/campeche-noticias.com\/?p=21588#breadcrumb"},"inLanguage":"es","potentialAction":[{"@type":"ReadAction","target":["https:\/\/campeche-noticias.com\/?p=21588"]}]},{"@type":"ImageObject","inLanguage":"es","@id":"https:\/\/campeche-noticias.com\/?p=21588#primaryimage","url":"https:\/\/campeche-noticias.com\/wp-content\/uploads\/2024\/09\/WhatsApp-Image-2024-09-06-at-09.45.24.jpeg","contentUrl":"https:\/\/campeche-noticias.com\/wp-content\/uploads\/2024\/09\/WhatsApp-Image-2024-09-06-at-09.45.24.jpeg","width":822,"height":461},{"@type":"BreadcrumbList","@id":"https:\/\/campeche-noticias.com\/?p=21588#breadcrumb","itemListElement":[{"@type":"ListItem","position":1,"name":"Portada","item":"https:\/\/campeche-noticias.com\/"},{"@type":"ListItem","position":2,"name":"Rafa provoca &#8216;envidia&#8217; entre los fans del Tri"}]},{"@type":"WebSite","@id":"https:\/\/campeche-noticias.com\/#website","url":"https:\/\/campeche-noticias.com\/","name":"Campeche Noticias","description":"Campeche Noticias","potentialAction":[{"@type":"SearchAction","target":{"@type":"EntryPoint","urlTemplate":"https:\/\/campeche-noticias.com\/?s={search_term_string}"},"query-input":{"@type":"PropertyValueSpecification","valueRequired":true,"valueName":"search_term_string"}}],"inLanguage":"es"},{"@type":"Person","@id":"https:\/\/campeche-noticias.com\/#\/schema\/person\/7940c228049cff34b4cc679f887362f1","name":"admin","sameAs":["https:\/\/campeche-noticias.com"],"url":"https:\/\/campeche-noticias.com\/?author=1"}]}},"_links":{"self":[{"href":"https:\/\/campeche-noticias.com\/index.php?rest_route=\/wp\/v2\/posts\/21588","targetHints":{"allow":["GET"]}}],"collection":[{"href":"https:\/\/campeche-noticias.com\/index.php?rest_route=\/wp\/v2\/posts"}],"about":[{"href":"https:\/\/campeche-noticias.com\/index.php?rest_route=\/wp\/v2\/types\/post"}],"author":[{"embeddable":true,"href":"https:\/\/campeche-noticias.com\/index.php?rest_route=\/wp\/v2\/users\/1"}],"replies":[{"embeddable":true,"href":"https:\/\/campeche-noticias.com\/index.php?rest_route=%2Fwp%2Fv2%2Fcomments&post=21588"}],"version-history":[{"count":1,"href":"https:\/\/campeche-noticias.com\/index.php?rest_route=\/wp\/v2\/posts\/21588\/revisions"}],"predecessor-version":[{"id":21589,"href":"https:\/\/campeche-noticias.com\/index.php?rest_route=\/wp\/v2\/posts\/21588\/revisions\/21589"}],"wp:featuredmedia":[{"embeddable":true,"href":"https:\/\/campeche-noticias.com\/index.php?rest_route=\/wp\/v2\/media\/21590"}],"wp:attachment":[{"href":"https:\/\/campeche-noticias.com\/index.php?rest_route=%2Fwp%2Fv2%2Fmedia&parent=21588"}],"wp:term":[{"taxonomy":"category","embeddable":true,"href":"https:\/\/campeche-noticias.com\/index.php?rest_route=%2Fwp%2Fv2%2Fcategories&post=21588"},{"taxonomy":"post_tag","embeddable":true,"href":"https:\/\/campeche-noticias.com\/index.php?rest_route=%2Fwp%2Fv2%2Ftags&post=21588"}],"curies":[{"name":"wp","href":"https:\/\/api.w.org\/{rel}","templated":true}]}}