{"id":21381,"date":"2024-08-23T11:17:00","date_gmt":"2024-08-23T16:17:00","guid":{"rendered":"https:\/\/campeche-noticias.com\/?p=21381"},"modified":"2024-08-23T16:17:02","modified_gmt":"2024-08-23T16:17:02","slug":"ya-es-delito-la-violencia-acida-en-veracruz","status":"publish","type":"post","link":"https:\/\/campeche-noticias.com\/?p=21381","title":{"rendered":"Ya es delito la violencia \u00e1cida, en Veracruz"},"content":{"rendered":"<p>\ud83d\udd38Ser\u00e1 sancionada con penas que ir\u00edan de los ocho a los doce a\u00f1os de prisi\u00f3n.<\/p>\n<p>#VERACRUZ | A partir del pasado mi\u00e9rcoles 21 de agosto de 2024 se public\u00f3 en la Gaceta Oficial del Gobierno del Estado de Veracruz, la Ley de Acceso de las Mujeres a una Vida Libre de Violencia y del C\u00f3digo Penal, ambos ordenamientos del estado de Veracruz, para tipificar como delito la violencia \u00e1cida.<\/p>\n<p>Luego de publicarse la reforma y adici\u00f3n al art\u00edculo se tipifica como delito la violencia \u00e1cida, que ser\u00e1 sancionada con penas que ir\u00edan de los ocho a los doce a\u00f1os de prisi\u00f3n.<\/p>\n<p>Adem\u00e1s, la multa de 300 a 700 veces el valor diario de la Unidad de Medida y Actualizaci\u00f3n (UMA), cuyo valor es de 108.57, por lo que ser\u00eda m\u00ednimo de 32 mil 571 y m\u00e1ximo de 75 mil 999.<\/p>\n<p>Cabe recordar que el 31 de julio, el Pleno de la LXVI Legislatura aprob\u00f3 el decreto que reforma y adiciona diversas disposiciones a la Ley de Acceso de las Mujeres a una Vida Libre de Violencia y del C\u00f3digo Penal, ambos ordenamientos del estado de Veracruz, para tipificar como delito la violencia \u00e1cida y sancionar con penas que ir\u00edan de los ocho a los doce a\u00f1os de prisi\u00f3n y multa de 300 a 700 veces el valor diario de la UMA.<\/p>\n<p>De acuerdo con las reformas aprobadas, se establece en la fracci\u00f3n X del Art\u00edculo 7 de la Ley de Acceso de las Mujeres a una Vida Libre de Violencia, la violencia \u00e1cida es aquella que pretende causar un da\u00f1o f\u00edsico irreversible que lastime, altere o cause alguna discapacidad, mediante la acci\u00f3n de arrojar \u00e1cido, \u00e1lcalis, sustancias qu\u00edmicas, corrosivas, c\u00e1usticas, irritantes, t\u00f3xicas, inflamables, l\u00edquidos a altas temperaturas o cualquier otra sustancia que pueda provocar o no lesiones en \u00f3rganos internos, externos o en ambos.<\/p>\n","protected":false},"excerpt":{"rendered":"<p>\ud83d\udd38Ser\u00e1 sancionada con penas que ir\u00edan de los ocho a los doce a\u00f1os de prisi\u00f3n.<\/p>\n","protected":false},"author":1,"featured_media":21383,"comment_status":"open","ping_status":"closed","sticky":false,"template":"","format":"standard","meta":{"footnotes":""},"categories":[30],"tags":[],"class_list":["post-21381","post","type-post","status-publish","format-standard","has-post-thumbnail","hentry","category-veracruz"],"yoast_head":"<!-- This site is optimized with the Yoast SEO plugin v27.4 - https:\/\/yoast.com\/product\/yoast-seo-wordpress\/ -->\n<title>Ya es delito la violencia \u00e1cida, en Veracruz - Campeche Noticias<\/title>\n<meta name=\"robots\" content=\"index, follow, max-snippet:-1, max-image-preview:large, max-video-preview:-1\" \/>\n<link rel=\"canonical\" href=\"https:\/\/campeche-noticias.com\/?p=21381\" \/>\n<meta property=\"og:locale\" content=\"es_ES\" \/>\n<meta property=\"og:type\" content=\"article\" \/>\n<meta property=\"og:title\" content=\"Ya es delito la violencia \u00e1cida, en Veracruz - Campeche Noticias\" \/>\n<meta property=\"og:description\" content=\"\ud83d\udd38Ser\u00e1 sancionada con penas que ir\u00edan de los ocho a los doce a\u00f1os de prisi\u00f3n.\" \/>\n<meta property=\"og:url\" content=\"https:\/\/campeche-noticias.com\/?p=21381\" \/>\n<meta property=\"og:site_name\" content=\"Campeche Noticias\" \/>\n<meta property=\"article:published_time\" content=\"2024-08-23T16:17:00+00:00\" \/>\n<meta property=\"article:modified_time\" content=\"2024-08-23T16:17:02+00:00\" \/>\n<meta name=\"author\" content=\"admin\" \/>\n<meta name=\"twitter:card\" content=\"summary_large_image\" \/>\n<meta name=\"twitter:label1\" content=\"Escrito por\" \/>\n\t<meta name=\"twitter:data1\" content=\"admin\" \/>\n\t<meta name=\"twitter:label2\" content=\"Tiempo de lectura\" \/>\n\t<meta name=\"twitter:data2\" content=\"2 minutos\" \/>\n<script type=\"application\/ld+json\" class=\"yoast-schema-graph\">{\"@context\":\"https:\\\/\\\/schema.org\",\"@graph\":[{\"@type\":\"Article\",\"@id\":\"https:\\\/\\\/campeche-noticias.com\\\/?p=21381#article\",\"isPartOf\":{\"@id\":\"https:\\\/\\\/campeche-noticias.com\\\/?p=21381\"},\"author\":{\"name\":\"admin\",\"@id\":\"https:\\\/\\\/campeche-noticias.com\\\/#\\\/schema\\\/person\\\/7940c228049cff34b4cc679f887362f1\"},\"headline\":\"Ya es delito la violencia \u00e1cida, en Veracruz\",\"datePublished\":\"2024-08-23T16:17:00+00:00\",\"dateModified\":\"2024-08-23T16:17:02+00:00\",\"mainEntityOfPage\":{\"@id\":\"https:\\\/\\\/campeche-noticias.com\\\/?p=21381\"},\"wordCount\":326,\"commentCount\":0,\"image\":{\"@id\":\"https:\\\/\\\/campeche-noticias.com\\\/?p=21381#primaryimage\"},\"thumbnailUrl\":\"https:\\\/\\\/campeche-noticias.com\\\/wp-content\\\/uploads\\\/2024\\\/08\\\/WhatsApp-Image-2024-08-23-at-09.28.09.jpeg\",\"articleSection\":[\"VERACRUZ\"],\"inLanguage\":\"es\",\"potentialAction\":[{\"@type\":\"CommentAction\",\"name\":\"Comment\",\"target\":[\"https:\\\/\\\/campeche-noticias.com\\\/?p=21381#respond\"]}]},{\"@type\":\"WebPage\",\"@id\":\"https:\\\/\\\/campeche-noticias.com\\\/?p=21381\",\"url\":\"https:\\\/\\\/campeche-noticias.com\\\/?p=21381\",\"name\":\"Ya es delito la violencia \u00e1cida, en Veracruz - Campeche Noticias\",\"isPartOf\":{\"@id\":\"https:\\\/\\\/campeche-noticias.com\\\/#website\"},\"primaryImageOfPage\":{\"@id\":\"https:\\\/\\\/campeche-noticias.com\\\/?p=21381#primaryimage\"},\"image\":{\"@id\":\"https:\\\/\\\/campeche-noticias.com\\\/?p=21381#primaryimage\"},\"thumbnailUrl\":\"https:\\\/\\\/campeche-noticias.com\\\/wp-content\\\/uploads\\\/2024\\\/08\\\/WhatsApp-Image-2024-08-23-at-09.28.09.jpeg\",\"datePublished\":\"2024-08-23T16:17:00+00:00\",\"dateModified\":\"2024-08-23T16:17:02+00:00\",\"author\":{\"@id\":\"https:\\\/\\\/campeche-noticias.com\\\/#\\\/schema\\\/person\\\/7940c228049cff34b4cc679f887362f1\"},\"breadcrumb\":{\"@id\":\"https:\\\/\\\/campeche-noticias.com\\\/?p=21381#breadcrumb\"},\"inLanguage\":\"es\",\"potentialAction\":[{\"@type\":\"ReadAction\",\"target\":[\"https:\\\/\\\/campeche-noticias.com\\\/?p=21381\"]}]},{\"@type\":\"ImageObject\",\"inLanguage\":\"es\",\"@id\":\"https:\\\/\\\/campeche-noticias.com\\\/?p=21381#primaryimage\",\"url\":\"https:\\\/\\\/campeche-noticias.com\\\/wp-content\\\/uploads\\\/2024\\\/08\\\/WhatsApp-Image-2024-08-23-at-09.28.09.jpeg\",\"contentUrl\":\"https:\\\/\\\/campeche-noticias.com\\\/wp-content\\\/uploads\\\/2024\\\/08\\\/WhatsApp-Image-2024-08-23-at-09.28.09.jpeg\",\"width\":1280,\"height\":960},{\"@type\":\"BreadcrumbList\",\"@id\":\"https:\\\/\\\/campeche-noticias.com\\\/?p=21381#breadcrumb\",\"itemListElement\":[{\"@type\":\"ListItem\",\"position\":1,\"name\":\"Portada\",\"item\":\"https:\\\/\\\/campeche-noticias.com\\\/\"},{\"@type\":\"ListItem\",\"position\":2,\"name\":\"Ya es delito la violencia \u00e1cida, en Veracruz\"}]},{\"@type\":\"WebSite\",\"@id\":\"https:\\\/\\\/campeche-noticias.com\\\/#website\",\"url\":\"https:\\\/\\\/campeche-noticias.com\\\/\",\"name\":\"Campeche Noticias\",\"description\":\"Campeche Noticias\",\"potentialAction\":[{\"@type\":\"SearchAction\",\"target\":{\"@type\":\"EntryPoint\",\"urlTemplate\":\"https:\\\/\\\/campeche-noticias.com\\\/?s={search_term_string}\"},\"query-input\":{\"@type\":\"PropertyValueSpecification\",\"valueRequired\":true,\"valueName\":\"search_term_string\"}}],\"inLanguage\":\"es\"},{\"@type\":\"Person\",\"@id\":\"https:\\\/\\\/campeche-noticias.com\\\/#\\\/schema\\\/person\\\/7940c228049cff34b4cc679f887362f1\",\"name\":\"admin\",\"sameAs\":[\"https:\\\/\\\/campeche-noticias.com\"],\"url\":\"https:\\\/\\\/campeche-noticias.com\\\/?author=1\"}]}<\/script>\n<!-- \/ Yoast SEO plugin. -->","yoast_head_json":{"title":"Ya es delito la violencia \u00e1cida, en Veracruz - Campeche Noticias","robots":{"index":"index","follow":"follow","max-snippet":"max-snippet:-1","max-image-preview":"max-image-preview:large","max-video-preview":"max-video-preview:-1"},"canonical":"https:\/\/campeche-noticias.com\/?p=21381","og_locale":"es_ES","og_type":"article","og_title":"Ya es delito la violencia \u00e1cida, en Veracruz - Campeche Noticias","og_description":"\ud83d\udd38Ser\u00e1 sancionada con penas que ir\u00edan de los ocho a los doce a\u00f1os de prisi\u00f3n.","og_url":"https:\/\/campeche-noticias.com\/?p=21381","og_site_name":"Campeche Noticias","article_published_time":"2024-08-23T16:17:00+00:00","article_modified_time":"2024-08-23T16:17:02+00:00","author":"admin","twitter_card":"summary_large_image","twitter_misc":{"Escrito por":"admin","Tiempo de lectura":"2 minutos"},"schema":{"@context":"https:\/\/schema.org","@graph":[{"@type":"Article","@id":"https:\/\/campeche-noticias.com\/?p=21381#article","isPartOf":{"@id":"https:\/\/campeche-noticias.com\/?p=21381"},"author":{"name":"admin","@id":"https:\/\/campeche-noticias.com\/#\/schema\/person\/7940c228049cff34b4cc679f887362f1"},"headline":"Ya es delito la violencia \u00e1cida, en Veracruz","datePublished":"2024-08-23T16:17:00+00:00","dateModified":"2024-08-23T16:17:02+00:00","mainEntityOfPage":{"@id":"https:\/\/campeche-noticias.com\/?p=21381"},"wordCount":326,"commentCount":0,"image":{"@id":"https:\/\/campeche-noticias.com\/?p=21381#primaryimage"},"thumbnailUrl":"https:\/\/campeche-noticias.com\/wp-content\/uploads\/2024\/08\/WhatsApp-Image-2024-08-23-at-09.28.09.jpeg","articleSection":["VERACRUZ"],"inLanguage":"es","potentialAction":[{"@type":"CommentAction","name":"Comment","target":["https:\/\/campeche-noticias.com\/?p=21381#respond"]}]},{"@type":"WebPage","@id":"https:\/\/campeche-noticias.com\/?p=21381","url":"https:\/\/campeche-noticias.com\/?p=21381","name":"Ya es delito la violencia \u00e1cida, en Veracruz - Campeche Noticias","isPartOf":{"@id":"https:\/\/campeche-noticias.com\/#website"},"primaryImageOfPage":{"@id":"https:\/\/campeche-noticias.com\/?p=21381#primaryimage"},"image":{"@id":"https:\/\/campeche-noticias.com\/?p=21381#primaryimage"},"thumbnailUrl":"https:\/\/campeche-noticias.com\/wp-content\/uploads\/2024\/08\/WhatsApp-Image-2024-08-23-at-09.28.09.jpeg","datePublished":"2024-08-23T16:17:00+00:00","dateModified":"2024-08-23T16:17:02+00:00","author":{"@id":"https:\/\/campeche-noticias.com\/#\/schema\/person\/7940c228049cff34b4cc679f887362f1"},"breadcrumb":{"@id":"https:\/\/campeche-noticias.com\/?p=21381#breadcrumb"},"inLanguage":"es","potentialAction":[{"@type":"ReadAction","target":["https:\/\/campeche-noticias.com\/?p=21381"]}]},{"@type":"ImageObject","inLanguage":"es","@id":"https:\/\/campeche-noticias.com\/?p=21381#primaryimage","url":"https:\/\/campeche-noticias.com\/wp-content\/uploads\/2024\/08\/WhatsApp-Image-2024-08-23-at-09.28.09.jpeg","contentUrl":"https:\/\/campeche-noticias.com\/wp-content\/uploads\/2024\/08\/WhatsApp-Image-2024-08-23-at-09.28.09.jpeg","width":1280,"height":960},{"@type":"BreadcrumbList","@id":"https:\/\/campeche-noticias.com\/?p=21381#breadcrumb","itemListElement":[{"@type":"ListItem","position":1,"name":"Portada","item":"https:\/\/campeche-noticias.com\/"},{"@type":"ListItem","position":2,"name":"Ya es delito la violencia \u00e1cida, en Veracruz"}]},{"@type":"WebSite","@id":"https:\/\/campeche-noticias.com\/#website","url":"https:\/\/campeche-noticias.com\/","name":"Campeche Noticias","description":"Campeche Noticias","potentialAction":[{"@type":"SearchAction","target":{"@type":"EntryPoint","urlTemplate":"https:\/\/campeche-noticias.com\/?s={search_term_string}"},"query-input":{"@type":"PropertyValueSpecification","valueRequired":true,"valueName":"search_term_string"}}],"inLanguage":"es"},{"@type":"Person","@id":"https:\/\/campeche-noticias.com\/#\/schema\/person\/7940c228049cff34b4cc679f887362f1","name":"admin","sameAs":["https:\/\/campeche-noticias.com"],"url":"https:\/\/campeche-noticias.com\/?author=1"}]}},"_links":{"self":[{"href":"https:\/\/campeche-noticias.com\/index.php?rest_route=\/wp\/v2\/posts\/21381","targetHints":{"allow":["GET"]}}],"collection":[{"href":"https:\/\/campeche-noticias.com\/index.php?rest_route=\/wp\/v2\/posts"}],"about":[{"href":"https:\/\/campeche-noticias.com\/index.php?rest_route=\/wp\/v2\/types\/post"}],"author":[{"embeddable":true,"href":"https:\/\/campeche-noticias.com\/index.php?rest_route=\/wp\/v2\/users\/1"}],"replies":[{"embeddable":true,"href":"https:\/\/campeche-noticias.com\/index.php?rest_route=%2Fwp%2Fv2%2Fcomments&post=21381"}],"version-history":[{"count":1,"href":"https:\/\/campeche-noticias.com\/index.php?rest_route=\/wp\/v2\/posts\/21381\/revisions"}],"predecessor-version":[{"id":21382,"href":"https:\/\/campeche-noticias.com\/index.php?rest_route=\/wp\/v2\/posts\/21381\/revisions\/21382"}],"wp:featuredmedia":[{"embeddable":true,"href":"https:\/\/campeche-noticias.com\/index.php?rest_route=\/wp\/v2\/media\/21383"}],"wp:attachment":[{"href":"https:\/\/campeche-noticias.com\/index.php?rest_route=%2Fwp%2Fv2%2Fmedia&parent=21381"}],"wp:term":[{"taxonomy":"category","embeddable":true,"href":"https:\/\/campeche-noticias.com\/index.php?rest_route=%2Fwp%2Fv2%2Fcategories&post=21381"},{"taxonomy":"post_tag","embeddable":true,"href":"https:\/\/campeche-noticias.com\/index.php?rest_route=%2Fwp%2Fv2%2Ftags&post=21381"}],"curies":[{"name":"wp","href":"https:\/\/api.w.org\/{rel}","templated":true}]}}