{"id":21081,"date":"2024-08-11T12:36:00","date_gmt":"2024-08-11T17:36:00","guid":{"rendered":"https:\/\/campeche-noticias.com\/?p=21081"},"modified":"2024-08-11T17:36:01","modified_gmt":"2024-08-11T17:36:01","slug":"una-lucha-epica-en-el-salto-de-altura-hamish-kerr-se-lleva-el-oro-en-paris-2024","status":"publish","type":"post","link":"https:\/\/campeche-noticias.com\/?p=21081","title":{"rendered":"Una lucha \u00e9pica en el Salto de Altura: Hamish Kerr se lleva el oro en Par\u00eds 2024"},"content":{"rendered":"<p>\ud83d\udd38 Shelby McEwen fue quien inicialmente se neg\u00f3 a compartir la medalla, aunque el primer paso para el desempate fue dado por Kerr<\/p>\n<p>En una de las competencias m\u00e1s re\u00f1idas de los Juegos Ol\u00edmpicos de Par\u00eds 2024, Hamish Kerr de Nueva Zelanda y Shelby McEwen de Estados Unidos protagonizaron un duelo memorable en la prueba de Salto de Altura. Ambos atletas llegaron a la \u00faltima fase empatados despu\u00e9s de superar la barra a 2.36 metros, pero la competencia se volvi\u00f3 m\u00e1s intensa al decidirse el ganador.<\/p>\n<p>A pesar de la posibilidad de compartir la medalla de oro, como lo hicieron el qatar\u00ed Mutaz Essa Barshim y el italiano Gianmarco Tamberi en Tokio 2020, esta edici\u00f3n de los Juegos Ol\u00edmpicos vio una declinaci\u00f3n de tal propuesta. Seg\u00fan reportes, McEwen fue quien inicialmente se neg\u00f3 a compartir la medalla, aunque el primer paso para el desempate fue dado por Kerr.<\/p>\n<p>McEwen relat\u00f3 a The Washington Post: \u201cCaminamos y hablamos; \u00e9l me dijo: \u2018Vamos a empezar\u2019, as\u00ed que yo le respond\u00ed: \u2018Estoy totalmente a favor\u2019\u201d. Sin embargo, el atleta estadounidense tambi\u00e9n dej\u00f3 claro que su decisi\u00f3n de continuar no fue tanto una negativa a compartir la medalla, sino una forma de evitar una discusi\u00f3n p\u00fablica frente a miles de espectadores.<\/p>\n<p>\u201c\u00c9l lo dijo primero y yo acept\u00e9. En alg\u00fan momento me cans\u00e9 un poco. Tal vez lo hubiera compartido con \u00e9l, pero acept\u00e9 y todo estuvo bien. Al final, \u00e9l quer\u00eda saltar. En ese momento, no iba a discutir con \u00e9l, quer\u00eda saltar y yo estaba totalmente de acuerdo\u201d, explic\u00f3 McEwen.<\/p>\n<p>Ambos atletas, visiblemente fatigados, tuvieron problemas para superar la altura establecida en los intentos de desempate. Despu\u00e9s de varios fallos, la altura se redujo a 2.34 metros, y en ese punto, Kerr logr\u00f3 superar la barra y asegurar la medalla de oro. La competencia ha generado una gran conversaci\u00f3n en las redes sociales, destacando la tensi\u00f3n y el esp\u00edritu deportivo de una batalla que ser\u00e1 recordada por su intensidad y drama.<\/p>\n","protected":false},"excerpt":{"rendered":"<p>\ud83d\udd38 Shelby McEwen fue quien inicialmente se neg\u00f3 a compartir la medalla, aunque el primer<\/p>\n","protected":false},"author":1,"featured_media":21083,"comment_status":"open","ping_status":"closed","sticky":false,"template":"","format":"standard","meta":{"footnotes":""},"categories":[19],"tags":[],"class_list":["post-21081","post","type-post","status-publish","format-standard","has-post-thumbnail","hentry","category-paris-2024"],"yoast_head":"<!-- This site is optimized with the Yoast SEO plugin v27.5 - https:\/\/yoast.com\/product\/yoast-seo-wordpress\/ -->\n<title>Una lucha \u00e9pica en el Salto de Altura: Hamish Kerr se lleva el oro en Par\u00eds 2024 - Campeche Noticias<\/title>\n<meta name=\"robots\" content=\"index, follow, max-snippet:-1, max-image-preview:large, max-video-preview:-1\" \/>\n<link rel=\"canonical\" href=\"https:\/\/campeche-noticias.com\/?p=21081\" \/>\n<meta property=\"og:locale\" content=\"es_ES\" \/>\n<meta property=\"og:type\" content=\"article\" \/>\n<meta property=\"og:title\" content=\"Una lucha \u00e9pica en el Salto de Altura: Hamish Kerr se lleva el oro en Par\u00eds 2024 - Campeche Noticias\" \/>\n<meta property=\"og:description\" content=\"\ud83d\udd38 Shelby McEwen fue quien inicialmente se neg\u00f3 a compartir la medalla, aunque el primer\" \/>\n<meta property=\"og:url\" content=\"https:\/\/campeche-noticias.com\/?p=21081\" \/>\n<meta property=\"og:site_name\" content=\"Campeche Noticias\" \/>\n<meta property=\"article:published_time\" content=\"2024-08-11T17:36:00+00:00\" \/>\n<meta property=\"article:modified_time\" content=\"2024-08-11T17:36:01+00:00\" \/>\n<meta name=\"author\" content=\"admin\" \/>\n<meta name=\"twitter:card\" content=\"summary_large_image\" \/>\n<meta name=\"twitter:label1\" content=\"Escrito por\" \/>\n\t<meta name=\"twitter:data1\" content=\"admin\" \/>\n\t<meta name=\"twitter:label2\" content=\"Tiempo de lectura\" \/>\n\t<meta name=\"twitter:data2\" content=\"2 minutos\" \/>\n<script type=\"application\/ld+json\" class=\"yoast-schema-graph\">{\"@context\":\"https:\\\/\\\/schema.org\",\"@graph\":[{\"@type\":\"Article\",\"@id\":\"https:\\\/\\\/campeche-noticias.com\\\/?p=21081#article\",\"isPartOf\":{\"@id\":\"https:\\\/\\\/campeche-noticias.com\\\/?p=21081\"},\"author\":{\"name\":\"admin\",\"@id\":\"https:\\\/\\\/campeche-noticias.com\\\/#\\\/schema\\\/person\\\/7940c228049cff34b4cc679f887362f1\"},\"headline\":\"Una lucha \u00e9pica en el Salto de Altura: Hamish Kerr se lleva el oro en Par\u00eds 2024\",\"datePublished\":\"2024-08-11T17:36:00+00:00\",\"dateModified\":\"2024-08-11T17:36:01+00:00\",\"mainEntityOfPage\":{\"@id\":\"https:\\\/\\\/campeche-noticias.com\\\/?p=21081\"},\"wordCount\":362,\"commentCount\":0,\"image\":{\"@id\":\"https:\\\/\\\/campeche-noticias.com\\\/?p=21081#primaryimage\"},\"thumbnailUrl\":\"https:\\\/\\\/campeche-noticias.com\\\/wp-content\\\/uploads\\\/2024\\\/08\\\/WhatsApp-Image-2024-08-11-at-12.32.33.jpeg\",\"articleSection\":[\"PAR\u00cdS 2024\"],\"inLanguage\":\"es\",\"potentialAction\":[{\"@type\":\"CommentAction\",\"name\":\"Comment\",\"target\":[\"https:\\\/\\\/campeche-noticias.com\\\/?p=21081#respond\"]}]},{\"@type\":\"WebPage\",\"@id\":\"https:\\\/\\\/campeche-noticias.com\\\/?p=21081\",\"url\":\"https:\\\/\\\/campeche-noticias.com\\\/?p=21081\",\"name\":\"Una lucha \u00e9pica en el Salto de Altura: Hamish Kerr se lleva el oro en Par\u00eds 2024 - Campeche Noticias\",\"isPartOf\":{\"@id\":\"https:\\\/\\\/campeche-noticias.com\\\/#website\"},\"primaryImageOfPage\":{\"@id\":\"https:\\\/\\\/campeche-noticias.com\\\/?p=21081#primaryimage\"},\"image\":{\"@id\":\"https:\\\/\\\/campeche-noticias.com\\\/?p=21081#primaryimage\"},\"thumbnailUrl\":\"https:\\\/\\\/campeche-noticias.com\\\/wp-content\\\/uploads\\\/2024\\\/08\\\/WhatsApp-Image-2024-08-11-at-12.32.33.jpeg\",\"datePublished\":\"2024-08-11T17:36:00+00:00\",\"dateModified\":\"2024-08-11T17:36:01+00:00\",\"author\":{\"@id\":\"https:\\\/\\\/campeche-noticias.com\\\/#\\\/schema\\\/person\\\/7940c228049cff34b4cc679f887362f1\"},\"breadcrumb\":{\"@id\":\"https:\\\/\\\/campeche-noticias.com\\\/?p=21081#breadcrumb\"},\"inLanguage\":\"es\",\"potentialAction\":[{\"@type\":\"ReadAction\",\"target\":[\"https:\\\/\\\/campeche-noticias.com\\\/?p=21081\"]}]},{\"@type\":\"ImageObject\",\"inLanguage\":\"es\",\"@id\":\"https:\\\/\\\/campeche-noticias.com\\\/?p=21081#primaryimage\",\"url\":\"https:\\\/\\\/campeche-noticias.com\\\/wp-content\\\/uploads\\\/2024\\\/08\\\/WhatsApp-Image-2024-08-11-at-12.32.33.jpeg\",\"contentUrl\":\"https:\\\/\\\/campeche-noticias.com\\\/wp-content\\\/uploads\\\/2024\\\/08\\\/WhatsApp-Image-2024-08-11-at-12.32.33.jpeg\",\"width\":1004,\"height\":565},{\"@type\":\"BreadcrumbList\",\"@id\":\"https:\\\/\\\/campeche-noticias.com\\\/?p=21081#breadcrumb\",\"itemListElement\":[{\"@type\":\"ListItem\",\"position\":1,\"name\":\"Portada\",\"item\":\"https:\\\/\\\/campeche-noticias.com\\\/\"},{\"@type\":\"ListItem\",\"position\":2,\"name\":\"Una lucha \u00e9pica en el Salto de Altura: Hamish Kerr se lleva el oro en Par\u00eds 2024\"}]},{\"@type\":\"WebSite\",\"@id\":\"https:\\\/\\\/campeche-noticias.com\\\/#website\",\"url\":\"https:\\\/\\\/campeche-noticias.com\\\/\",\"name\":\"Campeche Noticias\",\"description\":\"Campeche Noticias\",\"potentialAction\":[{\"@type\":\"SearchAction\",\"target\":{\"@type\":\"EntryPoint\",\"urlTemplate\":\"https:\\\/\\\/campeche-noticias.com\\\/?s={search_term_string}\"},\"query-input\":{\"@type\":\"PropertyValueSpecification\",\"valueRequired\":true,\"valueName\":\"search_term_string\"}}],\"inLanguage\":\"es\"},{\"@type\":\"Person\",\"@id\":\"https:\\\/\\\/campeche-noticias.com\\\/#\\\/schema\\\/person\\\/7940c228049cff34b4cc679f887362f1\",\"name\":\"admin\",\"sameAs\":[\"https:\\\/\\\/campeche-noticias.com\"],\"url\":\"https:\\\/\\\/campeche-noticias.com\\\/?author=1\"}]}<\/script>\n<!-- \/ Yoast SEO plugin. -->","yoast_head_json":{"title":"Una lucha \u00e9pica en el Salto de Altura: Hamish Kerr se lleva el oro en Par\u00eds 2024 - Campeche Noticias","robots":{"index":"index","follow":"follow","max-snippet":"max-snippet:-1","max-image-preview":"max-image-preview:large","max-video-preview":"max-video-preview:-1"},"canonical":"https:\/\/campeche-noticias.com\/?p=21081","og_locale":"es_ES","og_type":"article","og_title":"Una lucha \u00e9pica en el Salto de Altura: Hamish Kerr se lleva el oro en Par\u00eds 2024 - Campeche Noticias","og_description":"\ud83d\udd38 Shelby McEwen fue quien inicialmente se neg\u00f3 a compartir la medalla, aunque el primer","og_url":"https:\/\/campeche-noticias.com\/?p=21081","og_site_name":"Campeche Noticias","article_published_time":"2024-08-11T17:36:00+00:00","article_modified_time":"2024-08-11T17:36:01+00:00","author":"admin","twitter_card":"summary_large_image","twitter_misc":{"Escrito por":"admin","Tiempo de lectura":"2 minutos"},"schema":{"@context":"https:\/\/schema.org","@graph":[{"@type":"Article","@id":"https:\/\/campeche-noticias.com\/?p=21081#article","isPartOf":{"@id":"https:\/\/campeche-noticias.com\/?p=21081"},"author":{"name":"admin","@id":"https:\/\/campeche-noticias.com\/#\/schema\/person\/7940c228049cff34b4cc679f887362f1"},"headline":"Una lucha \u00e9pica en el Salto de Altura: Hamish Kerr se lleva el oro en Par\u00eds 2024","datePublished":"2024-08-11T17:36:00+00:00","dateModified":"2024-08-11T17:36:01+00:00","mainEntityOfPage":{"@id":"https:\/\/campeche-noticias.com\/?p=21081"},"wordCount":362,"commentCount":0,"image":{"@id":"https:\/\/campeche-noticias.com\/?p=21081#primaryimage"},"thumbnailUrl":"https:\/\/campeche-noticias.com\/wp-content\/uploads\/2024\/08\/WhatsApp-Image-2024-08-11-at-12.32.33.jpeg","articleSection":["PAR\u00cdS 2024"],"inLanguage":"es","potentialAction":[{"@type":"CommentAction","name":"Comment","target":["https:\/\/campeche-noticias.com\/?p=21081#respond"]}]},{"@type":"WebPage","@id":"https:\/\/campeche-noticias.com\/?p=21081","url":"https:\/\/campeche-noticias.com\/?p=21081","name":"Una lucha \u00e9pica en el Salto de Altura: Hamish Kerr se lleva el oro en Par\u00eds 2024 - Campeche Noticias","isPartOf":{"@id":"https:\/\/campeche-noticias.com\/#website"},"primaryImageOfPage":{"@id":"https:\/\/campeche-noticias.com\/?p=21081#primaryimage"},"image":{"@id":"https:\/\/campeche-noticias.com\/?p=21081#primaryimage"},"thumbnailUrl":"https:\/\/campeche-noticias.com\/wp-content\/uploads\/2024\/08\/WhatsApp-Image-2024-08-11-at-12.32.33.jpeg","datePublished":"2024-08-11T17:36:00+00:00","dateModified":"2024-08-11T17:36:01+00:00","author":{"@id":"https:\/\/campeche-noticias.com\/#\/schema\/person\/7940c228049cff34b4cc679f887362f1"},"breadcrumb":{"@id":"https:\/\/campeche-noticias.com\/?p=21081#breadcrumb"},"inLanguage":"es","potentialAction":[{"@type":"ReadAction","target":["https:\/\/campeche-noticias.com\/?p=21081"]}]},{"@type":"ImageObject","inLanguage":"es","@id":"https:\/\/campeche-noticias.com\/?p=21081#primaryimage","url":"https:\/\/campeche-noticias.com\/wp-content\/uploads\/2024\/08\/WhatsApp-Image-2024-08-11-at-12.32.33.jpeg","contentUrl":"https:\/\/campeche-noticias.com\/wp-content\/uploads\/2024\/08\/WhatsApp-Image-2024-08-11-at-12.32.33.jpeg","width":1004,"height":565},{"@type":"BreadcrumbList","@id":"https:\/\/campeche-noticias.com\/?p=21081#breadcrumb","itemListElement":[{"@type":"ListItem","position":1,"name":"Portada","item":"https:\/\/campeche-noticias.com\/"},{"@type":"ListItem","position":2,"name":"Una lucha \u00e9pica en el Salto de Altura: Hamish Kerr se lleva el oro en Par\u00eds 2024"}]},{"@type":"WebSite","@id":"https:\/\/campeche-noticias.com\/#website","url":"https:\/\/campeche-noticias.com\/","name":"Campeche Noticias","description":"Campeche Noticias","potentialAction":[{"@type":"SearchAction","target":{"@type":"EntryPoint","urlTemplate":"https:\/\/campeche-noticias.com\/?s={search_term_string}"},"query-input":{"@type":"PropertyValueSpecification","valueRequired":true,"valueName":"search_term_string"}}],"inLanguage":"es"},{"@type":"Person","@id":"https:\/\/campeche-noticias.com\/#\/schema\/person\/7940c228049cff34b4cc679f887362f1","name":"admin","sameAs":["https:\/\/campeche-noticias.com"],"url":"https:\/\/campeche-noticias.com\/?author=1"}]}},"_links":{"self":[{"href":"https:\/\/campeche-noticias.com\/index.php?rest_route=\/wp\/v2\/posts\/21081","targetHints":{"allow":["GET"]}}],"collection":[{"href":"https:\/\/campeche-noticias.com\/index.php?rest_route=\/wp\/v2\/posts"}],"about":[{"href":"https:\/\/campeche-noticias.com\/index.php?rest_route=\/wp\/v2\/types\/post"}],"author":[{"embeddable":true,"href":"https:\/\/campeche-noticias.com\/index.php?rest_route=\/wp\/v2\/users\/1"}],"replies":[{"embeddable":true,"href":"https:\/\/campeche-noticias.com\/index.php?rest_route=%2Fwp%2Fv2%2Fcomments&post=21081"}],"version-history":[{"count":1,"href":"https:\/\/campeche-noticias.com\/index.php?rest_route=\/wp\/v2\/posts\/21081\/revisions"}],"predecessor-version":[{"id":21082,"href":"https:\/\/campeche-noticias.com\/index.php?rest_route=\/wp\/v2\/posts\/21081\/revisions\/21082"}],"wp:featuredmedia":[{"embeddable":true,"href":"https:\/\/campeche-noticias.com\/index.php?rest_route=\/wp\/v2\/media\/21083"}],"wp:attachment":[{"href":"https:\/\/campeche-noticias.com\/index.php?rest_route=%2Fwp%2Fv2%2Fmedia&parent=21081"}],"wp:term":[{"taxonomy":"category","embeddable":true,"href":"https:\/\/campeche-noticias.com\/index.php?rest_route=%2Fwp%2Fv2%2Fcategories&post=21081"},{"taxonomy":"post_tag","embeddable":true,"href":"https:\/\/campeche-noticias.com\/index.php?rest_route=%2Fwp%2Fv2%2Ftags&post=21081"}],"curies":[{"name":"wp","href":"https:\/\/api.w.org\/{rel}","templated":true}]}}