{"id":20271,"date":"2024-05-05T09:08:58","date_gmt":"2024-05-05T14:08:58","guid":{"rendered":"https:\/\/campeche-noticias.com\/?p=20271"},"modified":"2024-05-24T14:10:29","modified_gmt":"2024-05-24T14:10:29","slug":"biden-y-harris-conmemoran-el-5-de-mayo-en-una-taqueria-de-washington","status":"publish","type":"post","link":"https:\/\/campeche-noticias.com\/?p=20271","title":{"rendered":"Biden y Harris conmemoran el 5 de Mayo en una taquer\u00eda de Washington"},"content":{"rendered":"<p>Washington.- El presidente de Estados Unidos, Joe Biden, y la vicepresidenta, Kamala Harris, celebraron este viernes en una taquer\u00eda de Washington el 5 de Mayo, una festividad muy popular entre los mexicanos que viven en ese pa\u00eds.<\/p>\n<p>Los dos acudieron a la Taquer\u00eda Habanero, un modesto local en el barrio de Columbia Heights, en el nortoeste de la capital, donde pidieron comida para llevar y se fotografiaron con los trabajadores.<\/p>\n<p>Seg\u00fan la Casa Blanca, pidieron quesadillas de pollo, churros y un surtido de tacos para el personal de la Presidencia.<\/p>\n<p>La taquer\u00eda Habanero, que presume en su web de servir comida \u00ab99 % aut\u00e9ntica mexicana\u00bb, tiene dos locales en Washington y un tercero en el vecino estado de Maryland.<\/p>\n<p>Sus platos est\u00e1n inspirados en la comida t\u00edpica de Puebla, con lo que la visita de Biden hizo un gui\u00f1o adicional al 5 de Mayo.<\/p>\n<p>5 de mayo, celebraci\u00f3n popular entre los mexicanos en EU<br \/>\nLa fecha conmemora la victoria mexicana sobre los franceses en la Batalla de Puebla en 1862 y en Estados Unidos constituye el mayor festejo de la herencia mexicana en el pa\u00eds.<\/p>\n<p>En 2021, en su primer a\u00f1o en la presidencia, Biden acudi\u00f3 tambi\u00e9n ese d\u00eda a un restaurante mexicano en el noreste de Washington beneficiado por un programa piloto de su gobierno para ayudar al sector hostelero frente al impacto econ\u00f3mico de la pandemia de Covid-19.<\/p>\n<p>El a\u00f1o pasado, el mandatario y su esposa, Jill Biden, organizaron una fiesta en los jardines de la Casa Blanca en la que no faltaron las empanadas, la sand\u00eda y los churros con chocolate, y tuvieron como invitada de honor a Beatriz Guti\u00e9rrez, esposa del presidente mexicano, Andr\u00e9s Manuel L\u00f3pez Obrador.<\/p>\n","protected":false},"excerpt":{"rendered":"<p>Washington.- El presidente de Estados Unidos, Joe Biden, y la vicepresidenta, Kamala Harris, celebraron este<\/p>\n","protected":false},"author":1,"featured_media":20273,"comment_status":"open","ping_status":"closed","sticky":false,"template":"","format":"standard","meta":{"footnotes":""},"categories":[9],"tags":[],"class_list":["post-20271","post","type-post","status-publish","format-standard","has-post-thumbnail","hentry","category-internacional"],"yoast_head":"<!-- This site is optimized with the Yoast SEO plugin v27.5 - https:\/\/yoast.com\/product\/yoast-seo-wordpress\/ -->\n<title>Biden y Harris conmemoran el 5 de Mayo en una taquer\u00eda de Washington - Campeche Noticias<\/title>\n<meta name=\"robots\" content=\"index, follow, max-snippet:-1, max-image-preview:large, max-video-preview:-1\" \/>\n<link rel=\"canonical\" href=\"https:\/\/campeche-noticias.com\/?p=20271\" \/>\n<meta property=\"og:locale\" content=\"es_ES\" \/>\n<meta property=\"og:type\" content=\"article\" \/>\n<meta property=\"og:title\" content=\"Biden y Harris conmemoran el 5 de Mayo en una taquer\u00eda de Washington - Campeche Noticias\" \/>\n<meta property=\"og:description\" content=\"Washington.- El presidente de Estados Unidos, Joe Biden, y la vicepresidenta, Kamala Harris, celebraron este\" \/>\n<meta property=\"og:url\" content=\"https:\/\/campeche-noticias.com\/?p=20271\" \/>\n<meta property=\"og:site_name\" content=\"Campeche Noticias\" \/>\n<meta property=\"article:published_time\" content=\"2024-05-05T14:08:58+00:00\" \/>\n<meta property=\"article:modified_time\" content=\"2024-05-24T14:10:29+00:00\" \/>\n<meta name=\"author\" content=\"admin\" \/>\n<meta name=\"twitter:card\" content=\"summary_large_image\" \/>\n<meta name=\"twitter:label1\" content=\"Escrito por\" \/>\n\t<meta name=\"twitter:data1\" content=\"admin\" \/>\n\t<meta name=\"twitter:label2\" content=\"Tiempo de lectura\" \/>\n\t<meta name=\"twitter:data2\" content=\"1 minuto\" \/>\n<script type=\"application\/ld+json\" class=\"yoast-schema-graph\">{\"@context\":\"https:\\\/\\\/schema.org\",\"@graph\":[{\"@type\":\"Article\",\"@id\":\"https:\\\/\\\/campeche-noticias.com\\\/?p=20271#article\",\"isPartOf\":{\"@id\":\"https:\\\/\\\/campeche-noticias.com\\\/?p=20271\"},\"author\":{\"name\":\"admin\",\"@id\":\"https:\\\/\\\/campeche-noticias.com\\\/#\\\/schema\\\/person\\\/7940c228049cff34b4cc679f887362f1\"},\"headline\":\"Biden y Harris conmemoran el 5 de Mayo en una taquer\u00eda de Washington\",\"datePublished\":\"2024-05-05T14:08:58+00:00\",\"dateModified\":\"2024-05-24T14:10:29+00:00\",\"mainEntityOfPage\":{\"@id\":\"https:\\\/\\\/campeche-noticias.com\\\/?p=20271\"},\"wordCount\":308,\"commentCount\":0,\"image\":{\"@id\":\"https:\\\/\\\/campeche-noticias.com\\\/?p=20271#primaryimage\"},\"thumbnailUrl\":\"https:\\\/\\\/campeche-noticias.com\\\/wp-content\\\/uploads\\\/2024\\\/05\\\/WhatsApp-Image-2024-05-24-at-09.09.16.jpeg\",\"articleSection\":[\"Internacional\"],\"inLanguage\":\"es\",\"potentialAction\":[{\"@type\":\"CommentAction\",\"name\":\"Comment\",\"target\":[\"https:\\\/\\\/campeche-noticias.com\\\/?p=20271#respond\"]}]},{\"@type\":\"WebPage\",\"@id\":\"https:\\\/\\\/campeche-noticias.com\\\/?p=20271\",\"url\":\"https:\\\/\\\/campeche-noticias.com\\\/?p=20271\",\"name\":\"Biden y Harris conmemoran el 5 de Mayo en una taquer\u00eda de Washington - Campeche Noticias\",\"isPartOf\":{\"@id\":\"https:\\\/\\\/campeche-noticias.com\\\/#website\"},\"primaryImageOfPage\":{\"@id\":\"https:\\\/\\\/campeche-noticias.com\\\/?p=20271#primaryimage\"},\"image\":{\"@id\":\"https:\\\/\\\/campeche-noticias.com\\\/?p=20271#primaryimage\"},\"thumbnailUrl\":\"https:\\\/\\\/campeche-noticias.com\\\/wp-content\\\/uploads\\\/2024\\\/05\\\/WhatsApp-Image-2024-05-24-at-09.09.16.jpeg\",\"datePublished\":\"2024-05-05T14:08:58+00:00\",\"dateModified\":\"2024-05-24T14:10:29+00:00\",\"author\":{\"@id\":\"https:\\\/\\\/campeche-noticias.com\\\/#\\\/schema\\\/person\\\/7940c228049cff34b4cc679f887362f1\"},\"breadcrumb\":{\"@id\":\"https:\\\/\\\/campeche-noticias.com\\\/?p=20271#breadcrumb\"},\"inLanguage\":\"es\",\"potentialAction\":[{\"@type\":\"ReadAction\",\"target\":[\"https:\\\/\\\/campeche-noticias.com\\\/?p=20271\"]}]},{\"@type\":\"ImageObject\",\"inLanguage\":\"es\",\"@id\":\"https:\\\/\\\/campeche-noticias.com\\\/?p=20271#primaryimage\",\"url\":\"https:\\\/\\\/campeche-noticias.com\\\/wp-content\\\/uploads\\\/2024\\\/05\\\/WhatsApp-Image-2024-05-24-at-09.09.16.jpeg\",\"contentUrl\":\"https:\\\/\\\/campeche-noticias.com\\\/wp-content\\\/uploads\\\/2024\\\/05\\\/WhatsApp-Image-2024-05-24-at-09.09.16.jpeg\",\"width\":1100,\"height\":666},{\"@type\":\"BreadcrumbList\",\"@id\":\"https:\\\/\\\/campeche-noticias.com\\\/?p=20271#breadcrumb\",\"itemListElement\":[{\"@type\":\"ListItem\",\"position\":1,\"name\":\"Portada\",\"item\":\"https:\\\/\\\/campeche-noticias.com\\\/\"},{\"@type\":\"ListItem\",\"position\":2,\"name\":\"Biden y Harris conmemoran el 5 de Mayo en una taquer\u00eda de Washington\"}]},{\"@type\":\"WebSite\",\"@id\":\"https:\\\/\\\/campeche-noticias.com\\\/#website\",\"url\":\"https:\\\/\\\/campeche-noticias.com\\\/\",\"name\":\"Campeche Noticias\",\"description\":\"Campeche Noticias\",\"potentialAction\":[{\"@type\":\"SearchAction\",\"target\":{\"@type\":\"EntryPoint\",\"urlTemplate\":\"https:\\\/\\\/campeche-noticias.com\\\/?s={search_term_string}\"},\"query-input\":{\"@type\":\"PropertyValueSpecification\",\"valueRequired\":true,\"valueName\":\"search_term_string\"}}],\"inLanguage\":\"es\"},{\"@type\":\"Person\",\"@id\":\"https:\\\/\\\/campeche-noticias.com\\\/#\\\/schema\\\/person\\\/7940c228049cff34b4cc679f887362f1\",\"name\":\"admin\",\"sameAs\":[\"https:\\\/\\\/campeche-noticias.com\"],\"url\":\"https:\\\/\\\/campeche-noticias.com\\\/?author=1\"}]}<\/script>\n<!-- \/ Yoast SEO plugin. -->","yoast_head_json":{"title":"Biden y Harris conmemoran el 5 de Mayo en una taquer\u00eda de Washington - Campeche Noticias","robots":{"index":"index","follow":"follow","max-snippet":"max-snippet:-1","max-image-preview":"max-image-preview:large","max-video-preview":"max-video-preview:-1"},"canonical":"https:\/\/campeche-noticias.com\/?p=20271","og_locale":"es_ES","og_type":"article","og_title":"Biden y Harris conmemoran el 5 de Mayo en una taquer\u00eda de Washington - Campeche Noticias","og_description":"Washington.- El presidente de Estados Unidos, Joe Biden, y la vicepresidenta, Kamala Harris, celebraron este","og_url":"https:\/\/campeche-noticias.com\/?p=20271","og_site_name":"Campeche Noticias","article_published_time":"2024-05-05T14:08:58+00:00","article_modified_time":"2024-05-24T14:10:29+00:00","author":"admin","twitter_card":"summary_large_image","twitter_misc":{"Escrito por":"admin","Tiempo de lectura":"1 minuto"},"schema":{"@context":"https:\/\/schema.org","@graph":[{"@type":"Article","@id":"https:\/\/campeche-noticias.com\/?p=20271#article","isPartOf":{"@id":"https:\/\/campeche-noticias.com\/?p=20271"},"author":{"name":"admin","@id":"https:\/\/campeche-noticias.com\/#\/schema\/person\/7940c228049cff34b4cc679f887362f1"},"headline":"Biden y Harris conmemoran el 5 de Mayo en una taquer\u00eda de Washington","datePublished":"2024-05-05T14:08:58+00:00","dateModified":"2024-05-24T14:10:29+00:00","mainEntityOfPage":{"@id":"https:\/\/campeche-noticias.com\/?p=20271"},"wordCount":308,"commentCount":0,"image":{"@id":"https:\/\/campeche-noticias.com\/?p=20271#primaryimage"},"thumbnailUrl":"https:\/\/campeche-noticias.com\/wp-content\/uploads\/2024\/05\/WhatsApp-Image-2024-05-24-at-09.09.16.jpeg","articleSection":["Internacional"],"inLanguage":"es","potentialAction":[{"@type":"CommentAction","name":"Comment","target":["https:\/\/campeche-noticias.com\/?p=20271#respond"]}]},{"@type":"WebPage","@id":"https:\/\/campeche-noticias.com\/?p=20271","url":"https:\/\/campeche-noticias.com\/?p=20271","name":"Biden y Harris conmemoran el 5 de Mayo en una taquer\u00eda de Washington - Campeche Noticias","isPartOf":{"@id":"https:\/\/campeche-noticias.com\/#website"},"primaryImageOfPage":{"@id":"https:\/\/campeche-noticias.com\/?p=20271#primaryimage"},"image":{"@id":"https:\/\/campeche-noticias.com\/?p=20271#primaryimage"},"thumbnailUrl":"https:\/\/campeche-noticias.com\/wp-content\/uploads\/2024\/05\/WhatsApp-Image-2024-05-24-at-09.09.16.jpeg","datePublished":"2024-05-05T14:08:58+00:00","dateModified":"2024-05-24T14:10:29+00:00","author":{"@id":"https:\/\/campeche-noticias.com\/#\/schema\/person\/7940c228049cff34b4cc679f887362f1"},"breadcrumb":{"@id":"https:\/\/campeche-noticias.com\/?p=20271#breadcrumb"},"inLanguage":"es","potentialAction":[{"@type":"ReadAction","target":["https:\/\/campeche-noticias.com\/?p=20271"]}]},{"@type":"ImageObject","inLanguage":"es","@id":"https:\/\/campeche-noticias.com\/?p=20271#primaryimage","url":"https:\/\/campeche-noticias.com\/wp-content\/uploads\/2024\/05\/WhatsApp-Image-2024-05-24-at-09.09.16.jpeg","contentUrl":"https:\/\/campeche-noticias.com\/wp-content\/uploads\/2024\/05\/WhatsApp-Image-2024-05-24-at-09.09.16.jpeg","width":1100,"height":666},{"@type":"BreadcrumbList","@id":"https:\/\/campeche-noticias.com\/?p=20271#breadcrumb","itemListElement":[{"@type":"ListItem","position":1,"name":"Portada","item":"https:\/\/campeche-noticias.com\/"},{"@type":"ListItem","position":2,"name":"Biden y Harris conmemoran el 5 de Mayo en una taquer\u00eda de Washington"}]},{"@type":"WebSite","@id":"https:\/\/campeche-noticias.com\/#website","url":"https:\/\/campeche-noticias.com\/","name":"Campeche Noticias","description":"Campeche Noticias","potentialAction":[{"@type":"SearchAction","target":{"@type":"EntryPoint","urlTemplate":"https:\/\/campeche-noticias.com\/?s={search_term_string}"},"query-input":{"@type":"PropertyValueSpecification","valueRequired":true,"valueName":"search_term_string"}}],"inLanguage":"es"},{"@type":"Person","@id":"https:\/\/campeche-noticias.com\/#\/schema\/person\/7940c228049cff34b4cc679f887362f1","name":"admin","sameAs":["https:\/\/campeche-noticias.com"],"url":"https:\/\/campeche-noticias.com\/?author=1"}]}},"_links":{"self":[{"href":"https:\/\/campeche-noticias.com\/index.php?rest_route=\/wp\/v2\/posts\/20271","targetHints":{"allow":["GET"]}}],"collection":[{"href":"https:\/\/campeche-noticias.com\/index.php?rest_route=\/wp\/v2\/posts"}],"about":[{"href":"https:\/\/campeche-noticias.com\/index.php?rest_route=\/wp\/v2\/types\/post"}],"author":[{"embeddable":true,"href":"https:\/\/campeche-noticias.com\/index.php?rest_route=\/wp\/v2\/users\/1"}],"replies":[{"embeddable":true,"href":"https:\/\/campeche-noticias.com\/index.php?rest_route=%2Fwp%2Fv2%2Fcomments&post=20271"}],"version-history":[{"count":1,"href":"https:\/\/campeche-noticias.com\/index.php?rest_route=\/wp\/v2\/posts\/20271\/revisions"}],"predecessor-version":[{"id":20272,"href":"https:\/\/campeche-noticias.com\/index.php?rest_route=\/wp\/v2\/posts\/20271\/revisions\/20272"}],"wp:featuredmedia":[{"embeddable":true,"href":"https:\/\/campeche-noticias.com\/index.php?rest_route=\/wp\/v2\/media\/20273"}],"wp:attachment":[{"href":"https:\/\/campeche-noticias.com\/index.php?rest_route=%2Fwp%2Fv2%2Fmedia&parent=20271"}],"wp:term":[{"taxonomy":"category","embeddable":true,"href":"https:\/\/campeche-noticias.com\/index.php?rest_route=%2Fwp%2Fv2%2Fcategories&post=20271"},{"taxonomy":"post_tag","embeddable":true,"href":"https:\/\/campeche-noticias.com\/index.php?rest_route=%2Fwp%2Fv2%2Ftags&post=20271"}],"curies":[{"name":"wp","href":"https:\/\/api.w.org\/{rel}","templated":true}]}}