{"id":20187,"date":"2024-04-20T16:05:30","date_gmt":"2024-04-20T21:05:30","guid":{"rendered":"https:\/\/campeche-noticias.com\/?p=20187"},"modified":"2024-04-20T21:05:32","modified_gmt":"2024-04-20T21:05:32","slug":"festejan-el-54-aniversario-de-cancun-con-un-llamado-a-consolidar-la-inclusion-y-la-prosperidad","status":"publish","type":"post","link":"https:\/\/campeche-noticias.com\/?p=20187","title":{"rendered":"Festejan el 54 aniversario de Canc\u00fan con un llamado a consolidar la inclusi\u00f3n y la prosperidad"},"content":{"rendered":"<p>-La gobernadora Mara Lezama destac\u00f3 el compromiso de todos los sectores para trabajar hacia un Canc\u00fan m\u00e1s equitativo, incluyente y pr\u00f3spero<\/p>\n<p>-Diego de la Pe\u00f1a Garc\u00eda recibi\u00f3 la Medalla al M\u00e9rito Ciudadano \u00abSigfrido Paz Paredes\u00bb, uno de los constructores de Canc\u00fan<\/p>\n<p>Canc\u00fan.- Invitada por integrantes del Cabildo de Benito Ju\u00e1rez, la gobernadora Mara Lezama Espinosa particip\u00f3 en la Sesi\u00f3n Solemne de Cabildo en el marco de los 54 a\u00f1os de la creaci\u00f3n y fundaci\u00f3n de la ciudad de Canc\u00fan, junto con la diputada Jissel Castro Marcial, presidenta de la Junta de Gobierno y Coordinaci\u00f3n Pol\u00edtica (Jugocopo) del Congreso del Estado, y el magistrado Heyden Cebada Rivas, presidente del Tribunal Superior de Justicia.<\/p>\n<p>\u00abA 54 a\u00f1os de su inicio, el Canc\u00fan de la prosperidad y el desarrollo est\u00e1 vigente, pero el Canc\u00fan de las desigualdades, los rezagos, las necesidades y los reclamos a\u00fan persiste y es el mayor reto que debemos enfrentar de cara al futuro\u00bb, expres\u00f3 la titular del Ejecutivo. Enseguida, a\u00f1adi\u00f3: \u00abY tenemos c\u00f3mo hacerlo, la historia nos muestra el camino que debemos seguir\u00bb.<\/p>\n<p>En esta Sesi\u00f3n Solemne, la gobernadora Mara Lezama y los integrantes del Cabildo entregaron al ingeniero Diego de la Pe\u00f1a Garc\u00eda la Medalla al M\u00e9rito Ciudadano \u00abSigfrido Paz Paredes\u00bb. Diego de la Pe\u00f1a Garc\u00eda es constructor, urbanizador y desarrollador de Canc\u00fan, quien lleg\u00f3 y dio vida al primer hotel de lo que hoy es el destino tur\u00edstico l\u00edder de Am\u00e9rica Latina y del mundo, el Playa Blanca.<\/p>\n<p>En el aniversario de la fundaci\u00f3n de la ciudad, el Cabildo y el comit\u00e9 organizador decidieron elegir a Diego de la Pe\u00f1a para otorgarle esta Medalla al M\u00e9rito por su enorme aportaci\u00f3n a la creaci\u00f3n de Canc\u00fan, cuando surgi\u00f3 de una regi\u00f3n en soledad y con olor a mar, playas y manglar.<\/p>\n<p>Despu\u00e9s de escuchar el agradecimiento del homenajeado y las palabras del Encargado de Despacho de la Presidencia Municipal, Pablo Guti\u00e9rrez Fern\u00e1ndez, la gobernadora Mara Lezama expres\u00f3 que pocas personas tienen claramente identificado el proceso fundamental y transformador de Canc\u00fan en la historia de Quintana Roo, del sureste y del pa\u00eds, como lo tuvo el ingeniero Diego de la Pe\u00f1a.<\/p>\n<p>Mara Lezama llam\u00f3 a no dejarse vencer por el desencanto, a asumir los dolores del crecimiento como parte del reto de la vida propia y de una ciudad, y a contagiarse del esp\u00edritu valiente de las pioneras y pioneros para continuar siendo una ciudad pujante, innovadora y moderna, pero tambi\u00e9n para construir una ciudad m\u00e1s equitativa, justa con sus hijos e hijas, en la que todos y todas puedan participar del crecimiento y la prosperidad.<\/p>\n<p>La titular del Ejecutivo precis\u00f3 que el \u00e9xito de Canc\u00fan es crucial a nivel nacional, continental y mundial en la nueva era del turismo.<\/p>\n<p>\u00abEl objetivo ahora, sin dejar de lado de ninguna manera todo lo anterior, es volver a ser una ciudad amigable para todos y todas, una ciudad m\u00e1s igualitaria, habitable, sustentable, equitativa y amable con su gente. Al pensar en estos 54 a\u00f1os de Canc\u00fan, no puedo dejar de pensar en los pr\u00f3ximos 54&#8230; y estoy convencida de que ser\u00e1n m\u00e1s pr\u00f3speros y exitosos, y que esa prosperidad y ese \u00e9xito nos incluir\u00e1n a todos y todas\u00bb, dijo.<\/p>\n<p>Finalmente, la gobernadora destac\u00f3 ante los presentes que todos y todas \u00abestamos trabajando para un Canc\u00fan m\u00e1s igualitario, inclusivo y en donde la prosperidad sea compartida. Estoy convencida de que este es el rumbo y el camino para lograrlo, con mucho amor por la tierra, con voluntad, convencimiento y valor. Vamos entre todos y todas por un mejor Canc\u00fan\u00bb.<\/p>\n","protected":false},"excerpt":{"rendered":"<p>-La gobernadora Mara Lezama destac\u00f3 el compromiso de todos los sectores para trabajar hacia un<\/p>\n","protected":false},"author":1,"featured_media":20189,"comment_status":"open","ping_status":"closed","sticky":false,"template":"","format":"standard","meta":{"footnotes":""},"categories":[6,10,2],"tags":[],"class_list":["post-20187","post","type-post","status-publish","format-standard","has-post-thumbnail","hentry","category-local","category-politica","category-quintana-roo"],"yoast_head":"<!-- This site is optimized with the Yoast SEO plugin v27.5 - https:\/\/yoast.com\/product\/yoast-seo-wordpress\/ -->\n<title>Festejan el 54 aniversario de Canc\u00fan con un llamado a consolidar la inclusi\u00f3n y la prosperidad - Campeche Noticias<\/title>\n<meta name=\"robots\" content=\"index, follow, max-snippet:-1, max-image-preview:large, max-video-preview:-1\" \/>\n<link rel=\"canonical\" href=\"https:\/\/campeche-noticias.com\/?p=20187\" \/>\n<meta property=\"og:locale\" content=\"es_ES\" \/>\n<meta property=\"og:type\" content=\"article\" \/>\n<meta property=\"og:title\" content=\"Festejan el 54 aniversario de Canc\u00fan con un llamado a consolidar la inclusi\u00f3n y la prosperidad - Campeche Noticias\" \/>\n<meta property=\"og:description\" content=\"-La gobernadora Mara Lezama destac\u00f3 el compromiso de todos los sectores para trabajar hacia un\" \/>\n<meta property=\"og:url\" content=\"https:\/\/campeche-noticias.com\/?p=20187\" \/>\n<meta property=\"og:site_name\" content=\"Campeche Noticias\" \/>\n<meta property=\"article:published_time\" content=\"2024-04-20T21:05:30+00:00\" \/>\n<meta property=\"article:modified_time\" content=\"2024-04-20T21:05:32+00:00\" \/>\n<meta name=\"author\" content=\"admin\" \/>\n<meta name=\"twitter:card\" content=\"summary_large_image\" \/>\n<meta name=\"twitter:label1\" content=\"Escrito por\" \/>\n\t<meta name=\"twitter:data1\" content=\"admin\" \/>\n\t<meta name=\"twitter:label2\" content=\"Tiempo de lectura\" \/>\n\t<meta name=\"twitter:data2\" content=\"3 minutos\" \/>\n<script type=\"application\/ld+json\" class=\"yoast-schema-graph\">{\"@context\":\"https:\\\/\\\/schema.org\",\"@graph\":[{\"@type\":\"Article\",\"@id\":\"https:\\\/\\\/campeche-noticias.com\\\/?p=20187#article\",\"isPartOf\":{\"@id\":\"https:\\\/\\\/campeche-noticias.com\\\/?p=20187\"},\"author\":{\"name\":\"admin\",\"@id\":\"https:\\\/\\\/campeche-noticias.com\\\/#\\\/schema\\\/person\\\/7940c228049cff34b4cc679f887362f1\"},\"headline\":\"Festejan el 54 aniversario de Canc\u00fan con un llamado a consolidar la inclusi\u00f3n y la prosperidad\",\"datePublished\":\"2024-04-20T21:05:30+00:00\",\"dateModified\":\"2024-04-20T21:05:32+00:00\",\"mainEntityOfPage\":{\"@id\":\"https:\\\/\\\/campeche-noticias.com\\\/?p=20187\"},\"wordCount\":662,\"commentCount\":5,\"image\":{\"@id\":\"https:\\\/\\\/campeche-noticias.com\\\/?p=20187#primaryimage\"},\"thumbnailUrl\":\"https:\\\/\\\/campeche-noticias.com\\\/wp-content\\\/uploads\\\/2024\\\/04\\\/WhatsApp-Image-2024-04-20-at-15.13.07-1.jpeg\",\"articleSection\":[\"Local\",\"Politica\",\"Quintana Roo\"],\"inLanguage\":\"es\",\"potentialAction\":[{\"@type\":\"CommentAction\",\"name\":\"Comment\",\"target\":[\"https:\\\/\\\/campeche-noticias.com\\\/?p=20187#respond\"]}]},{\"@type\":\"WebPage\",\"@id\":\"https:\\\/\\\/campeche-noticias.com\\\/?p=20187\",\"url\":\"https:\\\/\\\/campeche-noticias.com\\\/?p=20187\",\"name\":\"Festejan el 54 aniversario de Canc\u00fan con un llamado a consolidar la inclusi\u00f3n y la prosperidad - Campeche Noticias\",\"isPartOf\":{\"@id\":\"https:\\\/\\\/campeche-noticias.com\\\/#website\"},\"primaryImageOfPage\":{\"@id\":\"https:\\\/\\\/campeche-noticias.com\\\/?p=20187#primaryimage\"},\"image\":{\"@id\":\"https:\\\/\\\/campeche-noticias.com\\\/?p=20187#primaryimage\"},\"thumbnailUrl\":\"https:\\\/\\\/campeche-noticias.com\\\/wp-content\\\/uploads\\\/2024\\\/04\\\/WhatsApp-Image-2024-04-20-at-15.13.07-1.jpeg\",\"datePublished\":\"2024-04-20T21:05:30+00:00\",\"dateModified\":\"2024-04-20T21:05:32+00:00\",\"author\":{\"@id\":\"https:\\\/\\\/campeche-noticias.com\\\/#\\\/schema\\\/person\\\/7940c228049cff34b4cc679f887362f1\"},\"breadcrumb\":{\"@id\":\"https:\\\/\\\/campeche-noticias.com\\\/?p=20187#breadcrumb\"},\"inLanguage\":\"es\",\"potentialAction\":[{\"@type\":\"ReadAction\",\"target\":[\"https:\\\/\\\/campeche-noticias.com\\\/?p=20187\"]}]},{\"@type\":\"ImageObject\",\"inLanguage\":\"es\",\"@id\":\"https:\\\/\\\/campeche-noticias.com\\\/?p=20187#primaryimage\",\"url\":\"https:\\\/\\\/campeche-noticias.com\\\/wp-content\\\/uploads\\\/2024\\\/04\\\/WhatsApp-Image-2024-04-20-at-15.13.07-1.jpeg\",\"contentUrl\":\"https:\\\/\\\/campeche-noticias.com\\\/wp-content\\\/uploads\\\/2024\\\/04\\\/WhatsApp-Image-2024-04-20-at-15.13.07-1.jpeg\",\"width\":1600,\"height\":1066},{\"@type\":\"BreadcrumbList\",\"@id\":\"https:\\\/\\\/campeche-noticias.com\\\/?p=20187#breadcrumb\",\"itemListElement\":[{\"@type\":\"ListItem\",\"position\":1,\"name\":\"Portada\",\"item\":\"https:\\\/\\\/campeche-noticias.com\\\/\"},{\"@type\":\"ListItem\",\"position\":2,\"name\":\"Festejan el 54 aniversario de Canc\u00fan con un llamado a consolidar la inclusi\u00f3n y la prosperidad\"}]},{\"@type\":\"WebSite\",\"@id\":\"https:\\\/\\\/campeche-noticias.com\\\/#website\",\"url\":\"https:\\\/\\\/campeche-noticias.com\\\/\",\"name\":\"Campeche Noticias\",\"description\":\"Campeche Noticias\",\"potentialAction\":[{\"@type\":\"SearchAction\",\"target\":{\"@type\":\"EntryPoint\",\"urlTemplate\":\"https:\\\/\\\/campeche-noticias.com\\\/?s={search_term_string}\"},\"query-input\":{\"@type\":\"PropertyValueSpecification\",\"valueRequired\":true,\"valueName\":\"search_term_string\"}}],\"inLanguage\":\"es\"},{\"@type\":\"Person\",\"@id\":\"https:\\\/\\\/campeche-noticias.com\\\/#\\\/schema\\\/person\\\/7940c228049cff34b4cc679f887362f1\",\"name\":\"admin\",\"sameAs\":[\"https:\\\/\\\/campeche-noticias.com\"],\"url\":\"https:\\\/\\\/campeche-noticias.com\\\/?author=1\"}]}<\/script>\n<!-- \/ Yoast SEO plugin. -->","yoast_head_json":{"title":"Festejan el 54 aniversario de Canc\u00fan con un llamado a consolidar la inclusi\u00f3n y la prosperidad - Campeche Noticias","robots":{"index":"index","follow":"follow","max-snippet":"max-snippet:-1","max-image-preview":"max-image-preview:large","max-video-preview":"max-video-preview:-1"},"canonical":"https:\/\/campeche-noticias.com\/?p=20187","og_locale":"es_ES","og_type":"article","og_title":"Festejan el 54 aniversario de Canc\u00fan con un llamado a consolidar la inclusi\u00f3n y la prosperidad - Campeche Noticias","og_description":"-La gobernadora Mara Lezama destac\u00f3 el compromiso de todos los sectores para trabajar hacia un","og_url":"https:\/\/campeche-noticias.com\/?p=20187","og_site_name":"Campeche Noticias","article_published_time":"2024-04-20T21:05:30+00:00","article_modified_time":"2024-04-20T21:05:32+00:00","author":"admin","twitter_card":"summary_large_image","twitter_misc":{"Escrito por":"admin","Tiempo de lectura":"3 minutos"},"schema":{"@context":"https:\/\/schema.org","@graph":[{"@type":"Article","@id":"https:\/\/campeche-noticias.com\/?p=20187#article","isPartOf":{"@id":"https:\/\/campeche-noticias.com\/?p=20187"},"author":{"name":"admin","@id":"https:\/\/campeche-noticias.com\/#\/schema\/person\/7940c228049cff34b4cc679f887362f1"},"headline":"Festejan el 54 aniversario de Canc\u00fan con un llamado a consolidar la inclusi\u00f3n y la prosperidad","datePublished":"2024-04-20T21:05:30+00:00","dateModified":"2024-04-20T21:05:32+00:00","mainEntityOfPage":{"@id":"https:\/\/campeche-noticias.com\/?p=20187"},"wordCount":662,"commentCount":5,"image":{"@id":"https:\/\/campeche-noticias.com\/?p=20187#primaryimage"},"thumbnailUrl":"https:\/\/campeche-noticias.com\/wp-content\/uploads\/2024\/04\/WhatsApp-Image-2024-04-20-at-15.13.07-1.jpeg","articleSection":["Local","Politica","Quintana Roo"],"inLanguage":"es","potentialAction":[{"@type":"CommentAction","name":"Comment","target":["https:\/\/campeche-noticias.com\/?p=20187#respond"]}]},{"@type":"WebPage","@id":"https:\/\/campeche-noticias.com\/?p=20187","url":"https:\/\/campeche-noticias.com\/?p=20187","name":"Festejan el 54 aniversario de Canc\u00fan con un llamado a consolidar la inclusi\u00f3n y la prosperidad - Campeche Noticias","isPartOf":{"@id":"https:\/\/campeche-noticias.com\/#website"},"primaryImageOfPage":{"@id":"https:\/\/campeche-noticias.com\/?p=20187#primaryimage"},"image":{"@id":"https:\/\/campeche-noticias.com\/?p=20187#primaryimage"},"thumbnailUrl":"https:\/\/campeche-noticias.com\/wp-content\/uploads\/2024\/04\/WhatsApp-Image-2024-04-20-at-15.13.07-1.jpeg","datePublished":"2024-04-20T21:05:30+00:00","dateModified":"2024-04-20T21:05:32+00:00","author":{"@id":"https:\/\/campeche-noticias.com\/#\/schema\/person\/7940c228049cff34b4cc679f887362f1"},"breadcrumb":{"@id":"https:\/\/campeche-noticias.com\/?p=20187#breadcrumb"},"inLanguage":"es","potentialAction":[{"@type":"ReadAction","target":["https:\/\/campeche-noticias.com\/?p=20187"]}]},{"@type":"ImageObject","inLanguage":"es","@id":"https:\/\/campeche-noticias.com\/?p=20187#primaryimage","url":"https:\/\/campeche-noticias.com\/wp-content\/uploads\/2024\/04\/WhatsApp-Image-2024-04-20-at-15.13.07-1.jpeg","contentUrl":"https:\/\/campeche-noticias.com\/wp-content\/uploads\/2024\/04\/WhatsApp-Image-2024-04-20-at-15.13.07-1.jpeg","width":1600,"height":1066},{"@type":"BreadcrumbList","@id":"https:\/\/campeche-noticias.com\/?p=20187#breadcrumb","itemListElement":[{"@type":"ListItem","position":1,"name":"Portada","item":"https:\/\/campeche-noticias.com\/"},{"@type":"ListItem","position":2,"name":"Festejan el 54 aniversario de Canc\u00fan con un llamado a consolidar la inclusi\u00f3n y la prosperidad"}]},{"@type":"WebSite","@id":"https:\/\/campeche-noticias.com\/#website","url":"https:\/\/campeche-noticias.com\/","name":"Campeche Noticias","description":"Campeche Noticias","potentialAction":[{"@type":"SearchAction","target":{"@type":"EntryPoint","urlTemplate":"https:\/\/campeche-noticias.com\/?s={search_term_string}"},"query-input":{"@type":"PropertyValueSpecification","valueRequired":true,"valueName":"search_term_string"}}],"inLanguage":"es"},{"@type":"Person","@id":"https:\/\/campeche-noticias.com\/#\/schema\/person\/7940c228049cff34b4cc679f887362f1","name":"admin","sameAs":["https:\/\/campeche-noticias.com"],"url":"https:\/\/campeche-noticias.com\/?author=1"}]}},"_links":{"self":[{"href":"https:\/\/campeche-noticias.com\/index.php?rest_route=\/wp\/v2\/posts\/20187","targetHints":{"allow":["GET"]}}],"collection":[{"href":"https:\/\/campeche-noticias.com\/index.php?rest_route=\/wp\/v2\/posts"}],"about":[{"href":"https:\/\/campeche-noticias.com\/index.php?rest_route=\/wp\/v2\/types\/post"}],"author":[{"embeddable":true,"href":"https:\/\/campeche-noticias.com\/index.php?rest_route=\/wp\/v2\/users\/1"}],"replies":[{"embeddable":true,"href":"https:\/\/campeche-noticias.com\/index.php?rest_route=%2Fwp%2Fv2%2Fcomments&post=20187"}],"version-history":[{"count":1,"href":"https:\/\/campeche-noticias.com\/index.php?rest_route=\/wp\/v2\/posts\/20187\/revisions"}],"predecessor-version":[{"id":20188,"href":"https:\/\/campeche-noticias.com\/index.php?rest_route=\/wp\/v2\/posts\/20187\/revisions\/20188"}],"wp:featuredmedia":[{"embeddable":true,"href":"https:\/\/campeche-noticias.com\/index.php?rest_route=\/wp\/v2\/media\/20189"}],"wp:attachment":[{"href":"https:\/\/campeche-noticias.com\/index.php?rest_route=%2Fwp%2Fv2%2Fmedia&parent=20187"}],"wp:term":[{"taxonomy":"category","embeddable":true,"href":"https:\/\/campeche-noticias.com\/index.php?rest_route=%2Fwp%2Fv2%2Fcategories&post=20187"},{"taxonomy":"post_tag","embeddable":true,"href":"https:\/\/campeche-noticias.com\/index.php?rest_route=%2Fwp%2Fv2%2Ftags&post=20187"}],"curies":[{"name":"wp","href":"https:\/\/api.w.org\/{rel}","templated":true}]}}