{"id":19534,"date":"2023-12-28T16:34:40","date_gmt":"2023-12-28T21:34:40","guid":{"rendered":"https:\/\/campeche-noticias.com\/?p=19534"},"modified":"2023-12-28T21:34:43","modified_gmt":"2023-12-28T21:34:43","slug":"mexico-y-eu-acordaron-abrir-pasos-fronterizos-asegura-lopez-obrador","status":"publish","type":"post","link":"https:\/\/campeche-noticias.com\/?p=19534","title":{"rendered":"M\u00e9xico y EU acordaron abrir pasos fronterizos, asegura L\u00f3pez Obrador"},"content":{"rendered":"<p>El presidente Andr\u00e9s Manuel L\u00f3pez Obrador dijo que Estados Unidos y M\u00e9xico acordaron \u00abnormalizar\u00bb la situaci\u00f3n en la frontera y abrir los pasos para ferrocarriles.<\/p>\n<p>El presidente de M\u00e9xico, Andr\u00e9s Manuel L\u00f3pez Obrador, dijo este jueves que funcionarios estadounidenses acordaron mantener abiertos los cruces fronterizos y el paso a los ferrocarriles en la reuni\u00f3n que tuvieron el mi\u00e9rcoles para abordar la crisis migratoria.<\/p>\n<p>\u00abCada vez hay m\u00e1s movimiento en la frontera, en los puentes, y por eso tenemos que estar atentos para que no se cierren los pasos. Se lleg\u00f3 a ese acuerdo. Ya se est\u00e1n abriendo los pasos para el ferrocarril y los puentes fronterizos, normalizar la situaci\u00f3n\u00bb, dijo el mandatario en su habitual rueda de prensa matutina al resaltar la fuerte relaci\u00f3n comercial que hay entre ambos pa\u00edses.<\/p>\n<p>\u00abYa somos los principales socios comerciales en el mundo M\u00e9xico y Estados Unidos, ellos son nuestros principales socios\u00bb, detall\u00f3.<\/p>\n<p>L\u00f3pez Obrador se reuni\u00f3 el mi\u00e9rcoles en Ciudad de M\u00e9xico durante m\u00e1s de dos horas con el secretario de Estado Antony Blinken y otros altos funcionarios estadounidenses, incluido el secretario de Seguridad Nacional, Alejandro Mayorkas, para abordar el fuerte aumento en la migraci\u00f3n.<\/p>\n<p>Estados Unidos ha suspendido varios cruces legales en la frontera de m\u00e1s de 3,000 km con M\u00e9xico argumentando que busca centrarse en el procesamiento de inmigrantes indocumentados.<\/p>\n<p>El presidente mexicano a\u00f1adi\u00f3 que ambos pa\u00edses acordaron tambi\u00e9n tener reuniones peri\u00f3dicas para atender el tema migratorio, como hab\u00eda adelantado la canciller Alicia B\u00e1rcena el mi\u00e9rcoles.<\/p>\n<p>\u00abVamos a tener reuniones peri\u00f3dicas, se formaron ya los equipos (&#8230;) nosotros vamos a ir a Washington\u00bb, dijo.<\/p>\n<p>La visita de Blinken ocurri\u00f3 mientras el opositor Partido Republicano presiona al mandatario estadounidense, Joe Biden, para que adopte medidas en\u00e9rgicas contra la migraci\u00f3n a cambio de aceptar en el Congreso de ese pa\u00eds m\u00e1s apoyo para Ucrania.<\/p>\n<p>El viaje del mi\u00e9rcoles se anunci\u00f3 abruptamente la semana pasada luego de que Biden hablara por tel\u00e9fono con L\u00f3pez Obrador.<\/p>\n<p>El n\u00famero de personas que buscan ingresar a Estados Unidos sin autorizaci\u00f3n se dispar\u00f3 este mes a alrededor de 10,000 por d\u00eda, casi el doble que antes de la pandemia.<\/p>\n<p>Pocos migrantes son mexicanos. Desde hace muchos a\u00f1os, la mayor\u00eda son originarios de Centroam\u00e9rica, devastada por la pobreza extrema, la violencia desenfrenada y la mala cosecha, empeorada por el cambio clim\u00e1tico.<\/p>\n<p>Tambi\u00e9n ha habido un aumento en los inmigrantes procedentes de Hait\u00ed, azotado por la violencia de las pandillas y la falta de un gobierno que funcione, y Venezuela, donde los productos b\u00e1sicos han escaseado despu\u00e9s de a\u00f1os de caos econ\u00f3mico.<\/p>\n","protected":false},"excerpt":{"rendered":"<p>El presidente Andr\u00e9s Manuel L\u00f3pez Obrador dijo que Estados Unidos y M\u00e9xico acordaron \u00abnormalizar\u00bb la<\/p>\n","protected":false},"author":1,"featured_media":19536,"comment_status":"open","ping_status":"closed","sticky":false,"template":"","format":"standard","meta":{"footnotes":""},"categories":[4],"tags":[],"class_list":["post-19534","post","type-post","status-publish","format-standard","has-post-thumbnail","hentry","category-nacional"],"yoast_head":"<!-- This site is optimized with the Yoast SEO plugin v27.4 - https:\/\/yoast.com\/product\/yoast-seo-wordpress\/ -->\n<title>M\u00e9xico y EU acordaron abrir pasos fronterizos, asegura L\u00f3pez Obrador - Campeche Noticias<\/title>\n<meta name=\"robots\" content=\"index, follow, max-snippet:-1, max-image-preview:large, max-video-preview:-1\" \/>\n<link rel=\"canonical\" href=\"https:\/\/campeche-noticias.com\/?p=19534\" \/>\n<meta property=\"og:locale\" content=\"es_ES\" \/>\n<meta property=\"og:type\" content=\"article\" \/>\n<meta property=\"og:title\" content=\"M\u00e9xico y EU acordaron abrir pasos fronterizos, asegura L\u00f3pez Obrador - Campeche Noticias\" \/>\n<meta property=\"og:description\" content=\"El presidente Andr\u00e9s Manuel L\u00f3pez Obrador dijo que Estados Unidos y M\u00e9xico acordaron \u00abnormalizar\u00bb la\" \/>\n<meta property=\"og:url\" content=\"https:\/\/campeche-noticias.com\/?p=19534\" \/>\n<meta property=\"og:site_name\" content=\"Campeche Noticias\" \/>\n<meta property=\"article:published_time\" content=\"2023-12-28T21:34:40+00:00\" \/>\n<meta property=\"article:modified_time\" content=\"2023-12-28T21:34:43+00:00\" \/>\n<meta name=\"author\" content=\"admin\" \/>\n<meta name=\"twitter:card\" content=\"summary_large_image\" \/>\n<meta name=\"twitter:label1\" content=\"Escrito por\" \/>\n\t<meta name=\"twitter:data1\" content=\"admin\" \/>\n\t<meta name=\"twitter:label2\" content=\"Tiempo de lectura\" \/>\n\t<meta name=\"twitter:data2\" content=\"2 minutos\" \/>\n<script type=\"application\/ld+json\" class=\"yoast-schema-graph\">{\"@context\":\"https:\\\/\\\/schema.org\",\"@graph\":[{\"@type\":\"Article\",\"@id\":\"https:\\\/\\\/campeche-noticias.com\\\/?p=19534#article\",\"isPartOf\":{\"@id\":\"https:\\\/\\\/campeche-noticias.com\\\/?p=19534\"},\"author\":{\"name\":\"admin\",\"@id\":\"https:\\\/\\\/campeche-noticias.com\\\/#\\\/schema\\\/person\\\/7940c228049cff34b4cc679f887362f1\"},\"headline\":\"M\u00e9xico y EU acordaron abrir pasos fronterizos, asegura L\u00f3pez Obrador\",\"datePublished\":\"2023-12-28T21:34:40+00:00\",\"dateModified\":\"2023-12-28T21:34:43+00:00\",\"mainEntityOfPage\":{\"@id\":\"https:\\\/\\\/campeche-noticias.com\\\/?p=19534\"},\"wordCount\":480,\"commentCount\":0,\"image\":{\"@id\":\"https:\\\/\\\/campeche-noticias.com\\\/?p=19534#primaryimage\"},\"thumbnailUrl\":\"https:\\\/\\\/campeche-noticias.com\\\/wp-content\\\/uploads\\\/2023\\\/10\\\/111-11-1.jpg\",\"articleSection\":[\"Nacional\"],\"inLanguage\":\"es\",\"potentialAction\":[{\"@type\":\"CommentAction\",\"name\":\"Comment\",\"target\":[\"https:\\\/\\\/campeche-noticias.com\\\/?p=19534#respond\"]}]},{\"@type\":\"WebPage\",\"@id\":\"https:\\\/\\\/campeche-noticias.com\\\/?p=19534\",\"url\":\"https:\\\/\\\/campeche-noticias.com\\\/?p=19534\",\"name\":\"M\u00e9xico y EU acordaron abrir pasos fronterizos, asegura L\u00f3pez Obrador - Campeche Noticias\",\"isPartOf\":{\"@id\":\"https:\\\/\\\/campeche-noticias.com\\\/#website\"},\"primaryImageOfPage\":{\"@id\":\"https:\\\/\\\/campeche-noticias.com\\\/?p=19534#primaryimage\"},\"image\":{\"@id\":\"https:\\\/\\\/campeche-noticias.com\\\/?p=19534#primaryimage\"},\"thumbnailUrl\":\"https:\\\/\\\/campeche-noticias.com\\\/wp-content\\\/uploads\\\/2023\\\/10\\\/111-11-1.jpg\",\"datePublished\":\"2023-12-28T21:34:40+00:00\",\"dateModified\":\"2023-12-28T21:34:43+00:00\",\"author\":{\"@id\":\"https:\\\/\\\/campeche-noticias.com\\\/#\\\/schema\\\/person\\\/7940c228049cff34b4cc679f887362f1\"},\"breadcrumb\":{\"@id\":\"https:\\\/\\\/campeche-noticias.com\\\/?p=19534#breadcrumb\"},\"inLanguage\":\"es\",\"potentialAction\":[{\"@type\":\"ReadAction\",\"target\":[\"https:\\\/\\\/campeche-noticias.com\\\/?p=19534\"]}]},{\"@type\":\"ImageObject\",\"inLanguage\":\"es\",\"@id\":\"https:\\\/\\\/campeche-noticias.com\\\/?p=19534#primaryimage\",\"url\":\"https:\\\/\\\/campeche-noticias.com\\\/wp-content\\\/uploads\\\/2023\\\/10\\\/111-11-1.jpg\",\"contentUrl\":\"https:\\\/\\\/campeche-noticias.com\\\/wp-content\\\/uploads\\\/2023\\\/10\\\/111-11-1.jpg\",\"width\":259,\"height\":194},{\"@type\":\"BreadcrumbList\",\"@id\":\"https:\\\/\\\/campeche-noticias.com\\\/?p=19534#breadcrumb\",\"itemListElement\":[{\"@type\":\"ListItem\",\"position\":1,\"name\":\"Portada\",\"item\":\"https:\\\/\\\/campeche-noticias.com\\\/\"},{\"@type\":\"ListItem\",\"position\":2,\"name\":\"M\u00e9xico y EU acordaron abrir pasos fronterizos, asegura L\u00f3pez Obrador\"}]},{\"@type\":\"WebSite\",\"@id\":\"https:\\\/\\\/campeche-noticias.com\\\/#website\",\"url\":\"https:\\\/\\\/campeche-noticias.com\\\/\",\"name\":\"Campeche Noticias\",\"description\":\"Campeche Noticias\",\"potentialAction\":[{\"@type\":\"SearchAction\",\"target\":{\"@type\":\"EntryPoint\",\"urlTemplate\":\"https:\\\/\\\/campeche-noticias.com\\\/?s={search_term_string}\"},\"query-input\":{\"@type\":\"PropertyValueSpecification\",\"valueRequired\":true,\"valueName\":\"search_term_string\"}}],\"inLanguage\":\"es\"},{\"@type\":\"Person\",\"@id\":\"https:\\\/\\\/campeche-noticias.com\\\/#\\\/schema\\\/person\\\/7940c228049cff34b4cc679f887362f1\",\"name\":\"admin\",\"sameAs\":[\"https:\\\/\\\/campeche-noticias.com\"],\"url\":\"https:\\\/\\\/campeche-noticias.com\\\/?author=1\"}]}<\/script>\n<!-- \/ Yoast SEO plugin. -->","yoast_head_json":{"title":"M\u00e9xico y EU acordaron abrir pasos fronterizos, asegura L\u00f3pez Obrador - Campeche Noticias","robots":{"index":"index","follow":"follow","max-snippet":"max-snippet:-1","max-image-preview":"max-image-preview:large","max-video-preview":"max-video-preview:-1"},"canonical":"https:\/\/campeche-noticias.com\/?p=19534","og_locale":"es_ES","og_type":"article","og_title":"M\u00e9xico y EU acordaron abrir pasos fronterizos, asegura L\u00f3pez Obrador - Campeche Noticias","og_description":"El presidente Andr\u00e9s Manuel L\u00f3pez Obrador dijo que Estados Unidos y M\u00e9xico acordaron \u00abnormalizar\u00bb la","og_url":"https:\/\/campeche-noticias.com\/?p=19534","og_site_name":"Campeche Noticias","article_published_time":"2023-12-28T21:34:40+00:00","article_modified_time":"2023-12-28T21:34:43+00:00","author":"admin","twitter_card":"summary_large_image","twitter_misc":{"Escrito por":"admin","Tiempo de lectura":"2 minutos"},"schema":{"@context":"https:\/\/schema.org","@graph":[{"@type":"Article","@id":"https:\/\/campeche-noticias.com\/?p=19534#article","isPartOf":{"@id":"https:\/\/campeche-noticias.com\/?p=19534"},"author":{"name":"admin","@id":"https:\/\/campeche-noticias.com\/#\/schema\/person\/7940c228049cff34b4cc679f887362f1"},"headline":"M\u00e9xico y EU acordaron abrir pasos fronterizos, asegura L\u00f3pez Obrador","datePublished":"2023-12-28T21:34:40+00:00","dateModified":"2023-12-28T21:34:43+00:00","mainEntityOfPage":{"@id":"https:\/\/campeche-noticias.com\/?p=19534"},"wordCount":480,"commentCount":0,"image":{"@id":"https:\/\/campeche-noticias.com\/?p=19534#primaryimage"},"thumbnailUrl":"https:\/\/campeche-noticias.com\/wp-content\/uploads\/2023\/10\/111-11-1.jpg","articleSection":["Nacional"],"inLanguage":"es","potentialAction":[{"@type":"CommentAction","name":"Comment","target":["https:\/\/campeche-noticias.com\/?p=19534#respond"]}]},{"@type":"WebPage","@id":"https:\/\/campeche-noticias.com\/?p=19534","url":"https:\/\/campeche-noticias.com\/?p=19534","name":"M\u00e9xico y EU acordaron abrir pasos fronterizos, asegura L\u00f3pez Obrador - Campeche Noticias","isPartOf":{"@id":"https:\/\/campeche-noticias.com\/#website"},"primaryImageOfPage":{"@id":"https:\/\/campeche-noticias.com\/?p=19534#primaryimage"},"image":{"@id":"https:\/\/campeche-noticias.com\/?p=19534#primaryimage"},"thumbnailUrl":"https:\/\/campeche-noticias.com\/wp-content\/uploads\/2023\/10\/111-11-1.jpg","datePublished":"2023-12-28T21:34:40+00:00","dateModified":"2023-12-28T21:34:43+00:00","author":{"@id":"https:\/\/campeche-noticias.com\/#\/schema\/person\/7940c228049cff34b4cc679f887362f1"},"breadcrumb":{"@id":"https:\/\/campeche-noticias.com\/?p=19534#breadcrumb"},"inLanguage":"es","potentialAction":[{"@type":"ReadAction","target":["https:\/\/campeche-noticias.com\/?p=19534"]}]},{"@type":"ImageObject","inLanguage":"es","@id":"https:\/\/campeche-noticias.com\/?p=19534#primaryimage","url":"https:\/\/campeche-noticias.com\/wp-content\/uploads\/2023\/10\/111-11-1.jpg","contentUrl":"https:\/\/campeche-noticias.com\/wp-content\/uploads\/2023\/10\/111-11-1.jpg","width":259,"height":194},{"@type":"BreadcrumbList","@id":"https:\/\/campeche-noticias.com\/?p=19534#breadcrumb","itemListElement":[{"@type":"ListItem","position":1,"name":"Portada","item":"https:\/\/campeche-noticias.com\/"},{"@type":"ListItem","position":2,"name":"M\u00e9xico y EU acordaron abrir pasos fronterizos, asegura L\u00f3pez Obrador"}]},{"@type":"WebSite","@id":"https:\/\/campeche-noticias.com\/#website","url":"https:\/\/campeche-noticias.com\/","name":"Campeche Noticias","description":"Campeche Noticias","potentialAction":[{"@type":"SearchAction","target":{"@type":"EntryPoint","urlTemplate":"https:\/\/campeche-noticias.com\/?s={search_term_string}"},"query-input":{"@type":"PropertyValueSpecification","valueRequired":true,"valueName":"search_term_string"}}],"inLanguage":"es"},{"@type":"Person","@id":"https:\/\/campeche-noticias.com\/#\/schema\/person\/7940c228049cff34b4cc679f887362f1","name":"admin","sameAs":["https:\/\/campeche-noticias.com"],"url":"https:\/\/campeche-noticias.com\/?author=1"}]}},"_links":{"self":[{"href":"https:\/\/campeche-noticias.com\/index.php?rest_route=\/wp\/v2\/posts\/19534","targetHints":{"allow":["GET"]}}],"collection":[{"href":"https:\/\/campeche-noticias.com\/index.php?rest_route=\/wp\/v2\/posts"}],"about":[{"href":"https:\/\/campeche-noticias.com\/index.php?rest_route=\/wp\/v2\/types\/post"}],"author":[{"embeddable":true,"href":"https:\/\/campeche-noticias.com\/index.php?rest_route=\/wp\/v2\/users\/1"}],"replies":[{"embeddable":true,"href":"https:\/\/campeche-noticias.com\/index.php?rest_route=%2Fwp%2Fv2%2Fcomments&post=19534"}],"version-history":[{"count":1,"href":"https:\/\/campeche-noticias.com\/index.php?rest_route=\/wp\/v2\/posts\/19534\/revisions"}],"predecessor-version":[{"id":19535,"href":"https:\/\/campeche-noticias.com\/index.php?rest_route=\/wp\/v2\/posts\/19534\/revisions\/19535"}],"wp:featuredmedia":[{"embeddable":true,"href":"https:\/\/campeche-noticias.com\/index.php?rest_route=\/wp\/v2\/media\/19536"}],"wp:attachment":[{"href":"https:\/\/campeche-noticias.com\/index.php?rest_route=%2Fwp%2Fv2%2Fmedia&parent=19534"}],"wp:term":[{"taxonomy":"category","embeddable":true,"href":"https:\/\/campeche-noticias.com\/index.php?rest_route=%2Fwp%2Fv2%2Fcategories&post=19534"},{"taxonomy":"post_tag","embeddable":true,"href":"https:\/\/campeche-noticias.com\/index.php?rest_route=%2Fwp%2Fv2%2Ftags&post=19534"}],"curies":[{"name":"wp","href":"https:\/\/api.w.org\/{rel}","templated":true}]}}