{"id":19393,"date":"2023-12-16T11:34:59","date_gmt":"2023-12-16T16:34:59","guid":{"rendered":"https:\/\/campeche-noticias.com\/?p=19393"},"modified":"2023-12-16T16:35:01","modified_gmt":"2023-12-16T16:35:01","slug":"quien-fue-la-primera-mujer-gobernadora-en-la-historia-de-mexico","status":"publish","type":"post","link":"https:\/\/campeche-noticias.com\/?p=19393","title":{"rendered":"Qui\u00e9n fue la primera mujer gobernadora en la historia de M\u00e9xico"},"content":{"rendered":"<h4 class=\"article-subheadline left \" style=\"text-align: center;\">El pr\u00f3ximo 2 de junio del 2024 habr\u00e1 elecciones en el pa\u00eds y nueve ser\u00e1n gubernaturas<\/h4>\n<div class=\"byline\">\n<p class=\"paragraph\" data-mrf-recirculation=\"Links inline\">Los tiempos electorales en M\u00e9xico ya comenzaron desde hace unas semanas; incluso los\u00a0<b>periodos de precampa\u00f1a<\/b>\u00a0est\u00e1n por terminar y con ello, se decidir\u00e1 qui\u00e9nes ser\u00e1n los candidatos oficiales para figurar en la<b>\u00a0boleta electoral<\/b>\u00a0y con ello ser votados el pr\u00f3ximo\u00a0<b>2 de junio del 2024<\/b>. El Instituto Nacional Electoral (<b>INE<\/b>) y las dem\u00e1s autoridades electorales determinaron que deb\u00eda haber paridad de g\u00e9nero por lo que m\u00e1s mujeres podr\u00e1n ocupar cargos de representaci\u00f3n popular pero,\u00a0<b>\u00bfQui\u00e9n fue la primera mujer en ser gobernadora?<\/b><\/p>\n<p class=\"paragraph\" data-mrf-recirculation=\"Links inline\">Las\u00a0<b>mujeres\u00a0<\/b>poco a poco comienzan a ganar terreno en \u00e1mbitos que antes eran considerados solo para hombres. La pol\u00edtica es una de ellas pues basta incluso retroceder en el tiempo y recordar que antes de\u00a0<b>1955 las mujeres no pod\u00edan ir a las urnas<\/b>\u00a0y decidir qui\u00e9nes ser\u00edan los que las representar\u00edan.<\/p>\n<p class=\"paragraph\" data-mrf-recirculation=\"Links inline\">Este tipo de eventos trascendentes nos llevan de manera inmediata a pensar en\u00a0<b>Griselda \u00c1lvarez de Le\u00f3n<\/b>, una mujer que ha pasado a la historia por haber sido la primera en ser gobernadora de un estado perteneciente a la Rep\u00fablica Mexicana y no ser\u00eda sino el estado de Colima el que encabezar\u00eda.<\/p>\n<h2 class=\"header headline-class-h2\">Qui\u00e9n fue Griselda \u00c1lvarez de Le\u00f3n<\/h2>\n<p class=\"paragraph\" data-mrf-recirculation=\"Links inline\">La primera mujer en gobernar un estado en M\u00e9xico naci\u00f3 en\u00a0<b>Guadalajara<\/b>, Jalisco en\u00a0<b>1913\u00a0<\/b>y para nadie fue extra\u00f1o que buscar tal cargo pues su familia tambi\u00e9n se desempe\u00f1\u00f3 dentro de la pol\u00edtica, lo que despert\u00f3 en ella el inter\u00e9s por servir al pueblo mexicano.<\/p>\n<p class=\"paragraph\" data-mrf-recirculation=\"Links inline\">La antes mencionada fue bisnieta del general\u00a0<b>Manuel \u00c1lvarez<\/b>\u00a0quien adem\u00e1s tambi\u00e9n fue el primer gobernador del Estado de Colima en 1857. Al pasar de los a\u00f1os, la familia de la mujer tambi\u00e9n se desempe\u00f1\u00f3 de esta manera, espec\u00edficamente su padre\u00a0<b>Miguel \u00c1lvarez Garc\u00eda<\/b>\u00a0gobern\u00f3 la entidad en 1919 y 1923.<\/p>\n<p class=\"paragraph\" data-mrf-recirculation=\"Links inline\">La primera gobernadora de Colima antes de desempe\u00f1arse como tal, fungi\u00f3 como\u00a0<b>maestra\u00a0<\/b>y\u00a0<b>escritora\u00a0<\/b>debido a que su preparaci\u00f3n acad\u00e9mica corri\u00f3 a cargo de la Escuela Normal de Maestros y despu\u00e9s curs\u00f3 la carrera de Letras Espa\u00f1olas en la Facultad de Filosof\u00eda y Letras de la Universidad Nacional Aut\u00f3noma de M\u00e9xico (<b>UNAM<\/b>).<\/p>\n<p class=\"paragraph\" data-mrf-recirculation=\"Links inline\">A pesar de pronosticarse que su vida quedar\u00eda en las aulas, su carrea pol\u00edtica arranc\u00f3 de manera oficial en\u00a0<b>1977\u00a0<\/b>cuando fungi\u00f3 como\u00a0<b>senadora\u00a0<\/b>representando al estado que la vio nacer. Fue este cargo el que acabar\u00eda por darle un nuevo giro a la historia democr\u00e1tica de M\u00e9xico pues adem\u00e1s se convirti\u00f3 en\u00a0<b>la primera mujer que fue postulada para el Gobierno de Colima en 1979<\/b>, a\u00f1o en que las mujeres ya pod\u00edan votar. No se sabe con claridad si las mujeres fueron las que le dieron el gane pero s\u00ed se report\u00f3 que qued\u00f3 como gobernadora electa tras sumar\u00a0<b>50 mil votos a su favor.<\/b><\/p>\n<div class=\"blockquote\">\n<blockquote class=\"color_figcaption\"><p>\u201cVivamos un tiempo nuevo de plena igualdad con los hombres; sin privilegios que no requerimos, pero sin desventajas que no merecemos\u201d.<\/p><\/blockquote>\n<\/div>\n<p class=\"paragraph\" data-mrf-recirculation=\"Links inline\">Aunque muy pocos la nombren, Griselda \u00c1lvarez marc\u00f3 un nuevo camino para las mujeres en la pol\u00edtica pues ella demostr\u00f3 que una mujer s\u00ed pod\u00eda estar al frente de una entidad y velar por la integridad y desarrollo de la gente, m\u00e1s siendo feminista, defendi\u00f3 los derechos de las habitantes de su estado.<\/p>\n<p class=\"paragraph\" data-mrf-recirculation=\"Links inline\">Entre sus logros destacan la creaci\u00f3n del Centro de Atenci\u00f3n a la Mujer, A. C., la Alianza de Mujeres de M\u00e9xico y la Asociaci\u00f3n Mexicana de Bienestar Social y hasta su desempe\u00f1o como Presidenta Honoraria Vitalicia de la Federaci\u00f3n de Mujeres Universitarias, A. C.<\/p>\n<p class=\"paragraph\" data-mrf-recirculation=\"Links inline\">Su muerte sucedi\u00f3 el\u00a0<b>26 de marzo del 2009<\/b>, a\u00f1o en el que ella se hab\u00eda mudado a la Ciudad de M\u00e9xico, llev\u00e1ndola a recibir homenajes por parte de las autoridades y hasta el Poder Legislativo y claro, el gobierno local de Colima que gobern\u00f3 por varios a\u00f1os.<\/p>\n<div class=\"article-tags-container\" data-mrf-recirculation=\"Temas Relacionados\">\n<div class=\"trending-wrapper\" data-mrf-recirculation=\"IL_Mt3prqhcTxKECndGXZdsNA\" data-testid=\"text-html\" data-mrf-experience=\"IL_Mt3prqhcTxKECndGXZdsNA\"><\/div>\n<\/div>\n<\/div>\n","protected":false},"excerpt":{"rendered":"<p>El pr\u00f3ximo 2 de junio del 2024 habr\u00e1 elecciones en el pa\u00eds y nueve ser\u00e1n<\/p>\n","protected":false},"author":1,"featured_media":19395,"comment_status":"open","ping_status":"closed","sticky":false,"template":"","format":"standard","meta":{"footnotes":""},"categories":[4],"tags":[],"class_list":["post-19393","post","type-post","status-publish","format-standard","has-post-thumbnail","hentry","category-nacional"],"yoast_head":"<!-- This site is optimized with the Yoast SEO plugin v27.4 - https:\/\/yoast.com\/product\/yoast-seo-wordpress\/ -->\n<title>Qui\u00e9n fue la primera mujer gobernadora en la historia de M\u00e9xico - Campeche Noticias<\/title>\n<meta name=\"robots\" content=\"index, follow, max-snippet:-1, max-image-preview:large, max-video-preview:-1\" \/>\n<link rel=\"canonical\" href=\"https:\/\/campeche-noticias.com\/?p=19393\" \/>\n<meta property=\"og:locale\" content=\"es_ES\" \/>\n<meta property=\"og:type\" content=\"article\" \/>\n<meta property=\"og:title\" content=\"Qui\u00e9n fue la primera mujer gobernadora en la historia de M\u00e9xico - Campeche Noticias\" \/>\n<meta property=\"og:description\" content=\"El pr\u00f3ximo 2 de junio del 2024 habr\u00e1 elecciones en el pa\u00eds y nueve ser\u00e1n\" \/>\n<meta property=\"og:url\" content=\"https:\/\/campeche-noticias.com\/?p=19393\" \/>\n<meta property=\"og:site_name\" content=\"Campeche Noticias\" \/>\n<meta property=\"article:published_time\" content=\"2023-12-16T16:34:59+00:00\" \/>\n<meta property=\"article:modified_time\" content=\"2023-12-16T16:35:01+00:00\" \/>\n<meta name=\"author\" content=\"admin\" \/>\n<meta name=\"twitter:card\" content=\"summary_large_image\" \/>\n<meta name=\"twitter:label1\" content=\"Escrito por\" \/>\n\t<meta name=\"twitter:data1\" content=\"admin\" \/>\n\t<meta name=\"twitter:label2\" content=\"Tiempo de lectura\" \/>\n\t<meta name=\"twitter:data2\" content=\"3 minutos\" \/>\n<script type=\"application\/ld+json\" class=\"yoast-schema-graph\">{\"@context\":\"https:\\\/\\\/schema.org\",\"@graph\":[{\"@type\":\"Article\",\"@id\":\"https:\\\/\\\/campeche-noticias.com\\\/?p=19393#article\",\"isPartOf\":{\"@id\":\"https:\\\/\\\/campeche-noticias.com\\\/?p=19393\"},\"author\":{\"name\":\"admin\",\"@id\":\"https:\\\/\\\/campeche-noticias.com\\\/#\\\/schema\\\/person\\\/7940c228049cff34b4cc679f887362f1\"},\"headline\":\"Qui\u00e9n fue la primera mujer gobernadora en la historia de M\u00e9xico\",\"datePublished\":\"2023-12-16T16:34:59+00:00\",\"dateModified\":\"2023-12-16T16:35:01+00:00\",\"mainEntityOfPage\":{\"@id\":\"https:\\\/\\\/campeche-noticias.com\\\/?p=19393\"},\"wordCount\":700,\"commentCount\":0,\"image\":{\"@id\":\"https:\\\/\\\/campeche-noticias.com\\\/?p=19393#primaryimage\"},\"thumbnailUrl\":\"https:\\\/\\\/campeche-noticias.com\\\/wp-content\\\/uploads\\\/2023\\\/12\\\/WhatsApp-Image-2023-12-16-at-11.32.49-AM.jpeg\",\"articleSection\":[\"Nacional\"],\"inLanguage\":\"es\",\"potentialAction\":[{\"@type\":\"CommentAction\",\"name\":\"Comment\",\"target\":[\"https:\\\/\\\/campeche-noticias.com\\\/?p=19393#respond\"]}]},{\"@type\":\"WebPage\",\"@id\":\"https:\\\/\\\/campeche-noticias.com\\\/?p=19393\",\"url\":\"https:\\\/\\\/campeche-noticias.com\\\/?p=19393\",\"name\":\"Qui\u00e9n fue la primera mujer gobernadora en la historia de M\u00e9xico - Campeche Noticias\",\"isPartOf\":{\"@id\":\"https:\\\/\\\/campeche-noticias.com\\\/#website\"},\"primaryImageOfPage\":{\"@id\":\"https:\\\/\\\/campeche-noticias.com\\\/?p=19393#primaryimage\"},\"image\":{\"@id\":\"https:\\\/\\\/campeche-noticias.com\\\/?p=19393#primaryimage\"},\"thumbnailUrl\":\"https:\\\/\\\/campeche-noticias.com\\\/wp-content\\\/uploads\\\/2023\\\/12\\\/WhatsApp-Image-2023-12-16-at-11.32.49-AM.jpeg\",\"datePublished\":\"2023-12-16T16:34:59+00:00\",\"dateModified\":\"2023-12-16T16:35:01+00:00\",\"author\":{\"@id\":\"https:\\\/\\\/campeche-noticias.com\\\/#\\\/schema\\\/person\\\/7940c228049cff34b4cc679f887362f1\"},\"breadcrumb\":{\"@id\":\"https:\\\/\\\/campeche-noticias.com\\\/?p=19393#breadcrumb\"},\"inLanguage\":\"es\",\"potentialAction\":[{\"@type\":\"ReadAction\",\"target\":[\"https:\\\/\\\/campeche-noticias.com\\\/?p=19393\"]}]},{\"@type\":\"ImageObject\",\"inLanguage\":\"es\",\"@id\":\"https:\\\/\\\/campeche-noticias.com\\\/?p=19393#primaryimage\",\"url\":\"https:\\\/\\\/campeche-noticias.com\\\/wp-content\\\/uploads\\\/2023\\\/12\\\/WhatsApp-Image-2023-12-16-at-11.32.49-AM.jpeg\",\"contentUrl\":\"https:\\\/\\\/campeche-noticias.com\\\/wp-content\\\/uploads\\\/2023\\\/12\\\/WhatsApp-Image-2023-12-16-at-11.32.49-AM.jpeg\",\"width\":495,\"height\":273},{\"@type\":\"BreadcrumbList\",\"@id\":\"https:\\\/\\\/campeche-noticias.com\\\/?p=19393#breadcrumb\",\"itemListElement\":[{\"@type\":\"ListItem\",\"position\":1,\"name\":\"Portada\",\"item\":\"https:\\\/\\\/campeche-noticias.com\\\/\"},{\"@type\":\"ListItem\",\"position\":2,\"name\":\"Qui\u00e9n fue la primera mujer gobernadora en la historia de M\u00e9xico\"}]},{\"@type\":\"WebSite\",\"@id\":\"https:\\\/\\\/campeche-noticias.com\\\/#website\",\"url\":\"https:\\\/\\\/campeche-noticias.com\\\/\",\"name\":\"Campeche Noticias\",\"description\":\"Campeche Noticias\",\"potentialAction\":[{\"@type\":\"SearchAction\",\"target\":{\"@type\":\"EntryPoint\",\"urlTemplate\":\"https:\\\/\\\/campeche-noticias.com\\\/?s={search_term_string}\"},\"query-input\":{\"@type\":\"PropertyValueSpecification\",\"valueRequired\":true,\"valueName\":\"search_term_string\"}}],\"inLanguage\":\"es\"},{\"@type\":\"Person\",\"@id\":\"https:\\\/\\\/campeche-noticias.com\\\/#\\\/schema\\\/person\\\/7940c228049cff34b4cc679f887362f1\",\"name\":\"admin\",\"sameAs\":[\"https:\\\/\\\/campeche-noticias.com\"],\"url\":\"https:\\\/\\\/campeche-noticias.com\\\/?author=1\"}]}<\/script>\n<!-- \/ Yoast SEO plugin. -->","yoast_head_json":{"title":"Qui\u00e9n fue la primera mujer gobernadora en la historia de M\u00e9xico - Campeche Noticias","robots":{"index":"index","follow":"follow","max-snippet":"max-snippet:-1","max-image-preview":"max-image-preview:large","max-video-preview":"max-video-preview:-1"},"canonical":"https:\/\/campeche-noticias.com\/?p=19393","og_locale":"es_ES","og_type":"article","og_title":"Qui\u00e9n fue la primera mujer gobernadora en la historia de M\u00e9xico - Campeche Noticias","og_description":"El pr\u00f3ximo 2 de junio del 2024 habr\u00e1 elecciones en el pa\u00eds y nueve ser\u00e1n","og_url":"https:\/\/campeche-noticias.com\/?p=19393","og_site_name":"Campeche Noticias","article_published_time":"2023-12-16T16:34:59+00:00","article_modified_time":"2023-12-16T16:35:01+00:00","author":"admin","twitter_card":"summary_large_image","twitter_misc":{"Escrito por":"admin","Tiempo de lectura":"3 minutos"},"schema":{"@context":"https:\/\/schema.org","@graph":[{"@type":"Article","@id":"https:\/\/campeche-noticias.com\/?p=19393#article","isPartOf":{"@id":"https:\/\/campeche-noticias.com\/?p=19393"},"author":{"name":"admin","@id":"https:\/\/campeche-noticias.com\/#\/schema\/person\/7940c228049cff34b4cc679f887362f1"},"headline":"Qui\u00e9n fue la primera mujer gobernadora en la historia de M\u00e9xico","datePublished":"2023-12-16T16:34:59+00:00","dateModified":"2023-12-16T16:35:01+00:00","mainEntityOfPage":{"@id":"https:\/\/campeche-noticias.com\/?p=19393"},"wordCount":700,"commentCount":0,"image":{"@id":"https:\/\/campeche-noticias.com\/?p=19393#primaryimage"},"thumbnailUrl":"https:\/\/campeche-noticias.com\/wp-content\/uploads\/2023\/12\/WhatsApp-Image-2023-12-16-at-11.32.49-AM.jpeg","articleSection":["Nacional"],"inLanguage":"es","potentialAction":[{"@type":"CommentAction","name":"Comment","target":["https:\/\/campeche-noticias.com\/?p=19393#respond"]}]},{"@type":"WebPage","@id":"https:\/\/campeche-noticias.com\/?p=19393","url":"https:\/\/campeche-noticias.com\/?p=19393","name":"Qui\u00e9n fue la primera mujer gobernadora en la historia de M\u00e9xico - Campeche Noticias","isPartOf":{"@id":"https:\/\/campeche-noticias.com\/#website"},"primaryImageOfPage":{"@id":"https:\/\/campeche-noticias.com\/?p=19393#primaryimage"},"image":{"@id":"https:\/\/campeche-noticias.com\/?p=19393#primaryimage"},"thumbnailUrl":"https:\/\/campeche-noticias.com\/wp-content\/uploads\/2023\/12\/WhatsApp-Image-2023-12-16-at-11.32.49-AM.jpeg","datePublished":"2023-12-16T16:34:59+00:00","dateModified":"2023-12-16T16:35:01+00:00","author":{"@id":"https:\/\/campeche-noticias.com\/#\/schema\/person\/7940c228049cff34b4cc679f887362f1"},"breadcrumb":{"@id":"https:\/\/campeche-noticias.com\/?p=19393#breadcrumb"},"inLanguage":"es","potentialAction":[{"@type":"ReadAction","target":["https:\/\/campeche-noticias.com\/?p=19393"]}]},{"@type":"ImageObject","inLanguage":"es","@id":"https:\/\/campeche-noticias.com\/?p=19393#primaryimage","url":"https:\/\/campeche-noticias.com\/wp-content\/uploads\/2023\/12\/WhatsApp-Image-2023-12-16-at-11.32.49-AM.jpeg","contentUrl":"https:\/\/campeche-noticias.com\/wp-content\/uploads\/2023\/12\/WhatsApp-Image-2023-12-16-at-11.32.49-AM.jpeg","width":495,"height":273},{"@type":"BreadcrumbList","@id":"https:\/\/campeche-noticias.com\/?p=19393#breadcrumb","itemListElement":[{"@type":"ListItem","position":1,"name":"Portada","item":"https:\/\/campeche-noticias.com\/"},{"@type":"ListItem","position":2,"name":"Qui\u00e9n fue la primera mujer gobernadora en la historia de M\u00e9xico"}]},{"@type":"WebSite","@id":"https:\/\/campeche-noticias.com\/#website","url":"https:\/\/campeche-noticias.com\/","name":"Campeche Noticias","description":"Campeche Noticias","potentialAction":[{"@type":"SearchAction","target":{"@type":"EntryPoint","urlTemplate":"https:\/\/campeche-noticias.com\/?s={search_term_string}"},"query-input":{"@type":"PropertyValueSpecification","valueRequired":true,"valueName":"search_term_string"}}],"inLanguage":"es"},{"@type":"Person","@id":"https:\/\/campeche-noticias.com\/#\/schema\/person\/7940c228049cff34b4cc679f887362f1","name":"admin","sameAs":["https:\/\/campeche-noticias.com"],"url":"https:\/\/campeche-noticias.com\/?author=1"}]}},"_links":{"self":[{"href":"https:\/\/campeche-noticias.com\/index.php?rest_route=\/wp\/v2\/posts\/19393","targetHints":{"allow":["GET"]}}],"collection":[{"href":"https:\/\/campeche-noticias.com\/index.php?rest_route=\/wp\/v2\/posts"}],"about":[{"href":"https:\/\/campeche-noticias.com\/index.php?rest_route=\/wp\/v2\/types\/post"}],"author":[{"embeddable":true,"href":"https:\/\/campeche-noticias.com\/index.php?rest_route=\/wp\/v2\/users\/1"}],"replies":[{"embeddable":true,"href":"https:\/\/campeche-noticias.com\/index.php?rest_route=%2Fwp%2Fv2%2Fcomments&post=19393"}],"version-history":[{"count":1,"href":"https:\/\/campeche-noticias.com\/index.php?rest_route=\/wp\/v2\/posts\/19393\/revisions"}],"predecessor-version":[{"id":19394,"href":"https:\/\/campeche-noticias.com\/index.php?rest_route=\/wp\/v2\/posts\/19393\/revisions\/19394"}],"wp:featuredmedia":[{"embeddable":true,"href":"https:\/\/campeche-noticias.com\/index.php?rest_route=\/wp\/v2\/media\/19395"}],"wp:attachment":[{"href":"https:\/\/campeche-noticias.com\/index.php?rest_route=%2Fwp%2Fv2%2Fmedia&parent=19393"}],"wp:term":[{"taxonomy":"category","embeddable":true,"href":"https:\/\/campeche-noticias.com\/index.php?rest_route=%2Fwp%2Fv2%2Fcategories&post=19393"},{"taxonomy":"post_tag","embeddable":true,"href":"https:\/\/campeche-noticias.com\/index.php?rest_route=%2Fwp%2Fv2%2Ftags&post=19393"}],"curies":[{"name":"wp","href":"https:\/\/api.w.org\/{rel}","templated":true}]}}