{"id":19255,"date":"2023-12-04T17:56:34","date_gmt":"2023-12-04T22:56:34","guid":{"rendered":"https:\/\/campeche-noticias.com\/?p=19255"},"modified":"2023-12-04T22:56:36","modified_gmt":"2023-12-04T22:56:36","slug":"8-de-cada-10-menores-de-edad-en-mexico-estan-en-pobreza-o-vulnerabilidad","status":"publish","type":"post","link":"https:\/\/campeche-noticias.com\/?p=19255","title":{"rendered":"8 de cada 10 menores de edad en M\u00e9xico est\u00e1n en pobreza o vulnerabilidad"},"content":{"rendered":"<div class=\"jsx-3315747106 \">\n<p>Casi el 80% de los ni\u00f1os y adolescentes mexicanos se encuentran en alg\u00fan grado de pobreza o vulnerabilidad econ\u00f3mica y social. Este es un nivel significativamente m\u00e1s alto que el de la poblaci\u00f3n adulta.<\/p>\n<\/div>\n<div class=\"jsx-1764542821 newsbody\">\n<div class=\"jsx-1764542821\">\n<div class=\"jsx-537108098\">\n<p class=\"jsx-3954459878\">La\u00a0<strong>pobreza infantil<\/strong>\u00a0es uno de los grandes retos de la pol\u00edtica social en M\u00e9xico; esta problem\u00e1tica se profundiz\u00f3 con la llegada de la pandemia por Covid-19.<\/p>\n<p class=\"jsx-3954459878\">Al corte del 2020, la cifra m\u00e1s reciente disponible, casi el 80% de los menores de 18 a\u00f1os se encontraban en alg\u00fan grado de\u00a0<strong>pobreza o vulnerabilidad socioecon\u00f3mica<\/strong>, de acuerdo con cifras del\u00a0<strong>Coneval<\/strong>\u00a0(Consejo Nacional de Evaluaci\u00f3n de la Pol\u00edtica de Desarrollo Social).<\/p>\n<p class=\"jsx-3954459878\">En el desglose por situaci\u00f3n se observ\u00f3 que el 38% de los ni\u00f1os y adolescentes se encuentra en pobreza moderada y otro 10% se encuentra en\u00a0<strong>pobreza<\/strong>\u00a0<strong>extrema<\/strong>.<\/p>\n<p class=\"jsx-3954459878\">Otro 30% de los menores est\u00e1n en riesgo de caer en pobreza por ingresos o carencia en el acceso a derechos sociales b\u00e1sicos.<\/p>\n<\/div>\n<\/div>\n<\/div>\n","protected":false},"excerpt":{"rendered":"<p>Casi el 80% de los ni\u00f1os y adolescentes mexicanos se encuentran en alg\u00fan grado de<\/p>\n","protected":false},"author":1,"featured_media":19257,"comment_status":"open","ping_status":"closed","sticky":false,"template":"","format":"standard","meta":{"footnotes":""},"categories":[4],"tags":[],"class_list":["post-19255","post","type-post","status-publish","format-standard","has-post-thumbnail","hentry","category-nacional"],"yoast_head":"<!-- This site is optimized with the Yoast SEO plugin v27.5 - https:\/\/yoast.com\/product\/yoast-seo-wordpress\/ -->\n<title>8 de cada 10 menores de edad en M\u00e9xico est\u00e1n en pobreza o vulnerabilidad - Campeche Noticias<\/title>\n<meta name=\"robots\" content=\"index, follow, max-snippet:-1, max-image-preview:large, max-video-preview:-1\" \/>\n<link rel=\"canonical\" href=\"https:\/\/campeche-noticias.com\/?p=19255\" \/>\n<meta property=\"og:locale\" content=\"es_ES\" \/>\n<meta property=\"og:type\" content=\"article\" \/>\n<meta property=\"og:title\" content=\"8 de cada 10 menores de edad en M\u00e9xico est\u00e1n en pobreza o vulnerabilidad - Campeche Noticias\" \/>\n<meta property=\"og:description\" content=\"Casi el 80% de los ni\u00f1os y adolescentes mexicanos se encuentran en alg\u00fan grado de\" \/>\n<meta property=\"og:url\" content=\"https:\/\/campeche-noticias.com\/?p=19255\" \/>\n<meta property=\"og:site_name\" content=\"Campeche Noticias\" \/>\n<meta property=\"article:published_time\" content=\"2023-12-04T22:56:34+00:00\" \/>\n<meta property=\"article:modified_time\" content=\"2023-12-04T22:56:36+00:00\" \/>\n<meta name=\"author\" content=\"admin\" \/>\n<meta name=\"twitter:card\" content=\"summary_large_image\" \/>\n<meta name=\"twitter:label1\" content=\"Escrito por\" \/>\n\t<meta name=\"twitter:data1\" content=\"admin\" \/>\n\t<meta name=\"twitter:label2\" content=\"Tiempo de lectura\" \/>\n\t<meta name=\"twitter:data2\" content=\"1 minuto\" \/>\n<script type=\"application\/ld+json\" class=\"yoast-schema-graph\">{\"@context\":\"https:\\\/\\\/schema.org\",\"@graph\":[{\"@type\":\"Article\",\"@id\":\"https:\\\/\\\/campeche-noticias.com\\\/?p=19255#article\",\"isPartOf\":{\"@id\":\"https:\\\/\\\/campeche-noticias.com\\\/?p=19255\"},\"author\":{\"name\":\"admin\",\"@id\":\"https:\\\/\\\/campeche-noticias.com\\\/#\\\/schema\\\/person\\\/7940c228049cff34b4cc679f887362f1\"},\"headline\":\"8 de cada 10 menores de edad en M\u00e9xico est\u00e1n en pobreza o vulnerabilidad\",\"datePublished\":\"2023-12-04T22:56:34+00:00\",\"dateModified\":\"2023-12-04T22:56:36+00:00\",\"mainEntityOfPage\":{\"@id\":\"https:\\\/\\\/campeche-noticias.com\\\/?p=19255\"},\"wordCount\":181,\"commentCount\":0,\"image\":{\"@id\":\"https:\\\/\\\/campeche-noticias.com\\\/?p=19255#primaryimage\"},\"thumbnailUrl\":\"https:\\\/\\\/campeche-noticias.com\\\/wp-content\\\/uploads\\\/2023\\\/09\\\/111-5.jpg\",\"articleSection\":[\"Nacional\"],\"inLanguage\":\"es\",\"potentialAction\":[{\"@type\":\"CommentAction\",\"name\":\"Comment\",\"target\":[\"https:\\\/\\\/campeche-noticias.com\\\/?p=19255#respond\"]}]},{\"@type\":\"WebPage\",\"@id\":\"https:\\\/\\\/campeche-noticias.com\\\/?p=19255\",\"url\":\"https:\\\/\\\/campeche-noticias.com\\\/?p=19255\",\"name\":\"8 de cada 10 menores de edad en M\u00e9xico est\u00e1n en pobreza o vulnerabilidad - Campeche Noticias\",\"isPartOf\":{\"@id\":\"https:\\\/\\\/campeche-noticias.com\\\/#website\"},\"primaryImageOfPage\":{\"@id\":\"https:\\\/\\\/campeche-noticias.com\\\/?p=19255#primaryimage\"},\"image\":{\"@id\":\"https:\\\/\\\/campeche-noticias.com\\\/?p=19255#primaryimage\"},\"thumbnailUrl\":\"https:\\\/\\\/campeche-noticias.com\\\/wp-content\\\/uploads\\\/2023\\\/09\\\/111-5.jpg\",\"datePublished\":\"2023-12-04T22:56:34+00:00\",\"dateModified\":\"2023-12-04T22:56:36+00:00\",\"author\":{\"@id\":\"https:\\\/\\\/campeche-noticias.com\\\/#\\\/schema\\\/person\\\/7940c228049cff34b4cc679f887362f1\"},\"breadcrumb\":{\"@id\":\"https:\\\/\\\/campeche-noticias.com\\\/?p=19255#breadcrumb\"},\"inLanguage\":\"es\",\"potentialAction\":[{\"@type\":\"ReadAction\",\"target\":[\"https:\\\/\\\/campeche-noticias.com\\\/?p=19255\"]}]},{\"@type\":\"ImageObject\",\"inLanguage\":\"es\",\"@id\":\"https:\\\/\\\/campeche-noticias.com\\\/?p=19255#primaryimage\",\"url\":\"https:\\\/\\\/campeche-noticias.com\\\/wp-content\\\/uploads\\\/2023\\\/09\\\/111-5.jpg\",\"contentUrl\":\"https:\\\/\\\/campeche-noticias.com\\\/wp-content\\\/uploads\\\/2023\\\/09\\\/111-5.jpg\",\"width\":600,\"height\":340},{\"@type\":\"BreadcrumbList\",\"@id\":\"https:\\\/\\\/campeche-noticias.com\\\/?p=19255#breadcrumb\",\"itemListElement\":[{\"@type\":\"ListItem\",\"position\":1,\"name\":\"Portada\",\"item\":\"https:\\\/\\\/campeche-noticias.com\\\/\"},{\"@type\":\"ListItem\",\"position\":2,\"name\":\"8 de cada 10 menores de edad en M\u00e9xico est\u00e1n en pobreza o vulnerabilidad\"}]},{\"@type\":\"WebSite\",\"@id\":\"https:\\\/\\\/campeche-noticias.com\\\/#website\",\"url\":\"https:\\\/\\\/campeche-noticias.com\\\/\",\"name\":\"Campeche Noticias\",\"description\":\"Campeche Noticias\",\"potentialAction\":[{\"@type\":\"SearchAction\",\"target\":{\"@type\":\"EntryPoint\",\"urlTemplate\":\"https:\\\/\\\/campeche-noticias.com\\\/?s={search_term_string}\"},\"query-input\":{\"@type\":\"PropertyValueSpecification\",\"valueRequired\":true,\"valueName\":\"search_term_string\"}}],\"inLanguage\":\"es\"},{\"@type\":\"Person\",\"@id\":\"https:\\\/\\\/campeche-noticias.com\\\/#\\\/schema\\\/person\\\/7940c228049cff34b4cc679f887362f1\",\"name\":\"admin\",\"sameAs\":[\"https:\\\/\\\/campeche-noticias.com\"],\"url\":\"https:\\\/\\\/campeche-noticias.com\\\/?author=1\"}]}<\/script>\n<!-- \/ Yoast SEO plugin. -->","yoast_head_json":{"title":"8 de cada 10 menores de edad en M\u00e9xico est\u00e1n en pobreza o vulnerabilidad - Campeche Noticias","robots":{"index":"index","follow":"follow","max-snippet":"max-snippet:-1","max-image-preview":"max-image-preview:large","max-video-preview":"max-video-preview:-1"},"canonical":"https:\/\/campeche-noticias.com\/?p=19255","og_locale":"es_ES","og_type":"article","og_title":"8 de cada 10 menores de edad en M\u00e9xico est\u00e1n en pobreza o vulnerabilidad - Campeche Noticias","og_description":"Casi el 80% de los ni\u00f1os y adolescentes mexicanos se encuentran en alg\u00fan grado de","og_url":"https:\/\/campeche-noticias.com\/?p=19255","og_site_name":"Campeche Noticias","article_published_time":"2023-12-04T22:56:34+00:00","article_modified_time":"2023-12-04T22:56:36+00:00","author":"admin","twitter_card":"summary_large_image","twitter_misc":{"Escrito por":"admin","Tiempo de lectura":"1 minuto"},"schema":{"@context":"https:\/\/schema.org","@graph":[{"@type":"Article","@id":"https:\/\/campeche-noticias.com\/?p=19255#article","isPartOf":{"@id":"https:\/\/campeche-noticias.com\/?p=19255"},"author":{"name":"admin","@id":"https:\/\/campeche-noticias.com\/#\/schema\/person\/7940c228049cff34b4cc679f887362f1"},"headline":"8 de cada 10 menores de edad en M\u00e9xico est\u00e1n en pobreza o vulnerabilidad","datePublished":"2023-12-04T22:56:34+00:00","dateModified":"2023-12-04T22:56:36+00:00","mainEntityOfPage":{"@id":"https:\/\/campeche-noticias.com\/?p=19255"},"wordCount":181,"commentCount":0,"image":{"@id":"https:\/\/campeche-noticias.com\/?p=19255#primaryimage"},"thumbnailUrl":"https:\/\/campeche-noticias.com\/wp-content\/uploads\/2023\/09\/111-5.jpg","articleSection":["Nacional"],"inLanguage":"es","potentialAction":[{"@type":"CommentAction","name":"Comment","target":["https:\/\/campeche-noticias.com\/?p=19255#respond"]}]},{"@type":"WebPage","@id":"https:\/\/campeche-noticias.com\/?p=19255","url":"https:\/\/campeche-noticias.com\/?p=19255","name":"8 de cada 10 menores de edad en M\u00e9xico est\u00e1n en pobreza o vulnerabilidad - Campeche Noticias","isPartOf":{"@id":"https:\/\/campeche-noticias.com\/#website"},"primaryImageOfPage":{"@id":"https:\/\/campeche-noticias.com\/?p=19255#primaryimage"},"image":{"@id":"https:\/\/campeche-noticias.com\/?p=19255#primaryimage"},"thumbnailUrl":"https:\/\/campeche-noticias.com\/wp-content\/uploads\/2023\/09\/111-5.jpg","datePublished":"2023-12-04T22:56:34+00:00","dateModified":"2023-12-04T22:56:36+00:00","author":{"@id":"https:\/\/campeche-noticias.com\/#\/schema\/person\/7940c228049cff34b4cc679f887362f1"},"breadcrumb":{"@id":"https:\/\/campeche-noticias.com\/?p=19255#breadcrumb"},"inLanguage":"es","potentialAction":[{"@type":"ReadAction","target":["https:\/\/campeche-noticias.com\/?p=19255"]}]},{"@type":"ImageObject","inLanguage":"es","@id":"https:\/\/campeche-noticias.com\/?p=19255#primaryimage","url":"https:\/\/campeche-noticias.com\/wp-content\/uploads\/2023\/09\/111-5.jpg","contentUrl":"https:\/\/campeche-noticias.com\/wp-content\/uploads\/2023\/09\/111-5.jpg","width":600,"height":340},{"@type":"BreadcrumbList","@id":"https:\/\/campeche-noticias.com\/?p=19255#breadcrumb","itemListElement":[{"@type":"ListItem","position":1,"name":"Portada","item":"https:\/\/campeche-noticias.com\/"},{"@type":"ListItem","position":2,"name":"8 de cada 10 menores de edad en M\u00e9xico est\u00e1n en pobreza o vulnerabilidad"}]},{"@type":"WebSite","@id":"https:\/\/campeche-noticias.com\/#website","url":"https:\/\/campeche-noticias.com\/","name":"Campeche Noticias","description":"Campeche Noticias","potentialAction":[{"@type":"SearchAction","target":{"@type":"EntryPoint","urlTemplate":"https:\/\/campeche-noticias.com\/?s={search_term_string}"},"query-input":{"@type":"PropertyValueSpecification","valueRequired":true,"valueName":"search_term_string"}}],"inLanguage":"es"},{"@type":"Person","@id":"https:\/\/campeche-noticias.com\/#\/schema\/person\/7940c228049cff34b4cc679f887362f1","name":"admin","sameAs":["https:\/\/campeche-noticias.com"],"url":"https:\/\/campeche-noticias.com\/?author=1"}]}},"_links":{"self":[{"href":"https:\/\/campeche-noticias.com\/index.php?rest_route=\/wp\/v2\/posts\/19255","targetHints":{"allow":["GET"]}}],"collection":[{"href":"https:\/\/campeche-noticias.com\/index.php?rest_route=\/wp\/v2\/posts"}],"about":[{"href":"https:\/\/campeche-noticias.com\/index.php?rest_route=\/wp\/v2\/types\/post"}],"author":[{"embeddable":true,"href":"https:\/\/campeche-noticias.com\/index.php?rest_route=\/wp\/v2\/users\/1"}],"replies":[{"embeddable":true,"href":"https:\/\/campeche-noticias.com\/index.php?rest_route=%2Fwp%2Fv2%2Fcomments&post=19255"}],"version-history":[{"count":1,"href":"https:\/\/campeche-noticias.com\/index.php?rest_route=\/wp\/v2\/posts\/19255\/revisions"}],"predecessor-version":[{"id":19256,"href":"https:\/\/campeche-noticias.com\/index.php?rest_route=\/wp\/v2\/posts\/19255\/revisions\/19256"}],"wp:featuredmedia":[{"embeddable":true,"href":"https:\/\/campeche-noticias.com\/index.php?rest_route=\/wp\/v2\/media\/19257"}],"wp:attachment":[{"href":"https:\/\/campeche-noticias.com\/index.php?rest_route=%2Fwp%2Fv2%2Fmedia&parent=19255"}],"wp:term":[{"taxonomy":"category","embeddable":true,"href":"https:\/\/campeche-noticias.com\/index.php?rest_route=%2Fwp%2Fv2%2Fcategories&post=19255"},{"taxonomy":"post_tag","embeddable":true,"href":"https:\/\/campeche-noticias.com\/index.php?rest_route=%2Fwp%2Fv2%2Ftags&post=19255"}],"curies":[{"name":"wp","href":"https:\/\/api.w.org\/{rel}","templated":true}]}}