{"id":18710,"date":"2023-10-16T09:26:45","date_gmt":"2023-10-16T14:26:45","guid":{"rendered":"https:\/\/campeche-noticias.com\/?p=18710"},"modified":"2023-10-17T14:29:57","modified_gmt":"2023-10-17T14:29:57","slug":"mexico-intensifica-deportaciones-de-migrantes-tras-meses-muy-ralentizadas","status":"publish","type":"post","link":"https:\/\/campeche-noticias.com\/?p=18710","title":{"rendered":"M\u00e9xico intensifica deportaciones de migrantes tras meses muy ralentizadas"},"content":{"rendered":"<p>&nbsp;<\/p>\n<p>M\u00e9xico intensific\u00f3 las deportaciones de migrantes cubanos, guatemaltecos, salvadore\u00f1os y hondure\u00f1os en situaci\u00f3n irregular tras meses en los que permanecieron muy ralentizadas, en medio de un imparable flujo migratorio y dos semanas despu\u00e9s de una reuni\u00f3n de alto nivel con autoridades estadounidenses en la que el gobierno del pa\u00eds del norte anunci\u00f3 la reanudaci\u00f3n de vuelos para devolver a venezolanos a su pa\u00eds.<\/p>\n<p>Una autoridad de la agencia migratoria mexicana, que pidi\u00f3 el anonimato por no estar autorizada a dar declaraciones, confirm\u00f3 la reactivaci\u00f3n de retornos hacia Cuba y la intensificaci\u00f3n de las devoluciones a los tres pa\u00edses del Tri\u00e1ngulo Norte centroamericano \u2014Guatemala, El Salvador y Honduras\u2014 aunque no ofreci\u00f3 cifras.<\/p>\n<p>La oficina del Alto Comisionado de Naciones Unidas para los Refugiados (ACNUR) alert\u00f3 el lunes en un comunicado de \u201cla reanudaci\u00f3n de las deportaciones de M\u00e9xico a varios pa\u00edses\u201d e inst\u00f3 a las autoridades a cerciorarse previamente de que la seguridad de los devueltos no est\u00e9 en riesgo.<\/p>\n<div class=\"enhancement\" data-click=\"enhancement\" data-align-center=\"\"><\/div>\n<p>Adem\u00e1s, ofreci\u00f3 su apoyo para ayudar a garantizar la protecci\u00f3n internacional a quien lo necesite.<\/p>\n<p>El pasado s\u00e1bado fueron devueltos a Cuba 138 nacionales de ese pa\u00eds, seg\u00fan dijo la mencionada autoridad migratoria y confirm\u00f3 ACNUR en un mensaje a AP citando al gobierno de la isla. Entre abril y agosto, solo hab\u00edan sido retornados 47 cubanos frente a los casi 900 de diciembre, seg\u00fan cifras p\u00fablicas del ejecutivo mexicano.<\/p>\n<p>En lo que va de 2023, m\u00e1s de 400.000 migrantes han cruzado la selva del Dari\u00e9n, entre Colombia y Panam\u00e1, rumbo al norte, una cifra abrumadora comparada con los 250.000 de 2022 que ya supon\u00edan un r\u00e9cord.<\/p>\n<p>Sin embargo, las devoluciones de migrantes irregulares desde M\u00e9xico este a\u00f1o han sido mucho menores que el a\u00f1o pasado, de acuerdo a datos oficiales. De enero a agosto de 2023, hubo unos 38.500 retornos, menos de la mitad que en el mismo periodo de 2022. La gran mayor\u00eda tuvieron lugar en los tres primeros meses del a\u00f1o.<\/p>\n<p>La agencia de la ONU record\u00f3 que en la reuni\u00f3n del 5 de octubre entre altos cargos mexicanos y estadounidenses, la canciller Alicia B\u00e1rcena dijo que habr\u00eda acciones contundentes en la cuesti\u00f3n migratoria, incluyendo esfuerzos relacionados con retornos asistidos.<\/p>\n<p>Estados Unidos anunci\u00f3 en ese momento que reanudar\u00eda los vuelos para devolver a Venezuela a migrantes venezolanos en situaci\u00f3n irregular. aunque no se ha informado si estos retornos ya han comenzado.<\/p>\n<p>Las que s\u00ed se retomaron desde abril fueron las deportaciones directas desde Estados Unidos a Cuba \u2014algo que no pasaba desde diciembre de 2020\u2014 a un rimo aproximado de un vuelo al mes.<\/p>\n<p>La Secretar\u00eda de Relaciones Exteriores no respondi\u00f3 a una solicitud de comentario de AP sobre si el aumento de deportaciones responde a un acuerdo con Washington.<\/p>\n<p>El gobierno tampoco no ha ofrecido explicaciones sobre por qu\u00e9 se ralentizaron la deportaciones a partir de abril.<\/p>\n<p>En esas fechas fueron cerradas instalaciones migratorias tras el incendio de un centro de detenci\u00f3n en el que murieron 40 personas y por el que hay ocho funcionarios procesados. Tambi\u00e9n hubo cambios posteriores de normas migratorias estadounidenses.<\/p>\n<p>ACNUR indic\u00f3 a AP que \u201ces previsible que sigan las deportaciones hacia Cuba, una de las nacionalidades que m\u00e1s est\u00e1n llegando a M\u00e9xico, y que se fortalezcan los retornos que no han parado a Guatemala, El Salvador y Honduras; posiblemente se incluyan otros pa\u00edses\u201d. Las devoluciones a estos pa\u00edses tambi\u00e9n se hab\u00edan reducido sustancialmente en los \u00faltimos meses.<\/p>\n<p>Por otro lado, M\u00e9xico acoger\u00e1 este fin de semana una cumbre sobre migraci\u00f3n en el sure\u00f1o estado de Chiapas, fronterizo con Guatemala, a la que el presidente Andr\u00e9s Manuel L\u00f3pez Obrador invit\u00f3 a pa\u00edses centroamericanos y tambi\u00e9n a Ecuador, Venezuela, Colombia, Cuba y Hait\u00ed, seg\u00fan indic\u00f3 cuando hizo el anuncio.<\/p>\n<p>En redes sociales, la canciller mexicana se\u00f1al\u00f3 el lunes durante su viaje a Caracas que el venezolano Nicol\u00e1s Maduro ya confirm\u00f3 su asistencia.<\/p>\n<p>Seg\u00fan dijo L\u00f3pez Obrador, ah\u00ed se presentar\u00e1 \u201cun plan conjunto para bajar el flujo migratorio y ayudarnos mutuamente para no tener desgracias para que no pierdan la vida los migrantes\u201d.<\/p>\n","protected":false},"excerpt":{"rendered":"<p>&nbsp; M\u00e9xico intensific\u00f3 las deportaciones de migrantes cubanos, guatemaltecos, salvadore\u00f1os y hondure\u00f1os en situaci\u00f3n irregular<\/p>\n","protected":false},"author":1,"featured_media":18712,"comment_status":"open","ping_status":"closed","sticky":false,"template":"","format":"standard","meta":{"footnotes":""},"categories":[4],"tags":[],"class_list":["post-18710","post","type-post","status-publish","format-standard","has-post-thumbnail","hentry","category-nacional"],"yoast_head":"<!-- This site is optimized with the Yoast SEO plugin v27.5 - https:\/\/yoast.com\/product\/yoast-seo-wordpress\/ -->\n<title>M\u00e9xico intensifica deportaciones de migrantes tras meses muy ralentizadas - Campeche Noticias<\/title>\n<meta name=\"robots\" content=\"index, follow, max-snippet:-1, max-image-preview:large, max-video-preview:-1\" \/>\n<link rel=\"canonical\" href=\"https:\/\/campeche-noticias.com\/?p=18710\" \/>\n<meta property=\"og:locale\" content=\"es_ES\" \/>\n<meta property=\"og:type\" content=\"article\" \/>\n<meta property=\"og:title\" content=\"M\u00e9xico intensifica deportaciones de migrantes tras meses muy ralentizadas - Campeche Noticias\" \/>\n<meta property=\"og:description\" content=\"&nbsp; M\u00e9xico intensific\u00f3 las deportaciones de migrantes cubanos, guatemaltecos, salvadore\u00f1os y hondure\u00f1os en situaci\u00f3n irregular\" \/>\n<meta property=\"og:url\" content=\"https:\/\/campeche-noticias.com\/?p=18710\" \/>\n<meta property=\"og:site_name\" content=\"Campeche Noticias\" \/>\n<meta property=\"article:published_time\" content=\"2023-10-16T14:26:45+00:00\" \/>\n<meta property=\"article:modified_time\" content=\"2023-10-17T14:29:57+00:00\" \/>\n<meta name=\"author\" content=\"admin\" \/>\n<meta name=\"twitter:card\" content=\"summary_large_image\" \/>\n<meta name=\"twitter:label1\" content=\"Escrito por\" \/>\n\t<meta name=\"twitter:data1\" content=\"admin\" \/>\n\t<meta name=\"twitter:label2\" content=\"Tiempo de lectura\" \/>\n\t<meta name=\"twitter:data2\" content=\"4 minutos\" \/>\n<script type=\"application\/ld+json\" class=\"yoast-schema-graph\">{\"@context\":\"https:\\\/\\\/schema.org\",\"@graph\":[{\"@type\":\"Article\",\"@id\":\"https:\\\/\\\/campeche-noticias.com\\\/?p=18710#article\",\"isPartOf\":{\"@id\":\"https:\\\/\\\/campeche-noticias.com\\\/?p=18710\"},\"author\":{\"name\":\"admin\",\"@id\":\"https:\\\/\\\/campeche-noticias.com\\\/#\\\/schema\\\/person\\\/7940c228049cff34b4cc679f887362f1\"},\"headline\":\"M\u00e9xico intensifica deportaciones de migrantes tras meses muy ralentizadas\",\"datePublished\":\"2023-10-16T14:26:45+00:00\",\"dateModified\":\"2023-10-17T14:29:57+00:00\",\"mainEntityOfPage\":{\"@id\":\"https:\\\/\\\/campeche-noticias.com\\\/?p=18710\"},\"wordCount\":727,\"commentCount\":1,\"image\":{\"@id\":\"https:\\\/\\\/campeche-noticias.com\\\/?p=18710#primaryimage\"},\"thumbnailUrl\":\"https:\\\/\\\/campeche-noticias.com\\\/wp-content\\\/uploads\\\/2023\\\/10\\\/11-6.jpg\",\"articleSection\":[\"Nacional\"],\"inLanguage\":\"es\",\"potentialAction\":[{\"@type\":\"CommentAction\",\"name\":\"Comment\",\"target\":[\"https:\\\/\\\/campeche-noticias.com\\\/?p=18710#respond\"]}]},{\"@type\":\"WebPage\",\"@id\":\"https:\\\/\\\/campeche-noticias.com\\\/?p=18710\",\"url\":\"https:\\\/\\\/campeche-noticias.com\\\/?p=18710\",\"name\":\"M\u00e9xico intensifica deportaciones de migrantes tras meses muy ralentizadas - Campeche Noticias\",\"isPartOf\":{\"@id\":\"https:\\\/\\\/campeche-noticias.com\\\/#website\"},\"primaryImageOfPage\":{\"@id\":\"https:\\\/\\\/campeche-noticias.com\\\/?p=18710#primaryimage\"},\"image\":{\"@id\":\"https:\\\/\\\/campeche-noticias.com\\\/?p=18710#primaryimage\"},\"thumbnailUrl\":\"https:\\\/\\\/campeche-noticias.com\\\/wp-content\\\/uploads\\\/2023\\\/10\\\/11-6.jpg\",\"datePublished\":\"2023-10-16T14:26:45+00:00\",\"dateModified\":\"2023-10-17T14:29:57+00:00\",\"author\":{\"@id\":\"https:\\\/\\\/campeche-noticias.com\\\/#\\\/schema\\\/person\\\/7940c228049cff34b4cc679f887362f1\"},\"breadcrumb\":{\"@id\":\"https:\\\/\\\/campeche-noticias.com\\\/?p=18710#breadcrumb\"},\"inLanguage\":\"es\",\"potentialAction\":[{\"@type\":\"ReadAction\",\"target\":[\"https:\\\/\\\/campeche-noticias.com\\\/?p=18710\"]}]},{\"@type\":\"ImageObject\",\"inLanguage\":\"es\",\"@id\":\"https:\\\/\\\/campeche-noticias.com\\\/?p=18710#primaryimage\",\"url\":\"https:\\\/\\\/campeche-noticias.com\\\/wp-content\\\/uploads\\\/2023\\\/10\\\/11-6.jpg\",\"contentUrl\":\"https:\\\/\\\/campeche-noticias.com\\\/wp-content\\\/uploads\\\/2023\\\/10\\\/11-6.jpg\",\"width\":1200,\"height\":800},{\"@type\":\"BreadcrumbList\",\"@id\":\"https:\\\/\\\/campeche-noticias.com\\\/?p=18710#breadcrumb\",\"itemListElement\":[{\"@type\":\"ListItem\",\"position\":1,\"name\":\"Portada\",\"item\":\"https:\\\/\\\/campeche-noticias.com\\\/\"},{\"@type\":\"ListItem\",\"position\":2,\"name\":\"M\u00e9xico intensifica deportaciones de migrantes tras meses muy ralentizadas\"}]},{\"@type\":\"WebSite\",\"@id\":\"https:\\\/\\\/campeche-noticias.com\\\/#website\",\"url\":\"https:\\\/\\\/campeche-noticias.com\\\/\",\"name\":\"Campeche Noticias\",\"description\":\"Campeche Noticias\",\"potentialAction\":[{\"@type\":\"SearchAction\",\"target\":{\"@type\":\"EntryPoint\",\"urlTemplate\":\"https:\\\/\\\/campeche-noticias.com\\\/?s={search_term_string}\"},\"query-input\":{\"@type\":\"PropertyValueSpecification\",\"valueRequired\":true,\"valueName\":\"search_term_string\"}}],\"inLanguage\":\"es\"},{\"@type\":\"Person\",\"@id\":\"https:\\\/\\\/campeche-noticias.com\\\/#\\\/schema\\\/person\\\/7940c228049cff34b4cc679f887362f1\",\"name\":\"admin\",\"sameAs\":[\"https:\\\/\\\/campeche-noticias.com\"],\"url\":\"https:\\\/\\\/campeche-noticias.com\\\/?author=1\"}]}<\/script>\n<!-- \/ Yoast SEO plugin. -->","yoast_head_json":{"title":"M\u00e9xico intensifica deportaciones de migrantes tras meses muy ralentizadas - Campeche Noticias","robots":{"index":"index","follow":"follow","max-snippet":"max-snippet:-1","max-image-preview":"max-image-preview:large","max-video-preview":"max-video-preview:-1"},"canonical":"https:\/\/campeche-noticias.com\/?p=18710","og_locale":"es_ES","og_type":"article","og_title":"M\u00e9xico intensifica deportaciones de migrantes tras meses muy ralentizadas - Campeche Noticias","og_description":"&nbsp; M\u00e9xico intensific\u00f3 las deportaciones de migrantes cubanos, guatemaltecos, salvadore\u00f1os y hondure\u00f1os en situaci\u00f3n irregular","og_url":"https:\/\/campeche-noticias.com\/?p=18710","og_site_name":"Campeche Noticias","article_published_time":"2023-10-16T14:26:45+00:00","article_modified_time":"2023-10-17T14:29:57+00:00","author":"admin","twitter_card":"summary_large_image","twitter_misc":{"Escrito por":"admin","Tiempo de lectura":"4 minutos"},"schema":{"@context":"https:\/\/schema.org","@graph":[{"@type":"Article","@id":"https:\/\/campeche-noticias.com\/?p=18710#article","isPartOf":{"@id":"https:\/\/campeche-noticias.com\/?p=18710"},"author":{"name":"admin","@id":"https:\/\/campeche-noticias.com\/#\/schema\/person\/7940c228049cff34b4cc679f887362f1"},"headline":"M\u00e9xico intensifica deportaciones de migrantes tras meses muy ralentizadas","datePublished":"2023-10-16T14:26:45+00:00","dateModified":"2023-10-17T14:29:57+00:00","mainEntityOfPage":{"@id":"https:\/\/campeche-noticias.com\/?p=18710"},"wordCount":727,"commentCount":1,"image":{"@id":"https:\/\/campeche-noticias.com\/?p=18710#primaryimage"},"thumbnailUrl":"https:\/\/campeche-noticias.com\/wp-content\/uploads\/2023\/10\/11-6.jpg","articleSection":["Nacional"],"inLanguage":"es","potentialAction":[{"@type":"CommentAction","name":"Comment","target":["https:\/\/campeche-noticias.com\/?p=18710#respond"]}]},{"@type":"WebPage","@id":"https:\/\/campeche-noticias.com\/?p=18710","url":"https:\/\/campeche-noticias.com\/?p=18710","name":"M\u00e9xico intensifica deportaciones de migrantes tras meses muy ralentizadas - Campeche Noticias","isPartOf":{"@id":"https:\/\/campeche-noticias.com\/#website"},"primaryImageOfPage":{"@id":"https:\/\/campeche-noticias.com\/?p=18710#primaryimage"},"image":{"@id":"https:\/\/campeche-noticias.com\/?p=18710#primaryimage"},"thumbnailUrl":"https:\/\/campeche-noticias.com\/wp-content\/uploads\/2023\/10\/11-6.jpg","datePublished":"2023-10-16T14:26:45+00:00","dateModified":"2023-10-17T14:29:57+00:00","author":{"@id":"https:\/\/campeche-noticias.com\/#\/schema\/person\/7940c228049cff34b4cc679f887362f1"},"breadcrumb":{"@id":"https:\/\/campeche-noticias.com\/?p=18710#breadcrumb"},"inLanguage":"es","potentialAction":[{"@type":"ReadAction","target":["https:\/\/campeche-noticias.com\/?p=18710"]}]},{"@type":"ImageObject","inLanguage":"es","@id":"https:\/\/campeche-noticias.com\/?p=18710#primaryimage","url":"https:\/\/campeche-noticias.com\/wp-content\/uploads\/2023\/10\/11-6.jpg","contentUrl":"https:\/\/campeche-noticias.com\/wp-content\/uploads\/2023\/10\/11-6.jpg","width":1200,"height":800},{"@type":"BreadcrumbList","@id":"https:\/\/campeche-noticias.com\/?p=18710#breadcrumb","itemListElement":[{"@type":"ListItem","position":1,"name":"Portada","item":"https:\/\/campeche-noticias.com\/"},{"@type":"ListItem","position":2,"name":"M\u00e9xico intensifica deportaciones de migrantes tras meses muy ralentizadas"}]},{"@type":"WebSite","@id":"https:\/\/campeche-noticias.com\/#website","url":"https:\/\/campeche-noticias.com\/","name":"Campeche Noticias","description":"Campeche Noticias","potentialAction":[{"@type":"SearchAction","target":{"@type":"EntryPoint","urlTemplate":"https:\/\/campeche-noticias.com\/?s={search_term_string}"},"query-input":{"@type":"PropertyValueSpecification","valueRequired":true,"valueName":"search_term_string"}}],"inLanguage":"es"},{"@type":"Person","@id":"https:\/\/campeche-noticias.com\/#\/schema\/person\/7940c228049cff34b4cc679f887362f1","name":"admin","sameAs":["https:\/\/campeche-noticias.com"],"url":"https:\/\/campeche-noticias.com\/?author=1"}]}},"_links":{"self":[{"href":"https:\/\/campeche-noticias.com\/index.php?rest_route=\/wp\/v2\/posts\/18710","targetHints":{"allow":["GET"]}}],"collection":[{"href":"https:\/\/campeche-noticias.com\/index.php?rest_route=\/wp\/v2\/posts"}],"about":[{"href":"https:\/\/campeche-noticias.com\/index.php?rest_route=\/wp\/v2\/types\/post"}],"author":[{"embeddable":true,"href":"https:\/\/campeche-noticias.com\/index.php?rest_route=\/wp\/v2\/users\/1"}],"replies":[{"embeddable":true,"href":"https:\/\/campeche-noticias.com\/index.php?rest_route=%2Fwp%2Fv2%2Fcomments&post=18710"}],"version-history":[{"count":1,"href":"https:\/\/campeche-noticias.com\/index.php?rest_route=\/wp\/v2\/posts\/18710\/revisions"}],"predecessor-version":[{"id":18711,"href":"https:\/\/campeche-noticias.com\/index.php?rest_route=\/wp\/v2\/posts\/18710\/revisions\/18711"}],"wp:featuredmedia":[{"embeddable":true,"href":"https:\/\/campeche-noticias.com\/index.php?rest_route=\/wp\/v2\/media\/18712"}],"wp:attachment":[{"href":"https:\/\/campeche-noticias.com\/index.php?rest_route=%2Fwp%2Fv2%2Fmedia&parent=18710"}],"wp:term":[{"taxonomy":"category","embeddable":true,"href":"https:\/\/campeche-noticias.com\/index.php?rest_route=%2Fwp%2Fv2%2Fcategories&post=18710"},{"taxonomy":"post_tag","embeddable":true,"href":"https:\/\/campeche-noticias.com\/index.php?rest_route=%2Fwp%2Fv2%2Ftags&post=18710"}],"curies":[{"name":"wp","href":"https:\/\/api.w.org\/{rel}","templated":true}]}}