{"id":18527,"date":"2023-10-03T19:17:56","date_gmt":"2023-10-04T00:17:56","guid":{"rendered":"https:\/\/campeche-noticias.com\/?p=18527"},"modified":"2023-10-04T00:17:57","modified_gmt":"2023-10-04T00:17:57","slug":"o-sergio-mayer-asegura-que-lo-vetaron-del-programa-hoy-fue-una-orden-de-paul-stanley","status":"publish","type":"post","link":"https:\/\/campeche-noticias.com\/?p=18527","title":{"rendered":"O Sergio Mayer asegura que lo vetaron del programa \u2018HOY\u2019: \u00bfFue una orden de Paul Stanley?"},"content":{"rendered":"<h4 class=\"article-subheadline left \" style=\"text-align: center;\">Al parecer las rencillas contin\u00faan afuera de \u2018La casa de los famosos\u2019<\/h4>\n<div class=\"byline\">\n<p class=\"paragraph\" data-mrf-recirculation=\"Links inline\">En el universo de la televisi\u00f3n mexicana, donde las pol\u00e9micas y chismes fluyen con facilidad, recientemente el ex Garibaldi,\u00a0<b>Sergio Mayer<\/b>, ha vuelto a ser el centro de atenci\u00f3n. Esta vez no tiene que ver con su participaci\u00f3n en\u00a0<i>La Casa de los Famosos<\/i>, sino con el reconocido programa\u00a0<i>Hoy<\/i>\u00a0y una aparente tensi\u00f3n entre \u00e9l y\u00a0<b>Paul Stanley<\/b>, uno de los conductores m\u00e1s ic\u00f3nicos del espacio televisivo.<\/p>\n<p class=\"paragraph\" data-mrf-recirculation=\"Links inline\">El revuelo en las redes sociales se origin\u00f3 despu\u00e9s de que Mayer hiciera unas declaraciones en el programa\u00a0<i>Miembros Al Aire<\/i>. En este espacio, fue Jos\u00e9 Eduardo Derbez quien, de manera directa, le pregunt\u00f3 a Sergio Mayer si la raz\u00f3n por la cu\u00e1l hab\u00eda tardado tanto en visitarlos en el programa ten\u00eda que ver con Paul Stanley.<\/p>\n<p class=\"paragraph\" data-mrf-recirculation=\"Links inline\">Sin titubear, Mayer confirm\u00f3 la especulaci\u00f3n. Narr\u00f3 que\u00a0<b>se enter\u00f3 de que Stanley no quer\u00eda compartir pantalla con \u00e9l<\/b>, lo que result\u00f3 en la ausencia de este \u00faltimo del programa de Unicable. E incluso, asegur\u00f3, en un supuesto veto en el programa\u00a0<i>Hoy<\/i>.<\/p>\n<p class=\"paragraph\" data-mrf-recirculation=\"Links inline\">\u201cLa neta, la neta, la neta yo me enter\u00e9 que\u00a0<b>Paul dijo que si yo ven\u00eda \u00e9l no ven\u00eda y me estoy dando cuenta que s\u00ed<\/b>\u201d, dijo Mayer al percatarse de que Stanley no estaba presente, a pesar de ser uno de los conductores de\u00a0<i>Miembros al Aire<\/i>.<\/p>\n<div class=\"recommended-card__info\">\n<p class=\"paragraph\" data-mrf-recirculation=\"Links inline\">En ese momento el hijo de Derbez tampoco perdi\u00f3 m\u00e1s tiempo y pregunt\u00f3 si su compa\u00f1ero de conducci\u00f3n hizo lo mismo en el programa matutino liderado por Andrea Legarreta y Galilea Montijo. Sergio lo confirm\u00f3.<\/p>\n<p class=\"paragraph\" data-mrf-recirculation=\"Links inline\">\u201c<b>Hizo lo mismo en\u00a0<\/b><i><b>Hoy<\/b><\/i><b>, me vetaron de Hoy<\/b>\u00a0y ahorita lleg\u00f3 y no est\u00e1 el pinch* Paul\u201d, confirm\u00f3 el ex participante de\u00a0<i>S\u00f3lo para mujeres<\/i>.<\/p>\n<p class=\"paragraph\" data-mrf-recirculation=\"Links inline\">Despu\u00e9s para aligerar el ambiente continu\u00f3: \u201cYo ven\u00eda a pedirle sus recetas porque es\u00a0<b>lo \u00fanico que sabe hacer el cabr*n, cocinar y hacerla de ped*<\/b>\u201d, dijo Sergio.<\/p>\n<p class=\"paragraph\" data-mrf-recirculation=\"Links inline\">Lo sorprendente de estas declaraciones no s\u00f3lo radica en la evidente tensi\u00f3n que hay entre ambos personajes, sino tambi\u00e9n en la rapidez con la que los conductores de\u00a0<i>Miembros Al Aire<\/i>\u00a0decidieron cambiar el rumbo de la conversaci\u00f3n, evitando profundizar en el tema y posiblemente evitar m\u00e1s controversia.<\/p>\n<p class=\"paragraph\" data-mrf-recirculation=\"Links inline\">Hasta la fecha, el silencio de Paul Stanley sobre este asunto ha sido total. Aunque no ha ofrecido ning\u00fan comentario respecto al supuesto veto hacia Sergio Mayer en el programa\u00a0<i>Hoy<\/i>, se espera que \u00e9l o alg\u00fan otro miembro del equipo de conductores emita una declaraci\u00f3n en los pr\u00f3ximos d\u00edas.<\/p>\n<\/div>\n<\/div>\n","protected":false},"excerpt":{"rendered":"<p>Al parecer las rencillas contin\u00faan afuera de \u2018La casa de los famosos\u2019 En el universo<\/p>\n","protected":false},"author":1,"featured_media":18529,"comment_status":"open","ping_status":"closed","sticky":false,"template":"","format":"standard","meta":{"footnotes":""},"categories":[5],"tags":[],"class_list":["post-18527","post","type-post","status-publish","format-standard","has-post-thumbnail","hentry","category-espectaculos"],"yoast_head":"<!-- This site is optimized with the Yoast SEO plugin v27.5 - https:\/\/yoast.com\/product\/yoast-seo-wordpress\/ -->\n<title>O Sergio Mayer asegura que lo vetaron del programa \u2018HOY\u2019: \u00bfFue una orden de Paul Stanley? - Campeche Noticias<\/title>\n<meta name=\"robots\" content=\"index, follow, max-snippet:-1, max-image-preview:large, max-video-preview:-1\" \/>\n<link rel=\"canonical\" href=\"https:\/\/campeche-noticias.com\/?p=18527\" \/>\n<meta property=\"og:locale\" content=\"es_ES\" \/>\n<meta property=\"og:type\" content=\"article\" \/>\n<meta property=\"og:title\" content=\"O Sergio Mayer asegura que lo vetaron del programa \u2018HOY\u2019: \u00bfFue una orden de Paul Stanley? - Campeche Noticias\" \/>\n<meta property=\"og:description\" content=\"Al parecer las rencillas contin\u00faan afuera de \u2018La casa de los famosos\u2019 En el universo\" \/>\n<meta property=\"og:url\" content=\"https:\/\/campeche-noticias.com\/?p=18527\" \/>\n<meta property=\"og:site_name\" content=\"Campeche Noticias\" \/>\n<meta property=\"article:published_time\" content=\"2023-10-04T00:17:56+00:00\" \/>\n<meta property=\"article:modified_time\" content=\"2023-10-04T00:17:57+00:00\" \/>\n<meta name=\"author\" content=\"admin\" \/>\n<meta name=\"twitter:card\" content=\"summary_large_image\" \/>\n<meta name=\"twitter:label1\" content=\"Escrito por\" \/>\n\t<meta name=\"twitter:data1\" content=\"admin\" \/>\n\t<meta name=\"twitter:label2\" content=\"Tiempo de lectura\" \/>\n\t<meta name=\"twitter:data2\" content=\"2 minutos\" \/>\n<script type=\"application\/ld+json\" class=\"yoast-schema-graph\">{\"@context\":\"https:\\\/\\\/schema.org\",\"@graph\":[{\"@type\":\"Article\",\"@id\":\"https:\\\/\\\/campeche-noticias.com\\\/?p=18527#article\",\"isPartOf\":{\"@id\":\"https:\\\/\\\/campeche-noticias.com\\\/?p=18527\"},\"author\":{\"name\":\"admin\",\"@id\":\"https:\\\/\\\/campeche-noticias.com\\\/#\\\/schema\\\/person\\\/7940c228049cff34b4cc679f887362f1\"},\"headline\":\"O Sergio Mayer asegura que lo vetaron del programa \u2018HOY\u2019: \u00bfFue una orden de Paul Stanley?\",\"datePublished\":\"2023-10-04T00:17:56+00:00\",\"dateModified\":\"2023-10-04T00:17:57+00:00\",\"mainEntityOfPage\":{\"@id\":\"https:\\\/\\\/campeche-noticias.com\\\/?p=18527\"},\"wordCount\":465,\"commentCount\":0,\"image\":{\"@id\":\"https:\\\/\\\/campeche-noticias.com\\\/?p=18527#primaryimage\"},\"thumbnailUrl\":\"https:\\\/\\\/campeche-noticias.com\\\/wp-content\\\/uploads\\\/2023\\\/10\\\/WhatsApp-Image-2023-10-03-at-7.16.44-PM.jpeg\",\"articleSection\":[\"Espectaculos\"],\"inLanguage\":\"es\",\"potentialAction\":[{\"@type\":\"CommentAction\",\"name\":\"Comment\",\"target\":[\"https:\\\/\\\/campeche-noticias.com\\\/?p=18527#respond\"]}]},{\"@type\":\"WebPage\",\"@id\":\"https:\\\/\\\/campeche-noticias.com\\\/?p=18527\",\"url\":\"https:\\\/\\\/campeche-noticias.com\\\/?p=18527\",\"name\":\"O Sergio Mayer asegura que lo vetaron del programa \u2018HOY\u2019: \u00bfFue una orden de Paul Stanley? - Campeche Noticias\",\"isPartOf\":{\"@id\":\"https:\\\/\\\/campeche-noticias.com\\\/#website\"},\"primaryImageOfPage\":{\"@id\":\"https:\\\/\\\/campeche-noticias.com\\\/?p=18527#primaryimage\"},\"image\":{\"@id\":\"https:\\\/\\\/campeche-noticias.com\\\/?p=18527#primaryimage\"},\"thumbnailUrl\":\"https:\\\/\\\/campeche-noticias.com\\\/wp-content\\\/uploads\\\/2023\\\/10\\\/WhatsApp-Image-2023-10-03-at-7.16.44-PM.jpeg\",\"datePublished\":\"2023-10-04T00:17:56+00:00\",\"dateModified\":\"2023-10-04T00:17:57+00:00\",\"author\":{\"@id\":\"https:\\\/\\\/campeche-noticias.com\\\/#\\\/schema\\\/person\\\/7940c228049cff34b4cc679f887362f1\"},\"breadcrumb\":{\"@id\":\"https:\\\/\\\/campeche-noticias.com\\\/?p=18527#breadcrumb\"},\"inLanguage\":\"es\",\"potentialAction\":[{\"@type\":\"ReadAction\",\"target\":[\"https:\\\/\\\/campeche-noticias.com\\\/?p=18527\"]}]},{\"@type\":\"ImageObject\",\"inLanguage\":\"es\",\"@id\":\"https:\\\/\\\/campeche-noticias.com\\\/?p=18527#primaryimage\",\"url\":\"https:\\\/\\\/campeche-noticias.com\\\/wp-content\\\/uploads\\\/2023\\\/10\\\/WhatsApp-Image-2023-10-03-at-7.16.44-PM.jpeg\",\"contentUrl\":\"https:\\\/\\\/campeche-noticias.com\\\/wp-content\\\/uploads\\\/2023\\\/10\\\/WhatsApp-Image-2023-10-03-at-7.16.44-PM.jpeg\",\"width\":551,\"height\":268},{\"@type\":\"BreadcrumbList\",\"@id\":\"https:\\\/\\\/campeche-noticias.com\\\/?p=18527#breadcrumb\",\"itemListElement\":[{\"@type\":\"ListItem\",\"position\":1,\"name\":\"Portada\",\"item\":\"https:\\\/\\\/campeche-noticias.com\\\/\"},{\"@type\":\"ListItem\",\"position\":2,\"name\":\"O Sergio Mayer asegura que lo vetaron del programa \u2018HOY\u2019: \u00bfFue una orden de Paul Stanley?\"}]},{\"@type\":\"WebSite\",\"@id\":\"https:\\\/\\\/campeche-noticias.com\\\/#website\",\"url\":\"https:\\\/\\\/campeche-noticias.com\\\/\",\"name\":\"Campeche Noticias\",\"description\":\"Campeche Noticias\",\"potentialAction\":[{\"@type\":\"SearchAction\",\"target\":{\"@type\":\"EntryPoint\",\"urlTemplate\":\"https:\\\/\\\/campeche-noticias.com\\\/?s={search_term_string}\"},\"query-input\":{\"@type\":\"PropertyValueSpecification\",\"valueRequired\":true,\"valueName\":\"search_term_string\"}}],\"inLanguage\":\"es\"},{\"@type\":\"Person\",\"@id\":\"https:\\\/\\\/campeche-noticias.com\\\/#\\\/schema\\\/person\\\/7940c228049cff34b4cc679f887362f1\",\"name\":\"admin\",\"sameAs\":[\"https:\\\/\\\/campeche-noticias.com\"],\"url\":\"https:\\\/\\\/campeche-noticias.com\\\/?author=1\"}]}<\/script>\n<!-- \/ Yoast SEO plugin. -->","yoast_head_json":{"title":"O Sergio Mayer asegura que lo vetaron del programa \u2018HOY\u2019: \u00bfFue una orden de Paul Stanley? - Campeche Noticias","robots":{"index":"index","follow":"follow","max-snippet":"max-snippet:-1","max-image-preview":"max-image-preview:large","max-video-preview":"max-video-preview:-1"},"canonical":"https:\/\/campeche-noticias.com\/?p=18527","og_locale":"es_ES","og_type":"article","og_title":"O Sergio Mayer asegura que lo vetaron del programa \u2018HOY\u2019: \u00bfFue una orden de Paul Stanley? - Campeche Noticias","og_description":"Al parecer las rencillas contin\u00faan afuera de \u2018La casa de los famosos\u2019 En el universo","og_url":"https:\/\/campeche-noticias.com\/?p=18527","og_site_name":"Campeche Noticias","article_published_time":"2023-10-04T00:17:56+00:00","article_modified_time":"2023-10-04T00:17:57+00:00","author":"admin","twitter_card":"summary_large_image","twitter_misc":{"Escrito por":"admin","Tiempo de lectura":"2 minutos"},"schema":{"@context":"https:\/\/schema.org","@graph":[{"@type":"Article","@id":"https:\/\/campeche-noticias.com\/?p=18527#article","isPartOf":{"@id":"https:\/\/campeche-noticias.com\/?p=18527"},"author":{"name":"admin","@id":"https:\/\/campeche-noticias.com\/#\/schema\/person\/7940c228049cff34b4cc679f887362f1"},"headline":"O Sergio Mayer asegura que lo vetaron del programa \u2018HOY\u2019: \u00bfFue una orden de Paul Stanley?","datePublished":"2023-10-04T00:17:56+00:00","dateModified":"2023-10-04T00:17:57+00:00","mainEntityOfPage":{"@id":"https:\/\/campeche-noticias.com\/?p=18527"},"wordCount":465,"commentCount":0,"image":{"@id":"https:\/\/campeche-noticias.com\/?p=18527#primaryimage"},"thumbnailUrl":"https:\/\/campeche-noticias.com\/wp-content\/uploads\/2023\/10\/WhatsApp-Image-2023-10-03-at-7.16.44-PM.jpeg","articleSection":["Espectaculos"],"inLanguage":"es","potentialAction":[{"@type":"CommentAction","name":"Comment","target":["https:\/\/campeche-noticias.com\/?p=18527#respond"]}]},{"@type":"WebPage","@id":"https:\/\/campeche-noticias.com\/?p=18527","url":"https:\/\/campeche-noticias.com\/?p=18527","name":"O Sergio Mayer asegura que lo vetaron del programa \u2018HOY\u2019: \u00bfFue una orden de Paul Stanley? - Campeche Noticias","isPartOf":{"@id":"https:\/\/campeche-noticias.com\/#website"},"primaryImageOfPage":{"@id":"https:\/\/campeche-noticias.com\/?p=18527#primaryimage"},"image":{"@id":"https:\/\/campeche-noticias.com\/?p=18527#primaryimage"},"thumbnailUrl":"https:\/\/campeche-noticias.com\/wp-content\/uploads\/2023\/10\/WhatsApp-Image-2023-10-03-at-7.16.44-PM.jpeg","datePublished":"2023-10-04T00:17:56+00:00","dateModified":"2023-10-04T00:17:57+00:00","author":{"@id":"https:\/\/campeche-noticias.com\/#\/schema\/person\/7940c228049cff34b4cc679f887362f1"},"breadcrumb":{"@id":"https:\/\/campeche-noticias.com\/?p=18527#breadcrumb"},"inLanguage":"es","potentialAction":[{"@type":"ReadAction","target":["https:\/\/campeche-noticias.com\/?p=18527"]}]},{"@type":"ImageObject","inLanguage":"es","@id":"https:\/\/campeche-noticias.com\/?p=18527#primaryimage","url":"https:\/\/campeche-noticias.com\/wp-content\/uploads\/2023\/10\/WhatsApp-Image-2023-10-03-at-7.16.44-PM.jpeg","contentUrl":"https:\/\/campeche-noticias.com\/wp-content\/uploads\/2023\/10\/WhatsApp-Image-2023-10-03-at-7.16.44-PM.jpeg","width":551,"height":268},{"@type":"BreadcrumbList","@id":"https:\/\/campeche-noticias.com\/?p=18527#breadcrumb","itemListElement":[{"@type":"ListItem","position":1,"name":"Portada","item":"https:\/\/campeche-noticias.com\/"},{"@type":"ListItem","position":2,"name":"O Sergio Mayer asegura que lo vetaron del programa \u2018HOY\u2019: \u00bfFue una orden de Paul Stanley?"}]},{"@type":"WebSite","@id":"https:\/\/campeche-noticias.com\/#website","url":"https:\/\/campeche-noticias.com\/","name":"Campeche Noticias","description":"Campeche Noticias","potentialAction":[{"@type":"SearchAction","target":{"@type":"EntryPoint","urlTemplate":"https:\/\/campeche-noticias.com\/?s={search_term_string}"},"query-input":{"@type":"PropertyValueSpecification","valueRequired":true,"valueName":"search_term_string"}}],"inLanguage":"es"},{"@type":"Person","@id":"https:\/\/campeche-noticias.com\/#\/schema\/person\/7940c228049cff34b4cc679f887362f1","name":"admin","sameAs":["https:\/\/campeche-noticias.com"],"url":"https:\/\/campeche-noticias.com\/?author=1"}]}},"_links":{"self":[{"href":"https:\/\/campeche-noticias.com\/index.php?rest_route=\/wp\/v2\/posts\/18527","targetHints":{"allow":["GET"]}}],"collection":[{"href":"https:\/\/campeche-noticias.com\/index.php?rest_route=\/wp\/v2\/posts"}],"about":[{"href":"https:\/\/campeche-noticias.com\/index.php?rest_route=\/wp\/v2\/types\/post"}],"author":[{"embeddable":true,"href":"https:\/\/campeche-noticias.com\/index.php?rest_route=\/wp\/v2\/users\/1"}],"replies":[{"embeddable":true,"href":"https:\/\/campeche-noticias.com\/index.php?rest_route=%2Fwp%2Fv2%2Fcomments&post=18527"}],"version-history":[{"count":1,"href":"https:\/\/campeche-noticias.com\/index.php?rest_route=\/wp\/v2\/posts\/18527\/revisions"}],"predecessor-version":[{"id":18528,"href":"https:\/\/campeche-noticias.com\/index.php?rest_route=\/wp\/v2\/posts\/18527\/revisions\/18528"}],"wp:featuredmedia":[{"embeddable":true,"href":"https:\/\/campeche-noticias.com\/index.php?rest_route=\/wp\/v2\/media\/18529"}],"wp:attachment":[{"href":"https:\/\/campeche-noticias.com\/index.php?rest_route=%2Fwp%2Fv2%2Fmedia&parent=18527"}],"wp:term":[{"taxonomy":"category","embeddable":true,"href":"https:\/\/campeche-noticias.com\/index.php?rest_route=%2Fwp%2Fv2%2Fcategories&post=18527"},{"taxonomy":"post_tag","embeddable":true,"href":"https:\/\/campeche-noticias.com\/index.php?rest_route=%2Fwp%2Fv2%2Ftags&post=18527"}],"curies":[{"name":"wp","href":"https:\/\/api.w.org\/{rel}","templated":true}]}}