{"id":18173,"date":"2023-09-13T16:46:31","date_gmt":"2023-09-13T21:46:31","guid":{"rendered":"https:\/\/campeche-noticias.com\/?p=18173"},"modified":"2023-09-13T21:46:32","modified_gmt":"2023-09-13T21:46:32","slug":"musica-y-tradicion-en-la-celebracion-de-las-fiestas-patrias-de-mexico-y-centroamerica","status":"publish","type":"post","link":"https:\/\/campeche-noticias.com\/?p=18173","title":{"rendered":"M\u00fasica y tradici\u00f3n en la celebraci\u00f3n de las Fiestas Patrias de M\u00e9xico y Centroam\u00e9rica"},"content":{"rendered":"<h4 class=\"subheadline\" style=\"text-align: center;\">Espect\u00e1culos musicales y eventos culturales llegan a nuestra \u00e1rea para celebrar \u2018El Grito\u2019 y otras actividades por la Independencia y el inicio de la Herencia Hispana<\/h4>\n<div class=\"byline\">\n<div class=\"authors\">\n<p>Desde el 15 de septiembre hasta el 15 de octubre se da inicio a las celebraciones por la Herencia Hispana en Los Estados Unidos, pero tambi\u00e9n este fin de semana se conmemoran las Fiestas Patrias de M\u00e9xico y Centroam\u00e9rica con diferentes actividades musicales y culturales que no pueda dejar de asistir.<\/p>\n<p>Ya\u00a0Alejandro Fern\u00e1ndez estuvo present\u00e1ndose en nuestra \u00e1rea\u00a0en la antesala a las festividades con su actuaci\u00f3n en el escenario del Honda Center de Anaheim, pero si no pudo verlo el pasado domingo no se preocupe porque regresar\u00e1 a Los \u00c1ngeles luego de dar El Grito en Las Vegas este fin de semana.<\/p>\n<p>M\u00fasica tradicional del regional mexicano y la cumbia es lo que estar\u00e1 sonando por diferentes escenarios de nuestra \u00e1rea, pero tambi\u00e9n se unen artistas del g\u00e9nero urbano y el rock en mexicano para darle variedad al fin de semana.<\/p>\n<p>No se olvide que esta lista de eventos se ir\u00e1 actualizando, as\u00ed que puedes visitarla cada semana para enterarte de los \u00faltimos eventos y presentaciones en nuestra ciudad.<\/p>\n<p>Fernando Sierra, mejor conocido como Jory Boy, es cofundador del d\u00fao de reggaet\u00f3n Nova y Jory. El oriundo de Puerto Rico que se mud\u00f3 a los Estados Unidos con su familia a los diez a\u00f1os y creci\u00f3 en Camden, Nueva Jersey, comenz\u00f3 a crear m\u00fasica cuando era adolescente y apareci\u00f3 en varios concursos de talentos donde comenz\u00f3 a destacar. Hoy como solista llega de gira por Los \u00c1ngeles para ofrecer su contagiosa propuesta urbana como \u201cNacimos pa\u2019 morir\u201d, \u201cAmor de antes\u201d, \u201cAprovecha\u201d y muchas m\u00e1s.<\/p>\n<p><b>Cu\u00e1ndo:\u00a0<\/b>14 de septiembre, 8 pm.<br \/>\n<b>D\u00f3nde:<\/b>\u00a0Ibiza Nightclub 6901 Pacific Blvd. Huntington Park, CA 90255<br \/>\n<b>Admisi\u00f3n:\u00a0<\/b>Desde $25<\/p>\n<h3 class=\"story-stack-story-title\">Los \u00c1ngeles Azules regresan al YouTube Theater<\/h3>\n<div class=\"ct-rich-text-children font-body font-normal text-lg leading-7.75 text-primary-text-color clearfix\" data-element=\"story-stack-story-body\">\n<p>Luego de su exitosa presentaci\u00f3n en el escenario del Toyota Arena de Ontario, CA, ahora Los \u00c1ngeles Azules llegan a la tarima del YouTube Theater de Inglewood para ofrecer un espect\u00e1culo repleto de sus grandes cl\u00e1sicos bailables que los han convertido en los favoritos de la cumbia latinoamericana. Los oriundos de Iztapalapa llegan con su espect\u00e1culo \u201cCumbia para el Coraz\u00f3n\u201d antes de su participaci\u00f3n en los Premios Billboard de la M\u00fasica Latina donde ser\u00e1n premiados con el galard\u00f3n a la \u201cTrayectoria Art\u00edstica\u201d.<b>Cu\u00e1ndo:<\/b>\u00a014 de septiembre, 8 pm.<br \/>\n<b>D\u00f3nde:\u00a0<\/b>YouTube Theater 1011 Stadium Dr, Inglewood, CA 90305<br \/>\n<b>Admisi\u00f3n:<\/b>\u00a0Desde $59.50<\/p>\n<h3 class=\"story-stack-story-title\">El Harag\u00e1n y Cia en vivo<\/h3>\n<div class=\"ct-rich-text-children font-body font-normal text-lg leading-7.75 text-primary-text-color clearfix\" data-element=\"story-stack-story-body\">\n<p>El Harag\u00e1n y C\u00eda, un grupo influyente en la escena del rock nacional mexicano est\u00e1 de gira y llega este jueves al condado de Orange en la ciudad de Santa Ana. La banda de rock que se caracteriza por un sonido totalmente refinado, ic\u00f3nico y legendario y que ha realizado exitosas presentaciones en escenarios de M\u00e9xico, Estados Unidos, Sudam\u00e9rica y Europa, ahora llegan a nuestra \u00e1rea para ofrecer su nuevo espect\u00e1culo.<\/p>\n<p><b>Cu\u00e1ndo:<\/b>\u00a014 de septiembre, 8 pm.<br \/>\n<b>D\u00f3nde:<\/b>\u00a0El Festival Hall 220 E 3rd St, Santa Ana, CA, 92701<br \/>\n<b>Admisi\u00f3n:\u00a0<\/b>Desde $45<\/p>\n<h3 class=\"story-stack-story-title\">Maluma y su \u2018Don Juan Tour en Ontario<\/h3>\n<div class=\"ct-rich-text-children font-body font-normal text-lg leading-7.75 text-primary-text-color clearfix\" data-element=\"story-stack-story-body\">\n<p>El fin de semana pasado Maluma llen\u00f3 de m\u00fasica y explosivas actuaciones el coloso de Inglewood y ahora est\u00e1 listo para hacerlo en Ontario, CA. El cantante colombiano llevar\u00e1 su espect\u00e1culo \u201cDon Juan World Tour\u201d al Toyota Arena donde har\u00e1 un recorrido por sus \u00e9xitos de los g\u00e9neros pop, urbano y hasta regional mexicano. Tras su actuaci\u00f3n en el LA3C Fest de Los \u00c1ngeles del a\u00f1o pasado y\u00a0su reciente presentaci\u00f3n en el Kia Forum, \u201cMaluma Baby\u201d continuar\u00e1 recorriendo el pa\u00eds junto a sus m\u00fasicos y sus esculturales bailarinas por todo el pa\u00eds.<b>Cu\u00e1ndo:\u00a0<\/b>15 de septiembre, 8 pm.<br \/>\n<b>D\u00f3nde:<\/b>\u00a0Toyota Arena 4000 E. Ontario Center Parkway, Ontario, CA 91764<br \/>\n<b>Admisi\u00f3n:\u00a0<\/b>Desde $59<\/p>\n<h3 class=\"story-stack-story-title\">Los Cadetes de Linares est\u00e1n de regreso<\/h3>\n<div class=\"ct-rich-text-children font-body font-normal text-lg leading-7.75 text-primary-text-color clearfix\" data-element=\"story-stack-story-body\">\n<p>Los Cadetes de Linares, una de las agrupaciones norte\u00f1as m\u00e1s tradicionales llegan con un concierto bailable para sus fans de California. La banda conocida por \u00e9xitos como \u201cDos coronas a mi Madre\u201d y \u201cLos pistoleros famosos\u201d llegar\u00e1n este viernes con su m\u00fasica que en la \u00e9poca de anta\u00f1o deleit\u00f3 a las comunidades rurales mexicanas hasta meterse en el gusto de los habitantes m\u00e1s refinados de los suburbios de California, convirti\u00e9ndose en uno de los grupos norte\u00f1os m\u00e1s populares del momento.<\/p>\n<p><b>Cu\u00e1ndo:\u00a0<\/b>15 de septiembre, 8 pm.<br \/>\n<b>D\u00f3nde:<\/b>\u00a0Don Quixote 2811 E Olympic Blvd, Los Angeles, CA, 90023<br \/>\n<b>Admisi\u00f3n:<\/b>\u00a0Desde $15<\/p>\n<h3 class=\"story-stack-story-title\">Fiestas Patrias musicales en Pico Rivera<\/h3>\n<div class=\"ct-rich-text-children font-body font-normal text-lg leading-7.75 text-primary-text-color clearfix\" data-element=\"story-stack-story-body\">\n<p>El emblem\u00e1tico Pico Rivera Sports Arena estar\u00e1 celebrando este viernes las Fiestas Patrias de M\u00e9xico y el D\u00eda del Charro con una reuni\u00f3n de grandes bandas musicales. El evento pondr\u00e1 en la arena a seis grupos de banda, seis de m\u00fasica norte\u00f1a y seis m\u00e1s de tamborazos para poner a bailar a los seguidores de este g\u00e9nero y hasta que el cuerpo aguante.<\/p>\n<p><b>Cu\u00e1ndo:\u00a0<\/b>15 de septiembre, 6 pm.<br \/>\n<b>D\u00f3nde:<\/b>\u00a0Pico Rivera Sports Arena 11003 Ave Vicente Fernandez, Pico Rivera, CA, 90601<br \/>\n<b>Admisi\u00f3n:<\/b>\u00a0$29.99<\/p>\n<h3 class=\"story-stack-story-title\">La factoria y Joey Montana en concierto<\/h3>\n<div class=\"ct-rich-text-children font-body font-normal text-lg leading-7.75 text-primary-text-color clearfix\" data-element=\"story-stack-story-body\">\n<p>La Factor\u00eda, actualmente conocida como Demphra, llega con sus fusiones de reggae, R&amp;B, house,hip-hop y reggaet\u00f3n a Los \u00c1ngeles para cantar y poner a bailar a sus seguidores con temas como \u201cTodav\u00eda\u201d, \u201cHombre ajeno\u201d, \u201cNo lastimes m\u00e1s\u201d, \u201cD\u00e9jame vivir\u201d y \u201cMorir\u00e9\u201d, entre otros. Junto a Demphra estar\u00e1 el paname\u00f1o Joey Montana, quien llega con su reggaet\u00f3n rom\u00e1ntico y sus grandes \u00e9xitos. El ex miembro de La Factor\u00eda estar\u00e1 ofreciendo adem\u00e1s sus canciones del g\u00e9nero balada, bachata y pop. \u201cSuena el dembow\u201d, \u201cLa melod\u00eda\u201d, \u201cDesesperado\u201d, \u201cMoribundo\u201d y \u201cRosas y espinas\u201d son algunos de los \u00e9xitos que el paname\u00f1o ha logrado colocar en los tops charts de su g\u00e9nero.<\/p>\n<p><b>Cu\u00e1ndo:<\/b>\u00a015 de septiembre, 9 pm.<br \/>\n<b>D\u00f3nde:\u00a0<\/b>Giggles Night Club 215 N Brand Blvd, Glendale, CA, 91203<br \/>\n<b>Admisi\u00f3n:<\/b>\u00a0Dede $35<\/p>\n<h3 class=\"story-stack-story-title\">Los Temerarios se despiden de los escenarios<\/h3>\n<div class=\"ct-rich-text-children font-body font-normal text-lg leading-7.75 text-primary-text-color clearfix\" data-element=\"story-stack-story-body\">\n<p>Los hermanos Adolfo y Gustavo \u00c1ngel recorrer\u00e1n juntos las arenas de Estados Unidos por \u00faltima vez en una gira de despedida. Los carism\u00e1ticos y rom\u00e1nticos cantantes conocidos como Los Temerarios se presentar\u00e1n este fin de semana en el escenario del Toyota Arena donde estar\u00e1n complaciendo con sus \u00e9xitos \u201cVen porque te necesito\u201d, \u201cMi vida eres t\u00fa\u201d, \u201cAh\u00ed estar\u00e9 yo\u201d, \u201cTu \u00faltima canci\u00f3n\u201d, \u201cEres un sue\u00f1o\u201d y muchos m\u00e1s temas de sus legendarias producciones discogr\u00e1ficas.<b>Cu\u00e1ndo:\u00a0<\/b>16 de septiembre, 8 pm.<br \/>\n<b>D\u00f3nde:<\/b>\u00a0Toyota Arena 4000 E. Ontario Center Parkway, Ontario, CA 91764<br \/>\n<b>Admisi\u00f3n:<\/b>\u00a0Desde $123<\/p>\n<h3 class=\"story-stack-story-title\">Celebrando la samba en el Ford<\/h3>\n<div class=\"ct-rich-text-children font-body font-normal text-lg leading-7.75 text-primary-text-color clearfix\" data-element=\"story-stack-story-body\">\n<p>\u201cCelebrating Samba\u201d es un espect\u00e1culo que te lleva a un viaje cultural hasta la ciudad de Salvador de Bah\u00eda, Brasil, donde te encontrar\u00e1s con electrizantes danzas y m\u00fasica afro brasile\u00f1as que te dar\u00e1n una sacudida musical repleta de un alegre colorido y ritmos trepidantes. El espect\u00e1culo de este a\u00f1o presentar\u00e1 las ORIXAS reales del agua y la selva, samba alegre, Motumbax\u00e9 del Carnaval de Bah\u00eda y una experiencia de danza interactiva para la audiencia. En esta ocasi\u00f3n estar\u00e1n ofreciendo dos entradas gratuitas para ni\u00f1os menores de 12 a\u00f1os con la compra de una entrada de adulto.<\/p>\n<p><b>Cu\u00e1ndo:<\/b>\u00a017 de septiembre, 10:30 am.<br \/>\n<b>D\u00f3nde:\u00a0<\/b>The Ford 2580 Cahuenga Blvd E, Los \u00c1ngeles, CA 90068<br \/>\n<b>Admisi\u00f3n:\u00a0<\/b>$10<\/p>\n<\/div>\n<\/div>\n<\/div>\n<\/div>\n<\/div>\n<\/div>\n<\/div>\n<\/div>\n<\/div>\n<\/div>\n","protected":false},"excerpt":{"rendered":"<p>Espect\u00e1culos musicales y eventos culturales llegan a nuestra \u00e1rea para celebrar \u2018El Grito\u2019 y otras<\/p>\n","protected":false},"author":1,"featured_media":18175,"comment_status":"open","ping_status":"closed","sticky":false,"template":"","format":"standard","meta":{"footnotes":""},"categories":[4],"tags":[],"class_list":["post-18173","post","type-post","status-publish","format-standard","has-post-thumbnail","hentry","category-nacional"],"yoast_head":"<!-- This site is optimized with the Yoast SEO plugin v27.4 - https:\/\/yoast.com\/product\/yoast-seo-wordpress\/ -->\n<title>M\u00fasica y tradici\u00f3n en la celebraci\u00f3n de las Fiestas Patrias de M\u00e9xico y Centroam\u00e9rica - Campeche Noticias<\/title>\n<meta name=\"robots\" content=\"index, follow, max-snippet:-1, max-image-preview:large, max-video-preview:-1\" \/>\n<link rel=\"canonical\" href=\"https:\/\/campeche-noticias.com\/?p=18173\" \/>\n<meta property=\"og:locale\" content=\"es_ES\" \/>\n<meta property=\"og:type\" content=\"article\" \/>\n<meta property=\"og:title\" content=\"M\u00fasica y tradici\u00f3n en la celebraci\u00f3n de las Fiestas Patrias de M\u00e9xico y Centroam\u00e9rica - Campeche Noticias\" \/>\n<meta property=\"og:description\" content=\"Espect\u00e1culos musicales y eventos culturales llegan a nuestra \u00e1rea para celebrar \u2018El Grito\u2019 y otras\" \/>\n<meta property=\"og:url\" content=\"https:\/\/campeche-noticias.com\/?p=18173\" \/>\n<meta property=\"og:site_name\" content=\"Campeche Noticias\" \/>\n<meta property=\"article:published_time\" content=\"2023-09-13T21:46:31+00:00\" \/>\n<meta property=\"article:modified_time\" content=\"2023-09-13T21:46:32+00:00\" \/>\n<meta name=\"author\" content=\"admin\" \/>\n<meta name=\"twitter:card\" content=\"summary_large_image\" \/>\n<meta name=\"twitter:label1\" content=\"Escrito por\" \/>\n\t<meta name=\"twitter:data1\" content=\"admin\" \/>\n\t<meta name=\"twitter:label2\" content=\"Tiempo de lectura\" \/>\n\t<meta name=\"twitter:data2\" content=\"6 minutos\" \/>\n<script type=\"application\/ld+json\" class=\"yoast-schema-graph\">{\"@context\":\"https:\\\/\\\/schema.org\",\"@graph\":[{\"@type\":\"Article\",\"@id\":\"https:\\\/\\\/campeche-noticias.com\\\/?p=18173#article\",\"isPartOf\":{\"@id\":\"https:\\\/\\\/campeche-noticias.com\\\/?p=18173\"},\"author\":{\"name\":\"admin\",\"@id\":\"https:\\\/\\\/campeche-noticias.com\\\/#\\\/schema\\\/person\\\/7940c228049cff34b4cc679f887362f1\"},\"headline\":\"M\u00fasica y tradici\u00f3n en la celebraci\u00f3n de las Fiestas Patrias de M\u00e9xico y Centroam\u00e9rica\",\"datePublished\":\"2023-09-13T21:46:31+00:00\",\"dateModified\":\"2023-09-13T21:46:32+00:00\",\"mainEntityOfPage\":{\"@id\":\"https:\\\/\\\/campeche-noticias.com\\\/?p=18173\"},\"wordCount\":1277,\"commentCount\":0,\"image\":{\"@id\":\"https:\\\/\\\/campeche-noticias.com\\\/?p=18173#primaryimage\"},\"thumbnailUrl\":\"https:\\\/\\\/campeche-noticias.com\\\/wp-content\\\/uploads\\\/2023\\\/09\\\/WhatsApp-Image-2023-09-13-at-4.44.05-PM.jpeg\",\"articleSection\":[\"Nacional\"],\"inLanguage\":\"es\",\"potentialAction\":[{\"@type\":\"CommentAction\",\"name\":\"Comment\",\"target\":[\"https:\\\/\\\/campeche-noticias.com\\\/?p=18173#respond\"]}]},{\"@type\":\"WebPage\",\"@id\":\"https:\\\/\\\/campeche-noticias.com\\\/?p=18173\",\"url\":\"https:\\\/\\\/campeche-noticias.com\\\/?p=18173\",\"name\":\"M\u00fasica y tradici\u00f3n en la celebraci\u00f3n de las Fiestas Patrias de M\u00e9xico y Centroam\u00e9rica - Campeche Noticias\",\"isPartOf\":{\"@id\":\"https:\\\/\\\/campeche-noticias.com\\\/#website\"},\"primaryImageOfPage\":{\"@id\":\"https:\\\/\\\/campeche-noticias.com\\\/?p=18173#primaryimage\"},\"image\":{\"@id\":\"https:\\\/\\\/campeche-noticias.com\\\/?p=18173#primaryimage\"},\"thumbnailUrl\":\"https:\\\/\\\/campeche-noticias.com\\\/wp-content\\\/uploads\\\/2023\\\/09\\\/WhatsApp-Image-2023-09-13-at-4.44.05-PM.jpeg\",\"datePublished\":\"2023-09-13T21:46:31+00:00\",\"dateModified\":\"2023-09-13T21:46:32+00:00\",\"author\":{\"@id\":\"https:\\\/\\\/campeche-noticias.com\\\/#\\\/schema\\\/person\\\/7940c228049cff34b4cc679f887362f1\"},\"breadcrumb\":{\"@id\":\"https:\\\/\\\/campeche-noticias.com\\\/?p=18173#breadcrumb\"},\"inLanguage\":\"es\",\"potentialAction\":[{\"@type\":\"ReadAction\",\"target\":[\"https:\\\/\\\/campeche-noticias.com\\\/?p=18173\"]}]},{\"@type\":\"ImageObject\",\"inLanguage\":\"es\",\"@id\":\"https:\\\/\\\/campeche-noticias.com\\\/?p=18173#primaryimage\",\"url\":\"https:\\\/\\\/campeche-noticias.com\\\/wp-content\\\/uploads\\\/2023\\\/09\\\/WhatsApp-Image-2023-09-13-at-4.44.05-PM.jpeg\",\"contentUrl\":\"https:\\\/\\\/campeche-noticias.com\\\/wp-content\\\/uploads\\\/2023\\\/09\\\/WhatsApp-Image-2023-09-13-at-4.44.05-PM.jpeg\",\"width\":1054,\"height\":635},{\"@type\":\"BreadcrumbList\",\"@id\":\"https:\\\/\\\/campeche-noticias.com\\\/?p=18173#breadcrumb\",\"itemListElement\":[{\"@type\":\"ListItem\",\"position\":1,\"name\":\"Portada\",\"item\":\"https:\\\/\\\/campeche-noticias.com\\\/\"},{\"@type\":\"ListItem\",\"position\":2,\"name\":\"M\u00fasica y tradici\u00f3n en la celebraci\u00f3n de las Fiestas Patrias de M\u00e9xico y Centroam\u00e9rica\"}]},{\"@type\":\"WebSite\",\"@id\":\"https:\\\/\\\/campeche-noticias.com\\\/#website\",\"url\":\"https:\\\/\\\/campeche-noticias.com\\\/\",\"name\":\"Campeche Noticias\",\"description\":\"Campeche Noticias\",\"potentialAction\":[{\"@type\":\"SearchAction\",\"target\":{\"@type\":\"EntryPoint\",\"urlTemplate\":\"https:\\\/\\\/campeche-noticias.com\\\/?s={search_term_string}\"},\"query-input\":{\"@type\":\"PropertyValueSpecification\",\"valueRequired\":true,\"valueName\":\"search_term_string\"}}],\"inLanguage\":\"es\"},{\"@type\":\"Person\",\"@id\":\"https:\\\/\\\/campeche-noticias.com\\\/#\\\/schema\\\/person\\\/7940c228049cff34b4cc679f887362f1\",\"name\":\"admin\",\"sameAs\":[\"https:\\\/\\\/campeche-noticias.com\"],\"url\":\"https:\\\/\\\/campeche-noticias.com\\\/?author=1\"}]}<\/script>\n<!-- \/ Yoast SEO plugin. -->","yoast_head_json":{"title":"M\u00fasica y tradici\u00f3n en la celebraci\u00f3n de las Fiestas Patrias de M\u00e9xico y Centroam\u00e9rica - Campeche Noticias","robots":{"index":"index","follow":"follow","max-snippet":"max-snippet:-1","max-image-preview":"max-image-preview:large","max-video-preview":"max-video-preview:-1"},"canonical":"https:\/\/campeche-noticias.com\/?p=18173","og_locale":"es_ES","og_type":"article","og_title":"M\u00fasica y tradici\u00f3n en la celebraci\u00f3n de las Fiestas Patrias de M\u00e9xico y Centroam\u00e9rica - Campeche Noticias","og_description":"Espect\u00e1culos musicales y eventos culturales llegan a nuestra \u00e1rea para celebrar \u2018El Grito\u2019 y otras","og_url":"https:\/\/campeche-noticias.com\/?p=18173","og_site_name":"Campeche Noticias","article_published_time":"2023-09-13T21:46:31+00:00","article_modified_time":"2023-09-13T21:46:32+00:00","author":"admin","twitter_card":"summary_large_image","twitter_misc":{"Escrito por":"admin","Tiempo de lectura":"6 minutos"},"schema":{"@context":"https:\/\/schema.org","@graph":[{"@type":"Article","@id":"https:\/\/campeche-noticias.com\/?p=18173#article","isPartOf":{"@id":"https:\/\/campeche-noticias.com\/?p=18173"},"author":{"name":"admin","@id":"https:\/\/campeche-noticias.com\/#\/schema\/person\/7940c228049cff34b4cc679f887362f1"},"headline":"M\u00fasica y tradici\u00f3n en la celebraci\u00f3n de las Fiestas Patrias de M\u00e9xico y Centroam\u00e9rica","datePublished":"2023-09-13T21:46:31+00:00","dateModified":"2023-09-13T21:46:32+00:00","mainEntityOfPage":{"@id":"https:\/\/campeche-noticias.com\/?p=18173"},"wordCount":1277,"commentCount":0,"image":{"@id":"https:\/\/campeche-noticias.com\/?p=18173#primaryimage"},"thumbnailUrl":"https:\/\/campeche-noticias.com\/wp-content\/uploads\/2023\/09\/WhatsApp-Image-2023-09-13-at-4.44.05-PM.jpeg","articleSection":["Nacional"],"inLanguage":"es","potentialAction":[{"@type":"CommentAction","name":"Comment","target":["https:\/\/campeche-noticias.com\/?p=18173#respond"]}]},{"@type":"WebPage","@id":"https:\/\/campeche-noticias.com\/?p=18173","url":"https:\/\/campeche-noticias.com\/?p=18173","name":"M\u00fasica y tradici\u00f3n en la celebraci\u00f3n de las Fiestas Patrias de M\u00e9xico y Centroam\u00e9rica - Campeche Noticias","isPartOf":{"@id":"https:\/\/campeche-noticias.com\/#website"},"primaryImageOfPage":{"@id":"https:\/\/campeche-noticias.com\/?p=18173#primaryimage"},"image":{"@id":"https:\/\/campeche-noticias.com\/?p=18173#primaryimage"},"thumbnailUrl":"https:\/\/campeche-noticias.com\/wp-content\/uploads\/2023\/09\/WhatsApp-Image-2023-09-13-at-4.44.05-PM.jpeg","datePublished":"2023-09-13T21:46:31+00:00","dateModified":"2023-09-13T21:46:32+00:00","author":{"@id":"https:\/\/campeche-noticias.com\/#\/schema\/person\/7940c228049cff34b4cc679f887362f1"},"breadcrumb":{"@id":"https:\/\/campeche-noticias.com\/?p=18173#breadcrumb"},"inLanguage":"es","potentialAction":[{"@type":"ReadAction","target":["https:\/\/campeche-noticias.com\/?p=18173"]}]},{"@type":"ImageObject","inLanguage":"es","@id":"https:\/\/campeche-noticias.com\/?p=18173#primaryimage","url":"https:\/\/campeche-noticias.com\/wp-content\/uploads\/2023\/09\/WhatsApp-Image-2023-09-13-at-4.44.05-PM.jpeg","contentUrl":"https:\/\/campeche-noticias.com\/wp-content\/uploads\/2023\/09\/WhatsApp-Image-2023-09-13-at-4.44.05-PM.jpeg","width":1054,"height":635},{"@type":"BreadcrumbList","@id":"https:\/\/campeche-noticias.com\/?p=18173#breadcrumb","itemListElement":[{"@type":"ListItem","position":1,"name":"Portada","item":"https:\/\/campeche-noticias.com\/"},{"@type":"ListItem","position":2,"name":"M\u00fasica y tradici\u00f3n en la celebraci\u00f3n de las Fiestas Patrias de M\u00e9xico y Centroam\u00e9rica"}]},{"@type":"WebSite","@id":"https:\/\/campeche-noticias.com\/#website","url":"https:\/\/campeche-noticias.com\/","name":"Campeche Noticias","description":"Campeche Noticias","potentialAction":[{"@type":"SearchAction","target":{"@type":"EntryPoint","urlTemplate":"https:\/\/campeche-noticias.com\/?s={search_term_string}"},"query-input":{"@type":"PropertyValueSpecification","valueRequired":true,"valueName":"search_term_string"}}],"inLanguage":"es"},{"@type":"Person","@id":"https:\/\/campeche-noticias.com\/#\/schema\/person\/7940c228049cff34b4cc679f887362f1","name":"admin","sameAs":["https:\/\/campeche-noticias.com"],"url":"https:\/\/campeche-noticias.com\/?author=1"}]}},"_links":{"self":[{"href":"https:\/\/campeche-noticias.com\/index.php?rest_route=\/wp\/v2\/posts\/18173","targetHints":{"allow":["GET"]}}],"collection":[{"href":"https:\/\/campeche-noticias.com\/index.php?rest_route=\/wp\/v2\/posts"}],"about":[{"href":"https:\/\/campeche-noticias.com\/index.php?rest_route=\/wp\/v2\/types\/post"}],"author":[{"embeddable":true,"href":"https:\/\/campeche-noticias.com\/index.php?rest_route=\/wp\/v2\/users\/1"}],"replies":[{"embeddable":true,"href":"https:\/\/campeche-noticias.com\/index.php?rest_route=%2Fwp%2Fv2%2Fcomments&post=18173"}],"version-history":[{"count":1,"href":"https:\/\/campeche-noticias.com\/index.php?rest_route=\/wp\/v2\/posts\/18173\/revisions"}],"predecessor-version":[{"id":18174,"href":"https:\/\/campeche-noticias.com\/index.php?rest_route=\/wp\/v2\/posts\/18173\/revisions\/18174"}],"wp:featuredmedia":[{"embeddable":true,"href":"https:\/\/campeche-noticias.com\/index.php?rest_route=\/wp\/v2\/media\/18175"}],"wp:attachment":[{"href":"https:\/\/campeche-noticias.com\/index.php?rest_route=%2Fwp%2Fv2%2Fmedia&parent=18173"}],"wp:term":[{"taxonomy":"category","embeddable":true,"href":"https:\/\/campeche-noticias.com\/index.php?rest_route=%2Fwp%2Fv2%2Fcategories&post=18173"},{"taxonomy":"post_tag","embeddable":true,"href":"https:\/\/campeche-noticias.com\/index.php?rest_route=%2Fwp%2Fv2%2Ftags&post=18173"}],"curies":[{"name":"wp","href":"https:\/\/api.w.org\/{rel}","templated":true}]}}