{"id":18161,"date":"2023-09-13T16:31:08","date_gmt":"2023-09-13T21:31:08","guid":{"rendered":"https:\/\/campeche-noticias.com\/?p=18161"},"modified":"2023-09-13T21:31:09","modified_gmt":"2023-09-13T21:31:09","slug":"deuda-publica-de-mexico-se-incrementara-en-59-durante-gobierno-de-amlo-ceesp","status":"publish","type":"post","link":"https:\/\/campeche-noticias.com\/?p=18161","title":{"rendered":"Deuda p\u00fablica de M\u00e9xico se incrementar\u00e1 en 59% durante gobierno de AMLO: CEESP"},"content":{"rendered":"<h4 style=\"text-align: center;\">El Centro de Estudios Econ\u00f3micos del Sector Privado (Ceesp) se\u00f1al\u00f3 que la estimaci\u00f3n de crecimiento para el PIB en 2024 de 3% puntual, en un rango de 2.5 % y 3.5 %, es &#8216;optimista&#8217;, frente al consenso de analistas privados de 1.7 %.<\/h4>\n<address>\n<div>\n<p><strong>La deuda p\u00fablica de M\u00e9xico se incrementar\u00e1 un 59%<\/strong>\u00a0durante el Gobierno del presidente Andr\u00e9s Manuel L\u00f3pez Obrador, debido a una clara orientaci\u00f3n del gasto a obras prioritarias, apoyos econ\u00f3micos y empresas estatales de electricidad y petr\u00f3leos, se\u00f1al\u00f3 el Centro de Estudios Econ\u00f3micos del Sector Privado (Ceesp).<\/p>\n<\/div>\n<div>\n<p>Para 2024, el Gobierno de M\u00e9xico proyect\u00f3 que la deuda p\u00fablica\u00a0<strong>represente un 48.8 % del Producto Interno Bruto (PIB),<\/strong>\u00a0un aumento de 5.2 puntos del PIB con relaci\u00f3n a lo observado en 2018, previo a la gesti\u00f3n de L\u00f3pez Obrador.<\/p>\n<\/div>\n<div>\n<p><strong>\u201cPero la relaci\u00f3n deuda\/PIB esconde un incremento muy elevado del endeudamiento.<\/strong>\u00a0Hasta la mitad de este a\u00f1o la deuda p\u00fablica se ha elevado en 33.5 % respecto a 2018. Y, de acuerdo con las estimaciones del presupuesto presentado, al final del sexenio ser\u00e1 59% mayor\u201d, abund\u00f3 el Ceesp.<\/p>\n<div>\n<p>El viernes, la Secretar\u00eda de Hacienda y Cr\u00e9dito P\u00fablico (SHCP) del Gobierno mexicano\u00a0<strong>present\u00f3 al Congreso el Paquete Econ\u00f3mico 2024,<\/strong>\u00a0el cual contiene el proyecto de presupuesto p\u00fablico y ley fiscal para 2024, as\u00ed como las principales perspectivas macroecon\u00f3micas del pa\u00eds.<\/p>\n<\/div>\n<div>\n<p>En este sentido, el Ceesp se\u00f1al\u00f3 que la estimaci\u00f3n de crecimiento para el PIB en 2024 de 3 % puntual, en un rango de 2.5 % y 3.5 %,\u00a0<strong>es \u201coptimista\u201d,<\/strong>\u00a0frente al consenso de analistas privados de 1.7 %.<\/p>\n<\/div>\n<div>\n<div>\n<p><strong>\u201cEso causa preocupaci\u00f3n sobre la sostenibilidad de las finanzas p\u00fablicas,<\/strong>\u00a0ya que la estimaci\u00f3n oficial de los ingresos tributarios del erario se basa en ese pron\u00f3stico\u201d, indic\u00f3.<\/p>\n<\/div>\n<div>\n<p>Para 2024, el Gobierno de M\u00e9xico\u00a0<strong>prev\u00e9 ingresos totales por 7.3 billones de pesos,<\/strong>\u00a0con la expectativa de que los ingresos tributarios se incrementen de 2.1 % a 6.1 % al compararse con las cifras aprobadas y estimada para este 2023.<\/p>\n<div>\n<p><strong>\u201cEl riesgo es que los ingresos resulten menores a los previstos<\/strong>\u00a0y que por ello haya un ajuste del gasto o un mayor d\u00e9ficit\u201d, se lee en su punto de vista.<\/p>\n<\/div>\n<div>\n<p>Adem\u00e1s, sostuvo que el gasto de 9 billones de pesos mantiene una\u00a0<strong>preferencia de orientaci\u00f3n \u201cclara\u201d.<\/strong><\/p>\n<div>\n<p><strong>\u201cPrivilegia el gasto social.<\/strong>\u00a0Y los apoyos a Petr\u00f3leos Mexicanos (Pemex) y a Comisi\u00f3n Federal de Electricidad (CFE). El gasto en Bienestar crece 25.2 % y en Energ\u00eda 273.2 %. Dada la voluntad revelada del gobierno, es poco probable que estos rubros se ajusten\u201d, dijo.<\/p>\n<\/div>\n<div>\n<p>Tambi\u00e9n se\u00f1ala que algunos rubros que deber\u00edan de ser \u201clos m\u00e1s importantes\u201d,<strong>\u00a0se comprimen mucho para el a\u00f1o entrante<\/strong>, como lo es el presupuesto a la Secretar\u00eda de Salud por casi la mitad , mientras el incremento a Educaci\u00f3n, Seguridad y Protecci\u00f3n Ciudadana es de apenas un 1%.<\/p>\n<\/div>\n<div>\n<p>Y para inversi\u00f3n f\u00edsica se presupuesta una\u00a0<strong>reducci\u00f3n de 23 % para 2024,<\/strong>\u00a0en tanto que advirti\u00f3 que \u201cno hay prueba alguna de que los principales proyectos de inversi\u00f3n del gobierno generen crecimiento en el tiempo\u201d.<\/p>\n<div>\n<p>\u201cLos proyectos de inversi\u00f3n generan crecimiento perdurable\u00a0<strong>solo cuando tienen una relaci\u00f3n de beneficio\/costo sociales positiva.<\/strong>\u00a0Ni el tren Maya, ni la refiner\u00eda de Dos Bocas, ni el proyecto trans\u00edstmico cuentan con ese estudio -que la ley exige-\u201c, concluy\u00f3.<\/p>\n<\/div>\n<div><\/div>\n<\/div>\n<\/div>\n<\/div>\n<\/div>\n<\/div>\n<\/address>\n","protected":false},"excerpt":{"rendered":"<p>El Centro de Estudios Econ\u00f3micos del Sector Privado (Ceesp) se\u00f1al\u00f3 que la estimaci\u00f3n de crecimiento<\/p>\n","protected":false},"author":1,"featured_media":18163,"comment_status":"open","ping_status":"closed","sticky":false,"template":"","format":"standard","meta":{"footnotes":""},"categories":[4],"tags":[],"class_list":["post-18161","post","type-post","status-publish","format-standard","has-post-thumbnail","hentry","category-nacional"],"yoast_head":"<!-- This site is optimized with the Yoast SEO plugin v27.4 - https:\/\/yoast.com\/product\/yoast-seo-wordpress\/ -->\n<title>Deuda p\u00fablica de M\u00e9xico se incrementar\u00e1 en 59% durante gobierno de AMLO: CEESP - Campeche Noticias<\/title>\n<meta name=\"robots\" content=\"index, follow, max-snippet:-1, max-image-preview:large, max-video-preview:-1\" \/>\n<link rel=\"canonical\" href=\"https:\/\/campeche-noticias.com\/?p=18161\" \/>\n<meta property=\"og:locale\" content=\"es_ES\" \/>\n<meta property=\"og:type\" content=\"article\" \/>\n<meta property=\"og:title\" content=\"Deuda p\u00fablica de M\u00e9xico se incrementar\u00e1 en 59% durante gobierno de AMLO: CEESP - Campeche Noticias\" \/>\n<meta property=\"og:description\" content=\"El Centro de Estudios Econ\u00f3micos del Sector Privado (Ceesp) se\u00f1al\u00f3 que la estimaci\u00f3n de crecimiento\" \/>\n<meta property=\"og:url\" content=\"https:\/\/campeche-noticias.com\/?p=18161\" \/>\n<meta property=\"og:site_name\" content=\"Campeche Noticias\" \/>\n<meta property=\"article:published_time\" content=\"2023-09-13T21:31:08+00:00\" \/>\n<meta property=\"article:modified_time\" content=\"2023-09-13T21:31:09+00:00\" \/>\n<meta name=\"author\" content=\"admin\" \/>\n<meta name=\"twitter:card\" content=\"summary_large_image\" \/>\n<meta name=\"twitter:label1\" content=\"Escrito por\" \/>\n\t<meta name=\"twitter:data1\" content=\"admin\" \/>\n\t<meta name=\"twitter:label2\" content=\"Tiempo de lectura\" \/>\n\t<meta name=\"twitter:data2\" content=\"3 minutos\" \/>\n<script type=\"application\/ld+json\" class=\"yoast-schema-graph\">{\"@context\":\"https:\\\/\\\/schema.org\",\"@graph\":[{\"@type\":\"Article\",\"@id\":\"https:\\\/\\\/campeche-noticias.com\\\/?p=18161#article\",\"isPartOf\":{\"@id\":\"https:\\\/\\\/campeche-noticias.com\\\/?p=18161\"},\"author\":{\"name\":\"admin\",\"@id\":\"https:\\\/\\\/campeche-noticias.com\\\/#\\\/schema\\\/person\\\/7940c228049cff34b4cc679f887362f1\"},\"headline\":\"Deuda p\u00fablica de M\u00e9xico se incrementar\u00e1 en 59% durante gobierno de AMLO: CEESP\",\"datePublished\":\"2023-09-13T21:31:08+00:00\",\"dateModified\":\"2023-09-13T21:31:09+00:00\",\"mainEntityOfPage\":{\"@id\":\"https:\\\/\\\/campeche-noticias.com\\\/?p=18161\"},\"wordCount\":569,\"commentCount\":1,\"image\":{\"@id\":\"https:\\\/\\\/campeche-noticias.com\\\/?p=18161#primaryimage\"},\"thumbnailUrl\":\"https:\\\/\\\/campeche-noticias.com\\\/wp-content\\\/uploads\\\/2023\\\/09\\\/11.jpeg\",\"articleSection\":[\"Nacional\"],\"inLanguage\":\"es\",\"potentialAction\":[{\"@type\":\"CommentAction\",\"name\":\"Comment\",\"target\":[\"https:\\\/\\\/campeche-noticias.com\\\/?p=18161#respond\"]}]},{\"@type\":\"WebPage\",\"@id\":\"https:\\\/\\\/campeche-noticias.com\\\/?p=18161\",\"url\":\"https:\\\/\\\/campeche-noticias.com\\\/?p=18161\",\"name\":\"Deuda p\u00fablica de M\u00e9xico se incrementar\u00e1 en 59% durante gobierno de AMLO: CEESP - Campeche Noticias\",\"isPartOf\":{\"@id\":\"https:\\\/\\\/campeche-noticias.com\\\/#website\"},\"primaryImageOfPage\":{\"@id\":\"https:\\\/\\\/campeche-noticias.com\\\/?p=18161#primaryimage\"},\"image\":{\"@id\":\"https:\\\/\\\/campeche-noticias.com\\\/?p=18161#primaryimage\"},\"thumbnailUrl\":\"https:\\\/\\\/campeche-noticias.com\\\/wp-content\\\/uploads\\\/2023\\\/09\\\/11.jpeg\",\"datePublished\":\"2023-09-13T21:31:08+00:00\",\"dateModified\":\"2023-09-13T21:31:09+00:00\",\"author\":{\"@id\":\"https:\\\/\\\/campeche-noticias.com\\\/#\\\/schema\\\/person\\\/7940c228049cff34b4cc679f887362f1\"},\"breadcrumb\":{\"@id\":\"https:\\\/\\\/campeche-noticias.com\\\/?p=18161#breadcrumb\"},\"inLanguage\":\"es\",\"potentialAction\":[{\"@type\":\"ReadAction\",\"target\":[\"https:\\\/\\\/campeche-noticias.com\\\/?p=18161\"]}]},{\"@type\":\"ImageObject\",\"inLanguage\":\"es\",\"@id\":\"https:\\\/\\\/campeche-noticias.com\\\/?p=18161#primaryimage\",\"url\":\"https:\\\/\\\/campeche-noticias.com\\\/wp-content\\\/uploads\\\/2023\\\/09\\\/11.jpeg\",\"contentUrl\":\"https:\\\/\\\/campeche-noticias.com\\\/wp-content\\\/uploads\\\/2023\\\/09\\\/11.jpeg\",\"width\":1200,\"height\":620},{\"@type\":\"BreadcrumbList\",\"@id\":\"https:\\\/\\\/campeche-noticias.com\\\/?p=18161#breadcrumb\",\"itemListElement\":[{\"@type\":\"ListItem\",\"position\":1,\"name\":\"Portada\",\"item\":\"https:\\\/\\\/campeche-noticias.com\\\/\"},{\"@type\":\"ListItem\",\"position\":2,\"name\":\"Deuda p\u00fablica de M\u00e9xico se incrementar\u00e1 en 59% durante gobierno de AMLO: CEESP\"}]},{\"@type\":\"WebSite\",\"@id\":\"https:\\\/\\\/campeche-noticias.com\\\/#website\",\"url\":\"https:\\\/\\\/campeche-noticias.com\\\/\",\"name\":\"Campeche Noticias\",\"description\":\"Campeche Noticias\",\"potentialAction\":[{\"@type\":\"SearchAction\",\"target\":{\"@type\":\"EntryPoint\",\"urlTemplate\":\"https:\\\/\\\/campeche-noticias.com\\\/?s={search_term_string}\"},\"query-input\":{\"@type\":\"PropertyValueSpecification\",\"valueRequired\":true,\"valueName\":\"search_term_string\"}}],\"inLanguage\":\"es\"},{\"@type\":\"Person\",\"@id\":\"https:\\\/\\\/campeche-noticias.com\\\/#\\\/schema\\\/person\\\/7940c228049cff34b4cc679f887362f1\",\"name\":\"admin\",\"sameAs\":[\"https:\\\/\\\/campeche-noticias.com\"],\"url\":\"https:\\\/\\\/campeche-noticias.com\\\/?author=1\"}]}<\/script>\n<!-- \/ Yoast SEO plugin. -->","yoast_head_json":{"title":"Deuda p\u00fablica de M\u00e9xico se incrementar\u00e1 en 59% durante gobierno de AMLO: CEESP - Campeche Noticias","robots":{"index":"index","follow":"follow","max-snippet":"max-snippet:-1","max-image-preview":"max-image-preview:large","max-video-preview":"max-video-preview:-1"},"canonical":"https:\/\/campeche-noticias.com\/?p=18161","og_locale":"es_ES","og_type":"article","og_title":"Deuda p\u00fablica de M\u00e9xico se incrementar\u00e1 en 59% durante gobierno de AMLO: CEESP - Campeche Noticias","og_description":"El Centro de Estudios Econ\u00f3micos del Sector Privado (Ceesp) se\u00f1al\u00f3 que la estimaci\u00f3n de crecimiento","og_url":"https:\/\/campeche-noticias.com\/?p=18161","og_site_name":"Campeche Noticias","article_published_time":"2023-09-13T21:31:08+00:00","article_modified_time":"2023-09-13T21:31:09+00:00","author":"admin","twitter_card":"summary_large_image","twitter_misc":{"Escrito por":"admin","Tiempo de lectura":"3 minutos"},"schema":{"@context":"https:\/\/schema.org","@graph":[{"@type":"Article","@id":"https:\/\/campeche-noticias.com\/?p=18161#article","isPartOf":{"@id":"https:\/\/campeche-noticias.com\/?p=18161"},"author":{"name":"admin","@id":"https:\/\/campeche-noticias.com\/#\/schema\/person\/7940c228049cff34b4cc679f887362f1"},"headline":"Deuda p\u00fablica de M\u00e9xico se incrementar\u00e1 en 59% durante gobierno de AMLO: CEESP","datePublished":"2023-09-13T21:31:08+00:00","dateModified":"2023-09-13T21:31:09+00:00","mainEntityOfPage":{"@id":"https:\/\/campeche-noticias.com\/?p=18161"},"wordCount":569,"commentCount":1,"image":{"@id":"https:\/\/campeche-noticias.com\/?p=18161#primaryimage"},"thumbnailUrl":"https:\/\/campeche-noticias.com\/wp-content\/uploads\/2023\/09\/11.jpeg","articleSection":["Nacional"],"inLanguage":"es","potentialAction":[{"@type":"CommentAction","name":"Comment","target":["https:\/\/campeche-noticias.com\/?p=18161#respond"]}]},{"@type":"WebPage","@id":"https:\/\/campeche-noticias.com\/?p=18161","url":"https:\/\/campeche-noticias.com\/?p=18161","name":"Deuda p\u00fablica de M\u00e9xico se incrementar\u00e1 en 59% durante gobierno de AMLO: CEESP - Campeche Noticias","isPartOf":{"@id":"https:\/\/campeche-noticias.com\/#website"},"primaryImageOfPage":{"@id":"https:\/\/campeche-noticias.com\/?p=18161#primaryimage"},"image":{"@id":"https:\/\/campeche-noticias.com\/?p=18161#primaryimage"},"thumbnailUrl":"https:\/\/campeche-noticias.com\/wp-content\/uploads\/2023\/09\/11.jpeg","datePublished":"2023-09-13T21:31:08+00:00","dateModified":"2023-09-13T21:31:09+00:00","author":{"@id":"https:\/\/campeche-noticias.com\/#\/schema\/person\/7940c228049cff34b4cc679f887362f1"},"breadcrumb":{"@id":"https:\/\/campeche-noticias.com\/?p=18161#breadcrumb"},"inLanguage":"es","potentialAction":[{"@type":"ReadAction","target":["https:\/\/campeche-noticias.com\/?p=18161"]}]},{"@type":"ImageObject","inLanguage":"es","@id":"https:\/\/campeche-noticias.com\/?p=18161#primaryimage","url":"https:\/\/campeche-noticias.com\/wp-content\/uploads\/2023\/09\/11.jpeg","contentUrl":"https:\/\/campeche-noticias.com\/wp-content\/uploads\/2023\/09\/11.jpeg","width":1200,"height":620},{"@type":"BreadcrumbList","@id":"https:\/\/campeche-noticias.com\/?p=18161#breadcrumb","itemListElement":[{"@type":"ListItem","position":1,"name":"Portada","item":"https:\/\/campeche-noticias.com\/"},{"@type":"ListItem","position":2,"name":"Deuda p\u00fablica de M\u00e9xico se incrementar\u00e1 en 59% durante gobierno de AMLO: CEESP"}]},{"@type":"WebSite","@id":"https:\/\/campeche-noticias.com\/#website","url":"https:\/\/campeche-noticias.com\/","name":"Campeche Noticias","description":"Campeche Noticias","potentialAction":[{"@type":"SearchAction","target":{"@type":"EntryPoint","urlTemplate":"https:\/\/campeche-noticias.com\/?s={search_term_string}"},"query-input":{"@type":"PropertyValueSpecification","valueRequired":true,"valueName":"search_term_string"}}],"inLanguage":"es"},{"@type":"Person","@id":"https:\/\/campeche-noticias.com\/#\/schema\/person\/7940c228049cff34b4cc679f887362f1","name":"admin","sameAs":["https:\/\/campeche-noticias.com"],"url":"https:\/\/campeche-noticias.com\/?author=1"}]}},"_links":{"self":[{"href":"https:\/\/campeche-noticias.com\/index.php?rest_route=\/wp\/v2\/posts\/18161","targetHints":{"allow":["GET"]}}],"collection":[{"href":"https:\/\/campeche-noticias.com\/index.php?rest_route=\/wp\/v2\/posts"}],"about":[{"href":"https:\/\/campeche-noticias.com\/index.php?rest_route=\/wp\/v2\/types\/post"}],"author":[{"embeddable":true,"href":"https:\/\/campeche-noticias.com\/index.php?rest_route=\/wp\/v2\/users\/1"}],"replies":[{"embeddable":true,"href":"https:\/\/campeche-noticias.com\/index.php?rest_route=%2Fwp%2Fv2%2Fcomments&post=18161"}],"version-history":[{"count":1,"href":"https:\/\/campeche-noticias.com\/index.php?rest_route=\/wp\/v2\/posts\/18161\/revisions"}],"predecessor-version":[{"id":18162,"href":"https:\/\/campeche-noticias.com\/index.php?rest_route=\/wp\/v2\/posts\/18161\/revisions\/18162"}],"wp:featuredmedia":[{"embeddable":true,"href":"https:\/\/campeche-noticias.com\/index.php?rest_route=\/wp\/v2\/media\/18163"}],"wp:attachment":[{"href":"https:\/\/campeche-noticias.com\/index.php?rest_route=%2Fwp%2Fv2%2Fmedia&parent=18161"}],"wp:term":[{"taxonomy":"category","embeddable":true,"href":"https:\/\/campeche-noticias.com\/index.php?rest_route=%2Fwp%2Fv2%2Fcategories&post=18161"},{"taxonomy":"post_tag","embeddable":true,"href":"https:\/\/campeche-noticias.com\/index.php?rest_route=%2Fwp%2Fv2%2Ftags&post=18161"}],"curies":[{"name":"wp","href":"https:\/\/api.w.org\/{rel}","templated":true}]}}