{"id":18093,"date":"2023-09-09T14:51:04","date_gmt":"2023-09-09T19:51:04","guid":{"rendered":"https:\/\/campeche-noticias.com\/?p=18093"},"modified":"2023-09-10T19:53:19","modified_gmt":"2023-09-10T19:53:19","slug":"papa-francisco-los-chismes-son-una-plaga-en-la-vida-de-las-personas","status":"publish","type":"post","link":"https:\/\/campeche-noticias.com\/?p=18093","title":{"rendered":"Papa Francisco: Los chismes son una plaga en la vida de las personas"},"content":{"rendered":"<p>En el \u00c1ngelus de este domingo 10 de septiembre, el Papa Francisco habl\u00f3 acerca de la \u201ccorrecci\u00f3n fraterna\u201d y asegur\u00f3, como en ocasiones pasadas, que \u201clos chismes son una plaga en la vida de las personas\u201d.<\/p>\n<p>Desde la ventana del Palacio Apost\u00f3lico del Vaticano, el Santo Padre reflexion\u00f3 acerca del Evangelio del d\u00eda (Mt 18, 15-20), que nos habla de la correcci\u00f3n fraterna, \u201cuna de las expresiones\u00a0 m\u00e1s grandes del amor, y tambi\u00e9n una de las m\u00e1s exigentes, porque no es f\u00e1cil corregir a los otros\u201d.<\/p>\n<p>\u201cCuando un hermano en la fe comete una falta contra ti, t\u00fa, sin rencor, ay\u00fadalo corrigi\u00e9ndolo. Ayudar corrigiendo\u201d, subray\u00f3 el Papa.<\/p>\n<p>A continuaci\u00f3n, lament\u00f3 que \u201clo primero que se suele crear en torno a quien se equivoca son habladur\u00edas, en las\u00a0 que todos se enteran del error, con todos los detalles, menos la persona afectada. Esto no est\u00e1 bien y no\u00a0 agrada a Dios\u201d, asegur\u00f3.<\/p>\n<p>\u201cNo me canso de repetir que los chismes son una plaga en la vida de las personas y de las\u00a0 comunidades, porque traen divisi\u00f3n, sufrimiento y esc\u00e1ndalo, y nunca ayudan a mejorar y a crecer\u201d, reiter\u00f3 el Santo Padre.<\/p>\n<p>Explic\u00f3 que Jes\u00fas \u201cnos ense\u00f1a a comportarnos de otra manera\u201d y que nos anima a hablar \u201ccara a cara\u201d y \u201clealmente\u201d a quien se ha equivocado, con el fin de ayudarlo.<\/p>\n<div class=\"box post-widget related-post\">\n<h4 class=\"box-title\">M\u00c1S EN VATICANO<\/h4>\n<div class=\"row\">\n<div class=\"col content post-content\">\n<p>\u201cHazlo por su bien, superando la verg\u00fcenza y encontrando el\u00a0 verdadero valor, que no es hablar mal de \u00e9l a sus espaldas, sino decirle las cosas a la cara con mansedumbre\u00a0 y amabilidad\u201d, inst\u00f3 el Papa Francisco.<\/p>\n<p>En los momentos donde dudemos si \u201cno es suficiente\u201d o temamos que el otro no lo entienda, el Papa Francisco anim\u00f3 a pedir ayuda.<\/p>\n<p>\u201cPero, \u00a1cuidado! \u2014advirti\u00f3\u2014,\u00a0 \u00a1No la del grupito que chismea! Jes\u00fas dice: \u2018Toma contigo una o dos personas\u2019,\u00a0 refiri\u00e9ndose a personas que realmente quieran ayudar a ese hermano o hermana que ha errado\u201d.<\/p>\n<\/div>\n<\/div>\n<div class=\"row lightest-grey-bg mb-6\">\n<div class=\"col py-3 full-ad\"><\/div>\n<\/div>\n<div class=\"row\">\n<div class=\"col post-content content\">\n<p>\u201c\u00bfY si sigue sin entender? Entonces, dice Jes\u00fas, involucra a la comunidad. Pero tambi\u00e9n en este caso,\u00a0 seamos claros: no se trata de poner a la persona en la picota, de avergonzarla p\u00fablicamente, sino de unir los\u00a0 esfuerzos de todos para ayudarla a cambiar\u201d.<\/p>\n<p>\u201cSe\u00f1alar con el dedo a las personas no es bueno, de hecho, a\u00a0 menudo hace m\u00e1s dif\u00edcil que quien se ha equivocado reconozca su propio error. M\u00e1s bien, la comunidad\u00a0 debe hacerle sentir a \u00e9l o a ella que, al tiempo que condena el error, le est\u00e1 cerca con la oraci\u00f3n y el afecto,\u00a0 siempre dispuesta a ofrecer el perd\u00f3n y a empezar de nuevo\u201d, remarc\u00f3.<\/p>\n<p>En este sentido, anim\u00f3 a los fieles a hacerse las siguientes preguntas: \u201c\u00bfC\u00f3mo trato a los que se equivocan contra m\u00ed? \u00bfMe lo guardo y acumulo\u00a0 resentimiento con \u201cme las pagar\u00e1s\u201d? \u00bfHablo acerca de ello a sus espaldas? \u00bfO intento hablarles? \u00bfRezo por \u00e9l o ella, pido ayuda\u00a0 para hacer el bien?\u201d.<\/p>\n<\/div>\n<\/div>\n<\/div>\n","protected":false},"excerpt":{"rendered":"<p>En el \u00c1ngelus de este domingo 10 de septiembre, el Papa Francisco habl\u00f3 acerca de<\/p>\n","protected":false},"author":1,"featured_media":18095,"comment_status":"open","ping_status":"closed","sticky":false,"template":"","format":"standard","meta":{"footnotes":""},"categories":[5],"tags":[],"class_list":["post-18093","post","type-post","status-publish","format-standard","has-post-thumbnail","hentry","category-espectaculos"],"yoast_head":"<!-- This site is optimized with the Yoast SEO plugin v27.4 - https:\/\/yoast.com\/product\/yoast-seo-wordpress\/ -->\n<title>Papa Francisco: Los chismes son una plaga en la vida de las personas - Campeche Noticias<\/title>\n<meta name=\"robots\" content=\"index, follow, max-snippet:-1, max-image-preview:large, max-video-preview:-1\" \/>\n<link rel=\"canonical\" href=\"https:\/\/campeche-noticias.com\/?p=18093\" \/>\n<meta property=\"og:locale\" content=\"es_ES\" \/>\n<meta property=\"og:type\" content=\"article\" \/>\n<meta property=\"og:title\" content=\"Papa Francisco: Los chismes son una plaga en la vida de las personas - Campeche Noticias\" \/>\n<meta property=\"og:description\" content=\"En el \u00c1ngelus de este domingo 10 de septiembre, el Papa Francisco habl\u00f3 acerca de\" \/>\n<meta property=\"og:url\" content=\"https:\/\/campeche-noticias.com\/?p=18093\" \/>\n<meta property=\"og:site_name\" content=\"Campeche Noticias\" \/>\n<meta property=\"article:published_time\" content=\"2023-09-09T19:51:04+00:00\" \/>\n<meta property=\"article:modified_time\" content=\"2023-09-10T19:53:19+00:00\" \/>\n<meta name=\"author\" content=\"admin\" \/>\n<meta name=\"twitter:card\" content=\"summary_large_image\" \/>\n<meta name=\"twitter:label1\" content=\"Escrito por\" \/>\n\t<meta name=\"twitter:data1\" content=\"admin\" \/>\n\t<meta name=\"twitter:label2\" content=\"Tiempo de lectura\" \/>\n\t<meta name=\"twitter:data2\" content=\"3 minutos\" \/>\n<script type=\"application\/ld+json\" class=\"yoast-schema-graph\">{\"@context\":\"https:\\\/\\\/schema.org\",\"@graph\":[{\"@type\":\"Article\",\"@id\":\"https:\\\/\\\/campeche-noticias.com\\\/?p=18093#article\",\"isPartOf\":{\"@id\":\"https:\\\/\\\/campeche-noticias.com\\\/?p=18093\"},\"author\":{\"name\":\"admin\",\"@id\":\"https:\\\/\\\/campeche-noticias.com\\\/#\\\/schema\\\/person\\\/7940c228049cff34b4cc679f887362f1\"},\"headline\":\"Papa Francisco: Los chismes son una plaga en la vida de las personas\",\"datePublished\":\"2023-09-09T19:51:04+00:00\",\"dateModified\":\"2023-09-10T19:53:19+00:00\",\"mainEntityOfPage\":{\"@id\":\"https:\\\/\\\/campeche-noticias.com\\\/?p=18093\"},\"wordCount\":521,\"commentCount\":0,\"image\":{\"@id\":\"https:\\\/\\\/campeche-noticias.com\\\/?p=18093#primaryimage\"},\"thumbnailUrl\":\"https:\\\/\\\/campeche-noticias.com\\\/wp-content\\\/uploads\\\/2023\\\/09\\\/WhatsApp-Image-2023-09-10-at-2.52.46-PM.jpeg\",\"articleSection\":[\"Espectaculos\"],\"inLanguage\":\"es\",\"potentialAction\":[{\"@type\":\"CommentAction\",\"name\":\"Comment\",\"target\":[\"https:\\\/\\\/campeche-noticias.com\\\/?p=18093#respond\"]}]},{\"@type\":\"WebPage\",\"@id\":\"https:\\\/\\\/campeche-noticias.com\\\/?p=18093\",\"url\":\"https:\\\/\\\/campeche-noticias.com\\\/?p=18093\",\"name\":\"Papa Francisco: Los chismes son una plaga en la vida de las personas - Campeche Noticias\",\"isPartOf\":{\"@id\":\"https:\\\/\\\/campeche-noticias.com\\\/#website\"},\"primaryImageOfPage\":{\"@id\":\"https:\\\/\\\/campeche-noticias.com\\\/?p=18093#primaryimage\"},\"image\":{\"@id\":\"https:\\\/\\\/campeche-noticias.com\\\/?p=18093#primaryimage\"},\"thumbnailUrl\":\"https:\\\/\\\/campeche-noticias.com\\\/wp-content\\\/uploads\\\/2023\\\/09\\\/WhatsApp-Image-2023-09-10-at-2.52.46-PM.jpeg\",\"datePublished\":\"2023-09-09T19:51:04+00:00\",\"dateModified\":\"2023-09-10T19:53:19+00:00\",\"author\":{\"@id\":\"https:\\\/\\\/campeche-noticias.com\\\/#\\\/schema\\\/person\\\/7940c228049cff34b4cc679f887362f1\"},\"breadcrumb\":{\"@id\":\"https:\\\/\\\/campeche-noticias.com\\\/?p=18093#breadcrumb\"},\"inLanguage\":\"es\",\"potentialAction\":[{\"@type\":\"ReadAction\",\"target\":[\"https:\\\/\\\/campeche-noticias.com\\\/?p=18093\"]}]},{\"@type\":\"ImageObject\",\"inLanguage\":\"es\",\"@id\":\"https:\\\/\\\/campeche-noticias.com\\\/?p=18093#primaryimage\",\"url\":\"https:\\\/\\\/campeche-noticias.com\\\/wp-content\\\/uploads\\\/2023\\\/09\\\/WhatsApp-Image-2023-09-10-at-2.52.46-PM.jpeg\",\"contentUrl\":\"https:\\\/\\\/campeche-noticias.com\\\/wp-content\\\/uploads\\\/2023\\\/09\\\/WhatsApp-Image-2023-09-10-at-2.52.46-PM.jpeg\",\"width\":583,\"height\":291},{\"@type\":\"BreadcrumbList\",\"@id\":\"https:\\\/\\\/campeche-noticias.com\\\/?p=18093#breadcrumb\",\"itemListElement\":[{\"@type\":\"ListItem\",\"position\":1,\"name\":\"Portada\",\"item\":\"https:\\\/\\\/campeche-noticias.com\\\/\"},{\"@type\":\"ListItem\",\"position\":2,\"name\":\"Papa Francisco: Los chismes son una plaga en la vida de las personas\"}]},{\"@type\":\"WebSite\",\"@id\":\"https:\\\/\\\/campeche-noticias.com\\\/#website\",\"url\":\"https:\\\/\\\/campeche-noticias.com\\\/\",\"name\":\"Campeche Noticias\",\"description\":\"Campeche Noticias\",\"potentialAction\":[{\"@type\":\"SearchAction\",\"target\":{\"@type\":\"EntryPoint\",\"urlTemplate\":\"https:\\\/\\\/campeche-noticias.com\\\/?s={search_term_string}\"},\"query-input\":{\"@type\":\"PropertyValueSpecification\",\"valueRequired\":true,\"valueName\":\"search_term_string\"}}],\"inLanguage\":\"es\"},{\"@type\":\"Person\",\"@id\":\"https:\\\/\\\/campeche-noticias.com\\\/#\\\/schema\\\/person\\\/7940c228049cff34b4cc679f887362f1\",\"name\":\"admin\",\"sameAs\":[\"https:\\\/\\\/campeche-noticias.com\"],\"url\":\"https:\\\/\\\/campeche-noticias.com\\\/?author=1\"}]}<\/script>\n<!-- \/ Yoast SEO plugin. -->","yoast_head_json":{"title":"Papa Francisco: Los chismes son una plaga en la vida de las personas - Campeche Noticias","robots":{"index":"index","follow":"follow","max-snippet":"max-snippet:-1","max-image-preview":"max-image-preview:large","max-video-preview":"max-video-preview:-1"},"canonical":"https:\/\/campeche-noticias.com\/?p=18093","og_locale":"es_ES","og_type":"article","og_title":"Papa Francisco: Los chismes son una plaga en la vida de las personas - Campeche Noticias","og_description":"En el \u00c1ngelus de este domingo 10 de septiembre, el Papa Francisco habl\u00f3 acerca de","og_url":"https:\/\/campeche-noticias.com\/?p=18093","og_site_name":"Campeche Noticias","article_published_time":"2023-09-09T19:51:04+00:00","article_modified_time":"2023-09-10T19:53:19+00:00","author":"admin","twitter_card":"summary_large_image","twitter_misc":{"Escrito por":"admin","Tiempo de lectura":"3 minutos"},"schema":{"@context":"https:\/\/schema.org","@graph":[{"@type":"Article","@id":"https:\/\/campeche-noticias.com\/?p=18093#article","isPartOf":{"@id":"https:\/\/campeche-noticias.com\/?p=18093"},"author":{"name":"admin","@id":"https:\/\/campeche-noticias.com\/#\/schema\/person\/7940c228049cff34b4cc679f887362f1"},"headline":"Papa Francisco: Los chismes son una plaga en la vida de las personas","datePublished":"2023-09-09T19:51:04+00:00","dateModified":"2023-09-10T19:53:19+00:00","mainEntityOfPage":{"@id":"https:\/\/campeche-noticias.com\/?p=18093"},"wordCount":521,"commentCount":0,"image":{"@id":"https:\/\/campeche-noticias.com\/?p=18093#primaryimage"},"thumbnailUrl":"https:\/\/campeche-noticias.com\/wp-content\/uploads\/2023\/09\/WhatsApp-Image-2023-09-10-at-2.52.46-PM.jpeg","articleSection":["Espectaculos"],"inLanguage":"es","potentialAction":[{"@type":"CommentAction","name":"Comment","target":["https:\/\/campeche-noticias.com\/?p=18093#respond"]}]},{"@type":"WebPage","@id":"https:\/\/campeche-noticias.com\/?p=18093","url":"https:\/\/campeche-noticias.com\/?p=18093","name":"Papa Francisco: Los chismes son una plaga en la vida de las personas - Campeche Noticias","isPartOf":{"@id":"https:\/\/campeche-noticias.com\/#website"},"primaryImageOfPage":{"@id":"https:\/\/campeche-noticias.com\/?p=18093#primaryimage"},"image":{"@id":"https:\/\/campeche-noticias.com\/?p=18093#primaryimage"},"thumbnailUrl":"https:\/\/campeche-noticias.com\/wp-content\/uploads\/2023\/09\/WhatsApp-Image-2023-09-10-at-2.52.46-PM.jpeg","datePublished":"2023-09-09T19:51:04+00:00","dateModified":"2023-09-10T19:53:19+00:00","author":{"@id":"https:\/\/campeche-noticias.com\/#\/schema\/person\/7940c228049cff34b4cc679f887362f1"},"breadcrumb":{"@id":"https:\/\/campeche-noticias.com\/?p=18093#breadcrumb"},"inLanguage":"es","potentialAction":[{"@type":"ReadAction","target":["https:\/\/campeche-noticias.com\/?p=18093"]}]},{"@type":"ImageObject","inLanguage":"es","@id":"https:\/\/campeche-noticias.com\/?p=18093#primaryimage","url":"https:\/\/campeche-noticias.com\/wp-content\/uploads\/2023\/09\/WhatsApp-Image-2023-09-10-at-2.52.46-PM.jpeg","contentUrl":"https:\/\/campeche-noticias.com\/wp-content\/uploads\/2023\/09\/WhatsApp-Image-2023-09-10-at-2.52.46-PM.jpeg","width":583,"height":291},{"@type":"BreadcrumbList","@id":"https:\/\/campeche-noticias.com\/?p=18093#breadcrumb","itemListElement":[{"@type":"ListItem","position":1,"name":"Portada","item":"https:\/\/campeche-noticias.com\/"},{"@type":"ListItem","position":2,"name":"Papa Francisco: Los chismes son una plaga en la vida de las personas"}]},{"@type":"WebSite","@id":"https:\/\/campeche-noticias.com\/#website","url":"https:\/\/campeche-noticias.com\/","name":"Campeche Noticias","description":"Campeche Noticias","potentialAction":[{"@type":"SearchAction","target":{"@type":"EntryPoint","urlTemplate":"https:\/\/campeche-noticias.com\/?s={search_term_string}"},"query-input":{"@type":"PropertyValueSpecification","valueRequired":true,"valueName":"search_term_string"}}],"inLanguage":"es"},{"@type":"Person","@id":"https:\/\/campeche-noticias.com\/#\/schema\/person\/7940c228049cff34b4cc679f887362f1","name":"admin","sameAs":["https:\/\/campeche-noticias.com"],"url":"https:\/\/campeche-noticias.com\/?author=1"}]}},"_links":{"self":[{"href":"https:\/\/campeche-noticias.com\/index.php?rest_route=\/wp\/v2\/posts\/18093","targetHints":{"allow":["GET"]}}],"collection":[{"href":"https:\/\/campeche-noticias.com\/index.php?rest_route=\/wp\/v2\/posts"}],"about":[{"href":"https:\/\/campeche-noticias.com\/index.php?rest_route=\/wp\/v2\/types\/post"}],"author":[{"embeddable":true,"href":"https:\/\/campeche-noticias.com\/index.php?rest_route=\/wp\/v2\/users\/1"}],"replies":[{"embeddable":true,"href":"https:\/\/campeche-noticias.com\/index.php?rest_route=%2Fwp%2Fv2%2Fcomments&post=18093"}],"version-history":[{"count":1,"href":"https:\/\/campeche-noticias.com\/index.php?rest_route=\/wp\/v2\/posts\/18093\/revisions"}],"predecessor-version":[{"id":18094,"href":"https:\/\/campeche-noticias.com\/index.php?rest_route=\/wp\/v2\/posts\/18093\/revisions\/18094"}],"wp:featuredmedia":[{"embeddable":true,"href":"https:\/\/campeche-noticias.com\/index.php?rest_route=\/wp\/v2\/media\/18095"}],"wp:attachment":[{"href":"https:\/\/campeche-noticias.com\/index.php?rest_route=%2Fwp%2Fv2%2Fmedia&parent=18093"}],"wp:term":[{"taxonomy":"category","embeddable":true,"href":"https:\/\/campeche-noticias.com\/index.php?rest_route=%2Fwp%2Fv2%2Fcategories&post=18093"},{"taxonomy":"post_tag","embeddable":true,"href":"https:\/\/campeche-noticias.com\/index.php?rest_route=%2Fwp%2Fv2%2Ftags&post=18093"}],"curies":[{"name":"wp","href":"https:\/\/api.w.org\/{rel}","templated":true}]}}