{"id":17840,"date":"2023-08-24T17:36:10","date_gmt":"2023-08-24T22:36:10","guid":{"rendered":"https:\/\/campeche-noticias.com\/?p=17840"},"modified":"2023-08-25T22:37:11","modified_gmt":"2023-08-25T22:37:11","slug":"eu-capacita-a-policias-de-mexico-en-materia-de-seguridad-genero-y-asuntos-internos","status":"publish","type":"post","link":"https:\/\/campeche-noticias.com\/?p=17840","title":{"rendered":"EU capacita a polic\u00edas de M\u00e9xico en materia de seguridad, g\u00e9nero y asuntos internos"},"content":{"rendered":"<h4 class=\"subtitle\" style=\"text-align: center;\">El embajador Ken Salazar explic\u00f3 que el objetivo del programa es que los elementos se sientan m\u00e1s seguros al actuar<\/h4>\n<div class=\"lead-gallery \">\n<div class=\"teaser  owl-carousel owl-theme\">\n<div class=\"owl-wrapper-outer\">\n<div class=\"owl-wrapper\">\n<div class=\"owl-item\">\n<div class=\"img-container picture\">\n<div id=\"standard_6\" class=\"st-placement standard_6 inImage\">\n<div class=\"st-adunit st-adunit-tagged st-reset st-show\">\n<div class=\"st-adunit-ad st-reset\">\n<div class=\"st-display-render st-reset open 300x600\">\n<div class=\"st-canvas st-reset vertical-static\">\n<div class=\"x-to-close st-reset\">\n<p>En el marco del\u00a0<b>Marco Bicentenario<\/b>\u00a0firmado por las<b>\u00a0administraciones de M\u00e9xico y Estados Unidos<\/b>, el gobierno de ese pa\u00eds\u00a0<b>gradu\u00f3 a 252 polic\u00edas mexicanos<\/b>\u00a0a quienes<b>\u00a0capacit\u00f3\u00a0<\/b>en<b>\u00a0materia de seguridad<\/b>, atenci\u00f3n a<b>\u00a0v\u00edctimas de violencia de g\u00e9nero<\/b>\u00a0y asuntos internos como el combate a la\u00a0<b>corrupci\u00f3n.<\/b><\/p>\n<p>\u201cA trav\u00e9s de estas alianzas profundizamos nuestra\u00a0<b>colaboraci\u00f3n con M\u00e9xico<\/b>\u00a0en beneficio de la seguridad y tranquilidad de las familias. Este esfuerzo refleja el compromiso de nuestros gobiernos para trabajar juntos como socios en nuestra seguridad compartida\u201d, dijo el embajador de Estados Unidos en M\u00e9xico,<b>\u00a0Ken Salazar<\/b>, en un\u00a0<b>videomensaje\u00a0<\/b>transmitido en la ceremonia.<\/p>\n<p>Los polic\u00edas mexicanos fueron capacitados por sus\u00a0<b>hom\u00f3logos de la Oficina de Asuntos Antinarc\u00f3ticos y de Aplicaci\u00f3n de la Ley<\/b>\u00a0(INL, por sus siglas en ingl\u00e9s) y la<b>\u00a0Polic\u00eda de Miami,<\/b>\u00a0entre el 22 y 23 de agosto pasados, por lo que a partir de ahora ser\u00e1n ellos los encargados de instruir a sus compa\u00f1eros.<\/p>\n<p>El\u00a0<b>objetivo del Programa<\/b>, explic\u00f3 el embajador Salazar, es ayudar a las polic\u00edas locales y estatales a sentirse m\u00e1s seguros en su actuar para que a su vez\u00a0<b>puedan proteger de mejor manera a la poblaci\u00f3n en general.<\/b><\/p>\n<div id=\"standard_10\" class=\"st-placement standard_10 inArticle\"><\/div>\n<p>\u201cAyudar\u00e1n ustedes a que las mujeres puedan sentirse m\u00e1s seguras y protegidas, en especial si fueron v\u00edctimas de un tipo de violencia o abuso. Tambi\u00e9n estar\u00e1n\u00a0<b>m\u00e1s preparados\u00a0<\/b>para enfrentar y prevenir delitos como la trata de personas, la violencia dom\u00e9stica o el abuso de menores. Adem\u00e1s, ayudar\u00e1n a fortalecer sus instituciones y combatir a la corrupci\u00f3n\u201d, expuso.<\/p>\n<p>En el<b>\u00a0Programa de Capacitaci\u00f3n a Formadores<\/b>\u00a0impulsado por las autoridades estadounidenses participaron corporaciones de 28 estados del pa\u00eds y de ocho municipios,<b>\u00a0siendo s\u00f3lo Oaxaca, Hidalgo y Guerrero las entidades sin agentes instruidos.<\/b><\/p>\n<p>Sobre este ejercicio,<b>\u00a0Iv\u00e1n Marcelino Camacho L\u00f3pez<\/b>, representante del Programa de Prevenci\u00f3n y polic\u00eda de proximidad de Mexicali, Baja California, lo destac\u00f3 como oportuno, pues desde su punto de vista<b>\u00a0la justicia por propia mano y el actuar autoritario de las autoridades no son la soluci\u00f3n<\/b>\u00a0para combatir la<b>\u00a0inseguridad\u00a0<\/b>en el pa\u00eds.<\/p>\n<article class=\"content-continued-body clearfix \">\n<div id=\"content-body-5851641-10594626\">\n<p>\u201cLa guerra contra el crimen es en esencia cultural y debe ganarse desde la trinchera de la familia, de la escuela, de la cuadra, de la colonia (&#8230;) por ello, secretarios, directores, les pido que crean en el programa de<b>\u00a0Polic\u00eda Comunitaria<\/b>, apoyen a sus elementos, porque sin el apoyo de todos y cada uno de ustedes, este programa no va a ser posible en nuestras corporaciones\u201d, finaliz\u00f3<button class=\"btn btn-danger\" type=\"button\"><\/button><\/p>\n<\/div>\n<\/article>\n<\/div>\n<\/div>\n<\/div>\n<\/div>\n<\/div>\n<\/div>\n<\/div>\n<\/div>\n<\/div>\n<\/div>\n<\/div>\n<\/div>\n","protected":false},"excerpt":{"rendered":"<p>El embajador Ken Salazar explic\u00f3 que el objetivo del programa es que los elementos se<\/p>\n","protected":false},"author":1,"featured_media":17842,"comment_status":"open","ping_status":"closed","sticky":false,"template":"","format":"standard","meta":{"footnotes":""},"categories":[4],"tags":[],"class_list":["post-17840","post","type-post","status-publish","format-standard","has-post-thumbnail","hentry","category-nacional"],"yoast_head":"<!-- This site is optimized with the Yoast SEO plugin v27.4 - https:\/\/yoast.com\/product\/yoast-seo-wordpress\/ -->\n<title>EU capacita a polic\u00edas de M\u00e9xico en materia de seguridad, g\u00e9nero y asuntos internos - Campeche Noticias<\/title>\n<meta name=\"robots\" content=\"index, follow, max-snippet:-1, max-image-preview:large, max-video-preview:-1\" \/>\n<link rel=\"canonical\" href=\"https:\/\/campeche-noticias.com\/?p=17840\" \/>\n<meta property=\"og:locale\" content=\"es_ES\" \/>\n<meta property=\"og:type\" content=\"article\" \/>\n<meta property=\"og:title\" content=\"EU capacita a polic\u00edas de M\u00e9xico en materia de seguridad, g\u00e9nero y asuntos internos - Campeche Noticias\" \/>\n<meta property=\"og:description\" content=\"El embajador Ken Salazar explic\u00f3 que el objetivo del programa es que los elementos se\" \/>\n<meta property=\"og:url\" content=\"https:\/\/campeche-noticias.com\/?p=17840\" \/>\n<meta property=\"og:site_name\" content=\"Campeche Noticias\" \/>\n<meta property=\"article:published_time\" content=\"2023-08-24T22:36:10+00:00\" \/>\n<meta property=\"article:modified_time\" content=\"2023-08-25T22:37:11+00:00\" \/>\n<meta name=\"author\" content=\"admin\" \/>\n<meta name=\"twitter:card\" content=\"summary_large_image\" \/>\n<meta name=\"twitter:label1\" content=\"Escrito por\" \/>\n\t<meta name=\"twitter:data1\" content=\"admin\" \/>\n\t<meta name=\"twitter:label2\" content=\"Tiempo de lectura\" \/>\n\t<meta name=\"twitter:data2\" content=\"2 minutos\" \/>\n<script type=\"application\/ld+json\" class=\"yoast-schema-graph\">{\"@context\":\"https:\\\/\\\/schema.org\",\"@graph\":[{\"@type\":\"Article\",\"@id\":\"https:\\\/\\\/campeche-noticias.com\\\/?p=17840#article\",\"isPartOf\":{\"@id\":\"https:\\\/\\\/campeche-noticias.com\\\/?p=17840\"},\"author\":{\"name\":\"admin\",\"@id\":\"https:\\\/\\\/campeche-noticias.com\\\/#\\\/schema\\\/person\\\/7940c228049cff34b4cc679f887362f1\"},\"headline\":\"EU capacita a polic\u00edas de M\u00e9xico en materia de seguridad, g\u00e9nero y asuntos internos\",\"datePublished\":\"2023-08-24T22:36:10+00:00\",\"dateModified\":\"2023-08-25T22:37:11+00:00\",\"mainEntityOfPage\":{\"@id\":\"https:\\\/\\\/campeche-noticias.com\\\/?p=17840\"},\"wordCount\":483,\"commentCount\":0,\"image\":{\"@id\":\"https:\\\/\\\/campeche-noticias.com\\\/?p=17840#primaryimage\"},\"thumbnailUrl\":\"https:\\\/\\\/campeche-noticias.com\\\/wp-content\\\/uploads\\\/2023\\\/08\\\/WhatsApp-Image-2023-08-25-at-5.35.58-PM.jpeg\",\"articleSection\":[\"Nacional\"],\"inLanguage\":\"es\",\"potentialAction\":[{\"@type\":\"CommentAction\",\"name\":\"Comment\",\"target\":[\"https:\\\/\\\/campeche-noticias.com\\\/?p=17840#respond\"]}]},{\"@type\":\"WebPage\",\"@id\":\"https:\\\/\\\/campeche-noticias.com\\\/?p=17840\",\"url\":\"https:\\\/\\\/campeche-noticias.com\\\/?p=17840\",\"name\":\"EU capacita a polic\u00edas de M\u00e9xico en materia de seguridad, g\u00e9nero y asuntos internos - Campeche Noticias\",\"isPartOf\":{\"@id\":\"https:\\\/\\\/campeche-noticias.com\\\/#website\"},\"primaryImageOfPage\":{\"@id\":\"https:\\\/\\\/campeche-noticias.com\\\/?p=17840#primaryimage\"},\"image\":{\"@id\":\"https:\\\/\\\/campeche-noticias.com\\\/?p=17840#primaryimage\"},\"thumbnailUrl\":\"https:\\\/\\\/campeche-noticias.com\\\/wp-content\\\/uploads\\\/2023\\\/08\\\/WhatsApp-Image-2023-08-25-at-5.35.58-PM.jpeg\",\"datePublished\":\"2023-08-24T22:36:10+00:00\",\"dateModified\":\"2023-08-25T22:37:11+00:00\",\"author\":{\"@id\":\"https:\\\/\\\/campeche-noticias.com\\\/#\\\/schema\\\/person\\\/7940c228049cff34b4cc679f887362f1\"},\"breadcrumb\":{\"@id\":\"https:\\\/\\\/campeche-noticias.com\\\/?p=17840#breadcrumb\"},\"inLanguage\":\"es\",\"potentialAction\":[{\"@type\":\"ReadAction\",\"target\":[\"https:\\\/\\\/campeche-noticias.com\\\/?p=17840\"]}]},{\"@type\":\"ImageObject\",\"inLanguage\":\"es\",\"@id\":\"https:\\\/\\\/campeche-noticias.com\\\/?p=17840#primaryimage\",\"url\":\"https:\\\/\\\/campeche-noticias.com\\\/wp-content\\\/uploads\\\/2023\\\/08\\\/WhatsApp-Image-2023-08-25-at-5.35.58-PM.jpeg\",\"contentUrl\":\"https:\\\/\\\/campeche-noticias.com\\\/wp-content\\\/uploads\\\/2023\\\/08\\\/WhatsApp-Image-2023-08-25-at-5.35.58-PM.jpeg\",\"width\":893,\"height\":398},{\"@type\":\"BreadcrumbList\",\"@id\":\"https:\\\/\\\/campeche-noticias.com\\\/?p=17840#breadcrumb\",\"itemListElement\":[{\"@type\":\"ListItem\",\"position\":1,\"name\":\"Portada\",\"item\":\"https:\\\/\\\/campeche-noticias.com\\\/\"},{\"@type\":\"ListItem\",\"position\":2,\"name\":\"EU capacita a polic\u00edas de M\u00e9xico en materia de seguridad, g\u00e9nero y asuntos internos\"}]},{\"@type\":\"WebSite\",\"@id\":\"https:\\\/\\\/campeche-noticias.com\\\/#website\",\"url\":\"https:\\\/\\\/campeche-noticias.com\\\/\",\"name\":\"Campeche Noticias\",\"description\":\"Campeche Noticias\",\"potentialAction\":[{\"@type\":\"SearchAction\",\"target\":{\"@type\":\"EntryPoint\",\"urlTemplate\":\"https:\\\/\\\/campeche-noticias.com\\\/?s={search_term_string}\"},\"query-input\":{\"@type\":\"PropertyValueSpecification\",\"valueRequired\":true,\"valueName\":\"search_term_string\"}}],\"inLanguage\":\"es\"},{\"@type\":\"Person\",\"@id\":\"https:\\\/\\\/campeche-noticias.com\\\/#\\\/schema\\\/person\\\/7940c228049cff34b4cc679f887362f1\",\"name\":\"admin\",\"sameAs\":[\"https:\\\/\\\/campeche-noticias.com\"],\"url\":\"https:\\\/\\\/campeche-noticias.com\\\/?author=1\"}]}<\/script>\n<!-- \/ Yoast SEO plugin. -->","yoast_head_json":{"title":"EU capacita a polic\u00edas de M\u00e9xico en materia de seguridad, g\u00e9nero y asuntos internos - Campeche Noticias","robots":{"index":"index","follow":"follow","max-snippet":"max-snippet:-1","max-image-preview":"max-image-preview:large","max-video-preview":"max-video-preview:-1"},"canonical":"https:\/\/campeche-noticias.com\/?p=17840","og_locale":"es_ES","og_type":"article","og_title":"EU capacita a polic\u00edas de M\u00e9xico en materia de seguridad, g\u00e9nero y asuntos internos - Campeche Noticias","og_description":"El embajador Ken Salazar explic\u00f3 que el objetivo del programa es que los elementos se","og_url":"https:\/\/campeche-noticias.com\/?p=17840","og_site_name":"Campeche Noticias","article_published_time":"2023-08-24T22:36:10+00:00","article_modified_time":"2023-08-25T22:37:11+00:00","author":"admin","twitter_card":"summary_large_image","twitter_misc":{"Escrito por":"admin","Tiempo de lectura":"2 minutos"},"schema":{"@context":"https:\/\/schema.org","@graph":[{"@type":"Article","@id":"https:\/\/campeche-noticias.com\/?p=17840#article","isPartOf":{"@id":"https:\/\/campeche-noticias.com\/?p=17840"},"author":{"name":"admin","@id":"https:\/\/campeche-noticias.com\/#\/schema\/person\/7940c228049cff34b4cc679f887362f1"},"headline":"EU capacita a polic\u00edas de M\u00e9xico en materia de seguridad, g\u00e9nero y asuntos internos","datePublished":"2023-08-24T22:36:10+00:00","dateModified":"2023-08-25T22:37:11+00:00","mainEntityOfPage":{"@id":"https:\/\/campeche-noticias.com\/?p=17840"},"wordCount":483,"commentCount":0,"image":{"@id":"https:\/\/campeche-noticias.com\/?p=17840#primaryimage"},"thumbnailUrl":"https:\/\/campeche-noticias.com\/wp-content\/uploads\/2023\/08\/WhatsApp-Image-2023-08-25-at-5.35.58-PM.jpeg","articleSection":["Nacional"],"inLanguage":"es","potentialAction":[{"@type":"CommentAction","name":"Comment","target":["https:\/\/campeche-noticias.com\/?p=17840#respond"]}]},{"@type":"WebPage","@id":"https:\/\/campeche-noticias.com\/?p=17840","url":"https:\/\/campeche-noticias.com\/?p=17840","name":"EU capacita a polic\u00edas de M\u00e9xico en materia de seguridad, g\u00e9nero y asuntos internos - Campeche Noticias","isPartOf":{"@id":"https:\/\/campeche-noticias.com\/#website"},"primaryImageOfPage":{"@id":"https:\/\/campeche-noticias.com\/?p=17840#primaryimage"},"image":{"@id":"https:\/\/campeche-noticias.com\/?p=17840#primaryimage"},"thumbnailUrl":"https:\/\/campeche-noticias.com\/wp-content\/uploads\/2023\/08\/WhatsApp-Image-2023-08-25-at-5.35.58-PM.jpeg","datePublished":"2023-08-24T22:36:10+00:00","dateModified":"2023-08-25T22:37:11+00:00","author":{"@id":"https:\/\/campeche-noticias.com\/#\/schema\/person\/7940c228049cff34b4cc679f887362f1"},"breadcrumb":{"@id":"https:\/\/campeche-noticias.com\/?p=17840#breadcrumb"},"inLanguage":"es","potentialAction":[{"@type":"ReadAction","target":["https:\/\/campeche-noticias.com\/?p=17840"]}]},{"@type":"ImageObject","inLanguage":"es","@id":"https:\/\/campeche-noticias.com\/?p=17840#primaryimage","url":"https:\/\/campeche-noticias.com\/wp-content\/uploads\/2023\/08\/WhatsApp-Image-2023-08-25-at-5.35.58-PM.jpeg","contentUrl":"https:\/\/campeche-noticias.com\/wp-content\/uploads\/2023\/08\/WhatsApp-Image-2023-08-25-at-5.35.58-PM.jpeg","width":893,"height":398},{"@type":"BreadcrumbList","@id":"https:\/\/campeche-noticias.com\/?p=17840#breadcrumb","itemListElement":[{"@type":"ListItem","position":1,"name":"Portada","item":"https:\/\/campeche-noticias.com\/"},{"@type":"ListItem","position":2,"name":"EU capacita a polic\u00edas de M\u00e9xico en materia de seguridad, g\u00e9nero y asuntos internos"}]},{"@type":"WebSite","@id":"https:\/\/campeche-noticias.com\/#website","url":"https:\/\/campeche-noticias.com\/","name":"Campeche Noticias","description":"Campeche Noticias","potentialAction":[{"@type":"SearchAction","target":{"@type":"EntryPoint","urlTemplate":"https:\/\/campeche-noticias.com\/?s={search_term_string}"},"query-input":{"@type":"PropertyValueSpecification","valueRequired":true,"valueName":"search_term_string"}}],"inLanguage":"es"},{"@type":"Person","@id":"https:\/\/campeche-noticias.com\/#\/schema\/person\/7940c228049cff34b4cc679f887362f1","name":"admin","sameAs":["https:\/\/campeche-noticias.com"],"url":"https:\/\/campeche-noticias.com\/?author=1"}]}},"_links":{"self":[{"href":"https:\/\/campeche-noticias.com\/index.php?rest_route=\/wp\/v2\/posts\/17840","targetHints":{"allow":["GET"]}}],"collection":[{"href":"https:\/\/campeche-noticias.com\/index.php?rest_route=\/wp\/v2\/posts"}],"about":[{"href":"https:\/\/campeche-noticias.com\/index.php?rest_route=\/wp\/v2\/types\/post"}],"author":[{"embeddable":true,"href":"https:\/\/campeche-noticias.com\/index.php?rest_route=\/wp\/v2\/users\/1"}],"replies":[{"embeddable":true,"href":"https:\/\/campeche-noticias.com\/index.php?rest_route=%2Fwp%2Fv2%2Fcomments&post=17840"}],"version-history":[{"count":1,"href":"https:\/\/campeche-noticias.com\/index.php?rest_route=\/wp\/v2\/posts\/17840\/revisions"}],"predecessor-version":[{"id":17841,"href":"https:\/\/campeche-noticias.com\/index.php?rest_route=\/wp\/v2\/posts\/17840\/revisions\/17841"}],"wp:featuredmedia":[{"embeddable":true,"href":"https:\/\/campeche-noticias.com\/index.php?rest_route=\/wp\/v2\/media\/17842"}],"wp:attachment":[{"href":"https:\/\/campeche-noticias.com\/index.php?rest_route=%2Fwp%2Fv2%2Fmedia&parent=17840"}],"wp:term":[{"taxonomy":"category","embeddable":true,"href":"https:\/\/campeche-noticias.com\/index.php?rest_route=%2Fwp%2Fv2%2Fcategories&post=17840"},{"taxonomy":"post_tag","embeddable":true,"href":"https:\/\/campeche-noticias.com\/index.php?rest_route=%2Fwp%2Fv2%2Ftags&post=17840"}],"curies":[{"name":"wp","href":"https:\/\/api.w.org\/{rel}","templated":true}]}}