{"id":17816,"date":"2023-08-25T14:36:44","date_gmt":"2023-08-25T19:36:44","guid":{"rendered":"https:\/\/campeche-noticias.com\/?p=17816"},"modified":"2023-08-25T19:36:45","modified_gmt":"2023-08-25T19:36:45","slug":"cuando-es-dia-del-abuelo-en-mexico-y-en-el-mundo","status":"publish","type":"post","link":"https:\/\/campeche-noticias.com\/?p=17816","title":{"rendered":"\u00bfCu\u00e1ndo es D\u00eda del Abuelo en M\u00e9xico y en el mundo?"},"content":{"rendered":"<h4 class=\"BlocksPage-subHeadline\" style=\"text-align: center;\">La celebraci\u00f3n del D\u00eda del Abuelo tiene lugar en diferentes meses del a\u00f1o en M\u00e9xico y el mundo. Conoce cu\u00e1ndo es este 2023 y c\u00f3mo surgi\u00f3 la fecha.<\/h4>\n<div class=\"AuthorBar\">\n<p>El\u00a0<b>26 de julio<\/b>\u00a0se lleva a cabo la celebraci\u00f3n del\u00a0<b>D\u00eda Internacional del Abuelo<\/b>, que tiene como objetivo rendir homenaje a estos integrantes de la familia. Sin embargo, en\u00a0<b>M\u00e9xico<\/b>\u00a0tienen otro d\u00eda de celebraci\u00f3n: el\u00a0<b>28 de agosto<\/b>,\u00a0<b>d\u00eda del abuelo<\/b>. A continuaci\u00f3n te contamos cu\u00e1l es el origen de la fecha.<\/p>\n<div id=\"dailymotion-instance-a5f3dc47-9522-5338-e6ff-2a1b99c638dc\" class=\"dailymotion-player-root dailymotion-player-x9k62\">\n<h2 class=\"cms-Subtitulos-Subtitulo1\">Origen del D\u00eda del Abuelo<\/h2>\n<p>&nbsp;<\/p>\n<p>El 26 de julio fue establecido como D\u00eda Internacional de los Abuelos por la ONG Mensajeros de la Paz en 1998. El motivo es la conmemoraci\u00f3n a conmemora a San Joaqu\u00edn y Santa Ana, padres de la Virgen Mar\u00eda y por lo tanto, abuelos de Jes\u00fas.<\/p>\n<p>Por otro lado, en 2021, el papa Francisco estableci\u00f3 que la Jornada Mundial de los Abuelos y de los Mayores se lleva a cabo el cuarto domingo de julio, es decir el pasado 24 del mes.<\/p>\n<p>En tanto, la ONU promueve la celebraci\u00f3n global del D\u00eda Internacional de las Personas de Edad, el 1 de octubre.<\/p>\n<p>Sin embargo, en M\u00e9xico, el d\u00eda del festejo es el 28 de agosto, aunque su origen no est\u00e1 muy claro y existen varias versiones. Una apunta que se instituy\u00f3 durante el gobierno de Abelardo D\u00edaz Rodr\u00edguez, entre 1932-1934 y posteriormente se ratific\u00f3 en el mandato de L\u00e1zaro C\u00e1rdenas (1934-1940).<\/p>\n<p>De acuerdo con el INAPAM, en 1982 se decret\u00f3 conmemorar, a nivel internacional, el mes de agosto como el de la vejez; y en M\u00e9xico se determin\u00f3 que el d\u00eda 28 del mismo mes ser\u00eda considerado como el\u00a0<b>D\u00eda del Abuelo.<\/b><\/p>\n<p>En la Ciudad de M\u00e9xico se festej\u00f3 a las personas adultas mayores por primera vez en 1983 y al a\u00f1o siguiente en Monterrey. A partir de 1998 se instituy\u00f3 en todo el pa\u00eds el 28 de agosto como D\u00eda del Anciano, t\u00edtulo que fue cambiado posteriormente a\u00a0<b>D\u00eda Nacional del Adulto Mayor<\/b>.<\/p>\n<p>Existe otra versi\u00f3n que atribuye la fecha al locutor \u00c9dgar Fernando Gayt\u00e1n Monz\u00f3n, quien supuestamente promov\u00eda la fecha en un programa llamado \u00abLa Hora Azul\u00bb, el cual se transmit\u00eda en Chihuahua y estaba dirigido a los adultos mayores.<\/p>\n<\/div>\n<\/div>\n<div class=\"BlocksPage-bar\"><\/div>\n","protected":false},"excerpt":{"rendered":"<p>La celebraci\u00f3n del D\u00eda del Abuelo tiene lugar en diferentes meses del a\u00f1o en M\u00e9xico<\/p>\n","protected":false},"author":1,"featured_media":17818,"comment_status":"open","ping_status":"closed","sticky":false,"template":"","format":"standard","meta":{"footnotes":""},"categories":[4],"tags":[],"class_list":["post-17816","post","type-post","status-publish","format-standard","has-post-thumbnail","hentry","category-nacional"],"yoast_head":"<!-- This site is optimized with the Yoast SEO plugin v27.4 - https:\/\/yoast.com\/product\/yoast-seo-wordpress\/ -->\n<title>\u00bfCu\u00e1ndo es D\u00eda del Abuelo en M\u00e9xico y en el mundo? - Campeche Noticias<\/title>\n<meta name=\"robots\" content=\"index, follow, max-snippet:-1, max-image-preview:large, max-video-preview:-1\" \/>\n<link rel=\"canonical\" href=\"https:\/\/campeche-noticias.com\/?p=17816\" \/>\n<meta property=\"og:locale\" content=\"es_ES\" \/>\n<meta property=\"og:type\" content=\"article\" \/>\n<meta property=\"og:title\" content=\"\u00bfCu\u00e1ndo es D\u00eda del Abuelo en M\u00e9xico y en el mundo? - Campeche Noticias\" \/>\n<meta property=\"og:description\" content=\"La celebraci\u00f3n del D\u00eda del Abuelo tiene lugar en diferentes meses del a\u00f1o en M\u00e9xico\" \/>\n<meta property=\"og:url\" content=\"https:\/\/campeche-noticias.com\/?p=17816\" \/>\n<meta property=\"og:site_name\" content=\"Campeche Noticias\" \/>\n<meta property=\"article:published_time\" content=\"2023-08-25T19:36:44+00:00\" \/>\n<meta property=\"article:modified_time\" content=\"2023-08-25T19:36:45+00:00\" \/>\n<meta name=\"author\" content=\"admin\" \/>\n<meta name=\"twitter:card\" content=\"summary_large_image\" \/>\n<meta name=\"twitter:label1\" content=\"Escrito por\" \/>\n\t<meta name=\"twitter:data1\" content=\"admin\" \/>\n\t<meta name=\"twitter:label2\" content=\"Tiempo de lectura\" \/>\n\t<meta name=\"twitter:data2\" content=\"2 minutos\" \/>\n<script type=\"application\/ld+json\" class=\"yoast-schema-graph\">{\"@context\":\"https:\\\/\\\/schema.org\",\"@graph\":[{\"@type\":\"Article\",\"@id\":\"https:\\\/\\\/campeche-noticias.com\\\/?p=17816#article\",\"isPartOf\":{\"@id\":\"https:\\\/\\\/campeche-noticias.com\\\/?p=17816\"},\"author\":{\"name\":\"admin\",\"@id\":\"https:\\\/\\\/campeche-noticias.com\\\/#\\\/schema\\\/person\\\/7940c228049cff34b4cc679f887362f1\"},\"headline\":\"\u00bfCu\u00e1ndo es D\u00eda del Abuelo en M\u00e9xico y en el mundo?\",\"datePublished\":\"2023-08-25T19:36:44+00:00\",\"dateModified\":\"2023-08-25T19:36:45+00:00\",\"mainEntityOfPage\":{\"@id\":\"https:\\\/\\\/campeche-noticias.com\\\/?p=17816\"},\"wordCount\":413,\"commentCount\":0,\"image\":{\"@id\":\"https:\\\/\\\/campeche-noticias.com\\\/?p=17816#primaryimage\"},\"thumbnailUrl\":\"https:\\\/\\\/campeche-noticias.com\\\/wp-content\\\/uploads\\\/2023\\\/08\\\/WhatsApp-Image-2023-08-25-at-2.35.55-PM.jpeg\",\"articleSection\":[\"Nacional\"],\"inLanguage\":\"es\",\"potentialAction\":[{\"@type\":\"CommentAction\",\"name\":\"Comment\",\"target\":[\"https:\\\/\\\/campeche-noticias.com\\\/?p=17816#respond\"]}]},{\"@type\":\"WebPage\",\"@id\":\"https:\\\/\\\/campeche-noticias.com\\\/?p=17816\",\"url\":\"https:\\\/\\\/campeche-noticias.com\\\/?p=17816\",\"name\":\"\u00bfCu\u00e1ndo es D\u00eda del Abuelo en M\u00e9xico y en el mundo? - Campeche Noticias\",\"isPartOf\":{\"@id\":\"https:\\\/\\\/campeche-noticias.com\\\/#website\"},\"primaryImageOfPage\":{\"@id\":\"https:\\\/\\\/campeche-noticias.com\\\/?p=17816#primaryimage\"},\"image\":{\"@id\":\"https:\\\/\\\/campeche-noticias.com\\\/?p=17816#primaryimage\"},\"thumbnailUrl\":\"https:\\\/\\\/campeche-noticias.com\\\/wp-content\\\/uploads\\\/2023\\\/08\\\/WhatsApp-Image-2023-08-25-at-2.35.55-PM.jpeg\",\"datePublished\":\"2023-08-25T19:36:44+00:00\",\"dateModified\":\"2023-08-25T19:36:45+00:00\",\"author\":{\"@id\":\"https:\\\/\\\/campeche-noticias.com\\\/#\\\/schema\\\/person\\\/7940c228049cff34b4cc679f887362f1\"},\"breadcrumb\":{\"@id\":\"https:\\\/\\\/campeche-noticias.com\\\/?p=17816#breadcrumb\"},\"inLanguage\":\"es\",\"potentialAction\":[{\"@type\":\"ReadAction\",\"target\":[\"https:\\\/\\\/campeche-noticias.com\\\/?p=17816\"]}]},{\"@type\":\"ImageObject\",\"inLanguage\":\"es\",\"@id\":\"https:\\\/\\\/campeche-noticias.com\\\/?p=17816#primaryimage\",\"url\":\"https:\\\/\\\/campeche-noticias.com\\\/wp-content\\\/uploads\\\/2023\\\/08\\\/WhatsApp-Image-2023-08-25-at-2.35.55-PM.jpeg\",\"contentUrl\":\"https:\\\/\\\/campeche-noticias.com\\\/wp-content\\\/uploads\\\/2023\\\/08\\\/WhatsApp-Image-2023-08-25-at-2.35.55-PM.jpeg\",\"width\":899,\"height\":397},{\"@type\":\"BreadcrumbList\",\"@id\":\"https:\\\/\\\/campeche-noticias.com\\\/?p=17816#breadcrumb\",\"itemListElement\":[{\"@type\":\"ListItem\",\"position\":1,\"name\":\"Portada\",\"item\":\"https:\\\/\\\/campeche-noticias.com\\\/\"},{\"@type\":\"ListItem\",\"position\":2,\"name\":\"\u00bfCu\u00e1ndo es D\u00eda del Abuelo en M\u00e9xico y en el mundo?\"}]},{\"@type\":\"WebSite\",\"@id\":\"https:\\\/\\\/campeche-noticias.com\\\/#website\",\"url\":\"https:\\\/\\\/campeche-noticias.com\\\/\",\"name\":\"Campeche Noticias\",\"description\":\"Campeche Noticias\",\"potentialAction\":[{\"@type\":\"SearchAction\",\"target\":{\"@type\":\"EntryPoint\",\"urlTemplate\":\"https:\\\/\\\/campeche-noticias.com\\\/?s={search_term_string}\"},\"query-input\":{\"@type\":\"PropertyValueSpecification\",\"valueRequired\":true,\"valueName\":\"search_term_string\"}}],\"inLanguage\":\"es\"},{\"@type\":\"Person\",\"@id\":\"https:\\\/\\\/campeche-noticias.com\\\/#\\\/schema\\\/person\\\/7940c228049cff34b4cc679f887362f1\",\"name\":\"admin\",\"sameAs\":[\"https:\\\/\\\/campeche-noticias.com\"],\"url\":\"https:\\\/\\\/campeche-noticias.com\\\/?author=1\"}]}<\/script>\n<!-- \/ Yoast SEO plugin. -->","yoast_head_json":{"title":"\u00bfCu\u00e1ndo es D\u00eda del Abuelo en M\u00e9xico y en el mundo? - Campeche Noticias","robots":{"index":"index","follow":"follow","max-snippet":"max-snippet:-1","max-image-preview":"max-image-preview:large","max-video-preview":"max-video-preview:-1"},"canonical":"https:\/\/campeche-noticias.com\/?p=17816","og_locale":"es_ES","og_type":"article","og_title":"\u00bfCu\u00e1ndo es D\u00eda del Abuelo en M\u00e9xico y en el mundo? - Campeche Noticias","og_description":"La celebraci\u00f3n del D\u00eda del Abuelo tiene lugar en diferentes meses del a\u00f1o en M\u00e9xico","og_url":"https:\/\/campeche-noticias.com\/?p=17816","og_site_name":"Campeche Noticias","article_published_time":"2023-08-25T19:36:44+00:00","article_modified_time":"2023-08-25T19:36:45+00:00","author":"admin","twitter_card":"summary_large_image","twitter_misc":{"Escrito por":"admin","Tiempo de lectura":"2 minutos"},"schema":{"@context":"https:\/\/schema.org","@graph":[{"@type":"Article","@id":"https:\/\/campeche-noticias.com\/?p=17816#article","isPartOf":{"@id":"https:\/\/campeche-noticias.com\/?p=17816"},"author":{"name":"admin","@id":"https:\/\/campeche-noticias.com\/#\/schema\/person\/7940c228049cff34b4cc679f887362f1"},"headline":"\u00bfCu\u00e1ndo es D\u00eda del Abuelo en M\u00e9xico y en el mundo?","datePublished":"2023-08-25T19:36:44+00:00","dateModified":"2023-08-25T19:36:45+00:00","mainEntityOfPage":{"@id":"https:\/\/campeche-noticias.com\/?p=17816"},"wordCount":413,"commentCount":0,"image":{"@id":"https:\/\/campeche-noticias.com\/?p=17816#primaryimage"},"thumbnailUrl":"https:\/\/campeche-noticias.com\/wp-content\/uploads\/2023\/08\/WhatsApp-Image-2023-08-25-at-2.35.55-PM.jpeg","articleSection":["Nacional"],"inLanguage":"es","potentialAction":[{"@type":"CommentAction","name":"Comment","target":["https:\/\/campeche-noticias.com\/?p=17816#respond"]}]},{"@type":"WebPage","@id":"https:\/\/campeche-noticias.com\/?p=17816","url":"https:\/\/campeche-noticias.com\/?p=17816","name":"\u00bfCu\u00e1ndo es D\u00eda del Abuelo en M\u00e9xico y en el mundo? - Campeche Noticias","isPartOf":{"@id":"https:\/\/campeche-noticias.com\/#website"},"primaryImageOfPage":{"@id":"https:\/\/campeche-noticias.com\/?p=17816#primaryimage"},"image":{"@id":"https:\/\/campeche-noticias.com\/?p=17816#primaryimage"},"thumbnailUrl":"https:\/\/campeche-noticias.com\/wp-content\/uploads\/2023\/08\/WhatsApp-Image-2023-08-25-at-2.35.55-PM.jpeg","datePublished":"2023-08-25T19:36:44+00:00","dateModified":"2023-08-25T19:36:45+00:00","author":{"@id":"https:\/\/campeche-noticias.com\/#\/schema\/person\/7940c228049cff34b4cc679f887362f1"},"breadcrumb":{"@id":"https:\/\/campeche-noticias.com\/?p=17816#breadcrumb"},"inLanguage":"es","potentialAction":[{"@type":"ReadAction","target":["https:\/\/campeche-noticias.com\/?p=17816"]}]},{"@type":"ImageObject","inLanguage":"es","@id":"https:\/\/campeche-noticias.com\/?p=17816#primaryimage","url":"https:\/\/campeche-noticias.com\/wp-content\/uploads\/2023\/08\/WhatsApp-Image-2023-08-25-at-2.35.55-PM.jpeg","contentUrl":"https:\/\/campeche-noticias.com\/wp-content\/uploads\/2023\/08\/WhatsApp-Image-2023-08-25-at-2.35.55-PM.jpeg","width":899,"height":397},{"@type":"BreadcrumbList","@id":"https:\/\/campeche-noticias.com\/?p=17816#breadcrumb","itemListElement":[{"@type":"ListItem","position":1,"name":"Portada","item":"https:\/\/campeche-noticias.com\/"},{"@type":"ListItem","position":2,"name":"\u00bfCu\u00e1ndo es D\u00eda del Abuelo en M\u00e9xico y en el mundo?"}]},{"@type":"WebSite","@id":"https:\/\/campeche-noticias.com\/#website","url":"https:\/\/campeche-noticias.com\/","name":"Campeche Noticias","description":"Campeche Noticias","potentialAction":[{"@type":"SearchAction","target":{"@type":"EntryPoint","urlTemplate":"https:\/\/campeche-noticias.com\/?s={search_term_string}"},"query-input":{"@type":"PropertyValueSpecification","valueRequired":true,"valueName":"search_term_string"}}],"inLanguage":"es"},{"@type":"Person","@id":"https:\/\/campeche-noticias.com\/#\/schema\/person\/7940c228049cff34b4cc679f887362f1","name":"admin","sameAs":["https:\/\/campeche-noticias.com"],"url":"https:\/\/campeche-noticias.com\/?author=1"}]}},"_links":{"self":[{"href":"https:\/\/campeche-noticias.com\/index.php?rest_route=\/wp\/v2\/posts\/17816","targetHints":{"allow":["GET"]}}],"collection":[{"href":"https:\/\/campeche-noticias.com\/index.php?rest_route=\/wp\/v2\/posts"}],"about":[{"href":"https:\/\/campeche-noticias.com\/index.php?rest_route=\/wp\/v2\/types\/post"}],"author":[{"embeddable":true,"href":"https:\/\/campeche-noticias.com\/index.php?rest_route=\/wp\/v2\/users\/1"}],"replies":[{"embeddable":true,"href":"https:\/\/campeche-noticias.com\/index.php?rest_route=%2Fwp%2Fv2%2Fcomments&post=17816"}],"version-history":[{"count":1,"href":"https:\/\/campeche-noticias.com\/index.php?rest_route=\/wp\/v2\/posts\/17816\/revisions"}],"predecessor-version":[{"id":17817,"href":"https:\/\/campeche-noticias.com\/index.php?rest_route=\/wp\/v2\/posts\/17816\/revisions\/17817"}],"wp:featuredmedia":[{"embeddable":true,"href":"https:\/\/campeche-noticias.com\/index.php?rest_route=\/wp\/v2\/media\/17818"}],"wp:attachment":[{"href":"https:\/\/campeche-noticias.com\/index.php?rest_route=%2Fwp%2Fv2%2Fmedia&parent=17816"}],"wp:term":[{"taxonomy":"category","embeddable":true,"href":"https:\/\/campeche-noticias.com\/index.php?rest_route=%2Fwp%2Fv2%2Fcategories&post=17816"},{"taxonomy":"post_tag","embeddable":true,"href":"https:\/\/campeche-noticias.com\/index.php?rest_route=%2Fwp%2Fv2%2Ftags&post=17816"}],"curies":[{"name":"wp","href":"https:\/\/api.w.org\/{rel}","templated":true}]}}