{"id":17777,"date":"2023-08-23T08:57:31","date_gmt":"2023-08-23T13:57:31","guid":{"rendered":"https:\/\/campeche-noticias.com\/?p=17777"},"modified":"2023-08-23T13:57:33","modified_gmt":"2023-08-23T13:57:33","slug":"me-la-gano-el-gobernador-dice-dirigente-del-pan-sobre-la-reunion-con-wendy","status":"publish","type":"post","link":"https:\/\/campeche-noticias.com\/?p=17777","title":{"rendered":"\u00abMe la gan\u00f3 el gobernador\u00bb, dice dirigente del PAN sobre la reuni\u00f3n con Wendy"},"content":{"rendered":"<header class=\"main-article--header\">\n<h4 class=\"bajada\" style=\"text-align: center;\">Eduardo L\u00f3pez Mares no descarta reunirse con Wendy y conocer que quiere hacer de su vida despu\u00e9s del reality show de Televisa.<\/h4>\n<\/header>\n<div class=\"margen-top1\">\n<p>Le\u00f3n.- Tras la reuni\u00f3n que sostuvo\u00a0<strong>Wendy Guevara<\/strong>, ganadora de &#8216;<strong>La Casa de los Famosos<\/strong>&#8216; con el gobernador de\u00a0<strong>Guanajuato<\/strong>,\u00a0<strong>Diego Sinhue<\/strong>. El dirigente del\u00a0<strong>Partido Acci\u00f3n Nacional<\/strong>\u00a0en la entidad,\u00a0<strong>Eduardo L\u00f3pez Mares<\/strong>\u00a0dijo que las puertas del partido pol\u00edtico seguir\u00e1n abiertas, a pesar de que la semana pasada el diputado del\u00a0<strong>Partido Verde<\/strong>,\u00a0<strong>Gerardo Fern\u00e1ndez<\/strong>\u00a0se incomod\u00f3.<\/p>\n<p><span class=\"marker\"><strong>Eduardo L\u00f3pez Mares<\/strong>, dijo que el gobernador se le adelant\u00f3 y se reuni\u00f3 antes con\u00a0<strong>Wendy Guevara<\/strong>, donde por la misma ganadora de \u2018<strong>La Casa de los Famosos<\/strong>\u2019\u00a0<\/span>y el propio mandatario se supo de la apertura que hubo para hablar del tema de la comunidad LGBT y sobre todo de las personas transexuales.<\/p>\n<div class=\"content-banner\">\n<p>\u201cMe la gan\u00f3 el gober, me la gan\u00f3. Yo celebr\u00f3 el triunfo de todas y de todos los guanajuatenses, la verdad me da mucho gusto, por su puesto que en Guanajuato d\u00eda con d\u00eda se escriben historias de grandeza y eso es importante (\u2026). Una buena parte de la poblaci\u00f3n ha podido reflexionar sobre todo este tema, la inclusi\u00f3n, el entendimiento entre las personas viene de eso precisamente, del respeto y ayer ve\u00edamos el dialogo y Wendy comparti\u00f3 la experiencia que tuvo con el gobernador\u201d, dijo el dirigente panista.<\/p>\n<div class=\"content-banner\">\n<p>Sin embargo,<span class=\"marker\">\u00a0<strong>Eduardo L\u00f3pez Mares<\/strong>\u00a0no descarta reunirse con\u00a0<strong>Wendy<\/strong>\u00a0y conocer que quiere hacer de su vida despu\u00e9s del reality show de\u00a0<strong>Televisa<\/strong><\/span>, si dedicarse totalmente y de lleno a realizar conducciones y actuaci\u00f3n o bien, el poder incursionar en la pol\u00edtica del estado.<\/p>\n<div class=\"content-banner\"><\/div>\n<\/div>\n<\/div>\n<\/div>\n<div class=\"main-article--body\"><\/div>\n","protected":false},"excerpt":{"rendered":"<p>Eduardo L\u00f3pez Mares no descarta reunirse con Wendy y conocer que quiere hacer de su<\/p>\n","protected":false},"author":1,"featured_media":17779,"comment_status":"open","ping_status":"closed","sticky":false,"template":"","format":"standard","meta":{"footnotes":""},"categories":[5],"tags":[],"class_list":["post-17777","post","type-post","status-publish","format-standard","has-post-thumbnail","hentry","category-espectaculos"],"yoast_head":"<!-- This site is optimized with the Yoast SEO plugin v27.4 - https:\/\/yoast.com\/product\/yoast-seo-wordpress\/ -->\n<title>&quot;Me la gan\u00f3 el gobernador&quot;, dice dirigente del PAN sobre la reuni\u00f3n con Wendy - Campeche Noticias<\/title>\n<meta name=\"robots\" content=\"index, follow, max-snippet:-1, max-image-preview:large, max-video-preview:-1\" \/>\n<link rel=\"canonical\" href=\"https:\/\/campeche-noticias.com\/?p=17777\" \/>\n<meta property=\"og:locale\" content=\"es_ES\" \/>\n<meta property=\"og:type\" content=\"article\" \/>\n<meta property=\"og:title\" content=\"&quot;Me la gan\u00f3 el gobernador&quot;, dice dirigente del PAN sobre la reuni\u00f3n con Wendy - Campeche Noticias\" \/>\n<meta property=\"og:description\" content=\"Eduardo L\u00f3pez Mares no descarta reunirse con Wendy y conocer que quiere hacer de su\" \/>\n<meta property=\"og:url\" content=\"https:\/\/campeche-noticias.com\/?p=17777\" \/>\n<meta property=\"og:site_name\" content=\"Campeche Noticias\" \/>\n<meta property=\"article:published_time\" content=\"2023-08-23T13:57:31+00:00\" \/>\n<meta property=\"article:modified_time\" content=\"2023-08-23T13:57:33+00:00\" \/>\n<meta name=\"author\" content=\"admin\" \/>\n<meta name=\"twitter:card\" content=\"summary_large_image\" \/>\n<meta name=\"twitter:label1\" content=\"Escrito por\" \/>\n\t<meta name=\"twitter:data1\" content=\"admin\" \/>\n\t<meta name=\"twitter:label2\" content=\"Tiempo de lectura\" \/>\n\t<meta name=\"twitter:data2\" content=\"1 minuto\" \/>\n<script type=\"application\/ld+json\" class=\"yoast-schema-graph\">{\"@context\":\"https:\\\/\\\/schema.org\",\"@graph\":[{\"@type\":\"Article\",\"@id\":\"https:\\\/\\\/campeche-noticias.com\\\/?p=17777#article\",\"isPartOf\":{\"@id\":\"https:\\\/\\\/campeche-noticias.com\\\/?p=17777\"},\"author\":{\"name\":\"admin\",\"@id\":\"https:\\\/\\\/campeche-noticias.com\\\/#\\\/schema\\\/person\\\/7940c228049cff34b4cc679f887362f1\"},\"headline\":\"\u00abMe la gan\u00f3 el gobernador\u00bb, dice dirigente del PAN sobre la reuni\u00f3n con Wendy\",\"datePublished\":\"2023-08-23T13:57:31+00:00\",\"dateModified\":\"2023-08-23T13:57:33+00:00\",\"mainEntityOfPage\":{\"@id\":\"https:\\\/\\\/campeche-noticias.com\\\/?p=17777\"},\"wordCount\":303,\"commentCount\":2,\"image\":{\"@id\":\"https:\\\/\\\/campeche-noticias.com\\\/?p=17777#primaryimage\"},\"thumbnailUrl\":\"https:\\\/\\\/campeche-noticias.com\\\/wp-content\\\/uploads\\\/2023\\\/08\\\/WhatsApp-Image-2023-08-23-at-8.46.08-AM.jpeg\",\"articleSection\":[\"Espectaculos\"],\"inLanguage\":\"es\",\"potentialAction\":[{\"@type\":\"CommentAction\",\"name\":\"Comment\",\"target\":[\"https:\\\/\\\/campeche-noticias.com\\\/?p=17777#respond\"]}]},{\"@type\":\"WebPage\",\"@id\":\"https:\\\/\\\/campeche-noticias.com\\\/?p=17777\",\"url\":\"https:\\\/\\\/campeche-noticias.com\\\/?p=17777\",\"name\":\"\\\"Me la gan\u00f3 el gobernador\\\", dice dirigente del PAN sobre la reuni\u00f3n con Wendy - Campeche Noticias\",\"isPartOf\":{\"@id\":\"https:\\\/\\\/campeche-noticias.com\\\/#website\"},\"primaryImageOfPage\":{\"@id\":\"https:\\\/\\\/campeche-noticias.com\\\/?p=17777#primaryimage\"},\"image\":{\"@id\":\"https:\\\/\\\/campeche-noticias.com\\\/?p=17777#primaryimage\"},\"thumbnailUrl\":\"https:\\\/\\\/campeche-noticias.com\\\/wp-content\\\/uploads\\\/2023\\\/08\\\/WhatsApp-Image-2023-08-23-at-8.46.08-AM.jpeg\",\"datePublished\":\"2023-08-23T13:57:31+00:00\",\"dateModified\":\"2023-08-23T13:57:33+00:00\",\"author\":{\"@id\":\"https:\\\/\\\/campeche-noticias.com\\\/#\\\/schema\\\/person\\\/7940c228049cff34b4cc679f887362f1\"},\"breadcrumb\":{\"@id\":\"https:\\\/\\\/campeche-noticias.com\\\/?p=17777#breadcrumb\"},\"inLanguage\":\"es\",\"potentialAction\":[{\"@type\":\"ReadAction\",\"target\":[\"https:\\\/\\\/campeche-noticias.com\\\/?p=17777\"]}]},{\"@type\":\"ImageObject\",\"inLanguage\":\"es\",\"@id\":\"https:\\\/\\\/campeche-noticias.com\\\/?p=17777#primaryimage\",\"url\":\"https:\\\/\\\/campeche-noticias.com\\\/wp-content\\\/uploads\\\/2023\\\/08\\\/WhatsApp-Image-2023-08-23-at-8.46.08-AM.jpeg\",\"contentUrl\":\"https:\\\/\\\/campeche-noticias.com\\\/wp-content\\\/uploads\\\/2023\\\/08\\\/WhatsApp-Image-2023-08-23-at-8.46.08-AM.jpeg\",\"width\":891,\"height\":402},{\"@type\":\"BreadcrumbList\",\"@id\":\"https:\\\/\\\/campeche-noticias.com\\\/?p=17777#breadcrumb\",\"itemListElement\":[{\"@type\":\"ListItem\",\"position\":1,\"name\":\"Portada\",\"item\":\"https:\\\/\\\/campeche-noticias.com\\\/\"},{\"@type\":\"ListItem\",\"position\":2,\"name\":\"\u00abMe la gan\u00f3 el gobernador\u00bb, dice dirigente del PAN sobre la reuni\u00f3n con Wendy\"}]},{\"@type\":\"WebSite\",\"@id\":\"https:\\\/\\\/campeche-noticias.com\\\/#website\",\"url\":\"https:\\\/\\\/campeche-noticias.com\\\/\",\"name\":\"Campeche Noticias\",\"description\":\"Campeche Noticias\",\"potentialAction\":[{\"@type\":\"SearchAction\",\"target\":{\"@type\":\"EntryPoint\",\"urlTemplate\":\"https:\\\/\\\/campeche-noticias.com\\\/?s={search_term_string}\"},\"query-input\":{\"@type\":\"PropertyValueSpecification\",\"valueRequired\":true,\"valueName\":\"search_term_string\"}}],\"inLanguage\":\"es\"},{\"@type\":\"Person\",\"@id\":\"https:\\\/\\\/campeche-noticias.com\\\/#\\\/schema\\\/person\\\/7940c228049cff34b4cc679f887362f1\",\"name\":\"admin\",\"sameAs\":[\"https:\\\/\\\/campeche-noticias.com\"],\"url\":\"https:\\\/\\\/campeche-noticias.com\\\/?author=1\"}]}<\/script>\n<!-- \/ Yoast SEO plugin. -->","yoast_head_json":{"title":"\"Me la gan\u00f3 el gobernador\", dice dirigente del PAN sobre la reuni\u00f3n con Wendy - Campeche Noticias","robots":{"index":"index","follow":"follow","max-snippet":"max-snippet:-1","max-image-preview":"max-image-preview:large","max-video-preview":"max-video-preview:-1"},"canonical":"https:\/\/campeche-noticias.com\/?p=17777","og_locale":"es_ES","og_type":"article","og_title":"\"Me la gan\u00f3 el gobernador\", dice dirigente del PAN sobre la reuni\u00f3n con Wendy - Campeche Noticias","og_description":"Eduardo L\u00f3pez Mares no descarta reunirse con Wendy y conocer que quiere hacer de su","og_url":"https:\/\/campeche-noticias.com\/?p=17777","og_site_name":"Campeche Noticias","article_published_time":"2023-08-23T13:57:31+00:00","article_modified_time":"2023-08-23T13:57:33+00:00","author":"admin","twitter_card":"summary_large_image","twitter_misc":{"Escrito por":"admin","Tiempo de lectura":"1 minuto"},"schema":{"@context":"https:\/\/schema.org","@graph":[{"@type":"Article","@id":"https:\/\/campeche-noticias.com\/?p=17777#article","isPartOf":{"@id":"https:\/\/campeche-noticias.com\/?p=17777"},"author":{"name":"admin","@id":"https:\/\/campeche-noticias.com\/#\/schema\/person\/7940c228049cff34b4cc679f887362f1"},"headline":"\u00abMe la gan\u00f3 el gobernador\u00bb, dice dirigente del PAN sobre la reuni\u00f3n con Wendy","datePublished":"2023-08-23T13:57:31+00:00","dateModified":"2023-08-23T13:57:33+00:00","mainEntityOfPage":{"@id":"https:\/\/campeche-noticias.com\/?p=17777"},"wordCount":303,"commentCount":2,"image":{"@id":"https:\/\/campeche-noticias.com\/?p=17777#primaryimage"},"thumbnailUrl":"https:\/\/campeche-noticias.com\/wp-content\/uploads\/2023\/08\/WhatsApp-Image-2023-08-23-at-8.46.08-AM.jpeg","articleSection":["Espectaculos"],"inLanguage":"es","potentialAction":[{"@type":"CommentAction","name":"Comment","target":["https:\/\/campeche-noticias.com\/?p=17777#respond"]}]},{"@type":"WebPage","@id":"https:\/\/campeche-noticias.com\/?p=17777","url":"https:\/\/campeche-noticias.com\/?p=17777","name":"\"Me la gan\u00f3 el gobernador\", dice dirigente del PAN sobre la reuni\u00f3n con Wendy - Campeche Noticias","isPartOf":{"@id":"https:\/\/campeche-noticias.com\/#website"},"primaryImageOfPage":{"@id":"https:\/\/campeche-noticias.com\/?p=17777#primaryimage"},"image":{"@id":"https:\/\/campeche-noticias.com\/?p=17777#primaryimage"},"thumbnailUrl":"https:\/\/campeche-noticias.com\/wp-content\/uploads\/2023\/08\/WhatsApp-Image-2023-08-23-at-8.46.08-AM.jpeg","datePublished":"2023-08-23T13:57:31+00:00","dateModified":"2023-08-23T13:57:33+00:00","author":{"@id":"https:\/\/campeche-noticias.com\/#\/schema\/person\/7940c228049cff34b4cc679f887362f1"},"breadcrumb":{"@id":"https:\/\/campeche-noticias.com\/?p=17777#breadcrumb"},"inLanguage":"es","potentialAction":[{"@type":"ReadAction","target":["https:\/\/campeche-noticias.com\/?p=17777"]}]},{"@type":"ImageObject","inLanguage":"es","@id":"https:\/\/campeche-noticias.com\/?p=17777#primaryimage","url":"https:\/\/campeche-noticias.com\/wp-content\/uploads\/2023\/08\/WhatsApp-Image-2023-08-23-at-8.46.08-AM.jpeg","contentUrl":"https:\/\/campeche-noticias.com\/wp-content\/uploads\/2023\/08\/WhatsApp-Image-2023-08-23-at-8.46.08-AM.jpeg","width":891,"height":402},{"@type":"BreadcrumbList","@id":"https:\/\/campeche-noticias.com\/?p=17777#breadcrumb","itemListElement":[{"@type":"ListItem","position":1,"name":"Portada","item":"https:\/\/campeche-noticias.com\/"},{"@type":"ListItem","position":2,"name":"\u00abMe la gan\u00f3 el gobernador\u00bb, dice dirigente del PAN sobre la reuni\u00f3n con Wendy"}]},{"@type":"WebSite","@id":"https:\/\/campeche-noticias.com\/#website","url":"https:\/\/campeche-noticias.com\/","name":"Campeche Noticias","description":"Campeche Noticias","potentialAction":[{"@type":"SearchAction","target":{"@type":"EntryPoint","urlTemplate":"https:\/\/campeche-noticias.com\/?s={search_term_string}"},"query-input":{"@type":"PropertyValueSpecification","valueRequired":true,"valueName":"search_term_string"}}],"inLanguage":"es"},{"@type":"Person","@id":"https:\/\/campeche-noticias.com\/#\/schema\/person\/7940c228049cff34b4cc679f887362f1","name":"admin","sameAs":["https:\/\/campeche-noticias.com"],"url":"https:\/\/campeche-noticias.com\/?author=1"}]}},"_links":{"self":[{"href":"https:\/\/campeche-noticias.com\/index.php?rest_route=\/wp\/v2\/posts\/17777","targetHints":{"allow":["GET"]}}],"collection":[{"href":"https:\/\/campeche-noticias.com\/index.php?rest_route=\/wp\/v2\/posts"}],"about":[{"href":"https:\/\/campeche-noticias.com\/index.php?rest_route=\/wp\/v2\/types\/post"}],"author":[{"embeddable":true,"href":"https:\/\/campeche-noticias.com\/index.php?rest_route=\/wp\/v2\/users\/1"}],"replies":[{"embeddable":true,"href":"https:\/\/campeche-noticias.com\/index.php?rest_route=%2Fwp%2Fv2%2Fcomments&post=17777"}],"version-history":[{"count":1,"href":"https:\/\/campeche-noticias.com\/index.php?rest_route=\/wp\/v2\/posts\/17777\/revisions"}],"predecessor-version":[{"id":17778,"href":"https:\/\/campeche-noticias.com\/index.php?rest_route=\/wp\/v2\/posts\/17777\/revisions\/17778"}],"wp:featuredmedia":[{"embeddable":true,"href":"https:\/\/campeche-noticias.com\/index.php?rest_route=\/wp\/v2\/media\/17779"}],"wp:attachment":[{"href":"https:\/\/campeche-noticias.com\/index.php?rest_route=%2Fwp%2Fv2%2Fmedia&parent=17777"}],"wp:term":[{"taxonomy":"category","embeddable":true,"href":"https:\/\/campeche-noticias.com\/index.php?rest_route=%2Fwp%2Fv2%2Fcategories&post=17777"},{"taxonomy":"post_tag","embeddable":true,"href":"https:\/\/campeche-noticias.com\/index.php?rest_route=%2Fwp%2Fv2%2Ftags&post=17777"}],"curies":[{"name":"wp","href":"https:\/\/api.w.org\/{rel}","templated":true}]}}