{"id":17561,"date":"2023-08-09T15:21:11","date_gmt":"2023-08-09T20:21:11","guid":{"rendered":"https:\/\/campeche-noticias.com\/?p=17561"},"modified":"2023-08-09T20:21:13","modified_gmt":"2023-08-09T20:21:13","slug":"planean-demanda-contra-luis-miguel-tras-presuntamente-llevar-doble-a-concierto","status":"publish","type":"post","link":"https:\/\/campeche-noticias.com\/?p=17561","title":{"rendered":"Planean demanda contra Luis Miguel tras presuntamente llevar doble a concierto"},"content":{"rendered":"<h4 style=\"text-align: center;\"><strong class=\"bajada\">Tras la viralizaci\u00f3n de un supuesto doble que estar\u00e1 \u2018ayudando\u2019 a Luis Miguel en sus conciertos, un fan ya planea una demanda contra \u2018El Sol\u2019.<\/strong><\/h4>\n<div class=\"row\">\n<div class=\"col-md-1 col-sticky\">\n<div class=\"inner-share-bar cf\">\n<div class=\"item\">\n<p>Mientras las especulaciones aumentan en torno a un supuesto doble que lleg\u00f3 a suplir a<strong>\u00a0Luis Miguel\u00a0<\/strong>en sus primeros conciertos en\u00a0<strong>Argentina, un fan planea ejercer acci\u00f3n legal contra \u2018Micky\u2019<\/strong>, \u00e9ste es el motivo.<\/p>\n<aside class=\"htmlinline\"><\/aside>\n<p>Tras verlo mucho m\u00e1s delgado, varias personas lanzaron un rumor de que era un doble y el verdadero \u2018sol\u2019 no se hab\u00eda presentado en la Arena Movistar.<\/p>\n<p>Aunque parec\u00edan simples chismes de redes sociales, algunas personas se lo han tomado muy en serio y planean demandar a Luis Miguel, de acuerdo a medios argentino.<\/p>\n<p><strong>En el programa \u2018A la Tarde\u2019\u00a0<\/strong>contaron que hay mucha desconfianza y una fan\u00e1tica de Luis Miguel ya podr\u00eda tomar acciones legales por \u2018haberla enga\u00f1ado\u2019.<\/p>\n<p>Roberto Castillo, abogado del programa, dijo que otro litigante muy reconocido est\u00e1 involucrado y quieren justicia por una supuesta estafa por parte de Luis Miguel y su productora.<\/p>\n<p>Adem\u00e1s, el programa de espect\u00e1culos<strong>\u00a0\u201cChisme No Like\u201d\u00a0<\/strong>revel\u00f3 que el propio cirujano del cantante duda de que sea Luis Miguel quien act\u00faa en sus conciertos.<\/p>\n<blockquote><p>Tengo un colega que me est\u00e1 escribiendo y me est\u00e1 diciendo que el d\u00eda de ma\u00f1ana se va a sortear el juzgado y la fiscal\u00eda que va a intervenir para evaluar el eventual accionar de Luis Miguel\u00bb, revel\u00f3.<\/p><\/blockquote>\n<p>La acusaci\u00f3n por parte de la fan estar\u00eda basada en fraude. Pero tambi\u00e9n abarca aspectos como contratos incumplidos, posibles enga\u00f1os al p\u00fablico, infracciones de derechos de autor, problemas fiscales y da\u00f1os a la imagen.<\/p>\n<\/div>\n<\/div>\n<\/div>\n<\/div>\n","protected":false},"excerpt":{"rendered":"<p>Tras la viralizaci\u00f3n de un supuesto doble que estar\u00e1 \u2018ayudando\u2019 a Luis Miguel en sus<\/p>\n","protected":false},"author":1,"featured_media":17563,"comment_status":"open","ping_status":"closed","sticky":false,"template":"","format":"standard","meta":{"footnotes":""},"categories":[5],"tags":[],"class_list":["post-17561","post","type-post","status-publish","format-standard","has-post-thumbnail","hentry","category-espectaculos"],"yoast_head":"<!-- This site is optimized with the Yoast SEO plugin v27.5 - https:\/\/yoast.com\/product\/yoast-seo-wordpress\/ -->\n<title>Planean demanda contra Luis Miguel tras presuntamente llevar doble a concierto - Campeche Noticias<\/title>\n<meta name=\"robots\" content=\"index, follow, max-snippet:-1, max-image-preview:large, max-video-preview:-1\" \/>\n<link rel=\"canonical\" href=\"https:\/\/campeche-noticias.com\/?p=17561\" \/>\n<meta property=\"og:locale\" content=\"es_ES\" \/>\n<meta property=\"og:type\" content=\"article\" \/>\n<meta property=\"og:title\" content=\"Planean demanda contra Luis Miguel tras presuntamente llevar doble a concierto - Campeche Noticias\" \/>\n<meta property=\"og:description\" content=\"Tras la viralizaci\u00f3n de un supuesto doble que estar\u00e1 \u2018ayudando\u2019 a Luis Miguel en sus\" \/>\n<meta property=\"og:url\" content=\"https:\/\/campeche-noticias.com\/?p=17561\" \/>\n<meta property=\"og:site_name\" content=\"Campeche Noticias\" \/>\n<meta property=\"article:published_time\" content=\"2023-08-09T20:21:11+00:00\" \/>\n<meta property=\"article:modified_time\" content=\"2023-08-09T20:21:13+00:00\" \/>\n<meta name=\"author\" content=\"admin\" \/>\n<meta name=\"twitter:card\" content=\"summary_large_image\" \/>\n<meta name=\"twitter:label1\" content=\"Escrito por\" \/>\n\t<meta name=\"twitter:data1\" content=\"admin\" \/>\n\t<meta name=\"twitter:label2\" content=\"Tiempo de lectura\" \/>\n\t<meta name=\"twitter:data2\" content=\"1 minuto\" \/>\n<script type=\"application\/ld+json\" class=\"yoast-schema-graph\">{\"@context\":\"https:\\\/\\\/schema.org\",\"@graph\":[{\"@type\":\"Article\",\"@id\":\"https:\\\/\\\/campeche-noticias.com\\\/?p=17561#article\",\"isPartOf\":{\"@id\":\"https:\\\/\\\/campeche-noticias.com\\\/?p=17561\"},\"author\":{\"name\":\"admin\",\"@id\":\"https:\\\/\\\/campeche-noticias.com\\\/#\\\/schema\\\/person\\\/7940c228049cff34b4cc679f887362f1\"},\"headline\":\"Planean demanda contra Luis Miguel tras presuntamente llevar doble a concierto\",\"datePublished\":\"2023-08-09T20:21:11+00:00\",\"dateModified\":\"2023-08-09T20:21:13+00:00\",\"mainEntityOfPage\":{\"@id\":\"https:\\\/\\\/campeche-noticias.com\\\/?p=17561\"},\"wordCount\":296,\"commentCount\":903,\"image\":{\"@id\":\"https:\\\/\\\/campeche-noticias.com\\\/?p=17561#primaryimage\"},\"thumbnailUrl\":\"https:\\\/\\\/campeche-noticias.com\\\/wp-content\\\/uploads\\\/2023\\\/08\\\/WhatsApp-Image-2023-08-09-at-3.20.50-PM.jpeg\",\"articleSection\":[\"Espectaculos\"],\"inLanguage\":\"es\",\"potentialAction\":[{\"@type\":\"CommentAction\",\"name\":\"Comment\",\"target\":[\"https:\\\/\\\/campeche-noticias.com\\\/?p=17561#respond\"]}]},{\"@type\":\"WebPage\",\"@id\":\"https:\\\/\\\/campeche-noticias.com\\\/?p=17561\",\"url\":\"https:\\\/\\\/campeche-noticias.com\\\/?p=17561\",\"name\":\"Planean demanda contra Luis Miguel tras presuntamente llevar doble a concierto - Campeche Noticias\",\"isPartOf\":{\"@id\":\"https:\\\/\\\/campeche-noticias.com\\\/#website\"},\"primaryImageOfPage\":{\"@id\":\"https:\\\/\\\/campeche-noticias.com\\\/?p=17561#primaryimage\"},\"image\":{\"@id\":\"https:\\\/\\\/campeche-noticias.com\\\/?p=17561#primaryimage\"},\"thumbnailUrl\":\"https:\\\/\\\/campeche-noticias.com\\\/wp-content\\\/uploads\\\/2023\\\/08\\\/WhatsApp-Image-2023-08-09-at-3.20.50-PM.jpeg\",\"datePublished\":\"2023-08-09T20:21:11+00:00\",\"dateModified\":\"2023-08-09T20:21:13+00:00\",\"author\":{\"@id\":\"https:\\\/\\\/campeche-noticias.com\\\/#\\\/schema\\\/person\\\/7940c228049cff34b4cc679f887362f1\"},\"breadcrumb\":{\"@id\":\"https:\\\/\\\/campeche-noticias.com\\\/?p=17561#breadcrumb\"},\"inLanguage\":\"es\",\"potentialAction\":[{\"@type\":\"ReadAction\",\"target\":[\"https:\\\/\\\/campeche-noticias.com\\\/?p=17561\"]}]},{\"@type\":\"ImageObject\",\"inLanguage\":\"es\",\"@id\":\"https:\\\/\\\/campeche-noticias.com\\\/?p=17561#primaryimage\",\"url\":\"https:\\\/\\\/campeche-noticias.com\\\/wp-content\\\/uploads\\\/2023\\\/08\\\/WhatsApp-Image-2023-08-09-at-3.20.50-PM.jpeg\",\"contentUrl\":\"https:\\\/\\\/campeche-noticias.com\\\/wp-content\\\/uploads\\\/2023\\\/08\\\/WhatsApp-Image-2023-08-09-at-3.20.50-PM.jpeg\",\"width\":896,\"height\":501},{\"@type\":\"BreadcrumbList\",\"@id\":\"https:\\\/\\\/campeche-noticias.com\\\/?p=17561#breadcrumb\",\"itemListElement\":[{\"@type\":\"ListItem\",\"position\":1,\"name\":\"Portada\",\"item\":\"https:\\\/\\\/campeche-noticias.com\\\/\"},{\"@type\":\"ListItem\",\"position\":2,\"name\":\"Planean demanda contra Luis Miguel tras presuntamente llevar doble a concierto\"}]},{\"@type\":\"WebSite\",\"@id\":\"https:\\\/\\\/campeche-noticias.com\\\/#website\",\"url\":\"https:\\\/\\\/campeche-noticias.com\\\/\",\"name\":\"Campeche Noticias\",\"description\":\"Campeche Noticias\",\"potentialAction\":[{\"@type\":\"SearchAction\",\"target\":{\"@type\":\"EntryPoint\",\"urlTemplate\":\"https:\\\/\\\/campeche-noticias.com\\\/?s={search_term_string}\"},\"query-input\":{\"@type\":\"PropertyValueSpecification\",\"valueRequired\":true,\"valueName\":\"search_term_string\"}}],\"inLanguage\":\"es\"},{\"@type\":\"Person\",\"@id\":\"https:\\\/\\\/campeche-noticias.com\\\/#\\\/schema\\\/person\\\/7940c228049cff34b4cc679f887362f1\",\"name\":\"admin\",\"sameAs\":[\"https:\\\/\\\/campeche-noticias.com\"],\"url\":\"https:\\\/\\\/campeche-noticias.com\\\/?author=1\"}]}<\/script>\n<!-- \/ Yoast SEO plugin. -->","yoast_head_json":{"title":"Planean demanda contra Luis Miguel tras presuntamente llevar doble a concierto - Campeche Noticias","robots":{"index":"index","follow":"follow","max-snippet":"max-snippet:-1","max-image-preview":"max-image-preview:large","max-video-preview":"max-video-preview:-1"},"canonical":"https:\/\/campeche-noticias.com\/?p=17561","og_locale":"es_ES","og_type":"article","og_title":"Planean demanda contra Luis Miguel tras presuntamente llevar doble a concierto - Campeche Noticias","og_description":"Tras la viralizaci\u00f3n de un supuesto doble que estar\u00e1 \u2018ayudando\u2019 a Luis Miguel en sus","og_url":"https:\/\/campeche-noticias.com\/?p=17561","og_site_name":"Campeche Noticias","article_published_time":"2023-08-09T20:21:11+00:00","article_modified_time":"2023-08-09T20:21:13+00:00","author":"admin","twitter_card":"summary_large_image","twitter_misc":{"Escrito por":"admin","Tiempo de lectura":"1 minuto"},"schema":{"@context":"https:\/\/schema.org","@graph":[{"@type":"Article","@id":"https:\/\/campeche-noticias.com\/?p=17561#article","isPartOf":{"@id":"https:\/\/campeche-noticias.com\/?p=17561"},"author":{"name":"admin","@id":"https:\/\/campeche-noticias.com\/#\/schema\/person\/7940c228049cff34b4cc679f887362f1"},"headline":"Planean demanda contra Luis Miguel tras presuntamente llevar doble a concierto","datePublished":"2023-08-09T20:21:11+00:00","dateModified":"2023-08-09T20:21:13+00:00","mainEntityOfPage":{"@id":"https:\/\/campeche-noticias.com\/?p=17561"},"wordCount":296,"commentCount":903,"image":{"@id":"https:\/\/campeche-noticias.com\/?p=17561#primaryimage"},"thumbnailUrl":"https:\/\/campeche-noticias.com\/wp-content\/uploads\/2023\/08\/WhatsApp-Image-2023-08-09-at-3.20.50-PM.jpeg","articleSection":["Espectaculos"],"inLanguage":"es","potentialAction":[{"@type":"CommentAction","name":"Comment","target":["https:\/\/campeche-noticias.com\/?p=17561#respond"]}]},{"@type":"WebPage","@id":"https:\/\/campeche-noticias.com\/?p=17561","url":"https:\/\/campeche-noticias.com\/?p=17561","name":"Planean demanda contra Luis Miguel tras presuntamente llevar doble a concierto - Campeche Noticias","isPartOf":{"@id":"https:\/\/campeche-noticias.com\/#website"},"primaryImageOfPage":{"@id":"https:\/\/campeche-noticias.com\/?p=17561#primaryimage"},"image":{"@id":"https:\/\/campeche-noticias.com\/?p=17561#primaryimage"},"thumbnailUrl":"https:\/\/campeche-noticias.com\/wp-content\/uploads\/2023\/08\/WhatsApp-Image-2023-08-09-at-3.20.50-PM.jpeg","datePublished":"2023-08-09T20:21:11+00:00","dateModified":"2023-08-09T20:21:13+00:00","author":{"@id":"https:\/\/campeche-noticias.com\/#\/schema\/person\/7940c228049cff34b4cc679f887362f1"},"breadcrumb":{"@id":"https:\/\/campeche-noticias.com\/?p=17561#breadcrumb"},"inLanguage":"es","potentialAction":[{"@type":"ReadAction","target":["https:\/\/campeche-noticias.com\/?p=17561"]}]},{"@type":"ImageObject","inLanguage":"es","@id":"https:\/\/campeche-noticias.com\/?p=17561#primaryimage","url":"https:\/\/campeche-noticias.com\/wp-content\/uploads\/2023\/08\/WhatsApp-Image-2023-08-09-at-3.20.50-PM.jpeg","contentUrl":"https:\/\/campeche-noticias.com\/wp-content\/uploads\/2023\/08\/WhatsApp-Image-2023-08-09-at-3.20.50-PM.jpeg","width":896,"height":501},{"@type":"BreadcrumbList","@id":"https:\/\/campeche-noticias.com\/?p=17561#breadcrumb","itemListElement":[{"@type":"ListItem","position":1,"name":"Portada","item":"https:\/\/campeche-noticias.com\/"},{"@type":"ListItem","position":2,"name":"Planean demanda contra Luis Miguel tras presuntamente llevar doble a concierto"}]},{"@type":"WebSite","@id":"https:\/\/campeche-noticias.com\/#website","url":"https:\/\/campeche-noticias.com\/","name":"Campeche Noticias","description":"Campeche Noticias","potentialAction":[{"@type":"SearchAction","target":{"@type":"EntryPoint","urlTemplate":"https:\/\/campeche-noticias.com\/?s={search_term_string}"},"query-input":{"@type":"PropertyValueSpecification","valueRequired":true,"valueName":"search_term_string"}}],"inLanguage":"es"},{"@type":"Person","@id":"https:\/\/campeche-noticias.com\/#\/schema\/person\/7940c228049cff34b4cc679f887362f1","name":"admin","sameAs":["https:\/\/campeche-noticias.com"],"url":"https:\/\/campeche-noticias.com\/?author=1"}]}},"_links":{"self":[{"href":"https:\/\/campeche-noticias.com\/index.php?rest_route=\/wp\/v2\/posts\/17561","targetHints":{"allow":["GET"]}}],"collection":[{"href":"https:\/\/campeche-noticias.com\/index.php?rest_route=\/wp\/v2\/posts"}],"about":[{"href":"https:\/\/campeche-noticias.com\/index.php?rest_route=\/wp\/v2\/types\/post"}],"author":[{"embeddable":true,"href":"https:\/\/campeche-noticias.com\/index.php?rest_route=\/wp\/v2\/users\/1"}],"replies":[{"embeddable":true,"href":"https:\/\/campeche-noticias.com\/index.php?rest_route=%2Fwp%2Fv2%2Fcomments&post=17561"}],"version-history":[{"count":1,"href":"https:\/\/campeche-noticias.com\/index.php?rest_route=\/wp\/v2\/posts\/17561\/revisions"}],"predecessor-version":[{"id":17562,"href":"https:\/\/campeche-noticias.com\/index.php?rest_route=\/wp\/v2\/posts\/17561\/revisions\/17562"}],"wp:featuredmedia":[{"embeddable":true,"href":"https:\/\/campeche-noticias.com\/index.php?rest_route=\/wp\/v2\/media\/17563"}],"wp:attachment":[{"href":"https:\/\/campeche-noticias.com\/index.php?rest_route=%2Fwp%2Fv2%2Fmedia&parent=17561"}],"wp:term":[{"taxonomy":"category","embeddable":true,"href":"https:\/\/campeche-noticias.com\/index.php?rest_route=%2Fwp%2Fv2%2Fcategories&post=17561"},{"taxonomy":"post_tag","embeddable":true,"href":"https:\/\/campeche-noticias.com\/index.php?rest_route=%2Fwp%2Fv2%2Ftags&post=17561"}],"curies":[{"name":"wp","href":"https:\/\/api.w.org\/{rel}","templated":true}]}}