{"id":17496,"date":"2023-08-05T10:49:21","date_gmt":"2023-08-05T15:49:21","guid":{"rendered":"https:\/\/campeche-noticias.com\/?p=17496"},"modified":"2023-08-05T15:49:23","modified_gmt":"2023-08-05T15:49:23","slug":"huracan-dora-baja-a-categoria-2-y-sigue-alejandose-de-mexico","status":"publish","type":"post","link":"https:\/\/campeche-noticias.com\/?p=17496","title":{"rendered":"Hurac\u00e1n &quot;Dora&quot; baja a categor\u00eda 2 y sigue alej\u00e1ndose de M\u00e9xico"},"content":{"rendered":"<div class=\"news-excerpt\">\n<h4 style=\"text-align: center;\">El hurac\u00e1n \u00abDora\u00bb, de categor\u00eda 2 en la escala Saffir-Simpson, contin\u00faa desplaz\u00e1ndose gradualmente hacia el oeste en el Oc\u00e9ano Pac\u00edfico<\/h4>\n<\/div>\n<div class=\"clearfix\">\n<div class=\"news-line\">\n<p><strong>El hurac\u00e1n \u00abDora\u00bb de categor\u00eda 2<\/strong>\u00a0en la escala Saffir-Simpson, contin\u00faa desplaz\u00e1ndose gradualmente hacia el oeste en el Oc\u00e9ano Pac\u00edfico, pero\u00a0<strong>debido a su distancia y trayectoria no representa peligro para M\u00e9xico<\/strong>.<\/p>\n<p>El\u00a0<strong>Servicio Meteorol\u00f3gico Nacional<\/strong>\u00a0(SMN), fuente oficial del Gobierno de M\u00e9xico en meteorolog\u00eda, emiti\u00f3 el aviso del hurac\u00e1n\u00a0<strong>\u00abDora\u00bb, que ayer hab\u00eda recobrado fuerza y alcanz\u00f3 la categor\u00eda 4<\/strong>.<\/p>\n<p><strong>La distancia al lugar m\u00e1s cercano en el territorio nacional que guarda \u00abDora\u00bb es a dos mil 515 kil\u00f3metros al oeste-suroeste de Cabo San Lucas, Baja California Sur<\/strong>. Y su desplazamiento actual es hacia el oeste (265\u00b0) a 30 km\/h. Tiene vientos sostenidos de 175 km\/h y rachas de 215 km\/h.<\/p>\n<p><strong>El hurac\u00e1n \u00abDora\u00bb no representa peligro para el territorio mexicano<\/strong>, subray\u00f3 el SMN.<\/p>\n<h2>Pron\u00f3stico Pac\u00edfico Centro:<\/h2>\n<p><strong>Cielo nublado la mayor parte del d\u00eda<\/strong>.\u00a0<strong>Ambiente fresco por la ma\u00f1ana y templado sobre costas<\/strong>. Bancos de niebla matutinos en zonas serranas.\u00a0<strong>Lluvias puntuales intensas en Jalisco (costa), Colima (costa) y Michoac\u00e1n<\/strong>, adem\u00e1s de muy fuertes en Nayarit, las cuales podr\u00edan incrementar los niveles de r\u00edos y arroyos, y generar deslaves e inundaciones. Todas las lluvias con descargas el\u00e9ctricas y posible ca\u00edda de granizo.<\/p>\n<p>Por la tarde, ambiente c\u00e1lido en la regi\u00f3n y caluroso en zonas de Nayarit. Viento de direcci\u00f3n variable de 15 a 30 km\/h en la regi\u00f3n, con rachas de 60 a 70 km\/h y\u00a0<strong>olas de 2 a 4 metros de altura en costas de Jalisco, Colima y Michoac\u00e1n<\/strong>.<\/p>\n<\/div>\n<\/div>\n","protected":false},"excerpt":{"rendered":"<p>El hurac\u00e1n \u00abDora\u00bb, de categor\u00eda 2 en la escala Saffir-Simpson, contin\u00faa desplaz\u00e1ndose gradualmente hacia el<\/p>\n","protected":false},"author":1,"featured_media":17498,"comment_status":"open","ping_status":"closed","sticky":false,"template":"","format":"standard","meta":{"footnotes":""},"categories":[4],"tags":[],"class_list":["post-17496","post","type-post","status-publish","format-standard","has-post-thumbnail","hentry","category-nacional"],"yoast_head":"<!-- This site is optimized with the Yoast SEO plugin v27.4 - https:\/\/yoast.com\/product\/yoast-seo-wordpress\/ -->\n<title>Hurac\u00e1n &quot;Dora&quot; baja a categor\u00eda 2 y sigue alej\u00e1ndose de M\u00e9xico - Campeche Noticias<\/title>\n<meta name=\"robots\" content=\"index, follow, max-snippet:-1, max-image-preview:large, max-video-preview:-1\" \/>\n<link rel=\"canonical\" href=\"https:\/\/campeche-noticias.com\/?p=17496\" \/>\n<meta property=\"og:locale\" content=\"es_ES\" \/>\n<meta property=\"og:type\" content=\"article\" \/>\n<meta property=\"og:title\" content=\"Hurac\u00e1n &quot;Dora&quot; baja a categor\u00eda 2 y sigue alej\u00e1ndose de M\u00e9xico - Campeche Noticias\" \/>\n<meta property=\"og:description\" content=\"El hurac\u00e1n \u00abDora\u00bb, de categor\u00eda 2 en la escala Saffir-Simpson, contin\u00faa desplaz\u00e1ndose gradualmente hacia el\" \/>\n<meta property=\"og:url\" content=\"https:\/\/campeche-noticias.com\/?p=17496\" \/>\n<meta property=\"og:site_name\" content=\"Campeche Noticias\" \/>\n<meta property=\"article:published_time\" content=\"2023-08-05T15:49:21+00:00\" \/>\n<meta property=\"article:modified_time\" content=\"2023-08-05T15:49:23+00:00\" \/>\n<meta name=\"author\" content=\"admin\" \/>\n<meta name=\"twitter:card\" content=\"summary_large_image\" \/>\n<meta name=\"twitter:label1\" content=\"Escrito por\" \/>\n\t<meta name=\"twitter:data1\" content=\"admin\" \/>\n\t<meta name=\"twitter:label2\" content=\"Tiempo de lectura\" \/>\n\t<meta name=\"twitter:data2\" content=\"1 minuto\" \/>\n<script type=\"application\/ld+json\" class=\"yoast-schema-graph\">{\"@context\":\"https:\\\/\\\/schema.org\",\"@graph\":[{\"@type\":\"Article\",\"@id\":\"https:\\\/\\\/campeche-noticias.com\\\/?p=17496#article\",\"isPartOf\":{\"@id\":\"https:\\\/\\\/campeche-noticias.com\\\/?p=17496\"},\"author\":{\"name\":\"admin\",\"@id\":\"https:\\\/\\\/campeche-noticias.com\\\/#\\\/schema\\\/person\\\/7940c228049cff34b4cc679f887362f1\"},\"headline\":\"Hurac\u00e1n &quot;Dora&quot; baja a categor\u00eda 2 y sigue alej\u00e1ndose de M\u00e9xico\",\"datePublished\":\"2023-08-05T15:49:21+00:00\",\"dateModified\":\"2023-08-05T15:49:23+00:00\",\"mainEntityOfPage\":{\"@id\":\"https:\\\/\\\/campeche-noticias.com\\\/?p=17496\"},\"wordCount\":306,\"commentCount\":234,\"image\":{\"@id\":\"https:\\\/\\\/campeche-noticias.com\\\/?p=17496#primaryimage\"},\"thumbnailUrl\":\"https:\\\/\\\/campeche-noticias.com\\\/wp-content\\\/uploads\\\/2023\\\/08\\\/WhatsApp-Image-2023-08-05-at-10.48.01-AM.jpeg\",\"articleSection\":[\"Nacional\"],\"inLanguage\":\"es\",\"potentialAction\":[{\"@type\":\"CommentAction\",\"name\":\"Comment\",\"target\":[\"https:\\\/\\\/campeche-noticias.com\\\/?p=17496#respond\"]}]},{\"@type\":\"WebPage\",\"@id\":\"https:\\\/\\\/campeche-noticias.com\\\/?p=17496\",\"url\":\"https:\\\/\\\/campeche-noticias.com\\\/?p=17496\",\"name\":\"Hurac\u00e1n &quot;Dora&quot; baja a categor\u00eda 2 y sigue alej\u00e1ndose de M\u00e9xico - Campeche Noticias\",\"isPartOf\":{\"@id\":\"https:\\\/\\\/campeche-noticias.com\\\/#website\"},\"primaryImageOfPage\":{\"@id\":\"https:\\\/\\\/campeche-noticias.com\\\/?p=17496#primaryimage\"},\"image\":{\"@id\":\"https:\\\/\\\/campeche-noticias.com\\\/?p=17496#primaryimage\"},\"thumbnailUrl\":\"https:\\\/\\\/campeche-noticias.com\\\/wp-content\\\/uploads\\\/2023\\\/08\\\/WhatsApp-Image-2023-08-05-at-10.48.01-AM.jpeg\",\"datePublished\":\"2023-08-05T15:49:21+00:00\",\"dateModified\":\"2023-08-05T15:49:23+00:00\",\"author\":{\"@id\":\"https:\\\/\\\/campeche-noticias.com\\\/#\\\/schema\\\/person\\\/7940c228049cff34b4cc679f887362f1\"},\"breadcrumb\":{\"@id\":\"https:\\\/\\\/campeche-noticias.com\\\/?p=17496#breadcrumb\"},\"inLanguage\":\"es\",\"potentialAction\":[{\"@type\":\"ReadAction\",\"target\":[\"https:\\\/\\\/campeche-noticias.com\\\/?p=17496\"]}]},{\"@type\":\"ImageObject\",\"inLanguage\":\"es\",\"@id\":\"https:\\\/\\\/campeche-noticias.com\\\/?p=17496#primaryimage\",\"url\":\"https:\\\/\\\/campeche-noticias.com\\\/wp-content\\\/uploads\\\/2023\\\/08\\\/WhatsApp-Image-2023-08-05-at-10.48.01-AM.jpeg\",\"contentUrl\":\"https:\\\/\\\/campeche-noticias.com\\\/wp-content\\\/uploads\\\/2023\\\/08\\\/WhatsApp-Image-2023-08-05-at-10.48.01-AM.jpeg\",\"width\":791,\"height\":463},{\"@type\":\"BreadcrumbList\",\"@id\":\"https:\\\/\\\/campeche-noticias.com\\\/?p=17496#breadcrumb\",\"itemListElement\":[{\"@type\":\"ListItem\",\"position\":1,\"name\":\"Portada\",\"item\":\"https:\\\/\\\/campeche-noticias.com\\\/\"},{\"@type\":\"ListItem\",\"position\":2,\"name\":\"Hurac\u00e1n &quot;Dora&quot; baja a categor\u00eda 2 y sigue alej\u00e1ndose de M\u00e9xico\"}]},{\"@type\":\"WebSite\",\"@id\":\"https:\\\/\\\/campeche-noticias.com\\\/#website\",\"url\":\"https:\\\/\\\/campeche-noticias.com\\\/\",\"name\":\"Campeche Noticias\",\"description\":\"Campeche Noticias\",\"potentialAction\":[{\"@type\":\"SearchAction\",\"target\":{\"@type\":\"EntryPoint\",\"urlTemplate\":\"https:\\\/\\\/campeche-noticias.com\\\/?s={search_term_string}\"},\"query-input\":{\"@type\":\"PropertyValueSpecification\",\"valueRequired\":true,\"valueName\":\"search_term_string\"}}],\"inLanguage\":\"es\"},{\"@type\":\"Person\",\"@id\":\"https:\\\/\\\/campeche-noticias.com\\\/#\\\/schema\\\/person\\\/7940c228049cff34b4cc679f887362f1\",\"name\":\"admin\",\"sameAs\":[\"https:\\\/\\\/campeche-noticias.com\"],\"url\":\"https:\\\/\\\/campeche-noticias.com\\\/?author=1\"}]}<\/script>\n<!-- \/ Yoast SEO plugin. -->","yoast_head_json":{"title":"Hurac\u00e1n &quot;Dora&quot; baja a categor\u00eda 2 y sigue alej\u00e1ndose de M\u00e9xico - Campeche Noticias","robots":{"index":"index","follow":"follow","max-snippet":"max-snippet:-1","max-image-preview":"max-image-preview:large","max-video-preview":"max-video-preview:-1"},"canonical":"https:\/\/campeche-noticias.com\/?p=17496","og_locale":"es_ES","og_type":"article","og_title":"Hurac\u00e1n &quot;Dora&quot; baja a categor\u00eda 2 y sigue alej\u00e1ndose de M\u00e9xico - Campeche Noticias","og_description":"El hurac\u00e1n \u00abDora\u00bb, de categor\u00eda 2 en la escala Saffir-Simpson, contin\u00faa desplaz\u00e1ndose gradualmente hacia el","og_url":"https:\/\/campeche-noticias.com\/?p=17496","og_site_name":"Campeche Noticias","article_published_time":"2023-08-05T15:49:21+00:00","article_modified_time":"2023-08-05T15:49:23+00:00","author":"admin","twitter_card":"summary_large_image","twitter_misc":{"Escrito por":"admin","Tiempo de lectura":"1 minuto"},"schema":{"@context":"https:\/\/schema.org","@graph":[{"@type":"Article","@id":"https:\/\/campeche-noticias.com\/?p=17496#article","isPartOf":{"@id":"https:\/\/campeche-noticias.com\/?p=17496"},"author":{"name":"admin","@id":"https:\/\/campeche-noticias.com\/#\/schema\/person\/7940c228049cff34b4cc679f887362f1"},"headline":"Hurac\u00e1n &quot;Dora&quot; baja a categor\u00eda 2 y sigue alej\u00e1ndose de M\u00e9xico","datePublished":"2023-08-05T15:49:21+00:00","dateModified":"2023-08-05T15:49:23+00:00","mainEntityOfPage":{"@id":"https:\/\/campeche-noticias.com\/?p=17496"},"wordCount":306,"commentCount":234,"image":{"@id":"https:\/\/campeche-noticias.com\/?p=17496#primaryimage"},"thumbnailUrl":"https:\/\/campeche-noticias.com\/wp-content\/uploads\/2023\/08\/WhatsApp-Image-2023-08-05-at-10.48.01-AM.jpeg","articleSection":["Nacional"],"inLanguage":"es","potentialAction":[{"@type":"CommentAction","name":"Comment","target":["https:\/\/campeche-noticias.com\/?p=17496#respond"]}]},{"@type":"WebPage","@id":"https:\/\/campeche-noticias.com\/?p=17496","url":"https:\/\/campeche-noticias.com\/?p=17496","name":"Hurac\u00e1n &quot;Dora&quot; baja a categor\u00eda 2 y sigue alej\u00e1ndose de M\u00e9xico - Campeche Noticias","isPartOf":{"@id":"https:\/\/campeche-noticias.com\/#website"},"primaryImageOfPage":{"@id":"https:\/\/campeche-noticias.com\/?p=17496#primaryimage"},"image":{"@id":"https:\/\/campeche-noticias.com\/?p=17496#primaryimage"},"thumbnailUrl":"https:\/\/campeche-noticias.com\/wp-content\/uploads\/2023\/08\/WhatsApp-Image-2023-08-05-at-10.48.01-AM.jpeg","datePublished":"2023-08-05T15:49:21+00:00","dateModified":"2023-08-05T15:49:23+00:00","author":{"@id":"https:\/\/campeche-noticias.com\/#\/schema\/person\/7940c228049cff34b4cc679f887362f1"},"breadcrumb":{"@id":"https:\/\/campeche-noticias.com\/?p=17496#breadcrumb"},"inLanguage":"es","potentialAction":[{"@type":"ReadAction","target":["https:\/\/campeche-noticias.com\/?p=17496"]}]},{"@type":"ImageObject","inLanguage":"es","@id":"https:\/\/campeche-noticias.com\/?p=17496#primaryimage","url":"https:\/\/campeche-noticias.com\/wp-content\/uploads\/2023\/08\/WhatsApp-Image-2023-08-05-at-10.48.01-AM.jpeg","contentUrl":"https:\/\/campeche-noticias.com\/wp-content\/uploads\/2023\/08\/WhatsApp-Image-2023-08-05-at-10.48.01-AM.jpeg","width":791,"height":463},{"@type":"BreadcrumbList","@id":"https:\/\/campeche-noticias.com\/?p=17496#breadcrumb","itemListElement":[{"@type":"ListItem","position":1,"name":"Portada","item":"https:\/\/campeche-noticias.com\/"},{"@type":"ListItem","position":2,"name":"Hurac\u00e1n &quot;Dora&quot; baja a categor\u00eda 2 y sigue alej\u00e1ndose de M\u00e9xico"}]},{"@type":"WebSite","@id":"https:\/\/campeche-noticias.com\/#website","url":"https:\/\/campeche-noticias.com\/","name":"Campeche Noticias","description":"Campeche Noticias","potentialAction":[{"@type":"SearchAction","target":{"@type":"EntryPoint","urlTemplate":"https:\/\/campeche-noticias.com\/?s={search_term_string}"},"query-input":{"@type":"PropertyValueSpecification","valueRequired":true,"valueName":"search_term_string"}}],"inLanguage":"es"},{"@type":"Person","@id":"https:\/\/campeche-noticias.com\/#\/schema\/person\/7940c228049cff34b4cc679f887362f1","name":"admin","sameAs":["https:\/\/campeche-noticias.com"],"url":"https:\/\/campeche-noticias.com\/?author=1"}]}},"_links":{"self":[{"href":"https:\/\/campeche-noticias.com\/index.php?rest_route=\/wp\/v2\/posts\/17496","targetHints":{"allow":["GET"]}}],"collection":[{"href":"https:\/\/campeche-noticias.com\/index.php?rest_route=\/wp\/v2\/posts"}],"about":[{"href":"https:\/\/campeche-noticias.com\/index.php?rest_route=\/wp\/v2\/types\/post"}],"author":[{"embeddable":true,"href":"https:\/\/campeche-noticias.com\/index.php?rest_route=\/wp\/v2\/users\/1"}],"replies":[{"embeddable":true,"href":"https:\/\/campeche-noticias.com\/index.php?rest_route=%2Fwp%2Fv2%2Fcomments&post=17496"}],"version-history":[{"count":1,"href":"https:\/\/campeche-noticias.com\/index.php?rest_route=\/wp\/v2\/posts\/17496\/revisions"}],"predecessor-version":[{"id":17497,"href":"https:\/\/campeche-noticias.com\/index.php?rest_route=\/wp\/v2\/posts\/17496\/revisions\/17497"}],"wp:featuredmedia":[{"embeddable":true,"href":"https:\/\/campeche-noticias.com\/index.php?rest_route=\/wp\/v2\/media\/17498"}],"wp:attachment":[{"href":"https:\/\/campeche-noticias.com\/index.php?rest_route=%2Fwp%2Fv2%2Fmedia&parent=17496"}],"wp:term":[{"taxonomy":"category","embeddable":true,"href":"https:\/\/campeche-noticias.com\/index.php?rest_route=%2Fwp%2Fv2%2Fcategories&post=17496"},{"taxonomy":"post_tag","embeddable":true,"href":"https:\/\/campeche-noticias.com\/index.php?rest_route=%2Fwp%2Fv2%2Ftags&post=17496"}],"curies":[{"name":"wp","href":"https:\/\/api.w.org\/{rel}","templated":true}]}}