{"id":17487,"date":"2023-08-04T16:44:15","date_gmt":"2023-08-04T21:44:15","guid":{"rendered":"https:\/\/campeche-noticias.com\/?p=17487"},"modified":"2023-08-04T21:44:17","modified_gmt":"2023-08-04T21:44:17","slug":"mexico-colombia-chile-y-peru-se-comprometen-en-alianza-del-pacifico-a-consolidar-buenos-gobiernos","status":"publish","type":"post","link":"https:\/\/campeche-noticias.com\/?p=17487","title":{"rendered":"M\u00e9xico, Colombia, Chile y Per\u00fa se comprometen en Alianza del Pac\u00edfico a consolidar buenos gobiernos"},"content":{"rendered":"<div class=\"sc__header mx-auto  lg:max-w-screen-lg \">\n<h4 class=\"subTitle text-2xl mb-5\" style=\"text-align: center;\">En el Senado de la Rep\u00fablica se firm\u00f3 un convenio por el que se crea el grupo de trabajo \u201cIntegridad para el buen gobierno de la Alianza del Pac\u00edfico\u201d, por representantes de estos pa\u00edses<\/h4>\n<\/div>\n<div class=\"story-image mx-auto  lg:max-w-screen-lg\">\n<p class=\"sc__font-paragraph\">M\u00e9xico, Colombia, Chile y Per\u00fa, como integrantes de la\u00a0<b>Alianza del Pac\u00edfico<\/b>, se comprometieron a trabajar de manera conjunta en la consolidaci\u00f3n de\u00a0<b>buenos gobiernos,<\/b>\u00a0en la\u00a0<b>integraci\u00f3n econ\u00f3mica\u00a0<\/b>y en velar por la transparencia y la rendici\u00f3n de cuentas.<\/p>\n<div id=\"ds_cpp\" class=\"ds_cpp\" data-dvp_desc_trim=\"475\" data-dvp_rr=\"\" data-dvp_closescope=\"pageview\" data-dvp_ad_cadence=\"S7-I10\" data-dvp_closedelay=\"1\">\n<div class=\"ds_cpp_inner\">\n<div id=\"ds_description\">\n<p class=\"sc__font-paragraph\">Ello en el marco de la XVI reuni\u00f3n de la Comisi\u00f3n Interparlamentaria de Seguimiento a la Alianza del Pac\u00edfico (CISAP) que se realiz\u00f3 en el Senado de la Rep\u00fablica donde se firm\u00f3 un convenio por el que se crea el grupo de trabajo \u201cIntegridad para el buen gobierno de la Alianza del Pac\u00edfico\u201d, por representantes de Per\u00fa, Chile y M\u00e9xico.<\/p>\n<p class=\"sc__font-paragraph\">En la Antigua Casona de Xicot\u00e9ncatl, el senador Jos\u00e9 Ram\u00f3n Enr\u00edquez Herrera entreg\u00f3 la presidencia pro tempore de la CISAP, a Miguel \u00c1ngel Calisto \u00c1guila, diputado de Chile, y destac\u00f3 que M\u00e9xico se integr\u00f3 a esta alianza hace 12 a\u00f1os, la cual, actualmente representa la octava econom\u00eda del mundo.<\/p>\n<p class=\"sc__font-paragraph\">\u201cM\u00e1s de 230 millones de seres humanos hemos trabajado durante el \u00faltimo a\u00f1o en la integraci\u00f3n econ\u00f3mica, la cooperaci\u00f3n, el intercambio de bienes y, sobre todo, un gran futuro por nuestra relaci\u00f3n hist\u00f3rica, nuestro origen de los pueblos hermanos de Per\u00fa, Chile, Colombia y M\u00e9xico\u201d.<\/p>\n<p class=\"sc__font-paragraph\">Enr\u00edquez Herrera consider\u00f3 crucial que los \u00f3rganos legislativos participen activamente en esta Alianza, porque su involucramiento garantiza la legitimidad y el respaldo de las acciones conjuntas.<\/p>\n<p class=\"sc__font-paragraph\">Coment\u00f3 que los ejes centrales de un buen gobierno son la seguridad, la econom\u00eda, la transparencia y la rendici\u00f3n de cuentas, as\u00ed como la pol\u00edtica social, que tambi\u00e9n deben estar acompa\u00f1ados por una pol\u00edtica de g\u00e9nero.<\/p>\n<p class=\"sc__font-paragraph\">El senador afirm\u00f3 que, para ser ejemplo de integridad de gobiernos a nivel nacional e internacional, es necesaria una administraci\u00f3n p\u00fablica m\u00e1s simple, fortalecer la confianza de los ciudadanos en los gobiernos e involucrar a las escuelas para fomentar esta cultura.<\/p>\n<p class=\"sc__font-paragraph\">En esta etapa de transici\u00f3n, exhort\u00f3 a todos los pa\u00edses miembros a mantener el esp\u00edritu de unidad y colaboraci\u00f3n, pero tambi\u00e9n para abrir los brazos a m\u00e1s naciones. \u201cLos invito a trabajar juntos para hacer de la Alianza del Pac\u00edfico una fuerza a\u00fan m\u00e1s poderosa para el desarrollo y progreso de nuestras naciones y de toda la regi\u00f3n\u201d.<\/p>\n<\/div>\n<\/div>\n<\/div>\n<\/div>\n","protected":false},"excerpt":{"rendered":"<p>En el Senado de la Rep\u00fablica se firm\u00f3 un convenio por el que se crea<\/p>\n","protected":false},"author":1,"featured_media":17489,"comment_status":"open","ping_status":"closed","sticky":false,"template":"","format":"standard","meta":{"footnotes":""},"categories":[4],"tags":[],"class_list":["post-17487","post","type-post","status-publish","format-standard","has-post-thumbnail","hentry","category-nacional"],"yoast_head":"<!-- This site is optimized with the Yoast SEO plugin v27.4 - https:\/\/yoast.com\/product\/yoast-seo-wordpress\/ -->\n<title>M\u00e9xico, Colombia, Chile y Per\u00fa se comprometen en Alianza del Pac\u00edfico a consolidar buenos gobiernos - Campeche Noticias<\/title>\n<meta name=\"robots\" content=\"index, follow, max-snippet:-1, max-image-preview:large, max-video-preview:-1\" \/>\n<link rel=\"canonical\" href=\"https:\/\/campeche-noticias.com\/?p=17487\" \/>\n<meta property=\"og:locale\" content=\"es_ES\" \/>\n<meta property=\"og:type\" content=\"article\" \/>\n<meta property=\"og:title\" content=\"M\u00e9xico, Colombia, Chile y Per\u00fa se comprometen en Alianza del Pac\u00edfico a consolidar buenos gobiernos - Campeche Noticias\" \/>\n<meta property=\"og:description\" content=\"En el Senado de la Rep\u00fablica se firm\u00f3 un convenio por el que se crea\" \/>\n<meta property=\"og:url\" content=\"https:\/\/campeche-noticias.com\/?p=17487\" \/>\n<meta property=\"og:site_name\" content=\"Campeche Noticias\" \/>\n<meta property=\"article:published_time\" content=\"2023-08-04T21:44:15+00:00\" \/>\n<meta property=\"article:modified_time\" content=\"2023-08-04T21:44:17+00:00\" \/>\n<meta name=\"author\" content=\"admin\" \/>\n<meta name=\"twitter:card\" content=\"summary_large_image\" \/>\n<meta name=\"twitter:label1\" content=\"Escrito por\" \/>\n\t<meta name=\"twitter:data1\" content=\"admin\" \/>\n\t<meta name=\"twitter:label2\" content=\"Tiempo de lectura\" \/>\n\t<meta name=\"twitter:data2\" content=\"2 minutos\" \/>\n<script type=\"application\/ld+json\" class=\"yoast-schema-graph\">{\"@context\":\"https:\\\/\\\/schema.org\",\"@graph\":[{\"@type\":\"Article\",\"@id\":\"https:\\\/\\\/campeche-noticias.com\\\/?p=17487#article\",\"isPartOf\":{\"@id\":\"https:\\\/\\\/campeche-noticias.com\\\/?p=17487\"},\"author\":{\"name\":\"admin\",\"@id\":\"https:\\\/\\\/campeche-noticias.com\\\/#\\\/schema\\\/person\\\/7940c228049cff34b4cc679f887362f1\"},\"headline\":\"M\u00e9xico, Colombia, Chile y Per\u00fa se comprometen en Alianza del Pac\u00edfico a consolidar buenos gobiernos\",\"datePublished\":\"2023-08-04T21:44:15+00:00\",\"dateModified\":\"2023-08-04T21:44:17+00:00\",\"mainEntityOfPage\":{\"@id\":\"https:\\\/\\\/campeche-noticias.com\\\/?p=17487\"},\"wordCount\":454,\"commentCount\":0,\"image\":{\"@id\":\"https:\\\/\\\/campeche-noticias.com\\\/?p=17487#primaryimage\"},\"thumbnailUrl\":\"https:\\\/\\\/campeche-noticias.com\\\/wp-content\\\/uploads\\\/2023\\\/08\\\/WhatsApp-Image-2023-08-04-at-4.37.51-PM.jpeg\",\"articleSection\":[\"Nacional\"],\"inLanguage\":\"es\",\"potentialAction\":[{\"@type\":\"CommentAction\",\"name\":\"Comment\",\"target\":[\"https:\\\/\\\/campeche-noticias.com\\\/?p=17487#respond\"]}]},{\"@type\":\"WebPage\",\"@id\":\"https:\\\/\\\/campeche-noticias.com\\\/?p=17487\",\"url\":\"https:\\\/\\\/campeche-noticias.com\\\/?p=17487\",\"name\":\"M\u00e9xico, Colombia, Chile y Per\u00fa se comprometen en Alianza del Pac\u00edfico a consolidar buenos gobiernos - Campeche Noticias\",\"isPartOf\":{\"@id\":\"https:\\\/\\\/campeche-noticias.com\\\/#website\"},\"primaryImageOfPage\":{\"@id\":\"https:\\\/\\\/campeche-noticias.com\\\/?p=17487#primaryimage\"},\"image\":{\"@id\":\"https:\\\/\\\/campeche-noticias.com\\\/?p=17487#primaryimage\"},\"thumbnailUrl\":\"https:\\\/\\\/campeche-noticias.com\\\/wp-content\\\/uploads\\\/2023\\\/08\\\/WhatsApp-Image-2023-08-04-at-4.37.51-PM.jpeg\",\"datePublished\":\"2023-08-04T21:44:15+00:00\",\"dateModified\":\"2023-08-04T21:44:17+00:00\",\"author\":{\"@id\":\"https:\\\/\\\/campeche-noticias.com\\\/#\\\/schema\\\/person\\\/7940c228049cff34b4cc679f887362f1\"},\"breadcrumb\":{\"@id\":\"https:\\\/\\\/campeche-noticias.com\\\/?p=17487#breadcrumb\"},\"inLanguage\":\"es\",\"potentialAction\":[{\"@type\":\"ReadAction\",\"target\":[\"https:\\\/\\\/campeche-noticias.com\\\/?p=17487\"]}]},{\"@type\":\"ImageObject\",\"inLanguage\":\"es\",\"@id\":\"https:\\\/\\\/campeche-noticias.com\\\/?p=17487#primaryimage\",\"url\":\"https:\\\/\\\/campeche-noticias.com\\\/wp-content\\\/uploads\\\/2023\\\/08\\\/WhatsApp-Image-2023-08-04-at-4.37.51-PM.jpeg\",\"contentUrl\":\"https:\\\/\\\/campeche-noticias.com\\\/wp-content\\\/uploads\\\/2023\\\/08\\\/WhatsApp-Image-2023-08-04-at-4.37.51-PM.jpeg\",\"width\":868,\"height\":500},{\"@type\":\"BreadcrumbList\",\"@id\":\"https:\\\/\\\/campeche-noticias.com\\\/?p=17487#breadcrumb\",\"itemListElement\":[{\"@type\":\"ListItem\",\"position\":1,\"name\":\"Portada\",\"item\":\"https:\\\/\\\/campeche-noticias.com\\\/\"},{\"@type\":\"ListItem\",\"position\":2,\"name\":\"M\u00e9xico, Colombia, Chile y Per\u00fa se comprometen en Alianza del Pac\u00edfico a consolidar buenos gobiernos\"}]},{\"@type\":\"WebSite\",\"@id\":\"https:\\\/\\\/campeche-noticias.com\\\/#website\",\"url\":\"https:\\\/\\\/campeche-noticias.com\\\/\",\"name\":\"Campeche Noticias\",\"description\":\"Campeche Noticias\",\"potentialAction\":[{\"@type\":\"SearchAction\",\"target\":{\"@type\":\"EntryPoint\",\"urlTemplate\":\"https:\\\/\\\/campeche-noticias.com\\\/?s={search_term_string}\"},\"query-input\":{\"@type\":\"PropertyValueSpecification\",\"valueRequired\":true,\"valueName\":\"search_term_string\"}}],\"inLanguage\":\"es\"},{\"@type\":\"Person\",\"@id\":\"https:\\\/\\\/campeche-noticias.com\\\/#\\\/schema\\\/person\\\/7940c228049cff34b4cc679f887362f1\",\"name\":\"admin\",\"sameAs\":[\"https:\\\/\\\/campeche-noticias.com\"],\"url\":\"https:\\\/\\\/campeche-noticias.com\\\/?author=1\"}]}<\/script>\n<!-- \/ Yoast SEO plugin. -->","yoast_head_json":{"title":"M\u00e9xico, Colombia, Chile y Per\u00fa se comprometen en Alianza del Pac\u00edfico a consolidar buenos gobiernos - Campeche Noticias","robots":{"index":"index","follow":"follow","max-snippet":"max-snippet:-1","max-image-preview":"max-image-preview:large","max-video-preview":"max-video-preview:-1"},"canonical":"https:\/\/campeche-noticias.com\/?p=17487","og_locale":"es_ES","og_type":"article","og_title":"M\u00e9xico, Colombia, Chile y Per\u00fa se comprometen en Alianza del Pac\u00edfico a consolidar buenos gobiernos - Campeche Noticias","og_description":"En el Senado de la Rep\u00fablica se firm\u00f3 un convenio por el que se crea","og_url":"https:\/\/campeche-noticias.com\/?p=17487","og_site_name":"Campeche Noticias","article_published_time":"2023-08-04T21:44:15+00:00","article_modified_time":"2023-08-04T21:44:17+00:00","author":"admin","twitter_card":"summary_large_image","twitter_misc":{"Escrito por":"admin","Tiempo de lectura":"2 minutos"},"schema":{"@context":"https:\/\/schema.org","@graph":[{"@type":"Article","@id":"https:\/\/campeche-noticias.com\/?p=17487#article","isPartOf":{"@id":"https:\/\/campeche-noticias.com\/?p=17487"},"author":{"name":"admin","@id":"https:\/\/campeche-noticias.com\/#\/schema\/person\/7940c228049cff34b4cc679f887362f1"},"headline":"M\u00e9xico, Colombia, Chile y Per\u00fa se comprometen en Alianza del Pac\u00edfico a consolidar buenos gobiernos","datePublished":"2023-08-04T21:44:15+00:00","dateModified":"2023-08-04T21:44:17+00:00","mainEntityOfPage":{"@id":"https:\/\/campeche-noticias.com\/?p=17487"},"wordCount":454,"commentCount":0,"image":{"@id":"https:\/\/campeche-noticias.com\/?p=17487#primaryimage"},"thumbnailUrl":"https:\/\/campeche-noticias.com\/wp-content\/uploads\/2023\/08\/WhatsApp-Image-2023-08-04-at-4.37.51-PM.jpeg","articleSection":["Nacional"],"inLanguage":"es","potentialAction":[{"@type":"CommentAction","name":"Comment","target":["https:\/\/campeche-noticias.com\/?p=17487#respond"]}]},{"@type":"WebPage","@id":"https:\/\/campeche-noticias.com\/?p=17487","url":"https:\/\/campeche-noticias.com\/?p=17487","name":"M\u00e9xico, Colombia, Chile y Per\u00fa se comprometen en Alianza del Pac\u00edfico a consolidar buenos gobiernos - Campeche Noticias","isPartOf":{"@id":"https:\/\/campeche-noticias.com\/#website"},"primaryImageOfPage":{"@id":"https:\/\/campeche-noticias.com\/?p=17487#primaryimage"},"image":{"@id":"https:\/\/campeche-noticias.com\/?p=17487#primaryimage"},"thumbnailUrl":"https:\/\/campeche-noticias.com\/wp-content\/uploads\/2023\/08\/WhatsApp-Image-2023-08-04-at-4.37.51-PM.jpeg","datePublished":"2023-08-04T21:44:15+00:00","dateModified":"2023-08-04T21:44:17+00:00","author":{"@id":"https:\/\/campeche-noticias.com\/#\/schema\/person\/7940c228049cff34b4cc679f887362f1"},"breadcrumb":{"@id":"https:\/\/campeche-noticias.com\/?p=17487#breadcrumb"},"inLanguage":"es","potentialAction":[{"@type":"ReadAction","target":["https:\/\/campeche-noticias.com\/?p=17487"]}]},{"@type":"ImageObject","inLanguage":"es","@id":"https:\/\/campeche-noticias.com\/?p=17487#primaryimage","url":"https:\/\/campeche-noticias.com\/wp-content\/uploads\/2023\/08\/WhatsApp-Image-2023-08-04-at-4.37.51-PM.jpeg","contentUrl":"https:\/\/campeche-noticias.com\/wp-content\/uploads\/2023\/08\/WhatsApp-Image-2023-08-04-at-4.37.51-PM.jpeg","width":868,"height":500},{"@type":"BreadcrumbList","@id":"https:\/\/campeche-noticias.com\/?p=17487#breadcrumb","itemListElement":[{"@type":"ListItem","position":1,"name":"Portada","item":"https:\/\/campeche-noticias.com\/"},{"@type":"ListItem","position":2,"name":"M\u00e9xico, Colombia, Chile y Per\u00fa se comprometen en Alianza del Pac\u00edfico a consolidar buenos gobiernos"}]},{"@type":"WebSite","@id":"https:\/\/campeche-noticias.com\/#website","url":"https:\/\/campeche-noticias.com\/","name":"Campeche Noticias","description":"Campeche Noticias","potentialAction":[{"@type":"SearchAction","target":{"@type":"EntryPoint","urlTemplate":"https:\/\/campeche-noticias.com\/?s={search_term_string}"},"query-input":{"@type":"PropertyValueSpecification","valueRequired":true,"valueName":"search_term_string"}}],"inLanguage":"es"},{"@type":"Person","@id":"https:\/\/campeche-noticias.com\/#\/schema\/person\/7940c228049cff34b4cc679f887362f1","name":"admin","sameAs":["https:\/\/campeche-noticias.com"],"url":"https:\/\/campeche-noticias.com\/?author=1"}]}},"_links":{"self":[{"href":"https:\/\/campeche-noticias.com\/index.php?rest_route=\/wp\/v2\/posts\/17487","targetHints":{"allow":["GET"]}}],"collection":[{"href":"https:\/\/campeche-noticias.com\/index.php?rest_route=\/wp\/v2\/posts"}],"about":[{"href":"https:\/\/campeche-noticias.com\/index.php?rest_route=\/wp\/v2\/types\/post"}],"author":[{"embeddable":true,"href":"https:\/\/campeche-noticias.com\/index.php?rest_route=\/wp\/v2\/users\/1"}],"replies":[{"embeddable":true,"href":"https:\/\/campeche-noticias.com\/index.php?rest_route=%2Fwp%2Fv2%2Fcomments&post=17487"}],"version-history":[{"count":1,"href":"https:\/\/campeche-noticias.com\/index.php?rest_route=\/wp\/v2\/posts\/17487\/revisions"}],"predecessor-version":[{"id":17488,"href":"https:\/\/campeche-noticias.com\/index.php?rest_route=\/wp\/v2\/posts\/17487\/revisions\/17488"}],"wp:featuredmedia":[{"embeddable":true,"href":"https:\/\/campeche-noticias.com\/index.php?rest_route=\/wp\/v2\/media\/17489"}],"wp:attachment":[{"href":"https:\/\/campeche-noticias.com\/index.php?rest_route=%2Fwp%2Fv2%2Fmedia&parent=17487"}],"wp:term":[{"taxonomy":"category","embeddable":true,"href":"https:\/\/campeche-noticias.com\/index.php?rest_route=%2Fwp%2Fv2%2Fcategories&post=17487"},{"taxonomy":"post_tag","embeddable":true,"href":"https:\/\/campeche-noticias.com\/index.php?rest_route=%2Fwp%2Fv2%2Ftags&post=17487"}],"curies":[{"name":"wp","href":"https:\/\/api.w.org\/{rel}","templated":true}]}}